{"id":15684,"date":"2023-03-15T18:19:47","date_gmt":"2023-03-15T18:19:47","guid":{"rendered":"https:\/\/www.africa-press.net\/congo-brazzaville\/politique\/disparition-jean-serge-kentoula-repose-au-cimetiere-du-centre-ville"},"modified":"2023-03-15T19:56:28","modified_gmt":"2023-03-15T19:56:28","slug":"disparition-jean-serge-kentoula-repose-au-cimetiere-du-centre-ville","status":"publish","type":"post","link":"https:\/\/www.africa-press.net\/congo-brazzaville\/politique\/disparition-jean-serge-kentoula-repose-au-cimetiere-du-centre-ville","title":{"rendered":"Disparition : Jean Serge Kentoula repose au cimeti\u00e8re du centre-ville"},"content":{"rendered":"<p><span style=\"color: #ff6600\"><strong>Africa-Press &#8211; Congo Brazzaville. <\/strong><\/span><b>De\u0301ce\u0301de\u0301 le 17 janvier dernier a\u0300 Paris en France, le secre\u0301taire de la commission Economie et Finances du Se\u0301nat, Jean Serge Kentoula, a e\u0301te\u0301 inhume\u0301 au cimetie\u0300re du Centre-ville, le 15 mars.<\/b><\/p>\n<p>Les corps constitue\u0301s nationaux, avec a\u0300 leur te\u0302te le Premier ministre, Collinet Makosso, assiste\u0301 du pre\u0301sident du Se\u0301nat, Pierre Ngolo, et celui de l\u2019Assemble\u0301e nationale, Isidore Mvouba, ont rendu un dernier hommage a\u0300 l\u2019illustre disparu.<\/p>\n<p>Dans l\u2019oraison fune\u0300bre prononce\u0301e par le 2e vice-pre\u0301sident de la commission Economie et Finances, Antoine Banvidi, il est ressorti que Jean Serge Kentoula est ne\u0301 le 1er septembre 1954 a\u0300 Etoumbi, dans le de\u0301partement de la Cuvette-Ouest.<\/p>\n<p>Apre\u0300s ses premiers pas a\u0300 l\u2019e\u0301cole primaire d\u2019Etoumbi de 1961 a\u0300 1966, il commence ses e\u0301tudes secondaires au colle\u0300ge d\u2019enseignement ge\u0301ne\u0301ral de Kelle\u0301, de 1966 a\u0300 1968, et les ache\u0300ve au colle\u0300ge d\u2019enseignement ge\u0301ne\u0301ral d\u2019Ewo, en 1970. A Brazzaville, il poursuit ses e\u0301tudes au lyce\u0301e technique du 1er Mai de 1970 a\u0300 1973.<\/p>\n<p>Jean Serge Kentoula est ensuite admis au Centre d\u2019enseignement supe\u0301rieur des postes et te\u0301le\u0301communications de Toulouse en France. Au cours de son cursus universitaire, il a obtenu de nombreux diplo\u0302mes supe\u0301rieurs. De retour au pays, il a occupe\u0301 plusieurs fonctions au nombre desquelles, chef de division re\u0301seau international Te\u0301le\u0301com de l\u2019Office national des postes et te\u0301le\u0301communications.<\/p>\n<p>Homme politique, Jean Serge Kentoula a e\u0301te\u0301 membre du comite\u0301 central du Parti congolais du travail (PCT) ou\u0300 il a assume\u0301 la fonction de secre\u0301taire du bureau exe\u0301cutif du Conseil de\u0301partemental de la Cuvette-Ouest. Parlementaire d\u2019une longue expe\u0301rience, il commence par l\u2019Assemble\u0301e nationale, le\u0301gislature 2002- 2007 comme supple\u0301ant pour terminer de\u0301pute\u0301 sie\u0301geant a\u0300 la suite du de\u0301ce\u0300s du titulaire, l\u2019honorable Norbert Yaca.<\/p>\n<p>Ayant fait ses preuves en consolidant ses liens avec ses mandants, la population d\u2019Ewo 2 le reconduit pour la le\u0301gislature de 2007-2012. C\u2019est apre\u0300s cinq anne\u0301es d\u2019absence que Jean Serge Kentoula renoue avec le Parlement en 2017 en qualite\u0301 de se\u0301nateur, fonction qu\u2019il a exerce\u0301e en mettant son savoir et son expe\u0301rience au be\u0301ne\u0301fice de la chambre haute en qualite\u0301 de secre\u0301taire du bureau de la commission Economie et Finances jusqu\u2019a\u0300 ce qu\u2019il tire sa re\u0301ve\u0301rence.<\/p>\n<p>La ce\u0301re\u0301monie a e\u0301te\u0301 e\u0301galement marque\u0301e par la visite des photos du disparu dans la salle des banquets avant la signature du livre d\u2019or par le Premier ministre, suivi des pre\u0301sidents de la chambre haute et de la chambre basse. Pre\u0301cisons qu\u2019auparavant, sa formation politique, le PCT, lui a e\u0301galement rendu un dernier hommage a\u0300 son sie\u0300ge communal.<\/p>\n<p><strong>Pour plus d&rsquo;informations et d&rsquo;analyses sur la <a href=\"https:\/\/www.africa-press.net\/congo-brazzaville\">Congo Brazzaville<\/a>, suivez <a href=\"https:\/\/www.africa-press.net\/\">Africa-Press<\/a><\/strong><\/p>\n","protected":false},"excerpt":{"rendered":"<p>Africa-Press &#8211; Congo Brazzaville. De\u0301ce\u0301de\u0301 le 17 janvier dernier a\u0300 Paris en France, le secre\u0301taire de la commission Economie et Finances du Se\u0301nat, Jean Serge Kentoula, a e\u0301te\u0301 inhume\u0301 au cimetie\u0300re du Centre-ville, le 15 mars. Les corps constitue\u0301s nationaux, avec a\u0300 leur te\u0302te le Premier ministre, Collinet Makosso, assiste\u0301 du pre\u0301sident du Se\u0301nat, Pierre [&hellip;]<\/p>\n","protected":false},"author":82,"featured_media":15683,"comment_status":"open","ping_status":"closed","sticky":false,"template":"","format":"standard","meta":{"footnotes":""},"categories":[2,10],"tags":[36,47,46],"class_list":["post-15684","post","type-post","status-publish","format-standard","has-post-thumbnail","hentry","category-politique","category-toutes-les-actualites","tag-africa-press","tag-africa-press-congo-brazzaville","tag-congo-brazzaville"],"yoast_head":"<!-- This site is optimized with the Yoast SEO Premium plugin v26.1 (Yoast SEO v27.0) - https:\/\/yoast.com\/product\/yoast-seo-premium-wordpress\/ -->\n<title>Disparition : Jean Serge Kentoula repose au cimeti\u00e8re du centre-ville - Congo Brazzaville<\/title>\n<meta name=\"description\" content=\"De\u0301ce\u0301de\u0301 le 17 janvier dernier a\u0300 Paris en France, le secre\u0301taire de la commission Economie et Finances du Se\u0301nat, J ...\" \/>\n<meta name=\"robots\" content=\"index, follow, max-snippet:-1, max-image-preview:large, max-video-preview:-1\" \/>\n<link rel=\"canonical\" href=\"https:\/\/www.africa-press.net\/congo-brazzaville\/politique\/disparition-jean-serge-kentoula-repose-au-cimetiere-du-centre-ville\" \/>\n<meta property=\"og:locale\" content=\"fr_FR\" \/>\n<meta property=\"og:type\" content=\"article\" \/>\n<meta property=\"og:title\" content=\"Disparition : Jean Serge Kentoula repose au cimeti\u00e8re du centre-ville\" \/>\n<meta property=\"og:description\" content=\"De\u0301ce\u0301de\u0301 le 17 janvier dernier a\u0300 Paris en France, le secre\u0301taire de la commission Economie et Finances du Se\u0301nat, J ...\" \/>\n<meta property=\"og:url\" content=\"https:\/\/www.africa-press.net\/congo-brazzaville\/politique\/disparition-jean-serge-kentoula-repose-au-cimetiere-du-centre-ville\" \/>\n<meta property=\"og:site_name\" content=\"Congo Brazzaville\" \/>\n<meta property=\"article:published_time\" content=\"2023-03-15T18:19:47+00:00\" \/>\n<meta property=\"article:modified_time\" content=\"2023-03-15T19:56:28+00:00\" \/>\n<meta property=\"og:image\" content=\"https:\/\/static.africa-press.net\/congo-brazzaville\/sites\/51\/2023\/03\/postQueueImg_1678891791.71.jpg\" \/>\n\t<meta property=\"og:image:width\" content=\"1024\" \/>\n\t<meta property=\"og:image:height\" content=\"768\" \/>\n\t<meta property=\"og:image:type\" content=\"image\/jpeg\" \/>\n<meta name=\"author\" content=\"cfeditorfr\" \/>\n<meta name=\"twitter:card\" content=\"summary_large_image\" \/>\n<meta name=\"twitter:label1\" content=\"\u00c9crit par\" \/>\n\t<meta name=\"twitter:data1\" content=\"cfeditorfr\" \/>\n\t<meta name=\"twitter:label2\" content=\"Dur\u00e9e de lecture estim\u00e9e\" \/>\n\t<meta name=\"twitter:data2\" content=\"3 minutes\" \/>\n<script type=\"application\/ld+json\" class=\"yoast-schema-graph\">{\"@context\":\"https:\/\/schema.org\",\"@graph\":[{\"@type\":\"Article\",\"@id\":\"https:\/\/www.africa-press.net\/congo-brazzaville\/politique\/disparition-jean-serge-kentoula-repose-au-cimetiere-du-centre-ville#article\",\"isPartOf\":{\"@id\":\"https:\/\/www.africa-press.net\/congo-brazzaville\/politique\/disparition-jean-serge-kentoula-repose-au-cimetiere-du-centre-ville\"},\"author\":{\"name\":\"cfeditorfr\",\"@id\":\"https:\/\/www.africa-press.net\/congo-brazzaville\/#\/schema\/person\/2b1cf3cd81a31e3cd26889ca66d677f1\"},\"headline\":\"Disparition : Jean Serge Kentoula repose au cimeti\u00e8re du centre-ville\",\"datePublished\":\"2023-03-15T18:19:47+00:00\",\"dateModified\":\"2023-03-15T19:56:28+00:00\",\"mainEntityOfPage\":{\"@id\":\"https:\/\/www.africa-press.net\/congo-brazzaville\/politique\/disparition-jean-serge-kentoula-repose-au-cimetiere-du-centre-ville\"},\"wordCount\":513,\"commentCount\":0,\"image\":{\"@id\":\"https:\/\/www.africa-press.net\/congo-brazzaville\/politique\/disparition-jean-serge-kentoula-repose-au-cimetiere-du-centre-ville#primaryimage\"},\"thumbnailUrl\":\"https:\/\/static.africa-press.net\/congo-brazzaville\/sites\/51\/2023\/03\/postQueueImg_1678891791.71.jpg\",\"keywords\":[\"Africa Press\",\"Africa Press-Congo Brazzaville\",\"Congo Brazzaville\"],\"articleSection\":[\"Politique\",\"Toutes les actualit\u00e9s\"],\"inLanguage\":\"fr-FR\",\"potentialAction\":[{\"@type\":\"CommentAction\",\"name\":\"Comment\",\"target\":[\"https:\/\/www.africa-press.net\/congo-brazzaville\/politique\/disparition-jean-serge-kentoula-repose-au-cimetiere-du-centre-ville#respond\"]}]},{\"@type\":\"WebPage\",\"@id\":\"https:\/\/www.africa-press.net\/congo-brazzaville\/politique\/disparition-jean-serge-kentoula-repose-au-cimetiere-du-centre-ville\",\"url\":\"https:\/\/www.africa-press.net\/congo-brazzaville\/politique\/disparition-jean-serge-kentoula-repose-au-cimetiere-du-centre-ville\",\"name\":\"Disparition : Jean Serge Kentoula repose au cimeti\u00e8re du centre-ville - Congo Brazzaville\",\"isPartOf\":{\"@id\":\"https:\/\/www.africa-press.net\/congo-brazzaville\/#website\"},\"primaryImageOfPage\":{\"@id\":\"https:\/\/www.africa-press.net\/congo-brazzaville\/politique\/disparition-jean-serge-kentoula-repose-au-cimetiere-du-centre-ville#primaryimage\"},\"image\":{\"@id\":\"https:\/\/www.africa-press.net\/congo-brazzaville\/politique\/disparition-jean-serge-kentoula-repose-au-cimetiere-du-centre-ville#primaryimage\"},\"thumbnailUrl\":\"https:\/\/static.africa-press.net\/congo-brazzaville\/sites\/51\/2023\/03\/postQueueImg_1678891791.71.jpg\",\"datePublished\":\"2023-03-15T18:19:47+00:00\",\"dateModified\":\"2023-03-15T19:56:28+00:00\",\"author\":{\"@id\":\"https:\/\/www.africa-press.net\/congo-brazzaville\/#\/schema\/person\/2b1cf3cd81a31e3cd26889ca66d677f1\"},\"description\":\"De\u0301ce\u0301de\u0301 le 17 janvier dernier a\u0300 Paris en France, le secre\u0301taire de la commission Economie et Finances du Se\u0301nat, J ...\",\"breadcrumb\":{\"@id\":\"https:\/\/www.africa-press.net\/congo-brazzaville\/politique\/disparition-jean-serge-kentoula-repose-au-cimetiere-du-centre-ville#breadcrumb\"},\"inLanguage\":\"fr-FR\",\"potentialAction\":[{\"@type\":\"ReadAction\",\"target\":[\"https:\/\/www.africa-press.net\/congo-brazzaville\/politique\/disparition-jean-serge-kentoula-repose-au-cimetiere-du-centre-ville\"]}]},{\"@type\":\"ImageObject\",\"inLanguage\":\"fr-FR\",\"@id\":\"https:\/\/www.africa-press.net\/congo-brazzaville\/politique\/disparition-jean-serge-kentoula-repose-au-cimetiere-du-centre-ville#primaryimage\",\"url\":\"https:\/\/static.africa-press.net\/congo-brazzaville\/sites\/51\/2023\/03\/postQueueImg_1678891791.71.jpg\",\"contentUrl\":\"https:\/\/static.africa-press.net\/congo-brazzaville\/sites\/51\/2023\/03\/postQueueImg_1678891791.71.jpg\",\"width\":1024,\"height\":768,\"caption\":\"Disparition : Jean Serge Kentoula repose au cimeti\u00e8re du centre-ville\"},{\"@type\":\"BreadcrumbList\",\"@id\":\"https:\/\/www.africa-press.net\/congo-brazzaville\/politique\/disparition-jean-serge-kentoula-repose-au-cimetiere-du-centre-ville#breadcrumb\",\"itemListElement\":[{\"@type\":\"ListItem\",\"position\":1,\"name\":\"Accueil\",\"item\":\"https:\/\/www.africa-press.net\/congo-brazzaville\/\"},{\"@type\":\"ListItem\",\"position\":2,\"name\":\"Disparition : Jean Serge Kentoula repose au cimeti\u00e8re du centre-ville\"}]},{\"@type\":\"WebSite\",\"@id\":\"https:\/\/www.africa-press.net\/congo-brazzaville\/#website\",\"url\":\"https:\/\/www.africa-press.net\/congo-brazzaville\/\",\"name\":\"Congo Brazzaville\",\"description\":\"Just another Africa News Agency Sites site\",\"potentialAction\":[{\"@type\":\"SearchAction\",\"target\":{\"@type\":\"EntryPoint\",\"urlTemplate\":\"https:\/\/www.africa-press.net\/congo-brazzaville\/?s={search_term_string}\"},\"query-input\":{\"@type\":\"PropertyValueSpecification\",\"valueRequired\":true,\"valueName\":\"search_term_string\"}}],\"inLanguage\":\"fr-FR\"},{\"@type\":\"Person\",\"@id\":\"https:\/\/www.africa-press.net\/congo-brazzaville\/#\/schema\/person\/2b1cf3cd81a31e3cd26889ca66d677f1\",\"name\":\"cfeditorfr\"}]}<\/script>\n<!-- \/ Yoast SEO Premium plugin. -->","yoast_head_json":{"title":"Disparition : Jean Serge Kentoula repose au cimeti\u00e8re du centre-ville - Congo Brazzaville","description":"De\u0301ce\u0301de\u0301 le 17 janvier dernier a\u0300 Paris en France, le secre\u0301taire de la commission Economie et Finances du Se\u0301nat, J ...","robots":{"index":"index","follow":"follow","max-snippet":"max-snippet:-1","max-image-preview":"max-image-preview:large","max-video-preview":"max-video-preview:-1"},"canonical":"https:\/\/www.africa-press.net\/congo-brazzaville\/politique\/disparition-jean-serge-kentoula-repose-au-cimetiere-du-centre-ville","og_locale":"fr_FR","og_type":"article","og_title":"Disparition : Jean Serge Kentoula repose au cimeti\u00e8re du centre-ville","og_description":"De\u0301ce\u0301de\u0301 le 17 janvier dernier a\u0300 Paris en France, le secre\u0301taire de la commission Economie et Finances du Se\u0301nat, J ...","og_url":"https:\/\/www.africa-press.net\/congo-brazzaville\/politique\/disparition-jean-serge-kentoula-repose-au-cimetiere-du-centre-ville","og_site_name":"Congo Brazzaville","article_published_time":"2023-03-15T18:19:47+00:00","article_modified_time":"2023-03-15T19:56:28+00:00","og_image":[{"width":1024,"height":768,"url":"https:\/\/static.africa-press.net\/congo-brazzaville\/sites\/51\/2023\/03\/postQueueImg_1678891791.71.jpg","type":"image\/jpeg"}],"author":"cfeditorfr","twitter_card":"summary_large_image","twitter_misc":{"\u00c9crit par":"cfeditorfr","Dur\u00e9e de lecture estim\u00e9e":"3 minutes"},"schema":{"@context":"https:\/\/schema.org","@graph":[{"@type":"Article","@id":"https:\/\/www.africa-press.net\/congo-brazzaville\/politique\/disparition-jean-serge-kentoula-repose-au-cimetiere-du-centre-ville#article","isPartOf":{"@id":"https:\/\/www.africa-press.net\/congo-brazzaville\/politique\/disparition-jean-serge-kentoula-repose-au-cimetiere-du-centre-ville"},"author":{"name":"cfeditorfr","@id":"https:\/\/www.africa-press.net\/congo-brazzaville\/#\/schema\/person\/2b1cf3cd81a31e3cd26889ca66d677f1"},"headline":"Disparition : Jean Serge Kentoula repose au cimeti\u00e8re du centre-ville","datePublished":"2023-03-15T18:19:47+00:00","dateModified":"2023-03-15T19:56:28+00:00","mainEntityOfPage":{"@id":"https:\/\/www.africa-press.net\/congo-brazzaville\/politique\/disparition-jean-serge-kentoula-repose-au-cimetiere-du-centre-ville"},"wordCount":513,"commentCount":0,"image":{"@id":"https:\/\/www.africa-press.net\/congo-brazzaville\/politique\/disparition-jean-serge-kentoula-repose-au-cimetiere-du-centre-ville#primaryimage"},"thumbnailUrl":"https:\/\/static.africa-press.net\/congo-brazzaville\/sites\/51\/2023\/03\/postQueueImg_1678891791.71.jpg","keywords":["Africa Press","Africa Press-Congo Brazzaville","Congo Brazzaville"],"articleSection":["Politique","Toutes les actualit\u00e9s"],"inLanguage":"fr-FR","potentialAction":[{"@type":"CommentAction","name":"Comment","target":["https:\/\/www.africa-press.net\/congo-brazzaville\/politique\/disparition-jean-serge-kentoula-repose-au-cimetiere-du-centre-ville#respond"]}]},{"@type":"WebPage","@id":"https:\/\/www.africa-press.net\/congo-brazzaville\/politique\/disparition-jean-serge-kentoula-repose-au-cimetiere-du-centre-ville","url":"https:\/\/www.africa-press.net\/congo-brazzaville\/politique\/disparition-jean-serge-kentoula-repose-au-cimetiere-du-centre-ville","name":"Disparition : Jean Serge Kentoula repose au cimeti\u00e8re du centre-ville - Congo Brazzaville","isPartOf":{"@id":"https:\/\/www.africa-press.net\/congo-brazzaville\/#website"},"primaryImageOfPage":{"@id":"https:\/\/www.africa-press.net\/congo-brazzaville\/politique\/disparition-jean-serge-kentoula-repose-au-cimetiere-du-centre-ville#primaryimage"},"image":{"@id":"https:\/\/www.africa-press.net\/congo-brazzaville\/politique\/disparition-jean-serge-kentoula-repose-au-cimetiere-du-centre-ville#primaryimage"},"thumbnailUrl":"https:\/\/static.africa-press.net\/congo-brazzaville\/sites\/51\/2023\/03\/postQueueImg_1678891791.71.jpg","datePublished":"2023-03-15T18:19:47+00:00","dateModified":"2023-03-15T19:56:28+00:00","author":{"@id":"https:\/\/www.africa-press.net\/congo-brazzaville\/#\/schema\/person\/2b1cf3cd81a31e3cd26889ca66d677f1"},"description":"De\u0301ce\u0301de\u0301 le 17 janvier dernier a\u0300 Paris en France, le secre\u0301taire de la commission Economie et Finances du Se\u0301nat, J ...","breadcrumb":{"@id":"https:\/\/www.africa-press.net\/congo-brazzaville\/politique\/disparition-jean-serge-kentoula-repose-au-cimetiere-du-centre-ville#breadcrumb"},"inLanguage":"fr-FR","potentialAction":[{"@type":"ReadAction","target":["https:\/\/www.africa-press.net\/congo-brazzaville\/politique\/disparition-jean-serge-kentoula-repose-au-cimetiere-du-centre-ville"]}]},{"@type":"ImageObject","inLanguage":"fr-FR","@id":"https:\/\/www.africa-press.net\/congo-brazzaville\/politique\/disparition-jean-serge-kentoula-repose-au-cimetiere-du-centre-ville#primaryimage","url":"https:\/\/static.africa-press.net\/congo-brazzaville\/sites\/51\/2023\/03\/postQueueImg_1678891791.71.jpg","contentUrl":"https:\/\/static.africa-press.net\/congo-brazzaville\/sites\/51\/2023\/03\/postQueueImg_1678891791.71.jpg","width":1024,"height":768,"caption":"Disparition : Jean Serge Kentoula repose au cimeti\u00e8re du centre-ville"},{"@type":"BreadcrumbList","@id":"https:\/\/www.africa-press.net\/congo-brazzaville\/politique\/disparition-jean-serge-kentoula-repose-au-cimetiere-du-centre-ville#breadcrumb","itemListElement":[{"@type":"ListItem","position":1,"name":"Accueil","item":"https:\/\/www.africa-press.net\/congo-brazzaville\/"},{"@type":"ListItem","position":2,"name":"Disparition : Jean Serge Kentoula repose au cimeti\u00e8re du centre-ville"}]},{"@type":"WebSite","@id":"https:\/\/www.africa-press.net\/congo-brazzaville\/#website","url":"https:\/\/www.africa-press.net\/congo-brazzaville\/","name":"Congo Brazzaville","description":"Just another Africa News Agency Sites site","potentialAction":[{"@type":"SearchAction","target":{"@type":"EntryPoint","urlTemplate":"https:\/\/www.africa-press.net\/congo-brazzaville\/?s={search_term_string}"},"query-input":{"@type":"PropertyValueSpecification","valueRequired":true,"valueName":"search_term_string"}}],"inLanguage":"fr-FR"},{"@type":"Person","@id":"https:\/\/www.africa-press.net\/congo-brazzaville\/#\/schema\/person\/2b1cf3cd81a31e3cd26889ca66d677f1","name":"cfeditorfr"}]}},"_links":{"self":[{"href":"https:\/\/www.africa-press.net\/congo-brazzaville\/wp-json\/wp\/v2\/posts\/15684","targetHints":{"allow":["GET"]}}],"collection":[{"href":"https:\/\/www.africa-press.net\/congo-brazzaville\/wp-json\/wp\/v2\/posts"}],"about":[{"href":"https:\/\/www.africa-press.net\/congo-brazzaville\/wp-json\/wp\/v2\/types\/post"}],"author":[{"embeddable":true,"href":"https:\/\/www.africa-press.net\/congo-brazzaville\/wp-json\/wp\/v2\/users\/82"}],"replies":[{"embeddable":true,"href":"https:\/\/www.africa-press.net\/congo-brazzaville\/wp-json\/wp\/v2\/comments?post=15684"}],"version-history":[{"count":0,"href":"https:\/\/www.africa-press.net\/congo-brazzaville\/wp-json\/wp\/v2\/posts\/15684\/revisions"}],"wp:featuredmedia":[{"embeddable":true,"href":"https:\/\/www.africa-press.net\/congo-brazzaville\/wp-json\/wp\/v2\/media\/15683"}],"wp:attachment":[{"href":"https:\/\/www.africa-press.net\/congo-brazzaville\/wp-json\/wp\/v2\/media?parent=15684"}],"wp:term":[{"taxonomy":"category","embeddable":true,"href":"https:\/\/www.africa-press.net\/congo-brazzaville\/wp-json\/wp\/v2\/categories?post=15684"},{"taxonomy":"post_tag","embeddable":true,"href":"https:\/\/www.africa-press.net\/congo-brazzaville\/wp-json\/wp\/v2\/tags?post=15684"}],"curies":[{"name":"wp","href":"https:\/\/api.w.org\/{rel}","templated":true}]}}