{"id":15690,"date":"2023-03-15T18:19:58","date_gmt":"2023-03-15T18:19:58","guid":{"rendered":"https:\/\/www.africa-press.net\/congo-brazzaville\/politique\/emulation-24-eleves-du-lycee-savorgnan-de-brazza-a-et-b-primes"},"modified":"2023-03-15T19:57:05","modified_gmt":"2023-03-15T19:57:05","slug":"emulation-24-eleves-du-lycee-savorgnan-de-brazza-a-et-b-primes","status":"publish","type":"post","link":"https:\/\/www.africa-press.net\/congo-brazzaville\/culture-et-art\/emulation-24-eleves-du-lycee-savorgnan-de-brazza-a-et-b-primes","title":{"rendered":"\u00c9mulation : 24 \u00e9l\u00e8ves du lyc\u00e9e Savorgnan-de-Brazza A et B prim\u00e9s"},"content":{"rendered":"<p><span style=\"color: #ff6600\"><strong>Africa-Press &#8211; Congo Brazzaville. <\/strong><\/span><b>Les vingt-quatre e\u0301le\u0300ves ont e\u0301te\u0301 prime\u0301s par l\u2019Association des anciens du lyce\u0301e de la libe\u0301ration (ALL), le week-end dernier, a\u0300 l\u2019issue de l\u2019e\u0301mulation du premier trimestre de l\u2019anne\u0301e scolaire en cours. <\/b><\/p>\n<p>La douzie\u0300me e\u0301dition de l&rsquo;e\u0301mulation qu\u2019a organise\u0301e l\u2019ALL s\u2019inscrit dans l\u2019optique d\u2019encourager les meilleurs e\u0301le\u0300ves des deux lyce\u0301es Savorgan-de-Brazza, notamment les trois premiers de chaque niveau et se\u0301rie. \u00ab Nous prouvons aujourd\u2019hui que la de\u0301marche d\u2019organiser des e\u0301mulations pour primer les meilleurs e\u0301le\u0300ves a su prendre son essor par la pe\u0301rennisation de celle-ci pour la onzie\u0300me fois&#8230; Et plus que jamais, nous menons une re\u0301flexion pour trouver un format qui permettra de primer encore plus les meilleurs de chaque lyce\u0301e et ainsi toujours encourager l\u2019excellence. Car, depuis la nuit des temps et a\u0300 tous les degre\u0301s de culture, l\u2019e\u0301mulation est toujours utile aux individus et aux socie\u0301te\u0301s. Et l\u2019e\u0301ducation ne fait pas exception \u00bb, a signifie\u0301 le pre\u0301sident de l\u2019ALL, Aaron Makinou.<\/p>\n<p>L\u2019objectif principal de cette e\u0301mulation est de booster les e\u0301nergies, les e\u0301quipes a\u0300 se motiver encore plus, a\u0300 se donner les moyens pour atteindre les objectifs, a explique\u0301 Aaron Makinou, indiquant aux e\u0301le\u0300ves que l\u2019objectif pour les secondes c\u2019est d\u2019arriver en premie\u0300re, et les premie\u0300res en terminale, enfin l\u2019objectif pour les terminales c\u2019est de de\u0301crocher le baccalaure\u0301at et d\u2019aller a\u0300 l\u2019universite\u0301. Pour y arriver, et comme dans un ordre logique, il les a invite\u0301s a\u0300 avoir toujours le de\u0301sir d\u2019imiter, d\u2019e\u0301galer et de surpasser l\u2019autre.<\/p>\n<p><b>Les premiers de chaque niveau <\/b><\/p>\n<p>S\u2019agissant de la seconde, les e\u0301le\u0300ves ci-apre\u0300s ont e\u0301te\u0301 prime\u0301s : Nathanae\u0308l Mascilliman Ndeko, e\u0301le\u0300ve en seconde A4, au lyce\u0301e Savorgnan B, pour une moyenne de 13,42 ; Dieumerci Massoumou, e\u0301le\u0300ve en seconde C5, au lyce\u0301e Savorgnan A, 15,54. Quant a\u0300 la classe de premie\u0300re, Marianne Elysah Balongana Milongo, e\u0301le\u0300ve en premie\u0300re A4, Savorgnan B, 14,38 ; Cedril Eldana Kinkonda, premie\u0300re C, Savorgnan A, 13,53 ; Rodelvie Ge\u0301ofrina Mouanga, premie\u0300re D2, Savorgnan A, 13,80. Enfin, s\u2019agissant de la terminale, Tedyche Bounga Baniakina, terminale A1, Savorgnan B, a obtenu 12,26 de moyenne ; Anrice Rochkat Paolette Malanda, terminale C, Savorgnan A, 12,71 ; et Charle\u0300ne Ephrim Kangala, terminale D2, Savorgnan B, 11,61.<\/p>\n<p>Symboliquement, des prix ont e\u0301te\u0301 remis pour encourager les laure\u0301ats a\u0300 fournir plus d\u2019effort dans le travail. L\u2019un des vingt-quatre laure\u0301ats, Charles Fertyle Junior Mountsambote\u0301, e\u0301le\u0300ve en classe de Premie\u0300re A3 au lyce\u0301e Savorgnan B, a re\u0301agi: \u00ab Nous remercions l\u2019association pour ce prix qui est un ve\u0301ritable stimulant. Merci de penser a\u0300 nous. Nous remercions aussi les professeurs ainsi que nos parents. Les Franc\u0327ais disent souvent : \u201cA cheval donne\u0301, on ne regarde pas les dents\u201d. Peu importe le prix, nous remercions l\u2019association. \u00bb<\/p>\n<p>Pour sa part, l\u2019e\u0301le\u0300ve Cedril Eldana Kinkonda, en premie\u0300re C au lyce\u0301e Savorgnan A, n\u2019a pas elle aussi cache\u0301 ses sentiments. \u00ab C\u2019est un grand honneur pour nous de recevoir ce prix. Nous remercions l\u2019association, les professeurs ainsi que les parents, parce que c\u2019est gra\u0302ce a\u0300 eux que nous avons re\u0301alise\u0301 ces re\u0301sultats. \u00bb Il en est de me\u0302me pour De\u0301sire\u0301e Gassai\u0308, parent de l\u2019e\u0301le\u0300ve Roch Gassai\u0308, en classe de terminale, qui a exprime\u0301 sa joie de venir soutenir les enfants, au nom de tous les parents.<\/p>\n<p>De son co\u0302te\u0301, le proviseur du lyce\u0301e Savorgnan-de-Brazza B, Gildas Mouegni Kipoutou, a remercie\u0301 les laure\u0301ats. \u00ab On constate que les e\u0301le\u0300ves qui sont la\u0300 sont ceux qui avaient remporte\u0301 les prix l\u2019an dernier. Cette anne\u0301e vous avez compose\u0301 dans des conditions du baccalaure\u0301at. Nous le ferons e\u0301galement pour le deuxie\u0300me trimestre. Une manie\u0300re de vous pre\u0301parer dans des conditions du baccalaure\u0301at. Nous vous encourageons a\u0300 demeurer sur cet e\u0301lan. Nous vous demandons de vous e\u0301loigner des violences. Les antivaleurs sont a\u0300 bannir au lyce\u0301e Savorgnan-de-Brazza. Je fe\u0301licite aussi l\u2019e\u0301quipe de mai\u0302trise \u00bb, a de\u0301clare\u0301 le proviseur.<\/p>\n<p>Base\u0301e en France, l\u2019ALL \u0153uvre avec ses propres moyens dans la mise en valeur de ce lyce\u0301e, en passant par les activite\u0301s comme cette e\u0301mulation. Elle a de\u0301ja\u0300 re\u0301alise\u0301 par le passe\u0301 plusieurs actions au sein du lyce\u0301e, a\u0300 savoir la promotion de la culture ; la pe\u0301rennisation de l\u2019esprit de fraternite\u0301 ; la valorisation du lyce\u0301e ; la se\u0301curisation du ba\u0302timent E ; la pose de grilles me\u0301talliques ; la dotation de plusieurs ordinateurs ; la re\u0301fection des toilettes de\u0301die\u0301es aux e\u0301le\u0300ves ; l\u2019organisation des e\u0301mulations tous les ans.<\/p>\n\r\n                <style type=\"text\/css\">\r\n                    \r\n                    #td_uid_1_69f71fcb2c26b  .td-doubleSlider-2 .td-item1 {\r\n                        background: url(https:\/\/static.africa-press.net\/congo-brazzaville\/sites\/51\/2023\/03\/postMediaimg_98_1-80x60.jpg) 0 0 no-repeat;\r\n                    }\r\n                    #td_uid_1_69f71fcb2c26b  .td-doubleSlider-2 .td-item2 {\r\n                        background: url(https:\/\/static.africa-press.net\/congo-brazzaville\/sites\/51\/2023\/03\/postMediaimg_98_2-80x60.jpg) 0 0 no-repeat;\r\n                    }\r\n                <\/style>\r\n\r\n                <div id=\"td_uid_1_69f71fcb2c26b\" class=\"td-gallery td-slide-on-2-columns\">\r\n                    <div class=\"post_td_gallery\">\r\n                        <div class=\"td-gallery-slide-top\">\r\n                           <div class=\"td-gallery-title\"><\/div>\r\n\r\n                            <div class=\"td-gallery-controls-wrapper\">\r\n                                <div class=\"td-gallery-slide-count\"><span class=\"td-gallery-slide-item-focus\">1<\/span> de 2<\/div>\r\n                                <div class=\"td-gallery-slide-prev-next-but\">\r\n                                    <i class = \"td-icon-left doubleSliderPrevButton\"><\/i>\r\n                                    <i class = \"td-icon-right doubleSliderNextButton\"><\/i>\r\n                                <\/div>\r\n                            <\/div>\r\n                        <\/div>\r\n\r\n                        <div class = \"td-doubleSlider-1 \">\r\n                            <div class = \"td-slider\">\r\n                                \r\n                    <div class = \"td-slide-item td-item1\">\r\n                        <figure class=\"td-slide-galery-figure td-slide-popup-gallery\">\r\n                            <a class=\"slide-gallery-image-link\" href=\"https:\/\/static.africa-press.net\/congo-brazzaville\/sites\/51\/2023\/03\/postMediaimg_98_1.jpg\" title=\"postMediaimg_98_1\"  data-caption=\"\"  data-description=\"\">\r\n                                <img decoding=\"async\" src=\"https:\/\/static.africa-press.net\/congo-brazzaville\/sites\/51\/2023\/03\/postMediaimg_98_1.jpg\" srcset=\"https:\/\/static.africa-press.net\/congo-brazzaville\/sites\/51\/2023\/03\/postMediaimg_98_1.jpg 491w, https:\/\/static.africa-press.net\/congo-brazzaville\/sites\/51\/2023\/03\/postMediaimg_98_1-257x300.jpg 257w\" sizes=\"(max-width: 491px) 100vw, 491px\" alt=\"\">\r\n                            <\/a>\r\n                            \r\n                        <\/figure>\r\n                    <\/div>\r\n                    <div class = \"td-slide-item td-item2\">\r\n                        <figure class=\"td-slide-galery-figure td-slide-popup-gallery\">\r\n                            <a class=\"slide-gallery-image-link\" href=\"https:\/\/static.africa-press.net\/congo-brazzaville\/sites\/51\/2023\/03\/postMediaimg_98_2.jpg\" title=\"postMediaimg_98_2\"  data-caption=\"\"  data-description=\"\">\r\n                                <img decoding=\"async\" src=\"https:\/\/static.africa-press.net\/congo-brazzaville\/sites\/51\/2023\/03\/postMediaimg_98_2.jpg\" srcset=\"https:\/\/static.africa-press.net\/congo-brazzaville\/sites\/51\/2023\/03\/postMediaimg_98_2.jpg 705w, https:\/\/static.africa-press.net\/congo-brazzaville\/sites\/51\/2023\/03\/postMediaimg_98_2-300x249.jpg 300w\" sizes=\"(max-width: 705px) 100vw, 705px\" alt=\"\">\r\n                            <\/a>\r\n                            \r\n                        <\/figure>\r\n                    <\/div>\r\n                            <\/div>\r\n                        <\/div>\r\n\r\n                        <div class = \"td-doubleSlider-2\">\r\n                            <div class = \"td-slider\">\r\n                                \r\n                    <div class = \"td-button td-item1\">\r\n                        <div class = \"td-border\"><\/div>\r\n                    <\/div>\r\n                    <div class = \"td-button td-item2\">\r\n                        <div class = \"td-border\"><\/div>\r\n                    <\/div>\r\n                            <\/div>\r\n                        <\/div>\r\n\r\n                    <\/div>\r\n\r\n                <\/div>\r\n                \n<p><strong>Pour plus d&rsquo;informations et d&rsquo;analyses sur la <a href=\"https:\/\/www.africa-press.net\/congo-brazzaville\">Congo Brazzaville<\/a>, suivez <a href=\"https:\/\/www.africa-press.net\/\">Africa-Press<\/a><\/strong><\/p>\n","protected":false},"excerpt":{"rendered":"<p>Africa-Press &#8211; Congo Brazzaville. Les vingt-quatre e\u0301le\u0300ves ont e\u0301te\u0301 prime\u0301s par l\u2019Association des anciens du lyce\u0301e de la libe\u0301ration (ALL), le week-end dernier, a\u0300 l\u2019issue de l\u2019e\u0301mulation du premier trimestre de l\u2019anne\u0301e scolaire en cours. La douzie\u0300me e\u0301dition de l&rsquo;e\u0301mulation qu\u2019a organise\u0301e l\u2019ALL s\u2019inscrit dans l\u2019optique d\u2019encourager les meilleurs e\u0301le\u0300ves des deux lyce\u0301es Savorgan-de-Brazza, notamment [&hellip;]<\/p>\n","protected":false},"author":82,"featured_media":15689,"comment_status":"open","ping_status":"closed","sticky":false,"template":"","format":"standard","meta":{"footnotes":""},"categories":[5,8,10],"tags":[36,47,46],"class_list":["post-15690","post","type-post","status-publish","format-standard","has-post-thumbnail","hentry","category-culture-et-art","category-photo","category-toutes-les-actualites","tag-africa-press","tag-africa-press-congo-brazzaville","tag-congo-brazzaville"],"yoast_head":"<!-- This site is optimized with the Yoast SEO Premium plugin v26.1 (Yoast SEO v27.0) - https:\/\/yoast.com\/product\/yoast-seo-premium-wordpress\/ -->\n<title>\u00c9mulation : 24 \u00e9l\u00e8ves du lyc\u00e9e Savorgnan-de-Brazza A et B prim\u00e9s - Congo Brazzaville<\/title>\n<meta name=\"description\" content=\"Les vingt-quatre e\u0301le\u0300ves ont e\u0301te\u0301 prime\u0301s par l\u2019Association des anciens du lyce\u0301e de la libe\u0301ration (ALL), le week- ...\" \/>\n<meta name=\"robots\" content=\"index, follow, max-snippet:-1, max-image-preview:large, max-video-preview:-1\" \/>\n<link rel=\"canonical\" href=\"https:\/\/www.africa-press.net\/congo-brazzaville\/culture-et-art\/emulation-24-eleves-du-lycee-savorgnan-de-brazza-a-et-b-primes\" \/>\n<meta property=\"og:locale\" content=\"fr_FR\" \/>\n<meta property=\"og:type\" content=\"article\" \/>\n<meta property=\"og:title\" content=\"\u00c9mulation : 24 \u00e9l\u00e8ves du lyc\u00e9e Savorgnan-de-Brazza A et B prim\u00e9s\" \/>\n<meta property=\"og:description\" content=\"Les vingt-quatre e\u0301le\u0300ves ont e\u0301te\u0301 prime\u0301s par l\u2019Association des anciens du lyce\u0301e de la libe\u0301ration (ALL), le week- ...\" \/>\n<meta property=\"og:url\" content=\"https:\/\/www.africa-press.net\/congo-brazzaville\/culture-et-art\/emulation-24-eleves-du-lycee-savorgnan-de-brazza-a-et-b-primes\" \/>\n<meta property=\"og:site_name\" content=\"Congo Brazzaville\" \/>\n<meta property=\"article:published_time\" content=\"2023-03-15T18:19:58+00:00\" \/>\n<meta property=\"article:modified_time\" content=\"2023-03-15T19:57:05+00:00\" \/>\n<meta property=\"og:image\" content=\"https:\/\/static.africa-press.net\/congo-brazzaville\/sites\/51\/2023\/03\/postQueueImg_1678891826.40.jpg\" \/>\n\t<meta property=\"og:image:width\" content=\"1280\" \/>\n\t<meta property=\"og:image:height\" content=\"720\" \/>\n\t<meta property=\"og:image:type\" content=\"image\/jpeg\" \/>\n<meta name=\"author\" content=\"cfeditorfr\" \/>\n<meta name=\"twitter:card\" content=\"summary_large_image\" \/>\n<meta name=\"twitter:label1\" content=\"\u00c9crit par\" \/>\n\t<meta name=\"twitter:data1\" content=\"cfeditorfr\" \/>\n\t<meta name=\"twitter:label2\" content=\"Dur\u00e9e de lecture estim\u00e9e\" \/>\n\t<meta name=\"twitter:data2\" content=\"4 minutes\" \/>\n<script type=\"application\/ld+json\" class=\"yoast-schema-graph\">{\"@context\":\"https:\/\/schema.org\",\"@graph\":[{\"@type\":\"Article\",\"@id\":\"https:\/\/www.africa-press.net\/congo-brazzaville\/culture-et-art\/emulation-24-eleves-du-lycee-savorgnan-de-brazza-a-et-b-primes#article\",\"isPartOf\":{\"@id\":\"https:\/\/www.africa-press.net\/congo-brazzaville\/culture-et-art\/emulation-24-eleves-du-lycee-savorgnan-de-brazza-a-et-b-primes\"},\"author\":{\"name\":\"cfeditorfr\",\"@id\":\"https:\/\/www.africa-press.net\/congo-brazzaville\/#\/schema\/person\/2b1cf3cd81a31e3cd26889ca66d677f1\"},\"headline\":\"\u00c9mulation : 24 \u00e9l\u00e8ves du lyc\u00e9e Savorgnan-de-Brazza A et B prim\u00e9s\",\"datePublished\":\"2023-03-15T18:19:58+00:00\",\"dateModified\":\"2023-03-15T19:57:05+00:00\",\"mainEntityOfPage\":{\"@id\":\"https:\/\/www.africa-press.net\/congo-brazzaville\/culture-et-art\/emulation-24-eleves-du-lycee-savorgnan-de-brazza-a-et-b-primes\"},\"wordCount\":887,\"commentCount\":0,\"image\":{\"@id\":\"https:\/\/www.africa-press.net\/congo-brazzaville\/culture-et-art\/emulation-24-eleves-du-lycee-savorgnan-de-brazza-a-et-b-primes#primaryimage\"},\"thumbnailUrl\":\"https:\/\/static.africa-press.net\/congo-brazzaville\/sites\/51\/2023\/03\/postQueueImg_1678891826.40.jpg\",\"keywords\":[\"Africa Press\",\"Africa Press-Congo Brazzaville\",\"Congo Brazzaville\"],\"articleSection\":[\"Culture et Art\",\"Photo\",\"Toutes les actualit\u00e9s\"],\"inLanguage\":\"fr-FR\",\"potentialAction\":[{\"@type\":\"CommentAction\",\"name\":\"Comment\",\"target\":[\"https:\/\/www.africa-press.net\/congo-brazzaville\/culture-et-art\/emulation-24-eleves-du-lycee-savorgnan-de-brazza-a-et-b-primes#respond\"]}]},{\"@type\":\"WebPage\",\"@id\":\"https:\/\/www.africa-press.net\/congo-brazzaville\/culture-et-art\/emulation-24-eleves-du-lycee-savorgnan-de-brazza-a-et-b-primes\",\"url\":\"https:\/\/www.africa-press.net\/congo-brazzaville\/culture-et-art\/emulation-24-eleves-du-lycee-savorgnan-de-brazza-a-et-b-primes\",\"name\":\"\u00c9mulation : 24 \u00e9l\u00e8ves du lyc\u00e9e Savorgnan-de-Brazza A et B prim\u00e9s - Congo Brazzaville\",\"isPartOf\":{\"@id\":\"https:\/\/www.africa-press.net\/congo-brazzaville\/#website\"},\"primaryImageOfPage\":{\"@id\":\"https:\/\/www.africa-press.net\/congo-brazzaville\/culture-et-art\/emulation-24-eleves-du-lycee-savorgnan-de-brazza-a-et-b-primes#primaryimage\"},\"image\":{\"@id\":\"https:\/\/www.africa-press.net\/congo-brazzaville\/culture-et-art\/emulation-24-eleves-du-lycee-savorgnan-de-brazza-a-et-b-primes#primaryimage\"},\"thumbnailUrl\":\"https:\/\/static.africa-press.net\/congo-brazzaville\/sites\/51\/2023\/03\/postQueueImg_1678891826.40.jpg\",\"datePublished\":\"2023-03-15T18:19:58+00:00\",\"dateModified\":\"2023-03-15T19:57:05+00:00\",\"author\":{\"@id\":\"https:\/\/www.africa-press.net\/congo-brazzaville\/#\/schema\/person\/2b1cf3cd81a31e3cd26889ca66d677f1\"},\"description\":\"Les vingt-quatre e\u0301le\u0300ves ont e\u0301te\u0301 prime\u0301s par l\u2019Association des anciens du lyce\u0301e de la libe\u0301ration (ALL), le week- ...\",\"breadcrumb\":{\"@id\":\"https:\/\/www.africa-press.net\/congo-brazzaville\/culture-et-art\/emulation-24-eleves-du-lycee-savorgnan-de-brazza-a-et-b-primes#breadcrumb\"},\"inLanguage\":\"fr-FR\",\"potentialAction\":[{\"@type\":\"ReadAction\",\"target\":[\"https:\/\/www.africa-press.net\/congo-brazzaville\/culture-et-art\/emulation-24-eleves-du-lycee-savorgnan-de-brazza-a-et-b-primes\"]}]},{\"@type\":\"ImageObject\",\"inLanguage\":\"fr-FR\",\"@id\":\"https:\/\/www.africa-press.net\/congo-brazzaville\/culture-et-art\/emulation-24-eleves-du-lycee-savorgnan-de-brazza-a-et-b-primes#primaryimage\",\"url\":\"https:\/\/static.africa-press.net\/congo-brazzaville\/sites\/51\/2023\/03\/postQueueImg_1678891826.40.jpg\",\"contentUrl\":\"https:\/\/static.africa-press.net\/congo-brazzaville\/sites\/51\/2023\/03\/postQueueImg_1678891826.40.jpg\",\"width\":1280,\"height\":720,\"caption\":\"\u00c9mulation : 24 \u00e9l\u00e8ves du lyc\u00e9e Savorgnan-de-Brazza A et B prim\u00e9s\"},{\"@type\":\"BreadcrumbList\",\"@id\":\"https:\/\/www.africa-press.net\/congo-brazzaville\/culture-et-art\/emulation-24-eleves-du-lycee-savorgnan-de-brazza-a-et-b-primes#breadcrumb\",\"itemListElement\":[{\"@type\":\"ListItem\",\"position\":1,\"name\":\"Accueil\",\"item\":\"https:\/\/www.africa-press.net\/congo-brazzaville\/\"},{\"@type\":\"ListItem\",\"position\":2,\"name\":\"\u00c9mulation : 24 \u00e9l\u00e8ves du lyc\u00e9e Savorgnan-de-Brazza A et B prim\u00e9s\"}]},{\"@type\":\"WebSite\",\"@id\":\"https:\/\/www.africa-press.net\/congo-brazzaville\/#website\",\"url\":\"https:\/\/www.africa-press.net\/congo-brazzaville\/\",\"name\":\"Congo Brazzaville\",\"description\":\"Just another Africa News Agency Sites site\",\"potentialAction\":[{\"@type\":\"SearchAction\",\"target\":{\"@type\":\"EntryPoint\",\"urlTemplate\":\"https:\/\/www.africa-press.net\/congo-brazzaville\/?s={search_term_string}\"},\"query-input\":{\"@type\":\"PropertyValueSpecification\",\"valueRequired\":true,\"valueName\":\"search_term_string\"}}],\"inLanguage\":\"fr-FR\"},{\"@type\":\"Person\",\"@id\":\"https:\/\/www.africa-press.net\/congo-brazzaville\/#\/schema\/person\/2b1cf3cd81a31e3cd26889ca66d677f1\",\"name\":\"cfeditorfr\"}]}<\/script>\n<!-- \/ Yoast SEO Premium plugin. -->","yoast_head_json":{"title":"\u00c9mulation : 24 \u00e9l\u00e8ves du lyc\u00e9e Savorgnan-de-Brazza A et B prim\u00e9s - Congo Brazzaville","description":"Les vingt-quatre e\u0301le\u0300ves ont e\u0301te\u0301 prime\u0301s par l\u2019Association des anciens du lyce\u0301e de la libe\u0301ration (ALL), le week- ...","robots":{"index":"index","follow":"follow","max-snippet":"max-snippet:-1","max-image-preview":"max-image-preview:large","max-video-preview":"max-video-preview:-1"},"canonical":"https:\/\/www.africa-press.net\/congo-brazzaville\/culture-et-art\/emulation-24-eleves-du-lycee-savorgnan-de-brazza-a-et-b-primes","og_locale":"fr_FR","og_type":"article","og_title":"\u00c9mulation : 24 \u00e9l\u00e8ves du lyc\u00e9e Savorgnan-de-Brazza A et B prim\u00e9s","og_description":"Les vingt-quatre e\u0301le\u0300ves ont e\u0301te\u0301 prime\u0301s par l\u2019Association des anciens du lyce\u0301e de la libe\u0301ration (ALL), le week- ...","og_url":"https:\/\/www.africa-press.net\/congo-brazzaville\/culture-et-art\/emulation-24-eleves-du-lycee-savorgnan-de-brazza-a-et-b-primes","og_site_name":"Congo Brazzaville","article_published_time":"2023-03-15T18:19:58+00:00","article_modified_time":"2023-03-15T19:57:05+00:00","og_image":[{"width":1280,"height":720,"url":"https:\/\/static.africa-press.net\/congo-brazzaville\/sites\/51\/2023\/03\/postQueueImg_1678891826.40.jpg","type":"image\/jpeg"}],"author":"cfeditorfr","twitter_card":"summary_large_image","twitter_misc":{"\u00c9crit par":"cfeditorfr","Dur\u00e9e de lecture estim\u00e9e":"4 minutes"},"schema":{"@context":"https:\/\/schema.org","@graph":[{"@type":"Article","@id":"https:\/\/www.africa-press.net\/congo-brazzaville\/culture-et-art\/emulation-24-eleves-du-lycee-savorgnan-de-brazza-a-et-b-primes#article","isPartOf":{"@id":"https:\/\/www.africa-press.net\/congo-brazzaville\/culture-et-art\/emulation-24-eleves-du-lycee-savorgnan-de-brazza-a-et-b-primes"},"author":{"name":"cfeditorfr","@id":"https:\/\/www.africa-press.net\/congo-brazzaville\/#\/schema\/person\/2b1cf3cd81a31e3cd26889ca66d677f1"},"headline":"\u00c9mulation : 24 \u00e9l\u00e8ves du lyc\u00e9e Savorgnan-de-Brazza A et B prim\u00e9s","datePublished":"2023-03-15T18:19:58+00:00","dateModified":"2023-03-15T19:57:05+00:00","mainEntityOfPage":{"@id":"https:\/\/www.africa-press.net\/congo-brazzaville\/culture-et-art\/emulation-24-eleves-du-lycee-savorgnan-de-brazza-a-et-b-primes"},"wordCount":887,"commentCount":0,"image":{"@id":"https:\/\/www.africa-press.net\/congo-brazzaville\/culture-et-art\/emulation-24-eleves-du-lycee-savorgnan-de-brazza-a-et-b-primes#primaryimage"},"thumbnailUrl":"https:\/\/static.africa-press.net\/congo-brazzaville\/sites\/51\/2023\/03\/postQueueImg_1678891826.40.jpg","keywords":["Africa Press","Africa Press-Congo Brazzaville","Congo Brazzaville"],"articleSection":["Culture et Art","Photo","Toutes les actualit\u00e9s"],"inLanguage":"fr-FR","potentialAction":[{"@type":"CommentAction","name":"Comment","target":["https:\/\/www.africa-press.net\/congo-brazzaville\/culture-et-art\/emulation-24-eleves-du-lycee-savorgnan-de-brazza-a-et-b-primes#respond"]}]},{"@type":"WebPage","@id":"https:\/\/www.africa-press.net\/congo-brazzaville\/culture-et-art\/emulation-24-eleves-du-lycee-savorgnan-de-brazza-a-et-b-primes","url":"https:\/\/www.africa-press.net\/congo-brazzaville\/culture-et-art\/emulation-24-eleves-du-lycee-savorgnan-de-brazza-a-et-b-primes","name":"\u00c9mulation : 24 \u00e9l\u00e8ves du lyc\u00e9e Savorgnan-de-Brazza A et B prim\u00e9s - Congo Brazzaville","isPartOf":{"@id":"https:\/\/www.africa-press.net\/congo-brazzaville\/#website"},"primaryImageOfPage":{"@id":"https:\/\/www.africa-press.net\/congo-brazzaville\/culture-et-art\/emulation-24-eleves-du-lycee-savorgnan-de-brazza-a-et-b-primes#primaryimage"},"image":{"@id":"https:\/\/www.africa-press.net\/congo-brazzaville\/culture-et-art\/emulation-24-eleves-du-lycee-savorgnan-de-brazza-a-et-b-primes#primaryimage"},"thumbnailUrl":"https:\/\/static.africa-press.net\/congo-brazzaville\/sites\/51\/2023\/03\/postQueueImg_1678891826.40.jpg","datePublished":"2023-03-15T18:19:58+00:00","dateModified":"2023-03-15T19:57:05+00:00","author":{"@id":"https:\/\/www.africa-press.net\/congo-brazzaville\/#\/schema\/person\/2b1cf3cd81a31e3cd26889ca66d677f1"},"description":"Les vingt-quatre e\u0301le\u0300ves ont e\u0301te\u0301 prime\u0301s par l\u2019Association des anciens du lyce\u0301e de la libe\u0301ration (ALL), le week- ...","breadcrumb":{"@id":"https:\/\/www.africa-press.net\/congo-brazzaville\/culture-et-art\/emulation-24-eleves-du-lycee-savorgnan-de-brazza-a-et-b-primes#breadcrumb"},"inLanguage":"fr-FR","potentialAction":[{"@type":"ReadAction","target":["https:\/\/www.africa-press.net\/congo-brazzaville\/culture-et-art\/emulation-24-eleves-du-lycee-savorgnan-de-brazza-a-et-b-primes"]}]},{"@type":"ImageObject","inLanguage":"fr-FR","@id":"https:\/\/www.africa-press.net\/congo-brazzaville\/culture-et-art\/emulation-24-eleves-du-lycee-savorgnan-de-brazza-a-et-b-primes#primaryimage","url":"https:\/\/static.africa-press.net\/congo-brazzaville\/sites\/51\/2023\/03\/postQueueImg_1678891826.40.jpg","contentUrl":"https:\/\/static.africa-press.net\/congo-brazzaville\/sites\/51\/2023\/03\/postQueueImg_1678891826.40.jpg","width":1280,"height":720,"caption":"\u00c9mulation : 24 \u00e9l\u00e8ves du lyc\u00e9e Savorgnan-de-Brazza A et B prim\u00e9s"},{"@type":"BreadcrumbList","@id":"https:\/\/www.africa-press.net\/congo-brazzaville\/culture-et-art\/emulation-24-eleves-du-lycee-savorgnan-de-brazza-a-et-b-primes#breadcrumb","itemListElement":[{"@type":"ListItem","position":1,"name":"Accueil","item":"https:\/\/www.africa-press.net\/congo-brazzaville\/"},{"@type":"ListItem","position":2,"name":"\u00c9mulation : 24 \u00e9l\u00e8ves du lyc\u00e9e Savorgnan-de-Brazza A et B prim\u00e9s"}]},{"@type":"WebSite","@id":"https:\/\/www.africa-press.net\/congo-brazzaville\/#website","url":"https:\/\/www.africa-press.net\/congo-brazzaville\/","name":"Congo Brazzaville","description":"Just another Africa News Agency Sites site","potentialAction":[{"@type":"SearchAction","target":{"@type":"EntryPoint","urlTemplate":"https:\/\/www.africa-press.net\/congo-brazzaville\/?s={search_term_string}"},"query-input":{"@type":"PropertyValueSpecification","valueRequired":true,"valueName":"search_term_string"}}],"inLanguage":"fr-FR"},{"@type":"Person","@id":"https:\/\/www.africa-press.net\/congo-brazzaville\/#\/schema\/person\/2b1cf3cd81a31e3cd26889ca66d677f1","name":"cfeditorfr"}]}},"_links":{"self":[{"href":"https:\/\/www.africa-press.net\/congo-brazzaville\/wp-json\/wp\/v2\/posts\/15690","targetHints":{"allow":["GET"]}}],"collection":[{"href":"https:\/\/www.africa-press.net\/congo-brazzaville\/wp-json\/wp\/v2\/posts"}],"about":[{"href":"https:\/\/www.africa-press.net\/congo-brazzaville\/wp-json\/wp\/v2\/types\/post"}],"author":[{"embeddable":true,"href":"https:\/\/www.africa-press.net\/congo-brazzaville\/wp-json\/wp\/v2\/users\/82"}],"replies":[{"embeddable":true,"href":"https:\/\/www.africa-press.net\/congo-brazzaville\/wp-json\/wp\/v2\/comments?post=15690"}],"version-history":[{"count":0,"href":"https:\/\/www.africa-press.net\/congo-brazzaville\/wp-json\/wp\/v2\/posts\/15690\/revisions"}],"wp:featuredmedia":[{"embeddable":true,"href":"https:\/\/www.africa-press.net\/congo-brazzaville\/wp-json\/wp\/v2\/media\/15689"}],"wp:attachment":[{"href":"https:\/\/www.africa-press.net\/congo-brazzaville\/wp-json\/wp\/v2\/media?parent=15690"}],"wp:term":[{"taxonomy":"category","embeddable":true,"href":"https:\/\/www.africa-press.net\/congo-brazzaville\/wp-json\/wp\/v2\/categories?post=15690"},{"taxonomy":"post_tag","embeddable":true,"href":"https:\/\/www.africa-press.net\/congo-brazzaville\/wp-json\/wp\/v2\/tags?post=15690"}],"curies":[{"name":"wp","href":"https:\/\/api.w.org\/{rel}","templated":true}]}}