{"id":15699,"date":"2023-03-15T18:20:30","date_gmt":"2023-03-15T18:20:30","guid":{"rendered":"https:\/\/www.africa-press.net\/congo-brazzaville\/politique\/la-banque-mondiale-appelle-les-coordonnateurs-des-projets-au-respect-des-processus"},"modified":"2023-03-15T21:13:36","modified_gmt":"2023-03-15T21:13:36","slug":"la-banque-mondiale-appelle-les-coordonnateurs-des-projets-au-respect-des-processus","status":"publish","type":"post","link":"https:\/\/www.africa-press.net\/congo-brazzaville\/economie\/la-banque-mondiale-appelle-les-coordonnateurs-des-projets-au-respect-des-processus","title":{"rendered":"la banque mondiale appelle les coordonnateurs des projets au respect des processus"},"content":{"rendered":"<p><span style=\"color: #ff6600\"><strong>Africa-Press &#8211; Congo Brazzaville. <\/strong><\/span><b>La charge\u0301e des ope\u0301rations a\u0300 la Banque Mondiale, Elise Vanormelingen, a appele\u0301 le 14 mars a\u0300 Brazzaville, a\u0300 observer les proce\u0301dures de gestions des projets et le respect de la passation des projets.<\/b><\/p>\n<p>Clo\u0302turant les deux jours consacre\u0301s a\u0300 la revue de la performance du portefeuille des projets finance\u0301s par la Banque Mondiale en Re\u0301publique du Congo, Elise Vanormelingen, charge\u0301e des ope\u0301rations a\u0300 la Banque Mondiale, adresse\u0301 le message de la repre\u0301sentante de cette institution financie\u0300re internationale au respect des proce\u0301dures de gestion des projets finance\u0301s par cette banque.<\/p>\n<p>Un appelle qu\u2019un des coordonnateurs des projets en voie d\u2019e\u0302tre finance\u0301 par la Banque Mondiale re\u0301sume ici : \u00ab Nous avons appris un peu mieux a\u0300 e\u0301viter les de\u0301penses ine\u0301ligibles qui sont un grand proble\u0300me pour la Banque Mondiale parce que quand un grand projet a\u0300 des de\u0301penses ine\u0301ligibles, en contrepartie c\u2019est le gouvernement qui doit rembourser a\u0300 la Banque Mondiale. Il est donc impe\u0301ratif de mieux ge\u0301rer les projets en respectant les proce\u0301dures e\u0301dicte\u0301es par la Banque Mondiale \u00bb, a indique\u0301 Francis Seck Mangouani, coordonnateur du Projet d\u2019acce\u0301le\u0301ration de la transformation nume\u0301rique (PATN).<\/p>\n<p>\u00ab L\u2019autre pre\u0301sentation concerne la passation des marche\u0301s. Et c\u2019est un grand proble\u0300me qui pre\u0301occupe la Banque mondiale. Dans tout ce processus, il faut donc e\u0301viter de distribuer les marche\u0301s par complaisance pluto\u0302t que de respecter les proce\u0301dures des passations des marche\u0301s \u00bb, a ajoute\u0301 le coordonnateur du Projet d\u2019acce\u0301le\u0301ration de la transformation nume\u0301rique (PATN).<\/p>\n<p>Apre\u0300s les deux jours de la revue de la performance du portefeuille des projets finance\u0301s par la Banque mondiale en Re\u0301publique du Congo, la Banque mondiale lancera le 15 mars a\u0300 Brazzaville la semaine de partage des connaissances de cette structure financie\u0300re.<\/p>\n<p><strong>Pour plus d&rsquo;informations et d&rsquo;analyses sur la <a href=\"https:\/\/www.africa-press.net\/congo-brazzaville\">Congo Brazzaville<\/a>, suivez <a href=\"https:\/\/www.africa-press.net\/\">Africa-Press<\/a><\/strong><\/p>\n","protected":false},"excerpt":{"rendered":"<p>Africa-Press &#8211; Congo Brazzaville. La charge\u0301e des ope\u0301rations a\u0300 la Banque Mondiale, Elise Vanormelingen, a appele\u0301 le 14 mars a\u0300 Brazzaville, a\u0300 observer les proce\u0301dures de gestions des projets et le respect de la passation des projets. Clo\u0302turant les deux jours consacre\u0301s a\u0300 la revue de la performance du portefeuille des projets finance\u0301s par la [&hellip;]<\/p>\n","protected":false},"author":82,"featured_media":15698,"comment_status":"open","ping_status":"closed","sticky":false,"template":"","format":"standard","meta":{"footnotes":""},"categories":[3,10],"tags":[36,47,46],"class_list":["post-15699","post","type-post","status-publish","format-standard","has-post-thumbnail","hentry","category-economie","category-toutes-les-actualites","tag-africa-press","tag-africa-press-congo-brazzaville","tag-congo-brazzaville"],"yoast_head":"<!-- This site is optimized with the Yoast SEO Premium plugin v26.1 (Yoast SEO v27.0) - https:\/\/yoast.com\/product\/yoast-seo-premium-wordpress\/ -->\n<title>la banque mondiale appelle les coordonnateurs des projets au respect des processus - Congo Brazzaville<\/title>\n<meta name=\"description\" content=\"La charge\u0301e des ope\u0301rations a\u0300 la Banque Mondiale, Elise Vanormelingen, a appele\u0301 le 14 mars a\u0300 Brazzaville, a\u0300 obser ...\" \/>\n<meta name=\"robots\" content=\"index, follow, max-snippet:-1, max-image-preview:large, max-video-preview:-1\" \/>\n<link rel=\"canonical\" href=\"https:\/\/www.africa-press.net\/congo-brazzaville\/economie\/la-banque-mondiale-appelle-les-coordonnateurs-des-projets-au-respect-des-processus\" \/>\n<meta property=\"og:locale\" content=\"fr_FR\" \/>\n<meta property=\"og:type\" content=\"article\" \/>\n<meta property=\"og:title\" content=\"la banque mondiale appelle les coordonnateurs des projets au respect des processus\" \/>\n<meta property=\"og:description\" content=\"La charge\u0301e des ope\u0301rations a\u0300 la Banque Mondiale, Elise Vanormelingen, a appele\u0301 le 14 mars a\u0300 Brazzaville, a\u0300 obser ...\" \/>\n<meta property=\"og:url\" content=\"https:\/\/www.africa-press.net\/congo-brazzaville\/economie\/la-banque-mondiale-appelle-les-coordonnateurs-des-projets-au-respect-des-processus\" \/>\n<meta property=\"og:site_name\" content=\"Congo Brazzaville\" \/>\n<meta property=\"article:published_time\" content=\"2023-03-15T18:20:30+00:00\" \/>\n<meta property=\"article:modified_time\" content=\"2023-03-15T21:13:36+00:00\" \/>\n<meta property=\"og:image\" content=\"https:\/\/static.africa-press.net\/congo-brazzaville\/sites\/51\/2023\/03\/postQueueImg_1678902188.57.jpg\" \/>\n\t<meta property=\"og:image:width\" content=\"812\" \/>\n\t<meta property=\"og:image:height\" content=\"443\" \/>\n\t<meta property=\"og:image:type\" content=\"image\/jpeg\" \/>\n<meta name=\"author\" content=\"cfeditorfr\" \/>\n<meta name=\"twitter:card\" content=\"summary_large_image\" \/>\n<meta name=\"twitter:label1\" content=\"\u00c9crit par\" \/>\n\t<meta name=\"twitter:data1\" content=\"cfeditorfr\" \/>\n\t<meta name=\"twitter:label2\" content=\"Dur\u00e9e de lecture estim\u00e9e\" \/>\n\t<meta name=\"twitter:data2\" content=\"2 minutes\" \/>\n<script type=\"application\/ld+json\" class=\"yoast-schema-graph\">{\"@context\":\"https:\/\/schema.org\",\"@graph\":[{\"@type\":\"Article\",\"@id\":\"https:\/\/www.africa-press.net\/congo-brazzaville\/economie\/la-banque-mondiale-appelle-les-coordonnateurs-des-projets-au-respect-des-processus#article\",\"isPartOf\":{\"@id\":\"https:\/\/www.africa-press.net\/congo-brazzaville\/economie\/la-banque-mondiale-appelle-les-coordonnateurs-des-projets-au-respect-des-processus\"},\"author\":{\"name\":\"cfeditorfr\",\"@id\":\"https:\/\/www.africa-press.net\/congo-brazzaville\/#\/schema\/person\/2b1cf3cd81a31e3cd26889ca66d677f1\"},\"headline\":\"la banque mondiale appelle les coordonnateurs des projets au respect des processus\",\"datePublished\":\"2023-03-15T18:20:30+00:00\",\"dateModified\":\"2023-03-15T21:13:36+00:00\",\"mainEntityOfPage\":{\"@id\":\"https:\/\/www.africa-press.net\/congo-brazzaville\/economie\/la-banque-mondiale-appelle-les-coordonnateurs-des-projets-au-respect-des-processus\"},\"wordCount\":354,\"commentCount\":0,\"image\":{\"@id\":\"https:\/\/www.africa-press.net\/congo-brazzaville\/economie\/la-banque-mondiale-appelle-les-coordonnateurs-des-projets-au-respect-des-processus#primaryimage\"},\"thumbnailUrl\":\"https:\/\/static.africa-press.net\/congo-brazzaville\/sites\/51\/2023\/03\/postQueueImg_1678902188.57.jpg\",\"keywords\":[\"Africa Press\",\"Africa Press-Congo Brazzaville\",\"Congo Brazzaville\"],\"articleSection\":[\"\u00c9conomie\",\"Toutes les actualit\u00e9s\"],\"inLanguage\":\"fr-FR\",\"potentialAction\":[{\"@type\":\"CommentAction\",\"name\":\"Comment\",\"target\":[\"https:\/\/www.africa-press.net\/congo-brazzaville\/economie\/la-banque-mondiale-appelle-les-coordonnateurs-des-projets-au-respect-des-processus#respond\"]}]},{\"@type\":\"WebPage\",\"@id\":\"https:\/\/www.africa-press.net\/congo-brazzaville\/economie\/la-banque-mondiale-appelle-les-coordonnateurs-des-projets-au-respect-des-processus\",\"url\":\"https:\/\/www.africa-press.net\/congo-brazzaville\/economie\/la-banque-mondiale-appelle-les-coordonnateurs-des-projets-au-respect-des-processus\",\"name\":\"la banque mondiale appelle les coordonnateurs des projets au respect des processus - Congo Brazzaville\",\"isPartOf\":{\"@id\":\"https:\/\/www.africa-press.net\/congo-brazzaville\/#website\"},\"primaryImageOfPage\":{\"@id\":\"https:\/\/www.africa-press.net\/congo-brazzaville\/economie\/la-banque-mondiale-appelle-les-coordonnateurs-des-projets-au-respect-des-processus#primaryimage\"},\"image\":{\"@id\":\"https:\/\/www.africa-press.net\/congo-brazzaville\/economie\/la-banque-mondiale-appelle-les-coordonnateurs-des-projets-au-respect-des-processus#primaryimage\"},\"thumbnailUrl\":\"https:\/\/static.africa-press.net\/congo-brazzaville\/sites\/51\/2023\/03\/postQueueImg_1678902188.57.jpg\",\"datePublished\":\"2023-03-15T18:20:30+00:00\",\"dateModified\":\"2023-03-15T21:13:36+00:00\",\"author\":{\"@id\":\"https:\/\/www.africa-press.net\/congo-brazzaville\/#\/schema\/person\/2b1cf3cd81a31e3cd26889ca66d677f1\"},\"description\":\"La charge\u0301e des ope\u0301rations a\u0300 la Banque Mondiale, Elise Vanormelingen, a appele\u0301 le 14 mars a\u0300 Brazzaville, a\u0300 obser ...\",\"breadcrumb\":{\"@id\":\"https:\/\/www.africa-press.net\/congo-brazzaville\/economie\/la-banque-mondiale-appelle-les-coordonnateurs-des-projets-au-respect-des-processus#breadcrumb\"},\"inLanguage\":\"fr-FR\",\"potentialAction\":[{\"@type\":\"ReadAction\",\"target\":[\"https:\/\/www.africa-press.net\/congo-brazzaville\/economie\/la-banque-mondiale-appelle-les-coordonnateurs-des-projets-au-respect-des-processus\"]}]},{\"@type\":\"ImageObject\",\"inLanguage\":\"fr-FR\",\"@id\":\"https:\/\/www.africa-press.net\/congo-brazzaville\/economie\/la-banque-mondiale-appelle-les-coordonnateurs-des-projets-au-respect-des-processus#primaryimage\",\"url\":\"https:\/\/static.africa-press.net\/congo-brazzaville\/sites\/51\/2023\/03\/postQueueImg_1678902188.57.jpg\",\"contentUrl\":\"https:\/\/static.africa-press.net\/congo-brazzaville\/sites\/51\/2023\/03\/postQueueImg_1678902188.57.jpg\",\"width\":812,\"height\":443,\"caption\":\"la banque mondiale appelle les coordonnateurs des projets au respect des processus\"},{\"@type\":\"BreadcrumbList\",\"@id\":\"https:\/\/www.africa-press.net\/congo-brazzaville\/economie\/la-banque-mondiale-appelle-les-coordonnateurs-des-projets-au-respect-des-processus#breadcrumb\",\"itemListElement\":[{\"@type\":\"ListItem\",\"position\":1,\"name\":\"Accueil\",\"item\":\"https:\/\/www.africa-press.net\/congo-brazzaville\/\"},{\"@type\":\"ListItem\",\"position\":2,\"name\":\"la banque mondiale appelle les coordonnateurs des projets au respect des processus\"}]},{\"@type\":\"WebSite\",\"@id\":\"https:\/\/www.africa-press.net\/congo-brazzaville\/#website\",\"url\":\"https:\/\/www.africa-press.net\/congo-brazzaville\/\",\"name\":\"Congo Brazzaville\",\"description\":\"Just another Africa News Agency Sites site\",\"potentialAction\":[{\"@type\":\"SearchAction\",\"target\":{\"@type\":\"EntryPoint\",\"urlTemplate\":\"https:\/\/www.africa-press.net\/congo-brazzaville\/?s={search_term_string}\"},\"query-input\":{\"@type\":\"PropertyValueSpecification\",\"valueRequired\":true,\"valueName\":\"search_term_string\"}}],\"inLanguage\":\"fr-FR\"},{\"@type\":\"Person\",\"@id\":\"https:\/\/www.africa-press.net\/congo-brazzaville\/#\/schema\/person\/2b1cf3cd81a31e3cd26889ca66d677f1\",\"name\":\"cfeditorfr\"}]}<\/script>\n<!-- \/ Yoast SEO Premium plugin. -->","yoast_head_json":{"title":"la banque mondiale appelle les coordonnateurs des projets au respect des processus - Congo Brazzaville","description":"La charge\u0301e des ope\u0301rations a\u0300 la Banque Mondiale, Elise Vanormelingen, a appele\u0301 le 14 mars a\u0300 Brazzaville, a\u0300 obser ...","robots":{"index":"index","follow":"follow","max-snippet":"max-snippet:-1","max-image-preview":"max-image-preview:large","max-video-preview":"max-video-preview:-1"},"canonical":"https:\/\/www.africa-press.net\/congo-brazzaville\/economie\/la-banque-mondiale-appelle-les-coordonnateurs-des-projets-au-respect-des-processus","og_locale":"fr_FR","og_type":"article","og_title":"la banque mondiale appelle les coordonnateurs des projets au respect des processus","og_description":"La charge\u0301e des ope\u0301rations a\u0300 la Banque Mondiale, Elise Vanormelingen, a appele\u0301 le 14 mars a\u0300 Brazzaville, a\u0300 obser ...","og_url":"https:\/\/www.africa-press.net\/congo-brazzaville\/economie\/la-banque-mondiale-appelle-les-coordonnateurs-des-projets-au-respect-des-processus","og_site_name":"Congo Brazzaville","article_published_time":"2023-03-15T18:20:30+00:00","article_modified_time":"2023-03-15T21:13:36+00:00","og_image":[{"width":812,"height":443,"url":"https:\/\/static.africa-press.net\/congo-brazzaville\/sites\/51\/2023\/03\/postQueueImg_1678902188.57.jpg","type":"image\/jpeg"}],"author":"cfeditorfr","twitter_card":"summary_large_image","twitter_misc":{"\u00c9crit par":"cfeditorfr","Dur\u00e9e de lecture estim\u00e9e":"2 minutes"},"schema":{"@context":"https:\/\/schema.org","@graph":[{"@type":"Article","@id":"https:\/\/www.africa-press.net\/congo-brazzaville\/economie\/la-banque-mondiale-appelle-les-coordonnateurs-des-projets-au-respect-des-processus#article","isPartOf":{"@id":"https:\/\/www.africa-press.net\/congo-brazzaville\/economie\/la-banque-mondiale-appelle-les-coordonnateurs-des-projets-au-respect-des-processus"},"author":{"name":"cfeditorfr","@id":"https:\/\/www.africa-press.net\/congo-brazzaville\/#\/schema\/person\/2b1cf3cd81a31e3cd26889ca66d677f1"},"headline":"la banque mondiale appelle les coordonnateurs des projets au respect des processus","datePublished":"2023-03-15T18:20:30+00:00","dateModified":"2023-03-15T21:13:36+00:00","mainEntityOfPage":{"@id":"https:\/\/www.africa-press.net\/congo-brazzaville\/economie\/la-banque-mondiale-appelle-les-coordonnateurs-des-projets-au-respect-des-processus"},"wordCount":354,"commentCount":0,"image":{"@id":"https:\/\/www.africa-press.net\/congo-brazzaville\/economie\/la-banque-mondiale-appelle-les-coordonnateurs-des-projets-au-respect-des-processus#primaryimage"},"thumbnailUrl":"https:\/\/static.africa-press.net\/congo-brazzaville\/sites\/51\/2023\/03\/postQueueImg_1678902188.57.jpg","keywords":["Africa Press","Africa Press-Congo Brazzaville","Congo Brazzaville"],"articleSection":["\u00c9conomie","Toutes les actualit\u00e9s"],"inLanguage":"fr-FR","potentialAction":[{"@type":"CommentAction","name":"Comment","target":["https:\/\/www.africa-press.net\/congo-brazzaville\/economie\/la-banque-mondiale-appelle-les-coordonnateurs-des-projets-au-respect-des-processus#respond"]}]},{"@type":"WebPage","@id":"https:\/\/www.africa-press.net\/congo-brazzaville\/economie\/la-banque-mondiale-appelle-les-coordonnateurs-des-projets-au-respect-des-processus","url":"https:\/\/www.africa-press.net\/congo-brazzaville\/economie\/la-banque-mondiale-appelle-les-coordonnateurs-des-projets-au-respect-des-processus","name":"la banque mondiale appelle les coordonnateurs des projets au respect des processus - Congo Brazzaville","isPartOf":{"@id":"https:\/\/www.africa-press.net\/congo-brazzaville\/#website"},"primaryImageOfPage":{"@id":"https:\/\/www.africa-press.net\/congo-brazzaville\/economie\/la-banque-mondiale-appelle-les-coordonnateurs-des-projets-au-respect-des-processus#primaryimage"},"image":{"@id":"https:\/\/www.africa-press.net\/congo-brazzaville\/economie\/la-banque-mondiale-appelle-les-coordonnateurs-des-projets-au-respect-des-processus#primaryimage"},"thumbnailUrl":"https:\/\/static.africa-press.net\/congo-brazzaville\/sites\/51\/2023\/03\/postQueueImg_1678902188.57.jpg","datePublished":"2023-03-15T18:20:30+00:00","dateModified":"2023-03-15T21:13:36+00:00","author":{"@id":"https:\/\/www.africa-press.net\/congo-brazzaville\/#\/schema\/person\/2b1cf3cd81a31e3cd26889ca66d677f1"},"description":"La charge\u0301e des ope\u0301rations a\u0300 la Banque Mondiale, Elise Vanormelingen, a appele\u0301 le 14 mars a\u0300 Brazzaville, a\u0300 obser ...","breadcrumb":{"@id":"https:\/\/www.africa-press.net\/congo-brazzaville\/economie\/la-banque-mondiale-appelle-les-coordonnateurs-des-projets-au-respect-des-processus#breadcrumb"},"inLanguage":"fr-FR","potentialAction":[{"@type":"ReadAction","target":["https:\/\/www.africa-press.net\/congo-brazzaville\/economie\/la-banque-mondiale-appelle-les-coordonnateurs-des-projets-au-respect-des-processus"]}]},{"@type":"ImageObject","inLanguage":"fr-FR","@id":"https:\/\/www.africa-press.net\/congo-brazzaville\/economie\/la-banque-mondiale-appelle-les-coordonnateurs-des-projets-au-respect-des-processus#primaryimage","url":"https:\/\/static.africa-press.net\/congo-brazzaville\/sites\/51\/2023\/03\/postQueueImg_1678902188.57.jpg","contentUrl":"https:\/\/static.africa-press.net\/congo-brazzaville\/sites\/51\/2023\/03\/postQueueImg_1678902188.57.jpg","width":812,"height":443,"caption":"la banque mondiale appelle les coordonnateurs des projets au respect des processus"},{"@type":"BreadcrumbList","@id":"https:\/\/www.africa-press.net\/congo-brazzaville\/economie\/la-banque-mondiale-appelle-les-coordonnateurs-des-projets-au-respect-des-processus#breadcrumb","itemListElement":[{"@type":"ListItem","position":1,"name":"Accueil","item":"https:\/\/www.africa-press.net\/congo-brazzaville\/"},{"@type":"ListItem","position":2,"name":"la banque mondiale appelle les coordonnateurs des projets au respect des processus"}]},{"@type":"WebSite","@id":"https:\/\/www.africa-press.net\/congo-brazzaville\/#website","url":"https:\/\/www.africa-press.net\/congo-brazzaville\/","name":"Congo Brazzaville","description":"Just another Africa News Agency Sites site","potentialAction":[{"@type":"SearchAction","target":{"@type":"EntryPoint","urlTemplate":"https:\/\/www.africa-press.net\/congo-brazzaville\/?s={search_term_string}"},"query-input":{"@type":"PropertyValueSpecification","valueRequired":true,"valueName":"search_term_string"}}],"inLanguage":"fr-FR"},{"@type":"Person","@id":"https:\/\/www.africa-press.net\/congo-brazzaville\/#\/schema\/person\/2b1cf3cd81a31e3cd26889ca66d677f1","name":"cfeditorfr"}]}},"_links":{"self":[{"href":"https:\/\/www.africa-press.net\/congo-brazzaville\/wp-json\/wp\/v2\/posts\/15699","targetHints":{"allow":["GET"]}}],"collection":[{"href":"https:\/\/www.africa-press.net\/congo-brazzaville\/wp-json\/wp\/v2\/posts"}],"about":[{"href":"https:\/\/www.africa-press.net\/congo-brazzaville\/wp-json\/wp\/v2\/types\/post"}],"author":[{"embeddable":true,"href":"https:\/\/www.africa-press.net\/congo-brazzaville\/wp-json\/wp\/v2\/users\/82"}],"replies":[{"embeddable":true,"href":"https:\/\/www.africa-press.net\/congo-brazzaville\/wp-json\/wp\/v2\/comments?post=15699"}],"version-history":[{"count":0,"href":"https:\/\/www.africa-press.net\/congo-brazzaville\/wp-json\/wp\/v2\/posts\/15699\/revisions"}],"wp:featuredmedia":[{"embeddable":true,"href":"https:\/\/www.africa-press.net\/congo-brazzaville\/wp-json\/wp\/v2\/media\/15698"}],"wp:attachment":[{"href":"https:\/\/www.africa-press.net\/congo-brazzaville\/wp-json\/wp\/v2\/media?parent=15699"}],"wp:term":[{"taxonomy":"category","embeddable":true,"href":"https:\/\/www.africa-press.net\/congo-brazzaville\/wp-json\/wp\/v2\/categories?post=15699"},{"taxonomy":"post_tag","embeddable":true,"href":"https:\/\/www.africa-press.net\/congo-brazzaville\/wp-json\/wp\/v2\/tags?post=15699"}],"curies":[{"name":"wp","href":"https:\/\/api.w.org\/{rel}","templated":true}]}}