{"id":15702,"date":"2023-03-16T12:46:07","date_gmt":"2023-03-16T12:46:07","guid":{"rendered":"https:\/\/www.africa-press.net\/congo-brazzaville\/politique\/repression-de-la-delinquance-les-cas-de-justice-populaire-se-multiplient"},"modified":"2023-03-16T12:56:48","modified_gmt":"2023-03-16T12:56:48","slug":"repression-de-la-delinquance-les-cas-de-justice-populaire-se-multiplient","status":"publish","type":"post","link":"https:\/\/www.africa-press.net\/congo-brazzaville\/toutes-les-actualites\/repression-de-la-delinquance-les-cas-de-justice-populaire-se-multiplient","title":{"rendered":"R\u00e9pression de la d\u00e9linquance : les cas de justice populaire se multiplient"},"content":{"rendered":"<p><span style=\"color: #ff6600\"><strong>Africa-Press &#8211; Congo Brazzaville. <\/strong><\/span><b>Face aux cas de de\u0301linquance, la population de\u0301cide de faire justice en bru\u0302lant vifs les pre\u0301sume\u0301s malfrats, balayant ainsi d\u2019un revers de main la pre\u0301somption d\u2019innocence. Une re\u0301alite\u0301 qui devient monnaie courante a\u0300 Brazzaville. <\/b><\/p>\n<p>Il y a de plus en plus de pre\u0301sume\u0301s voleurs bru\u0302le\u0301s vifs a\u0300 Brazzaville ou encore lapide\u0301s a\u0300 mort par la population. Il s\u2019agit la\u0300 de la \u00ab\u00a0justice populaire\u00a0\u00bb qui fait re\u0301fe\u0301rence aux actes violents souvent commis par des individus en repre\u0301sailles a\u0300 un crime pre\u0301sume\u0301. Dans la matine\u0301e du 14 mars a\u0300 Kinte\u0301le\u0301, a\u0300 la cite\u0301 dite des \u00ab\u00a0Mille logements\u00a0\u00bb, deux pre\u0301sume\u0301s voleurs ont e\u0301te\u0301 arre\u0302te\u0301s par la population qui n\u2019a pas he\u0301site\u0301 a\u0300 faire justice. L\u2019un a e\u0301te\u0301 bru\u0302le\u0301, l\u2019autre mortellement blesse\u0301 puis bru\u0302le\u0301 donnait encore des signes de vie. En de\u0301cembre dernier, la me\u0302me chose s\u2019e\u0301tait produite pre\u0300s du Marche\u0301 Total a\u0300 Bacongo. Trois pre\u0301sume\u0301s braqueurs y ont e\u0301te\u0301 ligote\u0301s, lapide\u0301s, bru\u0302le\u0301s vifs.<\/p>\n<p>La population, qui de\u0301cide de faire justice, fustige le fait que certains bandits arre\u0302te\u0301s sont rela\u0302che\u0301s sans que la proce\u0301dure judiciaire n\u2019arrive a\u0300 terme. Ces derniers reviennent a\u0300 la charge pour commettre les me\u0302mes actes de violence qui s\u2019e\u0301tendent jusque dans les e\u0301tablissements scolaires.<\/p>\n<p>Les pouvoirs publics devraient prendre davantage d\u2019initiatives pour re\u0301soudre l\u2019e\u0301pineux proble\u0300me de de\u0301linquance qui menace dangereusement la quie\u0301tude de la population qui n\u2019he\u0301site pas a\u0300 faire justice. Le gouvernement s\u2019active a\u0300 re\u0301habiliter et rendre ope\u0301rationnels les centres de re\u0301e\u0301ducation et d\u2019insertion des jeunes a\u0300 Aubeville, dans le de\u0301partement de la Bouenza, et a\u0300 Bokagna, dans la Cuvette. Il faut attendre les prochains mois pour voir les portes de ces structures s\u2019ouvrir.<\/p>\n<p>Aussi, la strate\u0301gie nationale de pre\u0301vention et de traitement de la de\u0301linquance, en cours d\u2019e\u0301laboration, sous l\u2019e\u0301gide du Haut-commissariat a\u0300 la Justice restauratrice, a\u0300 la Pre\u0301vention et au Traitement de la de\u0301linquance juve\u0301nile, se fait attendre. A ce jour, le travail qui se fait n\u2019est autre que la re\u0301daction d\u2019une e\u0301tude descriptive de la proble\u0301matique en cernant les de\u0301terminants du phe\u0301nome\u0300ne de la de\u0301linquance juve\u0301nile ; la typologie de la de\u0301linquance ; la cartographie du phe\u0301nome\u0300ne sur l\u2019espace national ainsi que les mesures a\u0300 prendre pour la programmation des actions de la strate\u0301gie nationale de pre\u0301vention et de traitement.<\/p>\n<p>Pour l\u2019heure, si les mesures concre\u0300tes ne sont pas prises, la population pourrait continuer a\u0300 faire justice&#8230;<\/p>\n<p><strong>Pour plus d&rsquo;informations et d&rsquo;analyses sur la <a href=\"https:\/\/www.africa-press.net\/congo-brazzaville\">Congo Brazzaville<\/a>, suivez <a href=\"https:\/\/www.africa-press.net\/\">Africa-Press<\/a><\/strong><\/p>\n","protected":false},"excerpt":{"rendered":"<p>Africa-Press &#8211; Congo Brazzaville. Face aux cas de de\u0301linquance, la population de\u0301cide de faire justice en bru\u0302lant vifs les pre\u0301sume\u0301s malfrats, balayant ainsi d\u2019un revers de main la pre\u0301somption d\u2019innocence. Une re\u0301alite\u0301 qui devient monnaie courante a\u0300 Brazzaville. Il y a de plus en plus de pre\u0301sume\u0301s voleurs bru\u0302le\u0301s vifs a\u0300 Brazzaville ou encore lapide\u0301s [&hellip;]<\/p>\n","protected":false},"author":82,"featured_media":15701,"comment_status":"open","ping_status":"closed","sticky":false,"template":"","format":"standard","meta":{"footnotes":""},"categories":[21,10],"tags":[36,47,46],"class_list":["post-15702","post","type-post","status-publish","format-standard","has-post-thumbnail","hentry","category-communaute","category-toutes-les-actualites","tag-africa-press","tag-africa-press-congo-brazzaville","tag-congo-brazzaville"],"yoast_head":"<!-- This site is optimized with the Yoast SEO Premium plugin v26.1 (Yoast SEO v27.0) - https:\/\/yoast.com\/product\/yoast-seo-premium-wordpress\/ -->\n<title>R\u00e9pression de la d\u00e9linquance : les cas de justice populaire se multiplient - Congo Brazzaville<\/title>\n<meta name=\"description\" content=\"Face aux cas de de\u0301linquance, la population de\u0301cide de faire justice en bru\u0302lant vifs les pre\u0301sume\u0301s malfrats, balaya ...\" \/>\n<meta name=\"robots\" content=\"index, follow, max-snippet:-1, max-image-preview:large, max-video-preview:-1\" \/>\n<link rel=\"canonical\" href=\"https:\/\/www.africa-press.net\/congo-brazzaville\/toutes-les-actualites\/repression-de-la-delinquance-les-cas-de-justice-populaire-se-multiplient\" \/>\n<meta property=\"og:locale\" content=\"fr_FR\" \/>\n<meta property=\"og:type\" content=\"article\" \/>\n<meta property=\"og:title\" content=\"R\u00e9pression de la d\u00e9linquance : les cas de justice populaire se multiplient\" \/>\n<meta property=\"og:description\" content=\"Face aux cas de de\u0301linquance, la population de\u0301cide de faire justice en bru\u0302lant vifs les pre\u0301sume\u0301s malfrats, balaya ...\" \/>\n<meta property=\"og:url\" content=\"https:\/\/www.africa-press.net\/congo-brazzaville\/toutes-les-actualites\/repression-de-la-delinquance-les-cas-de-justice-populaire-se-multiplient\" \/>\n<meta property=\"og:site_name\" content=\"Congo Brazzaville\" \/>\n<meta property=\"article:published_time\" content=\"2023-03-16T12:46:07+00:00\" \/>\n<meta property=\"article:modified_time\" content=\"2023-03-16T12:56:48+00:00\" \/>\n<meta property=\"og:image\" content=\"https:\/\/static.africa-press.net\/congo-brazzaville\/sites\/51\/2023\/03\/postQueueImg_1678958171.43.jpg\" \/>\n\t<meta property=\"og:image:width\" content=\"1280\" \/>\n\t<meta property=\"og:image:height\" content=\"720\" \/>\n\t<meta property=\"og:image:type\" content=\"image\/jpeg\" \/>\n<meta name=\"author\" content=\"cfeditorfr\" \/>\n<meta name=\"twitter:card\" content=\"summary_large_image\" \/>\n<meta name=\"twitter:label1\" content=\"\u00c9crit par\" \/>\n\t<meta name=\"twitter:data1\" content=\"cfeditorfr\" \/>\n\t<meta name=\"twitter:label2\" content=\"Dur\u00e9e de lecture estim\u00e9e\" \/>\n\t<meta name=\"twitter:data2\" content=\"2 minutes\" \/>\n<script type=\"application\/ld+json\" class=\"yoast-schema-graph\">{\"@context\":\"https:\/\/schema.org\",\"@graph\":[{\"@type\":\"Article\",\"@id\":\"https:\/\/www.africa-press.net\/congo-brazzaville\/toutes-les-actualites\/repression-de-la-delinquance-les-cas-de-justice-populaire-se-multiplient#article\",\"isPartOf\":{\"@id\":\"https:\/\/www.africa-press.net\/congo-brazzaville\/toutes-les-actualites\/repression-de-la-delinquance-les-cas-de-justice-populaire-se-multiplient\"},\"author\":{\"name\":\"cfeditorfr\",\"@id\":\"https:\/\/www.africa-press.net\/congo-brazzaville\/#\/schema\/person\/2b1cf3cd81a31e3cd26889ca66d677f1\"},\"headline\":\"R\u00e9pression de la d\u00e9linquance : les cas de justice populaire se multiplient\",\"datePublished\":\"2023-03-16T12:46:07+00:00\",\"dateModified\":\"2023-03-16T12:56:48+00:00\",\"mainEntityOfPage\":{\"@id\":\"https:\/\/www.africa-press.net\/congo-brazzaville\/toutes-les-actualites\/repression-de-la-delinquance-les-cas-de-justice-populaire-se-multiplient\"},\"wordCount\":509,\"commentCount\":0,\"image\":{\"@id\":\"https:\/\/www.africa-press.net\/congo-brazzaville\/toutes-les-actualites\/repression-de-la-delinquance-les-cas-de-justice-populaire-se-multiplient#primaryimage\"},\"thumbnailUrl\":\"https:\/\/static.africa-press.net\/congo-brazzaville\/sites\/51\/2023\/03\/postQueueImg_1678958171.43.jpg\",\"keywords\":[\"Africa Press\",\"Africa Press-Congo Brazzaville\",\"Congo Brazzaville\"],\"articleSection\":[\"Communaut\u00e9\",\"Toutes les actualit\u00e9s\"],\"inLanguage\":\"fr-FR\",\"potentialAction\":[{\"@type\":\"CommentAction\",\"name\":\"Comment\",\"target\":[\"https:\/\/www.africa-press.net\/congo-brazzaville\/toutes-les-actualites\/repression-de-la-delinquance-les-cas-de-justice-populaire-se-multiplient#respond\"]}]},{\"@type\":\"WebPage\",\"@id\":\"https:\/\/www.africa-press.net\/congo-brazzaville\/toutes-les-actualites\/repression-de-la-delinquance-les-cas-de-justice-populaire-se-multiplient\",\"url\":\"https:\/\/www.africa-press.net\/congo-brazzaville\/toutes-les-actualites\/repression-de-la-delinquance-les-cas-de-justice-populaire-se-multiplient\",\"name\":\"R\u00e9pression de la d\u00e9linquance : les cas de justice populaire se multiplient - Congo Brazzaville\",\"isPartOf\":{\"@id\":\"https:\/\/www.africa-press.net\/congo-brazzaville\/#website\"},\"primaryImageOfPage\":{\"@id\":\"https:\/\/www.africa-press.net\/congo-brazzaville\/toutes-les-actualites\/repression-de-la-delinquance-les-cas-de-justice-populaire-se-multiplient#primaryimage\"},\"image\":{\"@id\":\"https:\/\/www.africa-press.net\/congo-brazzaville\/toutes-les-actualites\/repression-de-la-delinquance-les-cas-de-justice-populaire-se-multiplient#primaryimage\"},\"thumbnailUrl\":\"https:\/\/static.africa-press.net\/congo-brazzaville\/sites\/51\/2023\/03\/postQueueImg_1678958171.43.jpg\",\"datePublished\":\"2023-03-16T12:46:07+00:00\",\"dateModified\":\"2023-03-16T12:56:48+00:00\",\"author\":{\"@id\":\"https:\/\/www.africa-press.net\/congo-brazzaville\/#\/schema\/person\/2b1cf3cd81a31e3cd26889ca66d677f1\"},\"description\":\"Face aux cas de de\u0301linquance, la population de\u0301cide de faire justice en bru\u0302lant vifs les pre\u0301sume\u0301s malfrats, balaya ...\",\"breadcrumb\":{\"@id\":\"https:\/\/www.africa-press.net\/congo-brazzaville\/toutes-les-actualites\/repression-de-la-delinquance-les-cas-de-justice-populaire-se-multiplient#breadcrumb\"},\"inLanguage\":\"fr-FR\",\"potentialAction\":[{\"@type\":\"ReadAction\",\"target\":[\"https:\/\/www.africa-press.net\/congo-brazzaville\/toutes-les-actualites\/repression-de-la-delinquance-les-cas-de-justice-populaire-se-multiplient\"]}]},{\"@type\":\"ImageObject\",\"inLanguage\":\"fr-FR\",\"@id\":\"https:\/\/www.africa-press.net\/congo-brazzaville\/toutes-les-actualites\/repression-de-la-delinquance-les-cas-de-justice-populaire-se-multiplient#primaryimage\",\"url\":\"https:\/\/static.africa-press.net\/congo-brazzaville\/sites\/51\/2023\/03\/postQueueImg_1678958171.43.jpg\",\"contentUrl\":\"https:\/\/static.africa-press.net\/congo-brazzaville\/sites\/51\/2023\/03\/postQueueImg_1678958171.43.jpg\",\"width\":1280,\"height\":720,\"caption\":\"R\u00e9pression de la d\u00e9linquance : les cas de justice populaire se multiplient\"},{\"@type\":\"BreadcrumbList\",\"@id\":\"https:\/\/www.africa-press.net\/congo-brazzaville\/toutes-les-actualites\/repression-de-la-delinquance-les-cas-de-justice-populaire-se-multiplient#breadcrumb\",\"itemListElement\":[{\"@type\":\"ListItem\",\"position\":1,\"name\":\"Accueil\",\"item\":\"https:\/\/www.africa-press.net\/congo-brazzaville\/\"},{\"@type\":\"ListItem\",\"position\":2,\"name\":\"R\u00e9pression de la d\u00e9linquance : les cas de justice populaire se multiplient\"}]},{\"@type\":\"WebSite\",\"@id\":\"https:\/\/www.africa-press.net\/congo-brazzaville\/#website\",\"url\":\"https:\/\/www.africa-press.net\/congo-brazzaville\/\",\"name\":\"Congo Brazzaville\",\"description\":\"Just another Africa News Agency Sites site\",\"potentialAction\":[{\"@type\":\"SearchAction\",\"target\":{\"@type\":\"EntryPoint\",\"urlTemplate\":\"https:\/\/www.africa-press.net\/congo-brazzaville\/?s={search_term_string}\"},\"query-input\":{\"@type\":\"PropertyValueSpecification\",\"valueRequired\":true,\"valueName\":\"search_term_string\"}}],\"inLanguage\":\"fr-FR\"},{\"@type\":\"Person\",\"@id\":\"https:\/\/www.africa-press.net\/congo-brazzaville\/#\/schema\/person\/2b1cf3cd81a31e3cd26889ca66d677f1\",\"name\":\"cfeditorfr\"}]}<\/script>\n<!-- \/ Yoast SEO Premium plugin. -->","yoast_head_json":{"title":"R\u00e9pression de la d\u00e9linquance : les cas de justice populaire se multiplient - Congo Brazzaville","description":"Face aux cas de de\u0301linquance, la population de\u0301cide de faire justice en bru\u0302lant vifs les pre\u0301sume\u0301s malfrats, balaya ...","robots":{"index":"index","follow":"follow","max-snippet":"max-snippet:-1","max-image-preview":"max-image-preview:large","max-video-preview":"max-video-preview:-1"},"canonical":"https:\/\/www.africa-press.net\/congo-brazzaville\/toutes-les-actualites\/repression-de-la-delinquance-les-cas-de-justice-populaire-se-multiplient","og_locale":"fr_FR","og_type":"article","og_title":"R\u00e9pression de la d\u00e9linquance : les cas de justice populaire se multiplient","og_description":"Face aux cas de de\u0301linquance, la population de\u0301cide de faire justice en bru\u0302lant vifs les pre\u0301sume\u0301s malfrats, balaya ...","og_url":"https:\/\/www.africa-press.net\/congo-brazzaville\/toutes-les-actualites\/repression-de-la-delinquance-les-cas-de-justice-populaire-se-multiplient","og_site_name":"Congo Brazzaville","article_published_time":"2023-03-16T12:46:07+00:00","article_modified_time":"2023-03-16T12:56:48+00:00","og_image":[{"width":1280,"height":720,"url":"https:\/\/static.africa-press.net\/congo-brazzaville\/sites\/51\/2023\/03\/postQueueImg_1678958171.43.jpg","type":"image\/jpeg"}],"author":"cfeditorfr","twitter_card":"summary_large_image","twitter_misc":{"\u00c9crit par":"cfeditorfr","Dur\u00e9e de lecture estim\u00e9e":"2 minutes"},"schema":{"@context":"https:\/\/schema.org","@graph":[{"@type":"Article","@id":"https:\/\/www.africa-press.net\/congo-brazzaville\/toutes-les-actualites\/repression-de-la-delinquance-les-cas-de-justice-populaire-se-multiplient#article","isPartOf":{"@id":"https:\/\/www.africa-press.net\/congo-brazzaville\/toutes-les-actualites\/repression-de-la-delinquance-les-cas-de-justice-populaire-se-multiplient"},"author":{"name":"cfeditorfr","@id":"https:\/\/www.africa-press.net\/congo-brazzaville\/#\/schema\/person\/2b1cf3cd81a31e3cd26889ca66d677f1"},"headline":"R\u00e9pression de la d\u00e9linquance : les cas de justice populaire se multiplient","datePublished":"2023-03-16T12:46:07+00:00","dateModified":"2023-03-16T12:56:48+00:00","mainEntityOfPage":{"@id":"https:\/\/www.africa-press.net\/congo-brazzaville\/toutes-les-actualites\/repression-de-la-delinquance-les-cas-de-justice-populaire-se-multiplient"},"wordCount":509,"commentCount":0,"image":{"@id":"https:\/\/www.africa-press.net\/congo-brazzaville\/toutes-les-actualites\/repression-de-la-delinquance-les-cas-de-justice-populaire-se-multiplient#primaryimage"},"thumbnailUrl":"https:\/\/static.africa-press.net\/congo-brazzaville\/sites\/51\/2023\/03\/postQueueImg_1678958171.43.jpg","keywords":["Africa Press","Africa Press-Congo Brazzaville","Congo Brazzaville"],"articleSection":["Communaut\u00e9","Toutes les actualit\u00e9s"],"inLanguage":"fr-FR","potentialAction":[{"@type":"CommentAction","name":"Comment","target":["https:\/\/www.africa-press.net\/congo-brazzaville\/toutes-les-actualites\/repression-de-la-delinquance-les-cas-de-justice-populaire-se-multiplient#respond"]}]},{"@type":"WebPage","@id":"https:\/\/www.africa-press.net\/congo-brazzaville\/toutes-les-actualites\/repression-de-la-delinquance-les-cas-de-justice-populaire-se-multiplient","url":"https:\/\/www.africa-press.net\/congo-brazzaville\/toutes-les-actualites\/repression-de-la-delinquance-les-cas-de-justice-populaire-se-multiplient","name":"R\u00e9pression de la d\u00e9linquance : les cas de justice populaire se multiplient - Congo Brazzaville","isPartOf":{"@id":"https:\/\/www.africa-press.net\/congo-brazzaville\/#website"},"primaryImageOfPage":{"@id":"https:\/\/www.africa-press.net\/congo-brazzaville\/toutes-les-actualites\/repression-de-la-delinquance-les-cas-de-justice-populaire-se-multiplient#primaryimage"},"image":{"@id":"https:\/\/www.africa-press.net\/congo-brazzaville\/toutes-les-actualites\/repression-de-la-delinquance-les-cas-de-justice-populaire-se-multiplient#primaryimage"},"thumbnailUrl":"https:\/\/static.africa-press.net\/congo-brazzaville\/sites\/51\/2023\/03\/postQueueImg_1678958171.43.jpg","datePublished":"2023-03-16T12:46:07+00:00","dateModified":"2023-03-16T12:56:48+00:00","author":{"@id":"https:\/\/www.africa-press.net\/congo-brazzaville\/#\/schema\/person\/2b1cf3cd81a31e3cd26889ca66d677f1"},"description":"Face aux cas de de\u0301linquance, la population de\u0301cide de faire justice en bru\u0302lant vifs les pre\u0301sume\u0301s malfrats, balaya ...","breadcrumb":{"@id":"https:\/\/www.africa-press.net\/congo-brazzaville\/toutes-les-actualites\/repression-de-la-delinquance-les-cas-de-justice-populaire-se-multiplient#breadcrumb"},"inLanguage":"fr-FR","potentialAction":[{"@type":"ReadAction","target":["https:\/\/www.africa-press.net\/congo-brazzaville\/toutes-les-actualites\/repression-de-la-delinquance-les-cas-de-justice-populaire-se-multiplient"]}]},{"@type":"ImageObject","inLanguage":"fr-FR","@id":"https:\/\/www.africa-press.net\/congo-brazzaville\/toutes-les-actualites\/repression-de-la-delinquance-les-cas-de-justice-populaire-se-multiplient#primaryimage","url":"https:\/\/static.africa-press.net\/congo-brazzaville\/sites\/51\/2023\/03\/postQueueImg_1678958171.43.jpg","contentUrl":"https:\/\/static.africa-press.net\/congo-brazzaville\/sites\/51\/2023\/03\/postQueueImg_1678958171.43.jpg","width":1280,"height":720,"caption":"R\u00e9pression de la d\u00e9linquance : les cas de justice populaire se multiplient"},{"@type":"BreadcrumbList","@id":"https:\/\/www.africa-press.net\/congo-brazzaville\/toutes-les-actualites\/repression-de-la-delinquance-les-cas-de-justice-populaire-se-multiplient#breadcrumb","itemListElement":[{"@type":"ListItem","position":1,"name":"Accueil","item":"https:\/\/www.africa-press.net\/congo-brazzaville\/"},{"@type":"ListItem","position":2,"name":"R\u00e9pression de la d\u00e9linquance : les cas de justice populaire se multiplient"}]},{"@type":"WebSite","@id":"https:\/\/www.africa-press.net\/congo-brazzaville\/#website","url":"https:\/\/www.africa-press.net\/congo-brazzaville\/","name":"Congo Brazzaville","description":"Just another Africa News Agency Sites site","potentialAction":[{"@type":"SearchAction","target":{"@type":"EntryPoint","urlTemplate":"https:\/\/www.africa-press.net\/congo-brazzaville\/?s={search_term_string}"},"query-input":{"@type":"PropertyValueSpecification","valueRequired":true,"valueName":"search_term_string"}}],"inLanguage":"fr-FR"},{"@type":"Person","@id":"https:\/\/www.africa-press.net\/congo-brazzaville\/#\/schema\/person\/2b1cf3cd81a31e3cd26889ca66d677f1","name":"cfeditorfr"}]}},"_links":{"self":[{"href":"https:\/\/www.africa-press.net\/congo-brazzaville\/wp-json\/wp\/v2\/posts\/15702","targetHints":{"allow":["GET"]}}],"collection":[{"href":"https:\/\/www.africa-press.net\/congo-brazzaville\/wp-json\/wp\/v2\/posts"}],"about":[{"href":"https:\/\/www.africa-press.net\/congo-brazzaville\/wp-json\/wp\/v2\/types\/post"}],"author":[{"embeddable":true,"href":"https:\/\/www.africa-press.net\/congo-brazzaville\/wp-json\/wp\/v2\/users\/82"}],"replies":[{"embeddable":true,"href":"https:\/\/www.africa-press.net\/congo-brazzaville\/wp-json\/wp\/v2\/comments?post=15702"}],"version-history":[{"count":0,"href":"https:\/\/www.africa-press.net\/congo-brazzaville\/wp-json\/wp\/v2\/posts\/15702\/revisions"}],"wp:featuredmedia":[{"embeddable":true,"href":"https:\/\/www.africa-press.net\/congo-brazzaville\/wp-json\/wp\/v2\/media\/15701"}],"wp:attachment":[{"href":"https:\/\/www.africa-press.net\/congo-brazzaville\/wp-json\/wp\/v2\/media?parent=15702"}],"wp:term":[{"taxonomy":"category","embeddable":true,"href":"https:\/\/www.africa-press.net\/congo-brazzaville\/wp-json\/wp\/v2\/categories?post=15702"},{"taxonomy":"post_tag","embeddable":true,"href":"https:\/\/www.africa-press.net\/congo-brazzaville\/wp-json\/wp\/v2\/tags?post=15702"}],"curies":[{"name":"wp","href":"https:\/\/api.w.org\/{rel}","templated":true}]}}