{"id":15704,"date":"2023-03-16T12:46:22","date_gmt":"2023-03-16T12:46:22","guid":{"rendered":"https:\/\/www.africa-press.net\/congo-brazzaville\/politique\/le-congo-appele-a-poursuivre-la-marche-vers-la-modernisation"},"modified":"2023-03-16T12:58:25","modified_gmt":"2023-03-16T12:58:25","slug":"le-congo-appele-a-poursuivre-la-marche-vers-la-modernisation","status":"publish","type":"post","link":"https:\/\/www.africa-press.net\/congo-brazzaville\/politique\/le-congo-appele-a-poursuivre-la-marche-vers-la-modernisation","title":{"rendered":"le congo appel\u00e9 \u00e0 poursuivre la marche vers la\u00a0modernisation"},"content":{"rendered":"<p><span style=\"color: #ff6600\"><strong>Africa-Press &#8211; Congo Brazzaville. <\/strong><\/span><b>Le secre\u0301taire permanent charge\u0301 a\u0300 l\u2019Organisation et a\u0300 la mobilisation du Parti congolais de travail, Gabriel Ondongo a indique\u0301 le 15 mars a\u0300 Brazzaville que, le dialogue de haut niveau, entre le Parti communiste chinois et les partis allie\u0301s, axe\u0301 sur la modernisation permettra au Congo de s\u2019approprier des directives.<\/b><\/p>\n<p>\u00ab Ce forum axe\u0301 sur la modernisation que nous venons de suivre, nous a permis de reconnai\u0302tre tous de fac\u0327on unanime que les pays du monde devraient rechercher la voie de la modernisation a\u0300 partir de ses propres re\u0301alite\u0301s. Il faudrait dore\u0301navant rejeter l\u2019he\u0301ge\u0301monisme, afin de parvenir a\u0300 une vraie modernisation selon la civilisation de chaque pays \u00bb,a fait savoir le secre\u0301taire permanent charge\u0301 a\u0300 l\u2019Organisation et a\u0300 la mobilisation du parti congolais du travail, Gabriel Ondongo, au cours du dialogue de haut niveau tenu par visioconfe\u0301rence entre le parti communiste chinois et les partis allie\u0301s des pays du monde .<\/p>\n<p>\u00abLa Chine est un exemple pour le Congo dans le domaine de la modernisation, voila\u0300 pourquoi nous avons demande\u0301 la synthe\u0300se et le the\u0300me de\u0301veloppe\u0301 par le parti communiste chinois pour capitaliser toutes les directives et en faire une analyse comple\u0300te \u00bb, a-t-il ajoute\u0301.<\/p>\n<p>Pour le parti communiste chinois, les pays et partis du monde devraient parvenir a\u0300 la modernisation parce qu\u2019elle contribue au de\u0301veloppement de la nation et favorise ainsi la construction de la ceinture et la route.<\/p>\n<p>\u00ab Les pays doivent rechercher la voie de la modernisation en vue de consolider la paix mondiale et de parvenir d\u2019une manie\u0300re active a\u0300 intensifier les e\u0301changes et la coope\u0301ration entre les pays \u00bb, a releve\u0301 le Pre\u0301sident de la Re\u0301publique Populaire de Chine, Xi Jinping.<\/p>\n<p>Le dialogue de haut niveau entre le parti communiste chinois et les partis allie\u0301s du monde a e\u0301te\u0301 place\u0301 sous le the\u0300me \u00ab La voie vers la modernisation\u00bb.<\/p>\n<p><strong>Pour plus d&rsquo;informations et d&rsquo;analyses sur la <a href=\"https:\/\/www.africa-press.net\/congo-brazzaville\">Congo Brazzaville<\/a>, suivez <a href=\"https:\/\/www.africa-press.net\/\">Africa-Press<\/a><\/strong><\/p>\n","protected":false},"excerpt":{"rendered":"<p>Africa-Press &#8211; Congo Brazzaville. Le secre\u0301taire permanent charge\u0301 a\u0300 l\u2019Organisation et a\u0300 la mobilisation du Parti congolais de travail, Gabriel Ondongo a indique\u0301 le 15 mars a\u0300 Brazzaville que, le dialogue de haut niveau, entre le Parti communiste chinois et les partis allie\u0301s, axe\u0301 sur la modernisation permettra au Congo de s\u2019approprier des directives. \u00ab [&hellip;]<\/p>\n","protected":false},"author":82,"featured_media":15703,"comment_status":"open","ping_status":"closed","sticky":false,"template":"","format":"standard","meta":{"footnotes":""},"categories":[2,10],"tags":[36,47,46],"class_list":["post-15704","post","type-post","status-publish","format-standard","has-post-thumbnail","hentry","category-politique","category-toutes-les-actualites","tag-africa-press","tag-africa-press-congo-brazzaville","tag-congo-brazzaville"],"yoast_head":"<!-- This site is optimized with the Yoast SEO Premium plugin v26.1 (Yoast SEO v27.0) - https:\/\/yoast.com\/product\/yoast-seo-premium-wordpress\/ -->\n<title>le congo appel\u00e9 \u00e0 poursuivre la marche vers la\u00a0modernisation - Congo Brazzaville<\/title>\n<meta name=\"description\" content=\"Le secre\u0301taire permanent charge\u0301 a\u0300 l\u2019Organisation et a\u0300 la mobilisation du Parti congolais de travail, Gabriel Ondon ...\" \/>\n<meta name=\"robots\" content=\"index, follow, max-snippet:-1, max-image-preview:large, max-video-preview:-1\" \/>\n<link rel=\"canonical\" href=\"https:\/\/www.africa-press.net\/congo-brazzaville\/politique\/le-congo-appele-a-poursuivre-la-marche-vers-la-modernisation\" \/>\n<meta property=\"og:locale\" content=\"fr_FR\" \/>\n<meta property=\"og:type\" content=\"article\" \/>\n<meta property=\"og:title\" content=\"le congo appel\u00e9 \u00e0 poursuivre la marche vers la\u00a0modernisation\" \/>\n<meta property=\"og:description\" content=\"Le secre\u0301taire permanent charge\u0301 a\u0300 l\u2019Organisation et a\u0300 la mobilisation du Parti congolais de travail, Gabriel Ondon ...\" \/>\n<meta property=\"og:url\" content=\"https:\/\/www.africa-press.net\/congo-brazzaville\/politique\/le-congo-appele-a-poursuivre-la-marche-vers-la-modernisation\" \/>\n<meta property=\"og:site_name\" content=\"Congo Brazzaville\" \/>\n<meta property=\"article:published_time\" content=\"2023-03-16T12:46:22+00:00\" \/>\n<meta property=\"article:modified_time\" content=\"2023-03-16T12:58:25+00:00\" \/>\n<meta property=\"og:image\" content=\"https:\/\/static.africa-press.net\/congo-brazzaville\/sites\/51\/2023\/03\/postQueueImg_1678958334.57.jpg\" \/>\n\t<meta property=\"og:image:width\" content=\"726\" \/>\n\t<meta property=\"og:image:height\" content=\"439\" \/>\n\t<meta property=\"og:image:type\" content=\"image\/jpeg\" \/>\n<meta name=\"author\" content=\"cfeditorfr\" \/>\n<meta name=\"twitter:card\" content=\"summary_large_image\" \/>\n<meta name=\"twitter:label1\" content=\"\u00c9crit par\" \/>\n\t<meta name=\"twitter:data1\" content=\"cfeditorfr\" \/>\n\t<meta name=\"twitter:label2\" content=\"Dur\u00e9e de lecture estim\u00e9e\" \/>\n\t<meta name=\"twitter:data2\" content=\"2 minutes\" \/>\n<script type=\"application\/ld+json\" class=\"yoast-schema-graph\">{\"@context\":\"https:\/\/schema.org\",\"@graph\":[{\"@type\":\"Article\",\"@id\":\"https:\/\/www.africa-press.net\/congo-brazzaville\/politique\/le-congo-appele-a-poursuivre-la-marche-vers-la-modernisation#article\",\"isPartOf\":{\"@id\":\"https:\/\/www.africa-press.net\/congo-brazzaville\/politique\/le-congo-appele-a-poursuivre-la-marche-vers-la-modernisation\"},\"author\":{\"name\":\"cfeditorfr\",\"@id\":\"https:\/\/www.africa-press.net\/congo-brazzaville\/#\/schema\/person\/2b1cf3cd81a31e3cd26889ca66d677f1\"},\"headline\":\"le congo appel\u00e9 \u00e0 poursuivre la marche vers la\u00a0modernisation\",\"datePublished\":\"2023-03-16T12:46:22+00:00\",\"dateModified\":\"2023-03-16T12:58:25+00:00\",\"mainEntityOfPage\":{\"@id\":\"https:\/\/www.africa-press.net\/congo-brazzaville\/politique\/le-congo-appele-a-poursuivre-la-marche-vers-la-modernisation\"},\"wordCount\":354,\"commentCount\":0,\"image\":{\"@id\":\"https:\/\/www.africa-press.net\/congo-brazzaville\/politique\/le-congo-appele-a-poursuivre-la-marche-vers-la-modernisation#primaryimage\"},\"thumbnailUrl\":\"https:\/\/static.africa-press.net\/congo-brazzaville\/sites\/51\/2023\/03\/postQueueImg_1678958334.57.jpg\",\"keywords\":[\"Africa Press\",\"Africa Press-Congo Brazzaville\",\"Congo Brazzaville\"],\"articleSection\":[\"Politique\",\"Toutes les actualit\u00e9s\"],\"inLanguage\":\"fr-FR\",\"potentialAction\":[{\"@type\":\"CommentAction\",\"name\":\"Comment\",\"target\":[\"https:\/\/www.africa-press.net\/congo-brazzaville\/politique\/le-congo-appele-a-poursuivre-la-marche-vers-la-modernisation#respond\"]}]},{\"@type\":\"WebPage\",\"@id\":\"https:\/\/www.africa-press.net\/congo-brazzaville\/politique\/le-congo-appele-a-poursuivre-la-marche-vers-la-modernisation\",\"url\":\"https:\/\/www.africa-press.net\/congo-brazzaville\/politique\/le-congo-appele-a-poursuivre-la-marche-vers-la-modernisation\",\"name\":\"le congo appel\u00e9 \u00e0 poursuivre la marche vers la\u00a0modernisation - Congo Brazzaville\",\"isPartOf\":{\"@id\":\"https:\/\/www.africa-press.net\/congo-brazzaville\/#website\"},\"primaryImageOfPage\":{\"@id\":\"https:\/\/www.africa-press.net\/congo-brazzaville\/politique\/le-congo-appele-a-poursuivre-la-marche-vers-la-modernisation#primaryimage\"},\"image\":{\"@id\":\"https:\/\/www.africa-press.net\/congo-brazzaville\/politique\/le-congo-appele-a-poursuivre-la-marche-vers-la-modernisation#primaryimage\"},\"thumbnailUrl\":\"https:\/\/static.africa-press.net\/congo-brazzaville\/sites\/51\/2023\/03\/postQueueImg_1678958334.57.jpg\",\"datePublished\":\"2023-03-16T12:46:22+00:00\",\"dateModified\":\"2023-03-16T12:58:25+00:00\",\"author\":{\"@id\":\"https:\/\/www.africa-press.net\/congo-brazzaville\/#\/schema\/person\/2b1cf3cd81a31e3cd26889ca66d677f1\"},\"description\":\"Le secre\u0301taire permanent charge\u0301 a\u0300 l\u2019Organisation et a\u0300 la mobilisation du Parti congolais de travail, Gabriel Ondon ...\",\"breadcrumb\":{\"@id\":\"https:\/\/www.africa-press.net\/congo-brazzaville\/politique\/le-congo-appele-a-poursuivre-la-marche-vers-la-modernisation#breadcrumb\"},\"inLanguage\":\"fr-FR\",\"potentialAction\":[{\"@type\":\"ReadAction\",\"target\":[\"https:\/\/www.africa-press.net\/congo-brazzaville\/politique\/le-congo-appele-a-poursuivre-la-marche-vers-la-modernisation\"]}]},{\"@type\":\"ImageObject\",\"inLanguage\":\"fr-FR\",\"@id\":\"https:\/\/www.africa-press.net\/congo-brazzaville\/politique\/le-congo-appele-a-poursuivre-la-marche-vers-la-modernisation#primaryimage\",\"url\":\"https:\/\/static.africa-press.net\/congo-brazzaville\/sites\/51\/2023\/03\/postQueueImg_1678958334.57.jpg\",\"contentUrl\":\"https:\/\/static.africa-press.net\/congo-brazzaville\/sites\/51\/2023\/03\/postQueueImg_1678958334.57.jpg\",\"width\":726,\"height\":439,\"caption\":\"le congo appel\u00e9 \u00e0 poursuivre la marche vers la\u00a0modernisation\"},{\"@type\":\"BreadcrumbList\",\"@id\":\"https:\/\/www.africa-press.net\/congo-brazzaville\/politique\/le-congo-appele-a-poursuivre-la-marche-vers-la-modernisation#breadcrumb\",\"itemListElement\":[{\"@type\":\"ListItem\",\"position\":1,\"name\":\"Accueil\",\"item\":\"https:\/\/www.africa-press.net\/congo-brazzaville\/\"},{\"@type\":\"ListItem\",\"position\":2,\"name\":\"le congo appel\u00e9 \u00e0 poursuivre la marche vers la\u00a0modernisation\"}]},{\"@type\":\"WebSite\",\"@id\":\"https:\/\/www.africa-press.net\/congo-brazzaville\/#website\",\"url\":\"https:\/\/www.africa-press.net\/congo-brazzaville\/\",\"name\":\"Congo Brazzaville\",\"description\":\"Just another Africa News Agency Sites site\",\"potentialAction\":[{\"@type\":\"SearchAction\",\"target\":{\"@type\":\"EntryPoint\",\"urlTemplate\":\"https:\/\/www.africa-press.net\/congo-brazzaville\/?s={search_term_string}\"},\"query-input\":{\"@type\":\"PropertyValueSpecification\",\"valueRequired\":true,\"valueName\":\"search_term_string\"}}],\"inLanguage\":\"fr-FR\"},{\"@type\":\"Person\",\"@id\":\"https:\/\/www.africa-press.net\/congo-brazzaville\/#\/schema\/person\/2b1cf3cd81a31e3cd26889ca66d677f1\",\"name\":\"cfeditorfr\"}]}<\/script>\n<!-- \/ Yoast SEO Premium plugin. -->","yoast_head_json":{"title":"le congo appel\u00e9 \u00e0 poursuivre la marche vers la\u00a0modernisation - Congo Brazzaville","description":"Le secre\u0301taire permanent charge\u0301 a\u0300 l\u2019Organisation et a\u0300 la mobilisation du Parti congolais de travail, Gabriel Ondon ...","robots":{"index":"index","follow":"follow","max-snippet":"max-snippet:-1","max-image-preview":"max-image-preview:large","max-video-preview":"max-video-preview:-1"},"canonical":"https:\/\/www.africa-press.net\/congo-brazzaville\/politique\/le-congo-appele-a-poursuivre-la-marche-vers-la-modernisation","og_locale":"fr_FR","og_type":"article","og_title":"le congo appel\u00e9 \u00e0 poursuivre la marche vers la\u00a0modernisation","og_description":"Le secre\u0301taire permanent charge\u0301 a\u0300 l\u2019Organisation et a\u0300 la mobilisation du Parti congolais de travail, Gabriel Ondon ...","og_url":"https:\/\/www.africa-press.net\/congo-brazzaville\/politique\/le-congo-appele-a-poursuivre-la-marche-vers-la-modernisation","og_site_name":"Congo Brazzaville","article_published_time":"2023-03-16T12:46:22+00:00","article_modified_time":"2023-03-16T12:58:25+00:00","og_image":[{"width":726,"height":439,"url":"https:\/\/static.africa-press.net\/congo-brazzaville\/sites\/51\/2023\/03\/postQueueImg_1678958334.57.jpg","type":"image\/jpeg"}],"author":"cfeditorfr","twitter_card":"summary_large_image","twitter_misc":{"\u00c9crit par":"cfeditorfr","Dur\u00e9e de lecture estim\u00e9e":"2 minutes"},"schema":{"@context":"https:\/\/schema.org","@graph":[{"@type":"Article","@id":"https:\/\/www.africa-press.net\/congo-brazzaville\/politique\/le-congo-appele-a-poursuivre-la-marche-vers-la-modernisation#article","isPartOf":{"@id":"https:\/\/www.africa-press.net\/congo-brazzaville\/politique\/le-congo-appele-a-poursuivre-la-marche-vers-la-modernisation"},"author":{"name":"cfeditorfr","@id":"https:\/\/www.africa-press.net\/congo-brazzaville\/#\/schema\/person\/2b1cf3cd81a31e3cd26889ca66d677f1"},"headline":"le congo appel\u00e9 \u00e0 poursuivre la marche vers la\u00a0modernisation","datePublished":"2023-03-16T12:46:22+00:00","dateModified":"2023-03-16T12:58:25+00:00","mainEntityOfPage":{"@id":"https:\/\/www.africa-press.net\/congo-brazzaville\/politique\/le-congo-appele-a-poursuivre-la-marche-vers-la-modernisation"},"wordCount":354,"commentCount":0,"image":{"@id":"https:\/\/www.africa-press.net\/congo-brazzaville\/politique\/le-congo-appele-a-poursuivre-la-marche-vers-la-modernisation#primaryimage"},"thumbnailUrl":"https:\/\/static.africa-press.net\/congo-brazzaville\/sites\/51\/2023\/03\/postQueueImg_1678958334.57.jpg","keywords":["Africa Press","Africa Press-Congo Brazzaville","Congo Brazzaville"],"articleSection":["Politique","Toutes les actualit\u00e9s"],"inLanguage":"fr-FR","potentialAction":[{"@type":"CommentAction","name":"Comment","target":["https:\/\/www.africa-press.net\/congo-brazzaville\/politique\/le-congo-appele-a-poursuivre-la-marche-vers-la-modernisation#respond"]}]},{"@type":"WebPage","@id":"https:\/\/www.africa-press.net\/congo-brazzaville\/politique\/le-congo-appele-a-poursuivre-la-marche-vers-la-modernisation","url":"https:\/\/www.africa-press.net\/congo-brazzaville\/politique\/le-congo-appele-a-poursuivre-la-marche-vers-la-modernisation","name":"le congo appel\u00e9 \u00e0 poursuivre la marche vers la\u00a0modernisation - Congo Brazzaville","isPartOf":{"@id":"https:\/\/www.africa-press.net\/congo-brazzaville\/#website"},"primaryImageOfPage":{"@id":"https:\/\/www.africa-press.net\/congo-brazzaville\/politique\/le-congo-appele-a-poursuivre-la-marche-vers-la-modernisation#primaryimage"},"image":{"@id":"https:\/\/www.africa-press.net\/congo-brazzaville\/politique\/le-congo-appele-a-poursuivre-la-marche-vers-la-modernisation#primaryimage"},"thumbnailUrl":"https:\/\/static.africa-press.net\/congo-brazzaville\/sites\/51\/2023\/03\/postQueueImg_1678958334.57.jpg","datePublished":"2023-03-16T12:46:22+00:00","dateModified":"2023-03-16T12:58:25+00:00","author":{"@id":"https:\/\/www.africa-press.net\/congo-brazzaville\/#\/schema\/person\/2b1cf3cd81a31e3cd26889ca66d677f1"},"description":"Le secre\u0301taire permanent charge\u0301 a\u0300 l\u2019Organisation et a\u0300 la mobilisation du Parti congolais de travail, Gabriel Ondon ...","breadcrumb":{"@id":"https:\/\/www.africa-press.net\/congo-brazzaville\/politique\/le-congo-appele-a-poursuivre-la-marche-vers-la-modernisation#breadcrumb"},"inLanguage":"fr-FR","potentialAction":[{"@type":"ReadAction","target":["https:\/\/www.africa-press.net\/congo-brazzaville\/politique\/le-congo-appele-a-poursuivre-la-marche-vers-la-modernisation"]}]},{"@type":"ImageObject","inLanguage":"fr-FR","@id":"https:\/\/www.africa-press.net\/congo-brazzaville\/politique\/le-congo-appele-a-poursuivre-la-marche-vers-la-modernisation#primaryimage","url":"https:\/\/static.africa-press.net\/congo-brazzaville\/sites\/51\/2023\/03\/postQueueImg_1678958334.57.jpg","contentUrl":"https:\/\/static.africa-press.net\/congo-brazzaville\/sites\/51\/2023\/03\/postQueueImg_1678958334.57.jpg","width":726,"height":439,"caption":"le congo appel\u00e9 \u00e0 poursuivre la marche vers la\u00a0modernisation"},{"@type":"BreadcrumbList","@id":"https:\/\/www.africa-press.net\/congo-brazzaville\/politique\/le-congo-appele-a-poursuivre-la-marche-vers-la-modernisation#breadcrumb","itemListElement":[{"@type":"ListItem","position":1,"name":"Accueil","item":"https:\/\/www.africa-press.net\/congo-brazzaville\/"},{"@type":"ListItem","position":2,"name":"le congo appel\u00e9 \u00e0 poursuivre la marche vers la\u00a0modernisation"}]},{"@type":"WebSite","@id":"https:\/\/www.africa-press.net\/congo-brazzaville\/#website","url":"https:\/\/www.africa-press.net\/congo-brazzaville\/","name":"Congo Brazzaville","description":"Just another Africa News Agency Sites site","potentialAction":[{"@type":"SearchAction","target":{"@type":"EntryPoint","urlTemplate":"https:\/\/www.africa-press.net\/congo-brazzaville\/?s={search_term_string}"},"query-input":{"@type":"PropertyValueSpecification","valueRequired":true,"valueName":"search_term_string"}}],"inLanguage":"fr-FR"},{"@type":"Person","@id":"https:\/\/www.africa-press.net\/congo-brazzaville\/#\/schema\/person\/2b1cf3cd81a31e3cd26889ca66d677f1","name":"cfeditorfr"}]}},"_links":{"self":[{"href":"https:\/\/www.africa-press.net\/congo-brazzaville\/wp-json\/wp\/v2\/posts\/15704","targetHints":{"allow":["GET"]}}],"collection":[{"href":"https:\/\/www.africa-press.net\/congo-brazzaville\/wp-json\/wp\/v2\/posts"}],"about":[{"href":"https:\/\/www.africa-press.net\/congo-brazzaville\/wp-json\/wp\/v2\/types\/post"}],"author":[{"embeddable":true,"href":"https:\/\/www.africa-press.net\/congo-brazzaville\/wp-json\/wp\/v2\/users\/82"}],"replies":[{"embeddable":true,"href":"https:\/\/www.africa-press.net\/congo-brazzaville\/wp-json\/wp\/v2\/comments?post=15704"}],"version-history":[{"count":0,"href":"https:\/\/www.africa-press.net\/congo-brazzaville\/wp-json\/wp\/v2\/posts\/15704\/revisions"}],"wp:featuredmedia":[{"embeddable":true,"href":"https:\/\/www.africa-press.net\/congo-brazzaville\/wp-json\/wp\/v2\/media\/15703"}],"wp:attachment":[{"href":"https:\/\/www.africa-press.net\/congo-brazzaville\/wp-json\/wp\/v2\/media?parent=15704"}],"wp:term":[{"taxonomy":"category","embeddable":true,"href":"https:\/\/www.africa-press.net\/congo-brazzaville\/wp-json\/wp\/v2\/categories?post=15704"},{"taxonomy":"post_tag","embeddable":true,"href":"https:\/\/www.africa-press.net\/congo-brazzaville\/wp-json\/wp\/v2\/tags?post=15704"}],"curies":[{"name":"wp","href":"https:\/\/api.w.org\/{rel}","templated":true}]}}