{"id":15721,"date":"2023-03-16T20:02:59","date_gmt":"2023-03-16T20:02:59","guid":{"rendered":"https:\/\/www.africa-press.net\/congo-brazzaville\/politique\/musique-sacree-la-chorale-gracias-de-la-coree-du-sud-eblouit-les-congolais"},"modified":"2023-03-16T21:17:35","modified_gmt":"2023-03-16T21:17:35","slug":"musique-sacree-la-chorale-gracias-de-la-coree-du-sud-eblouit-les-congolais","status":"publish","type":"post","link":"https:\/\/www.africa-press.net\/congo-brazzaville\/culture-et-art\/musique-sacree-la-chorale-gracias-de-la-coree-du-sud-eblouit-les-congolais","title":{"rendered":"Musique sacr\u00e9e : la chorale Gr\u00e2cias de la Cor\u00e9e du Sud \u00e9blouit les Congolais"},"content":{"rendered":"<p><span style=\"color: #ff6600\"><strong>Africa-Press &#8211; Congo Brazzaville. <\/strong><\/span><b>La prestation sce\u0301nique donne\u0301e par la chorale Gra\u0302cias de la Core\u0301e du Sud, en de\u0301but de semaine a\u0300 l\u2019auditorium Denis-Sassou-N\u2019Guesso du deuxie\u0300me module du me\u0301morial Pierre- Savorgnan-de-Brazza, s\u2019inscrivait dans le cadre des confe\u0301rences sur le \u00ab Changement des mentalite\u0301s \u00bb organise\u0301es par le re\u0301ve\u0301rend pasteur Ock Soo Park, fondateur de l\u2019organisation internationale de jeunesse \u201cIYF\u201d.<\/b><\/p>\n<p>Accueillant le re\u0301ve\u0301rend pasteur Ock Soo Park au me\u0301morial Pierre-Savorgnan-de-Brazza, haut lieu de me\u0301moire voulu et conc\u0327u par le pre\u0301sident de la Re\u0301publique, Denis Sassou N\u2019Guesso, afin de valoriser la culture du pays et de mettre ainsi en relief son histoire, la directrice ge\u0301ne\u0301rale de cet espace, Be\u0301linda Ayessa, a de\u0301clare\u0301 de prime a\u0300 bord : \u00ab La visite pastorale que par la bienveillance de Dieu vous accomplissez dans notre pays est un moment de gra\u0302ce. Elle se situe dans la continuite\u0301 de votre mission d\u2019e\u0301vange\u0301lisation de\u0301bute\u0301e depuis maintenant cinquante ans. Soyez-en be\u0301ni et comble\u0301. Permettez-moi d\u2019interpre\u0301ter votre pre\u0301sence au Congo comme un signe a\u0300 toutes celles et tous ceux qui \u0153uvrent a\u0300 la construction d\u2019une communion entre tous les hommes. Voila\u0300 pourquoi je suis pleine de reconnaissance envers le Tre\u0300s haut qui trace, jour apre\u0300s jour, les chemins de rencontre et d\u2019e\u0301dification des peuples \u00bb.<\/p>\n<p>Elle a indique\u0301 par la suite que le message accueilli de la pre\u0301sence du re\u0301ve\u0301rend pasteur Ock Soo Park est accompagne\u0301 de l\u2019annonce de la prestation de la Chorale Gracias. Ch\u0153ur de joie et de gra\u0302ce, cette chorale se propose de re\u0301pandre l\u2019espe\u0301rance dans le c\u0153ur des hommes par l\u2019e\u0301cho des harmonies. Ce soir-la\u0300 encore, a-t-elle dit, cette chorale a rempli sa mission avec le sentiment de reconnaissance qu\u2019elle porte bien : Gracias !!! \u00ab Il ne me reste plus maintenant qu\u2019a\u0300 tourner mes yeux et mon c\u0153ur vers le Seigneur, pour le remercier et le louer de cette heureuse rencontre, et pour les bienfaits qui en de\u0301couleront de\u0301ja\u0300, pour la fraternite\u0301 entre les hommes. Aussi, je voudrais dire avec le psalmiste, dans sa langue originelle qui est aussi celle dont vous e\u0302tes les he\u0301ritiers : \u201cCe\u0301le\u0301brez le Seigneur, parce qu\u2019il est bon, parce qu\u2019e\u0301ternelle est sa mise\u0301ricorde. Que le dise Israe\u0308l : il est bon, e\u0301ternelle est sa mise\u0301ricorde. Que le dise qui craint Dieu : e\u0301ternelle est sa mise\u0301ricorde\u201d \u00bb, a conclu Belinda Ayessa, en se re\u0301fe\u0301rant du Psaume 118 : 1,2,4.<\/p>\n<p>Le bal musical a e\u0301te\u0301 ouvert par la brillante prestation d&rsquo;Enzo (pianiste) accompagne\u0301 du violoniste Rondi, a\u0300 travers les interpre\u0301tations du second mouvement de la sonate \u00ab\u00a0Facile\u00a0\u00bb de Mozart, et Pirates des Carai\u0308bes. Puis s\u2019en est suivie la monte\u0301e sur la sce\u0300ne fantastiquement dresse\u0301e de la Chorale Gra\u0302cias. Cette chorale sud-core\u0301enne a brillamment interpre\u0301te\u0301 les chansons religieuses congolaises, a\u0300 l\u2019instar de \u201cLibe\u0301re\u0301\u201d ; \u201cJe suis dans la joie\u201d ; \u201cDieu mon puissant\u201d&#8230; Les me\u0301lomanes qui ont rempli l\u2019auditorium du me\u0301morial Pierre-Savorgnan-de-Brazza ont e\u0301te\u0301s tre\u0300s enthousiasme\u0301s non seulement de la prestation de la Chorale Gra\u0302cias, mais e\u0301galement de la manie\u0300re dont ses choristes ont interpre\u0301te\u0301 avec brio les chansons religieuses congolaises.<\/p>\n<p>Ce concert a pris fin par la pre\u0301dication du re\u0301ve\u0301rend pasteur Ock Soo Park portant, entre autres, sur les passages bibliques ci-apre\u0300s : Le\u0301vitique 4 : 29 ; Le\u0301vitique 16 :21 ; Jean 1 : 29 \u00ab Le lendemain, il vit Je\u0301sus venant a\u0300 lui, et il dit : Voici l\u2019Agneau de Dieu, qui o\u0302te le pe\u0301che\u0301 du monde. \u00bb &#8230;<\/p>\n\r\n                <style type=\"text\/css\">\r\n                    \r\n                    #td_uid_1_69f72f250a8d7  .td-doubleSlider-2 .td-item1 {\r\n                        background: url(https:\/\/static.africa-press.net\/congo-brazzaville\/sites\/51\/2023\/03\/postMediaimg_79_1-64138715bf4d0-80x60.jpg) 0 0 no-repeat;\r\n                    }\r\n                    #td_uid_1_69f72f250a8d7  .td-doubleSlider-2 .td-item2 {\r\n                        background: url(https:\/\/static.africa-press.net\/congo-brazzaville\/sites\/51\/2023\/03\/postMediaimg_79_2-64138739b60ce-80x60.jpg) 0 0 no-repeat;\r\n                    }\r\n                <\/style>\r\n\r\n                <div id=\"td_uid_1_69f72f250a8d7\" class=\"td-gallery td-slide-on-2-columns\">\r\n                    <div class=\"post_td_gallery\">\r\n                        <div class=\"td-gallery-slide-top\">\r\n                           <div class=\"td-gallery-title\"><\/div>\r\n\r\n                            <div class=\"td-gallery-controls-wrapper\">\r\n                                <div class=\"td-gallery-slide-count\"><span class=\"td-gallery-slide-item-focus\">1<\/span> de 2<\/div>\r\n                                <div class=\"td-gallery-slide-prev-next-but\">\r\n                                    <i class = \"td-icon-left doubleSliderPrevButton\"><\/i>\r\n                                    <i class = \"td-icon-right doubleSliderNextButton\"><\/i>\r\n                                <\/div>\r\n                            <\/div>\r\n                        <\/div>\r\n\r\n                        <div class = \"td-doubleSlider-1 \">\r\n                            <div class = \"td-slider\">\r\n                                \r\n                    <div class = \"td-slide-item td-item1\">\r\n                        <figure class=\"td-slide-galery-figure td-slide-popup-gallery\">\r\n                            <a class=\"slide-gallery-image-link\" href=\"https:\/\/static.africa-press.net\/congo-brazzaville\/sites\/51\/2023\/03\/postMediaimg_79_1-64138715bf4d0.jpg\" title=\"postMediaimg_79_1-64138715bf4d0\"  data-caption=\"\"  data-description=\"\">\r\n                                <img decoding=\"async\" src=\"https:\/\/static.africa-press.net\/congo-brazzaville\/sites\/51\/2023\/03\/postMediaimg_79_1-64138715bf4d0.jpg\" srcset=\"https:\/\/static.africa-press.net\/congo-brazzaville\/sites\/51\/2023\/03\/postMediaimg_79_1-64138715bf4d0.jpg 910w, https:\/\/static.africa-press.net\/congo-brazzaville\/sites\/51\/2023\/03\/postMediaimg_79_1-64138715bf4d0-300x198.jpg 300w, https:\/\/static.africa-press.net\/congo-brazzaville\/sites\/51\/2023\/03\/postMediaimg_79_1-64138715bf4d0-768x506.jpg 768w\" sizes=\"(max-width: 910px) 100vw, 910px\" alt=\"\">\r\n                            <\/a>\r\n                            \r\n                        <\/figure>\r\n                    <\/div>\r\n                    <div class = \"td-slide-item td-item2\">\r\n                        <figure class=\"td-slide-galery-figure td-slide-popup-gallery\">\r\n                            <a class=\"slide-gallery-image-link\" href=\"https:\/\/static.africa-press.net\/congo-brazzaville\/sites\/51\/2023\/03\/postMediaimg_79_2-64138739b60ce.jpg\" title=\"postMediaimg_79_2-64138739b60ce\"  data-caption=\"\"  data-description=\"\">\r\n                                <img decoding=\"async\" src=\"https:\/\/static.africa-press.net\/congo-brazzaville\/sites\/51\/2023\/03\/postMediaimg_79_2-64138739b60ce.jpg\" srcset=\"https:\/\/static.africa-press.net\/congo-brazzaville\/sites\/51\/2023\/03\/postMediaimg_79_2-64138739b60ce.jpg 800w, https:\/\/static.africa-press.net\/congo-brazzaville\/sites\/51\/2023\/03\/postMediaimg_79_2-64138739b60ce-300x200.jpg 300w, https:\/\/static.africa-press.net\/congo-brazzaville\/sites\/51\/2023\/03\/postMediaimg_79_2-64138739b60ce-768x512.jpg 768w\" sizes=\"(max-width: 800px) 100vw, 800px\" alt=\"\">\r\n                            <\/a>\r\n                            \r\n                        <\/figure>\r\n                    <\/div>\r\n                            <\/div>\r\n                        <\/div>\r\n\r\n                        <div class = \"td-doubleSlider-2\">\r\n                            <div class = \"td-slider\">\r\n                                \r\n                    <div class = \"td-button td-item1\">\r\n                        <div class = \"td-border\"><\/div>\r\n                    <\/div>\r\n                    <div class = \"td-button td-item2\">\r\n                        <div class = \"td-border\"><\/div>\r\n                    <\/div>\r\n                            <\/div>\r\n                        <\/div>\r\n\r\n                    <\/div>\r\n\r\n                <\/div>\r\n                \n<p><strong>Pour plus d&rsquo;informations et d&rsquo;analyses sur la <a href=\"https:\/\/www.africa-press.net\/congo-brazzaville\">Congo Brazzaville<\/a>, suivez <a href=\"https:\/\/www.africa-press.net\/\">Africa-Press<\/a><\/strong><\/p>\n","protected":false},"excerpt":{"rendered":"<p>Africa-Press &#8211; Congo Brazzaville. La prestation sce\u0301nique donne\u0301e par la chorale Gra\u0302cias de la Core\u0301e du Sud, en de\u0301but de semaine a\u0300 l\u2019auditorium Denis-Sassou-N\u2019Guesso du deuxie\u0300me module du me\u0301morial Pierre- Savorgnan-de-Brazza, s\u2019inscrivait dans le cadre des confe\u0301rences sur le \u00ab Changement des mentalite\u0301s \u00bb organise\u0301es par le re\u0301ve\u0301rend pasteur Ock Soo Park, fondateur de l\u2019organisation [&hellip;]<\/p>\n","protected":false},"author":82,"featured_media":15720,"comment_status":"open","ping_status":"closed","sticky":false,"template":"","format":"standard","meta":{"footnotes":""},"categories":[5,8,10],"tags":[36,47,46],"class_list":["post-15721","post","type-post","status-publish","format-standard","has-post-thumbnail","hentry","category-culture-et-art","category-photo","category-toutes-les-actualites","tag-africa-press","tag-africa-press-congo-brazzaville","tag-congo-brazzaville"],"yoast_head":"<!-- This site is optimized with the Yoast SEO Premium plugin v26.1 (Yoast SEO v27.0) - https:\/\/yoast.com\/product\/yoast-seo-premium-wordpress\/ -->\n<title>Musique sacr\u00e9e : la chorale Gr\u00e2cias de la Cor\u00e9e du Sud \u00e9blouit les Congolais - Congo Brazzaville<\/title>\n<meta name=\"description\" content=\"La prestation sce\u0301nique donne\u0301e par la chorale Gra\u0302cias de la Core\u0301e du Sud, en de\u0301but de semaine a\u0300 l\u2019auditorium Den ...\" \/>\n<meta name=\"robots\" content=\"index, follow, max-snippet:-1, max-image-preview:large, max-video-preview:-1\" \/>\n<link rel=\"canonical\" href=\"https:\/\/www.africa-press.net\/congo-brazzaville\/culture-et-art\/musique-sacree-la-chorale-gracias-de-la-coree-du-sud-eblouit-les-congolais\" \/>\n<meta property=\"og:locale\" content=\"fr_FR\" \/>\n<meta property=\"og:type\" content=\"article\" \/>\n<meta property=\"og:title\" content=\"Musique sacr\u00e9e : la chorale Gr\u00e2cias de la Cor\u00e9e du Sud \u00e9blouit les Congolais\" \/>\n<meta property=\"og:description\" content=\"La prestation sce\u0301nique donne\u0301e par la chorale Gra\u0302cias de la Core\u0301e du Sud, en de\u0301but de semaine a\u0300 l\u2019auditorium Den ...\" \/>\n<meta property=\"og:url\" content=\"https:\/\/www.africa-press.net\/congo-brazzaville\/culture-et-art\/musique-sacree-la-chorale-gracias-de-la-coree-du-sud-eblouit-les-congolais\" \/>\n<meta property=\"og:site_name\" content=\"Congo Brazzaville\" \/>\n<meta property=\"article:published_time\" content=\"2023-03-16T20:02:59+00:00\" \/>\n<meta property=\"article:modified_time\" content=\"2023-03-16T21:17:35+00:00\" \/>\n<meta property=\"og:image\" content=\"https:\/\/static.africa-press.net\/congo-brazzaville\/sites\/51\/2023\/03\/postQueueImg_1678984499.19.jpg\" \/>\n\t<meta property=\"og:image:width\" content=\"910\" \/>\n\t<meta property=\"og:image:height\" content=\"600\" \/>\n\t<meta property=\"og:image:type\" content=\"image\/jpeg\" \/>\n<meta name=\"author\" content=\"cfeditorfr\" \/>\n<meta name=\"twitter:card\" content=\"summary_large_image\" \/>\n<meta name=\"twitter:label1\" content=\"\u00c9crit par\" \/>\n\t<meta name=\"twitter:data1\" content=\"cfeditorfr\" \/>\n\t<meta name=\"twitter:label2\" content=\"Dur\u00e9e de lecture estim\u00e9e\" \/>\n\t<meta name=\"twitter:data2\" content=\"3 minutes\" \/>\n<script type=\"application\/ld+json\" class=\"yoast-schema-graph\">{\"@context\":\"https:\/\/schema.org\",\"@graph\":[{\"@type\":\"Article\",\"@id\":\"https:\/\/www.africa-press.net\/congo-brazzaville\/culture-et-art\/musique-sacree-la-chorale-gracias-de-la-coree-du-sud-eblouit-les-congolais#article\",\"isPartOf\":{\"@id\":\"https:\/\/www.africa-press.net\/congo-brazzaville\/culture-et-art\/musique-sacree-la-chorale-gracias-de-la-coree-du-sud-eblouit-les-congolais\"},\"author\":{\"name\":\"cfeditorfr\",\"@id\":\"https:\/\/www.africa-press.net\/congo-brazzaville\/#\/schema\/person\/2b1cf3cd81a31e3cd26889ca66d677f1\"},\"headline\":\"Musique sacr\u00e9e : la chorale Gr\u00e2cias de la Cor\u00e9e du Sud \u00e9blouit les Congolais\",\"datePublished\":\"2023-03-16T20:02:59+00:00\",\"dateModified\":\"2023-03-16T21:17:35+00:00\",\"mainEntityOfPage\":{\"@id\":\"https:\/\/www.africa-press.net\/congo-brazzaville\/culture-et-art\/musique-sacree-la-chorale-gracias-de-la-coree-du-sud-eblouit-les-congolais\"},\"wordCount\":676,\"commentCount\":0,\"image\":{\"@id\":\"https:\/\/www.africa-press.net\/congo-brazzaville\/culture-et-art\/musique-sacree-la-chorale-gracias-de-la-coree-du-sud-eblouit-les-congolais#primaryimage\"},\"thumbnailUrl\":\"https:\/\/static.africa-press.net\/congo-brazzaville\/sites\/51\/2023\/03\/postQueueImg_1678984499.19.jpg\",\"keywords\":[\"Africa Press\",\"Africa Press-Congo Brazzaville\",\"Congo Brazzaville\"],\"articleSection\":[\"Culture et Art\",\"Photo\",\"Toutes les actualit\u00e9s\"],\"inLanguage\":\"fr-FR\",\"potentialAction\":[{\"@type\":\"CommentAction\",\"name\":\"Comment\",\"target\":[\"https:\/\/www.africa-press.net\/congo-brazzaville\/culture-et-art\/musique-sacree-la-chorale-gracias-de-la-coree-du-sud-eblouit-les-congolais#respond\"]}]},{\"@type\":\"WebPage\",\"@id\":\"https:\/\/www.africa-press.net\/congo-brazzaville\/culture-et-art\/musique-sacree-la-chorale-gracias-de-la-coree-du-sud-eblouit-les-congolais\",\"url\":\"https:\/\/www.africa-press.net\/congo-brazzaville\/culture-et-art\/musique-sacree-la-chorale-gracias-de-la-coree-du-sud-eblouit-les-congolais\",\"name\":\"Musique sacr\u00e9e : la chorale Gr\u00e2cias de la Cor\u00e9e du Sud \u00e9blouit les Congolais - Congo Brazzaville\",\"isPartOf\":{\"@id\":\"https:\/\/www.africa-press.net\/congo-brazzaville\/#website\"},\"primaryImageOfPage\":{\"@id\":\"https:\/\/www.africa-press.net\/congo-brazzaville\/culture-et-art\/musique-sacree-la-chorale-gracias-de-la-coree-du-sud-eblouit-les-congolais#primaryimage\"},\"image\":{\"@id\":\"https:\/\/www.africa-press.net\/congo-brazzaville\/culture-et-art\/musique-sacree-la-chorale-gracias-de-la-coree-du-sud-eblouit-les-congolais#primaryimage\"},\"thumbnailUrl\":\"https:\/\/static.africa-press.net\/congo-brazzaville\/sites\/51\/2023\/03\/postQueueImg_1678984499.19.jpg\",\"datePublished\":\"2023-03-16T20:02:59+00:00\",\"dateModified\":\"2023-03-16T21:17:35+00:00\",\"author\":{\"@id\":\"https:\/\/www.africa-press.net\/congo-brazzaville\/#\/schema\/person\/2b1cf3cd81a31e3cd26889ca66d677f1\"},\"description\":\"La prestation sce\u0301nique donne\u0301e par la chorale Gra\u0302cias de la Core\u0301e du Sud, en de\u0301but de semaine a\u0300 l\u2019auditorium Den ...\",\"breadcrumb\":{\"@id\":\"https:\/\/www.africa-press.net\/congo-brazzaville\/culture-et-art\/musique-sacree-la-chorale-gracias-de-la-coree-du-sud-eblouit-les-congolais#breadcrumb\"},\"inLanguage\":\"fr-FR\",\"potentialAction\":[{\"@type\":\"ReadAction\",\"target\":[\"https:\/\/www.africa-press.net\/congo-brazzaville\/culture-et-art\/musique-sacree-la-chorale-gracias-de-la-coree-du-sud-eblouit-les-congolais\"]}]},{\"@type\":\"ImageObject\",\"inLanguage\":\"fr-FR\",\"@id\":\"https:\/\/www.africa-press.net\/congo-brazzaville\/culture-et-art\/musique-sacree-la-chorale-gracias-de-la-coree-du-sud-eblouit-les-congolais#primaryimage\",\"url\":\"https:\/\/static.africa-press.net\/congo-brazzaville\/sites\/51\/2023\/03\/postQueueImg_1678984499.19.jpg\",\"contentUrl\":\"https:\/\/static.africa-press.net\/congo-brazzaville\/sites\/51\/2023\/03\/postQueueImg_1678984499.19.jpg\",\"width\":910,\"height\":600,\"caption\":\"Musique sacr\u00e9e : la chorale Gr\u00e2cias de la Cor\u00e9e du Sud \u00e9blouit les Congolais\"},{\"@type\":\"BreadcrumbList\",\"@id\":\"https:\/\/www.africa-press.net\/congo-brazzaville\/culture-et-art\/musique-sacree-la-chorale-gracias-de-la-coree-du-sud-eblouit-les-congolais#breadcrumb\",\"itemListElement\":[{\"@type\":\"ListItem\",\"position\":1,\"name\":\"Accueil\",\"item\":\"https:\/\/www.africa-press.net\/congo-brazzaville\/\"},{\"@type\":\"ListItem\",\"position\":2,\"name\":\"Musique sacr\u00e9e : la chorale Gr\u00e2cias de la Cor\u00e9e du Sud \u00e9blouit les Congolais\"}]},{\"@type\":\"WebSite\",\"@id\":\"https:\/\/www.africa-press.net\/congo-brazzaville\/#website\",\"url\":\"https:\/\/www.africa-press.net\/congo-brazzaville\/\",\"name\":\"Congo Brazzaville\",\"description\":\"Just another Africa News Agency Sites site\",\"potentialAction\":[{\"@type\":\"SearchAction\",\"target\":{\"@type\":\"EntryPoint\",\"urlTemplate\":\"https:\/\/www.africa-press.net\/congo-brazzaville\/?s={search_term_string}\"},\"query-input\":{\"@type\":\"PropertyValueSpecification\",\"valueRequired\":true,\"valueName\":\"search_term_string\"}}],\"inLanguage\":\"fr-FR\"},{\"@type\":\"Person\",\"@id\":\"https:\/\/www.africa-press.net\/congo-brazzaville\/#\/schema\/person\/2b1cf3cd81a31e3cd26889ca66d677f1\",\"name\":\"cfeditorfr\"}]}<\/script>\n<!-- \/ Yoast SEO Premium plugin. -->","yoast_head_json":{"title":"Musique sacr\u00e9e : la chorale Gr\u00e2cias de la Cor\u00e9e du Sud \u00e9blouit les Congolais - Congo Brazzaville","description":"La prestation sce\u0301nique donne\u0301e par la chorale Gra\u0302cias de la Core\u0301e du Sud, en de\u0301but de semaine a\u0300 l\u2019auditorium Den ...","robots":{"index":"index","follow":"follow","max-snippet":"max-snippet:-1","max-image-preview":"max-image-preview:large","max-video-preview":"max-video-preview:-1"},"canonical":"https:\/\/www.africa-press.net\/congo-brazzaville\/culture-et-art\/musique-sacree-la-chorale-gracias-de-la-coree-du-sud-eblouit-les-congolais","og_locale":"fr_FR","og_type":"article","og_title":"Musique sacr\u00e9e : la chorale Gr\u00e2cias de la Cor\u00e9e du Sud \u00e9blouit les Congolais","og_description":"La prestation sce\u0301nique donne\u0301e par la chorale Gra\u0302cias de la Core\u0301e du Sud, en de\u0301but de semaine a\u0300 l\u2019auditorium Den ...","og_url":"https:\/\/www.africa-press.net\/congo-brazzaville\/culture-et-art\/musique-sacree-la-chorale-gracias-de-la-coree-du-sud-eblouit-les-congolais","og_site_name":"Congo Brazzaville","article_published_time":"2023-03-16T20:02:59+00:00","article_modified_time":"2023-03-16T21:17:35+00:00","og_image":[{"width":910,"height":600,"url":"https:\/\/static.africa-press.net\/congo-brazzaville\/sites\/51\/2023\/03\/postQueueImg_1678984499.19.jpg","type":"image\/jpeg"}],"author":"cfeditorfr","twitter_card":"summary_large_image","twitter_misc":{"\u00c9crit par":"cfeditorfr","Dur\u00e9e de lecture estim\u00e9e":"3 minutes"},"schema":{"@context":"https:\/\/schema.org","@graph":[{"@type":"Article","@id":"https:\/\/www.africa-press.net\/congo-brazzaville\/culture-et-art\/musique-sacree-la-chorale-gracias-de-la-coree-du-sud-eblouit-les-congolais#article","isPartOf":{"@id":"https:\/\/www.africa-press.net\/congo-brazzaville\/culture-et-art\/musique-sacree-la-chorale-gracias-de-la-coree-du-sud-eblouit-les-congolais"},"author":{"name":"cfeditorfr","@id":"https:\/\/www.africa-press.net\/congo-brazzaville\/#\/schema\/person\/2b1cf3cd81a31e3cd26889ca66d677f1"},"headline":"Musique sacr\u00e9e : la chorale Gr\u00e2cias de la Cor\u00e9e du Sud \u00e9blouit les Congolais","datePublished":"2023-03-16T20:02:59+00:00","dateModified":"2023-03-16T21:17:35+00:00","mainEntityOfPage":{"@id":"https:\/\/www.africa-press.net\/congo-brazzaville\/culture-et-art\/musique-sacree-la-chorale-gracias-de-la-coree-du-sud-eblouit-les-congolais"},"wordCount":676,"commentCount":0,"image":{"@id":"https:\/\/www.africa-press.net\/congo-brazzaville\/culture-et-art\/musique-sacree-la-chorale-gracias-de-la-coree-du-sud-eblouit-les-congolais#primaryimage"},"thumbnailUrl":"https:\/\/static.africa-press.net\/congo-brazzaville\/sites\/51\/2023\/03\/postQueueImg_1678984499.19.jpg","keywords":["Africa Press","Africa Press-Congo Brazzaville","Congo Brazzaville"],"articleSection":["Culture et Art","Photo","Toutes les actualit\u00e9s"],"inLanguage":"fr-FR","potentialAction":[{"@type":"CommentAction","name":"Comment","target":["https:\/\/www.africa-press.net\/congo-brazzaville\/culture-et-art\/musique-sacree-la-chorale-gracias-de-la-coree-du-sud-eblouit-les-congolais#respond"]}]},{"@type":"WebPage","@id":"https:\/\/www.africa-press.net\/congo-brazzaville\/culture-et-art\/musique-sacree-la-chorale-gracias-de-la-coree-du-sud-eblouit-les-congolais","url":"https:\/\/www.africa-press.net\/congo-brazzaville\/culture-et-art\/musique-sacree-la-chorale-gracias-de-la-coree-du-sud-eblouit-les-congolais","name":"Musique sacr\u00e9e : la chorale Gr\u00e2cias de la Cor\u00e9e du Sud \u00e9blouit les Congolais - Congo Brazzaville","isPartOf":{"@id":"https:\/\/www.africa-press.net\/congo-brazzaville\/#website"},"primaryImageOfPage":{"@id":"https:\/\/www.africa-press.net\/congo-brazzaville\/culture-et-art\/musique-sacree-la-chorale-gracias-de-la-coree-du-sud-eblouit-les-congolais#primaryimage"},"image":{"@id":"https:\/\/www.africa-press.net\/congo-brazzaville\/culture-et-art\/musique-sacree-la-chorale-gracias-de-la-coree-du-sud-eblouit-les-congolais#primaryimage"},"thumbnailUrl":"https:\/\/static.africa-press.net\/congo-brazzaville\/sites\/51\/2023\/03\/postQueueImg_1678984499.19.jpg","datePublished":"2023-03-16T20:02:59+00:00","dateModified":"2023-03-16T21:17:35+00:00","author":{"@id":"https:\/\/www.africa-press.net\/congo-brazzaville\/#\/schema\/person\/2b1cf3cd81a31e3cd26889ca66d677f1"},"description":"La prestation sce\u0301nique donne\u0301e par la chorale Gra\u0302cias de la Core\u0301e du Sud, en de\u0301but de semaine a\u0300 l\u2019auditorium Den ...","breadcrumb":{"@id":"https:\/\/www.africa-press.net\/congo-brazzaville\/culture-et-art\/musique-sacree-la-chorale-gracias-de-la-coree-du-sud-eblouit-les-congolais#breadcrumb"},"inLanguage":"fr-FR","potentialAction":[{"@type":"ReadAction","target":["https:\/\/www.africa-press.net\/congo-brazzaville\/culture-et-art\/musique-sacree-la-chorale-gracias-de-la-coree-du-sud-eblouit-les-congolais"]}]},{"@type":"ImageObject","inLanguage":"fr-FR","@id":"https:\/\/www.africa-press.net\/congo-brazzaville\/culture-et-art\/musique-sacree-la-chorale-gracias-de-la-coree-du-sud-eblouit-les-congolais#primaryimage","url":"https:\/\/static.africa-press.net\/congo-brazzaville\/sites\/51\/2023\/03\/postQueueImg_1678984499.19.jpg","contentUrl":"https:\/\/static.africa-press.net\/congo-brazzaville\/sites\/51\/2023\/03\/postQueueImg_1678984499.19.jpg","width":910,"height":600,"caption":"Musique sacr\u00e9e : la chorale Gr\u00e2cias de la Cor\u00e9e du Sud \u00e9blouit les Congolais"},{"@type":"BreadcrumbList","@id":"https:\/\/www.africa-press.net\/congo-brazzaville\/culture-et-art\/musique-sacree-la-chorale-gracias-de-la-coree-du-sud-eblouit-les-congolais#breadcrumb","itemListElement":[{"@type":"ListItem","position":1,"name":"Accueil","item":"https:\/\/www.africa-press.net\/congo-brazzaville\/"},{"@type":"ListItem","position":2,"name":"Musique sacr\u00e9e : la chorale Gr\u00e2cias de la Cor\u00e9e du Sud \u00e9blouit les Congolais"}]},{"@type":"WebSite","@id":"https:\/\/www.africa-press.net\/congo-brazzaville\/#website","url":"https:\/\/www.africa-press.net\/congo-brazzaville\/","name":"Congo Brazzaville","description":"Just another Africa News Agency Sites site","potentialAction":[{"@type":"SearchAction","target":{"@type":"EntryPoint","urlTemplate":"https:\/\/www.africa-press.net\/congo-brazzaville\/?s={search_term_string}"},"query-input":{"@type":"PropertyValueSpecification","valueRequired":true,"valueName":"search_term_string"}}],"inLanguage":"fr-FR"},{"@type":"Person","@id":"https:\/\/www.africa-press.net\/congo-brazzaville\/#\/schema\/person\/2b1cf3cd81a31e3cd26889ca66d677f1","name":"cfeditorfr"}]}},"_links":{"self":[{"href":"https:\/\/www.africa-press.net\/congo-brazzaville\/wp-json\/wp\/v2\/posts\/15721","targetHints":{"allow":["GET"]}}],"collection":[{"href":"https:\/\/www.africa-press.net\/congo-brazzaville\/wp-json\/wp\/v2\/posts"}],"about":[{"href":"https:\/\/www.africa-press.net\/congo-brazzaville\/wp-json\/wp\/v2\/types\/post"}],"author":[{"embeddable":true,"href":"https:\/\/www.africa-press.net\/congo-brazzaville\/wp-json\/wp\/v2\/users\/82"}],"replies":[{"embeddable":true,"href":"https:\/\/www.africa-press.net\/congo-brazzaville\/wp-json\/wp\/v2\/comments?post=15721"}],"version-history":[{"count":0,"href":"https:\/\/www.africa-press.net\/congo-brazzaville\/wp-json\/wp\/v2\/posts\/15721\/revisions"}],"wp:featuredmedia":[{"embeddable":true,"href":"https:\/\/www.africa-press.net\/congo-brazzaville\/wp-json\/wp\/v2\/media\/15720"}],"wp:attachment":[{"href":"https:\/\/www.africa-press.net\/congo-brazzaville\/wp-json\/wp\/v2\/media?parent=15721"}],"wp:term":[{"taxonomy":"category","embeddable":true,"href":"https:\/\/www.africa-press.net\/congo-brazzaville\/wp-json\/wp\/v2\/categories?post=15721"},{"taxonomy":"post_tag","embeddable":true,"href":"https:\/\/www.africa-press.net\/congo-brazzaville\/wp-json\/wp\/v2\/tags?post=15721"}],"curies":[{"name":"wp","href":"https:\/\/api.w.org\/{rel}","templated":true}]}}