{"id":15724,"date":"2023-03-16T20:05:01","date_gmt":"2023-03-16T20:05:01","guid":{"rendered":"https:\/\/www.africa-press.net\/congo-brazzaville\/politique\/afrique-centrale-la-ceeac-lue-et-les-nations-unies-renforcent-leur-cooperation"},"modified":"2023-03-16T21:18:34","modified_gmt":"2023-03-16T21:18:34","slug":"afrique-centrale-la-ceeac-lue-et-les-nations-unies-renforcent-leur-cooperation","status":"publish","type":"post","link":"https:\/\/www.africa-press.net\/congo-brazzaville\/economie\/afrique-centrale-la-ceeac-lue-et-les-nations-unies-renforcent-leur-cooperation","title":{"rendered":"Afrique centrale : la CEEAC, l\u2019UE et les Nations unies renforcent leur coop\u00e9ration"},"content":{"rendered":"<p><span style=\"color: #ff6600\"><strong>Africa-Press &#8211; Congo Brazzaville. <\/strong><\/span><b>Le pre\u0301sident de la Commission de la Communaute\u0301 e\u0301conomique des E\u0301tats de l\u2019Afrique centrale (CEEAC), Gilberto Da Piedade Verissimo, a e\u0301change\u0301, le 14 mars a\u0300 Libreville, au Gabon, avec la coordonnatrice re\u0301sidente du syste\u0300me des Nations unies, Savina Ammassari, et la charge\u0301e de la coope\u0301ration re\u0301gionale et multi-pays pour l\u2019Afrique, Giuila Nicoloso.<\/b><\/p>\n<p>Les repre\u0301sentants de la CEEAC, de l\u2019Union europe\u0301enne (UE) et des Nations unies ont e\u0301voque\u0301, au cours de leurs rencontres respectives, le Plan de coope\u0301ration des Nations unies pour le de\u0301veloppement durable du Gabon, la bonne gouvernance, la re\u0301duction de la pauvrete\u0301, la pre\u0301servation des e\u0301cosyste\u0300mes pour assurer le de\u0301veloppement durable des pays.<\/p>\n<p>Avec la charge\u0301e de la coope\u0301ration re\u0301gionale et multi-pays pour l\u2019Afrique, Giuila Nicoloso, les discussions ont tourne\u0301 autour du programme Safe SEA qui aspire a\u0300 remplacer le Programme d\u2019appui a\u0300 la su\u0302rete\u0301 et la se\u0301curite\u0301 maritime en Afrique centrale (Passmar).<\/p>\n<p>En pre\u0301sence du pre\u0301sident de la Commission de la CEEAC, du commissaire aux Affaires politiques, Paix et Se\u0301curite\u0301, Mangaral Bante\u0301 et ses collaborateurs, Giuila Nicoloso a de\u0301roule\u0301 son programme ayant pour base des objectifs visiblement nobles comme l\u2019appui aux agents qui luttent contre le trafic de la drogue et d\u2019e\u0302tres humains, l\u2019appui aux syste\u0300mes juridiques, la coope\u0301ration interre\u0301gionale et entre institutions et bien entendu l\u2019appui a\u0300 la su\u0302rete\u0301 et la se\u0301curite\u0301 maritimes.<\/p>\n<p>Au regard du bilan peu reluisant du Passmar, les dirigeants de la Commission de la CEEAC ont fait de nombreuses propositions pour que la gestion du futur projet ne tombe plus dans les travers comme l\u2019a e\u0301te\u0301 le Passmar qui a connu de nombreux dysfonctionnements. \u00ab Il s\u2019agira pour la Commission de coge\u0301rer le futur programme et non de le subir \u00bb, ont de\u0301clare\u0301 en substance les dirigeants de la Commission.<\/p>\n<p>Le pre\u0301sident de la Commission de la CEEAC a e\u0301galement e\u0301change\u0301 avec le repre\u0301sentant re\u0301gional du centre pour les droits de l\u2019homme et la de\u0301mocratie en Afrique centrale, Nouhoum Sangare\u0301, sur la coope\u0301ration entre les deux institutions, sur l\u2019e\u0301tat des droits de l\u2019homme en Afrique centrale et des joutes e\u0301lectorales dans beaucoup de pays de cette sous-re\u0301gion en 2023.<\/p>\n<p>Par ailleurs, Gilberto Da Piedade Verissimo a rendu compte a\u0300 ses ho\u0302tes des re\u0301solutions de la XXIIe session ordinaire de la Confe\u0301rence des chefs d\u2019Etat et de gouvernement tenue le 25 fe\u0301vrier dernier a\u0300 Kinshasa, en Re\u0301publique de\u0301mocratique du Congo.<\/p>\n<p><strong>Pour plus d&rsquo;informations et d&rsquo;analyses sur la <a href=\"https:\/\/www.africa-press.net\/congo-brazzaville\">Congo Brazzaville<\/a>, suivez <a href=\"https:\/\/www.africa-press.net\/\">Africa-Press<\/a><\/strong><\/p>\n","protected":false},"excerpt":{"rendered":"<p>Africa-Press &#8211; Congo Brazzaville. Le pre\u0301sident de la Commission de la Communaute\u0301 e\u0301conomique des E\u0301tats de l\u2019Afrique centrale (CEEAC), Gilberto Da Piedade Verissimo, a e\u0301change\u0301, le 14 mars a\u0300 Libreville, au Gabon, avec la coordonnatrice re\u0301sidente du syste\u0300me des Nations unies, Savina Ammassari, et la charge\u0301e de la coope\u0301ration re\u0301gionale et multi-pays pour l\u2019Afrique, Giuila [&hellip;]<\/p>\n","protected":false},"author":82,"featured_media":15723,"comment_status":"open","ping_status":"closed","sticky":false,"template":"","format":"standard","meta":{"footnotes":""},"categories":[3,10],"tags":[36,47,46],"class_list":["post-15724","post","type-post","status-publish","format-standard","has-post-thumbnail","hentry","category-economie","category-toutes-les-actualites","tag-africa-press","tag-africa-press-congo-brazzaville","tag-congo-brazzaville"],"yoast_head":"<!-- This site is optimized with the Yoast SEO Premium plugin v26.1 (Yoast SEO v27.0) - https:\/\/yoast.com\/product\/yoast-seo-premium-wordpress\/ -->\n<title>Afrique centrale : la CEEAC, l\u2019UE et les Nations unies renforcent leur coop\u00e9ration - Congo Brazzaville<\/title>\n<meta name=\"description\" content=\"Le pre\u0301sident de la Commission de la Communaute\u0301 e\u0301conomique des E\u0301tats de l\u2019Afrique centrale (CEEAC), Gilberto Da Pi ...\" \/>\n<meta name=\"robots\" content=\"index, follow, max-snippet:-1, max-image-preview:large, max-video-preview:-1\" \/>\n<link rel=\"canonical\" href=\"https:\/\/www.africa-press.net\/congo-brazzaville\/economie\/afrique-centrale-la-ceeac-lue-et-les-nations-unies-renforcent-leur-cooperation\" \/>\n<meta property=\"og:locale\" content=\"fr_FR\" \/>\n<meta property=\"og:type\" content=\"article\" \/>\n<meta property=\"og:title\" content=\"Afrique centrale : la CEEAC, l\u2019UE et les Nations unies renforcent leur coop\u00e9ration\" \/>\n<meta property=\"og:description\" content=\"Le pre\u0301sident de la Commission de la Communaute\u0301 e\u0301conomique des E\u0301tats de l\u2019Afrique centrale (CEEAC), Gilberto Da Pi ...\" \/>\n<meta property=\"og:url\" content=\"https:\/\/www.africa-press.net\/congo-brazzaville\/economie\/afrique-centrale-la-ceeac-lue-et-les-nations-unies-renforcent-leur-cooperation\" \/>\n<meta property=\"og:site_name\" content=\"Congo Brazzaville\" \/>\n<meta property=\"article:published_time\" content=\"2023-03-16T20:05:01+00:00\" \/>\n<meta property=\"article:modified_time\" content=\"2023-03-16T21:18:34+00:00\" \/>\n<meta property=\"og:image\" content=\"https:\/\/static.africa-press.net\/congo-brazzaville\/sites\/51\/2023\/03\/postQueueImg_1678984598.18.jpg\" \/>\n\t<meta property=\"og:image:width\" content=\"1023\" \/>\n\t<meta property=\"og:image:height\" content=\"768\" \/>\n\t<meta property=\"og:image:type\" content=\"image\/jpeg\" \/>\n<meta name=\"author\" content=\"cfeditorfr\" \/>\n<meta name=\"twitter:card\" content=\"summary_large_image\" \/>\n<meta name=\"twitter:label1\" content=\"\u00c9crit par\" \/>\n\t<meta name=\"twitter:data1\" content=\"cfeditorfr\" \/>\n\t<meta name=\"twitter:label2\" content=\"Dur\u00e9e de lecture estim\u00e9e\" \/>\n\t<meta name=\"twitter:data2\" content=\"3 minutes\" \/>\n<script type=\"application\/ld+json\" class=\"yoast-schema-graph\">{\"@context\":\"https:\/\/schema.org\",\"@graph\":[{\"@type\":\"Article\",\"@id\":\"https:\/\/www.africa-press.net\/congo-brazzaville\/economie\/afrique-centrale-la-ceeac-lue-et-les-nations-unies-renforcent-leur-cooperation#article\",\"isPartOf\":{\"@id\":\"https:\/\/www.africa-press.net\/congo-brazzaville\/economie\/afrique-centrale-la-ceeac-lue-et-les-nations-unies-renforcent-leur-cooperation\"},\"author\":{\"name\":\"cfeditorfr\",\"@id\":\"https:\/\/www.africa-press.net\/congo-brazzaville\/#\/schema\/person\/2b1cf3cd81a31e3cd26889ca66d677f1\"},\"headline\":\"Afrique centrale : la CEEAC, l\u2019UE et les Nations unies renforcent leur coop\u00e9ration\",\"datePublished\":\"2023-03-16T20:05:01+00:00\",\"dateModified\":\"2023-03-16T21:18:34+00:00\",\"mainEntityOfPage\":{\"@id\":\"https:\/\/www.africa-press.net\/congo-brazzaville\/economie\/afrique-centrale-la-ceeac-lue-et-les-nations-unies-renforcent-leur-cooperation\"},\"wordCount\":481,\"commentCount\":0,\"image\":{\"@id\":\"https:\/\/www.africa-press.net\/congo-brazzaville\/economie\/afrique-centrale-la-ceeac-lue-et-les-nations-unies-renforcent-leur-cooperation#primaryimage\"},\"thumbnailUrl\":\"https:\/\/static.africa-press.net\/congo-brazzaville\/sites\/51\/2023\/03\/postQueueImg_1678984598.18.jpg\",\"keywords\":[\"Africa Press\",\"Africa Press-Congo Brazzaville\",\"Congo Brazzaville\"],\"articleSection\":[\"\u00c9conomie\",\"Toutes les actualit\u00e9s\"],\"inLanguage\":\"fr-FR\",\"potentialAction\":[{\"@type\":\"CommentAction\",\"name\":\"Comment\",\"target\":[\"https:\/\/www.africa-press.net\/congo-brazzaville\/economie\/afrique-centrale-la-ceeac-lue-et-les-nations-unies-renforcent-leur-cooperation#respond\"]}]},{\"@type\":\"WebPage\",\"@id\":\"https:\/\/www.africa-press.net\/congo-brazzaville\/economie\/afrique-centrale-la-ceeac-lue-et-les-nations-unies-renforcent-leur-cooperation\",\"url\":\"https:\/\/www.africa-press.net\/congo-brazzaville\/economie\/afrique-centrale-la-ceeac-lue-et-les-nations-unies-renforcent-leur-cooperation\",\"name\":\"Afrique centrale : la CEEAC, l\u2019UE et les Nations unies renforcent leur coop\u00e9ration - Congo Brazzaville\",\"isPartOf\":{\"@id\":\"https:\/\/www.africa-press.net\/congo-brazzaville\/#website\"},\"primaryImageOfPage\":{\"@id\":\"https:\/\/www.africa-press.net\/congo-brazzaville\/economie\/afrique-centrale-la-ceeac-lue-et-les-nations-unies-renforcent-leur-cooperation#primaryimage\"},\"image\":{\"@id\":\"https:\/\/www.africa-press.net\/congo-brazzaville\/economie\/afrique-centrale-la-ceeac-lue-et-les-nations-unies-renforcent-leur-cooperation#primaryimage\"},\"thumbnailUrl\":\"https:\/\/static.africa-press.net\/congo-brazzaville\/sites\/51\/2023\/03\/postQueueImg_1678984598.18.jpg\",\"datePublished\":\"2023-03-16T20:05:01+00:00\",\"dateModified\":\"2023-03-16T21:18:34+00:00\",\"author\":{\"@id\":\"https:\/\/www.africa-press.net\/congo-brazzaville\/#\/schema\/person\/2b1cf3cd81a31e3cd26889ca66d677f1\"},\"description\":\"Le pre\u0301sident de la Commission de la Communaute\u0301 e\u0301conomique des E\u0301tats de l\u2019Afrique centrale (CEEAC), Gilberto Da Pi ...\",\"breadcrumb\":{\"@id\":\"https:\/\/www.africa-press.net\/congo-brazzaville\/economie\/afrique-centrale-la-ceeac-lue-et-les-nations-unies-renforcent-leur-cooperation#breadcrumb\"},\"inLanguage\":\"fr-FR\",\"potentialAction\":[{\"@type\":\"ReadAction\",\"target\":[\"https:\/\/www.africa-press.net\/congo-brazzaville\/economie\/afrique-centrale-la-ceeac-lue-et-les-nations-unies-renforcent-leur-cooperation\"]}]},{\"@type\":\"ImageObject\",\"inLanguage\":\"fr-FR\",\"@id\":\"https:\/\/www.africa-press.net\/congo-brazzaville\/economie\/afrique-centrale-la-ceeac-lue-et-les-nations-unies-renforcent-leur-cooperation#primaryimage\",\"url\":\"https:\/\/static.africa-press.net\/congo-brazzaville\/sites\/51\/2023\/03\/postQueueImg_1678984598.18.jpg\",\"contentUrl\":\"https:\/\/static.africa-press.net\/congo-brazzaville\/sites\/51\/2023\/03\/postQueueImg_1678984598.18.jpg\",\"width\":1023,\"height\":768,\"caption\":\"Afrique centrale : la CEEAC, l\u2019UE et les Nations unies renforcent leur coop\u00e9ration\"},{\"@type\":\"BreadcrumbList\",\"@id\":\"https:\/\/www.africa-press.net\/congo-brazzaville\/economie\/afrique-centrale-la-ceeac-lue-et-les-nations-unies-renforcent-leur-cooperation#breadcrumb\",\"itemListElement\":[{\"@type\":\"ListItem\",\"position\":1,\"name\":\"Accueil\",\"item\":\"https:\/\/www.africa-press.net\/congo-brazzaville\/\"},{\"@type\":\"ListItem\",\"position\":2,\"name\":\"Afrique centrale : la CEEAC, l\u2019UE et les Nations unies renforcent leur coop\u00e9ration\"}]},{\"@type\":\"WebSite\",\"@id\":\"https:\/\/www.africa-press.net\/congo-brazzaville\/#website\",\"url\":\"https:\/\/www.africa-press.net\/congo-brazzaville\/\",\"name\":\"Congo Brazzaville\",\"description\":\"Just another Africa News Agency Sites site\",\"potentialAction\":[{\"@type\":\"SearchAction\",\"target\":{\"@type\":\"EntryPoint\",\"urlTemplate\":\"https:\/\/www.africa-press.net\/congo-brazzaville\/?s={search_term_string}\"},\"query-input\":{\"@type\":\"PropertyValueSpecification\",\"valueRequired\":true,\"valueName\":\"search_term_string\"}}],\"inLanguage\":\"fr-FR\"},{\"@type\":\"Person\",\"@id\":\"https:\/\/www.africa-press.net\/congo-brazzaville\/#\/schema\/person\/2b1cf3cd81a31e3cd26889ca66d677f1\",\"name\":\"cfeditorfr\"}]}<\/script>\n<!-- \/ Yoast SEO Premium plugin. -->","yoast_head_json":{"title":"Afrique centrale : la CEEAC, l\u2019UE et les Nations unies renforcent leur coop\u00e9ration - Congo Brazzaville","description":"Le pre\u0301sident de la Commission de la Communaute\u0301 e\u0301conomique des E\u0301tats de l\u2019Afrique centrale (CEEAC), Gilberto Da Pi ...","robots":{"index":"index","follow":"follow","max-snippet":"max-snippet:-1","max-image-preview":"max-image-preview:large","max-video-preview":"max-video-preview:-1"},"canonical":"https:\/\/www.africa-press.net\/congo-brazzaville\/economie\/afrique-centrale-la-ceeac-lue-et-les-nations-unies-renforcent-leur-cooperation","og_locale":"fr_FR","og_type":"article","og_title":"Afrique centrale : la CEEAC, l\u2019UE et les Nations unies renforcent leur coop\u00e9ration","og_description":"Le pre\u0301sident de la Commission de la Communaute\u0301 e\u0301conomique des E\u0301tats de l\u2019Afrique centrale (CEEAC), Gilberto Da Pi ...","og_url":"https:\/\/www.africa-press.net\/congo-brazzaville\/economie\/afrique-centrale-la-ceeac-lue-et-les-nations-unies-renforcent-leur-cooperation","og_site_name":"Congo Brazzaville","article_published_time":"2023-03-16T20:05:01+00:00","article_modified_time":"2023-03-16T21:18:34+00:00","og_image":[{"width":1023,"height":768,"url":"https:\/\/static.africa-press.net\/congo-brazzaville\/sites\/51\/2023\/03\/postQueueImg_1678984598.18.jpg","type":"image\/jpeg"}],"author":"cfeditorfr","twitter_card":"summary_large_image","twitter_misc":{"\u00c9crit par":"cfeditorfr","Dur\u00e9e de lecture estim\u00e9e":"3 minutes"},"schema":{"@context":"https:\/\/schema.org","@graph":[{"@type":"Article","@id":"https:\/\/www.africa-press.net\/congo-brazzaville\/economie\/afrique-centrale-la-ceeac-lue-et-les-nations-unies-renforcent-leur-cooperation#article","isPartOf":{"@id":"https:\/\/www.africa-press.net\/congo-brazzaville\/economie\/afrique-centrale-la-ceeac-lue-et-les-nations-unies-renforcent-leur-cooperation"},"author":{"name":"cfeditorfr","@id":"https:\/\/www.africa-press.net\/congo-brazzaville\/#\/schema\/person\/2b1cf3cd81a31e3cd26889ca66d677f1"},"headline":"Afrique centrale : la CEEAC, l\u2019UE et les Nations unies renforcent leur coop\u00e9ration","datePublished":"2023-03-16T20:05:01+00:00","dateModified":"2023-03-16T21:18:34+00:00","mainEntityOfPage":{"@id":"https:\/\/www.africa-press.net\/congo-brazzaville\/economie\/afrique-centrale-la-ceeac-lue-et-les-nations-unies-renforcent-leur-cooperation"},"wordCount":481,"commentCount":0,"image":{"@id":"https:\/\/www.africa-press.net\/congo-brazzaville\/economie\/afrique-centrale-la-ceeac-lue-et-les-nations-unies-renforcent-leur-cooperation#primaryimage"},"thumbnailUrl":"https:\/\/static.africa-press.net\/congo-brazzaville\/sites\/51\/2023\/03\/postQueueImg_1678984598.18.jpg","keywords":["Africa Press","Africa Press-Congo Brazzaville","Congo Brazzaville"],"articleSection":["\u00c9conomie","Toutes les actualit\u00e9s"],"inLanguage":"fr-FR","potentialAction":[{"@type":"CommentAction","name":"Comment","target":["https:\/\/www.africa-press.net\/congo-brazzaville\/economie\/afrique-centrale-la-ceeac-lue-et-les-nations-unies-renforcent-leur-cooperation#respond"]}]},{"@type":"WebPage","@id":"https:\/\/www.africa-press.net\/congo-brazzaville\/economie\/afrique-centrale-la-ceeac-lue-et-les-nations-unies-renforcent-leur-cooperation","url":"https:\/\/www.africa-press.net\/congo-brazzaville\/economie\/afrique-centrale-la-ceeac-lue-et-les-nations-unies-renforcent-leur-cooperation","name":"Afrique centrale : la CEEAC, l\u2019UE et les Nations unies renforcent leur coop\u00e9ration - Congo Brazzaville","isPartOf":{"@id":"https:\/\/www.africa-press.net\/congo-brazzaville\/#website"},"primaryImageOfPage":{"@id":"https:\/\/www.africa-press.net\/congo-brazzaville\/economie\/afrique-centrale-la-ceeac-lue-et-les-nations-unies-renforcent-leur-cooperation#primaryimage"},"image":{"@id":"https:\/\/www.africa-press.net\/congo-brazzaville\/economie\/afrique-centrale-la-ceeac-lue-et-les-nations-unies-renforcent-leur-cooperation#primaryimage"},"thumbnailUrl":"https:\/\/static.africa-press.net\/congo-brazzaville\/sites\/51\/2023\/03\/postQueueImg_1678984598.18.jpg","datePublished":"2023-03-16T20:05:01+00:00","dateModified":"2023-03-16T21:18:34+00:00","author":{"@id":"https:\/\/www.africa-press.net\/congo-brazzaville\/#\/schema\/person\/2b1cf3cd81a31e3cd26889ca66d677f1"},"description":"Le pre\u0301sident de la Commission de la Communaute\u0301 e\u0301conomique des E\u0301tats de l\u2019Afrique centrale (CEEAC), Gilberto Da Pi ...","breadcrumb":{"@id":"https:\/\/www.africa-press.net\/congo-brazzaville\/economie\/afrique-centrale-la-ceeac-lue-et-les-nations-unies-renforcent-leur-cooperation#breadcrumb"},"inLanguage":"fr-FR","potentialAction":[{"@type":"ReadAction","target":["https:\/\/www.africa-press.net\/congo-brazzaville\/economie\/afrique-centrale-la-ceeac-lue-et-les-nations-unies-renforcent-leur-cooperation"]}]},{"@type":"ImageObject","inLanguage":"fr-FR","@id":"https:\/\/www.africa-press.net\/congo-brazzaville\/economie\/afrique-centrale-la-ceeac-lue-et-les-nations-unies-renforcent-leur-cooperation#primaryimage","url":"https:\/\/static.africa-press.net\/congo-brazzaville\/sites\/51\/2023\/03\/postQueueImg_1678984598.18.jpg","contentUrl":"https:\/\/static.africa-press.net\/congo-brazzaville\/sites\/51\/2023\/03\/postQueueImg_1678984598.18.jpg","width":1023,"height":768,"caption":"Afrique centrale : la CEEAC, l\u2019UE et les Nations unies renforcent leur coop\u00e9ration"},{"@type":"BreadcrumbList","@id":"https:\/\/www.africa-press.net\/congo-brazzaville\/economie\/afrique-centrale-la-ceeac-lue-et-les-nations-unies-renforcent-leur-cooperation#breadcrumb","itemListElement":[{"@type":"ListItem","position":1,"name":"Accueil","item":"https:\/\/www.africa-press.net\/congo-brazzaville\/"},{"@type":"ListItem","position":2,"name":"Afrique centrale : la CEEAC, l\u2019UE et les Nations unies renforcent leur coop\u00e9ration"}]},{"@type":"WebSite","@id":"https:\/\/www.africa-press.net\/congo-brazzaville\/#website","url":"https:\/\/www.africa-press.net\/congo-brazzaville\/","name":"Congo Brazzaville","description":"Just another Africa News Agency Sites site","potentialAction":[{"@type":"SearchAction","target":{"@type":"EntryPoint","urlTemplate":"https:\/\/www.africa-press.net\/congo-brazzaville\/?s={search_term_string}"},"query-input":{"@type":"PropertyValueSpecification","valueRequired":true,"valueName":"search_term_string"}}],"inLanguage":"fr-FR"},{"@type":"Person","@id":"https:\/\/www.africa-press.net\/congo-brazzaville\/#\/schema\/person\/2b1cf3cd81a31e3cd26889ca66d677f1","name":"cfeditorfr"}]}},"_links":{"self":[{"href":"https:\/\/www.africa-press.net\/congo-brazzaville\/wp-json\/wp\/v2\/posts\/15724","targetHints":{"allow":["GET"]}}],"collection":[{"href":"https:\/\/www.africa-press.net\/congo-brazzaville\/wp-json\/wp\/v2\/posts"}],"about":[{"href":"https:\/\/www.africa-press.net\/congo-brazzaville\/wp-json\/wp\/v2\/types\/post"}],"author":[{"embeddable":true,"href":"https:\/\/www.africa-press.net\/congo-brazzaville\/wp-json\/wp\/v2\/users\/82"}],"replies":[{"embeddable":true,"href":"https:\/\/www.africa-press.net\/congo-brazzaville\/wp-json\/wp\/v2\/comments?post=15724"}],"version-history":[{"count":0,"href":"https:\/\/www.africa-press.net\/congo-brazzaville\/wp-json\/wp\/v2\/posts\/15724\/revisions"}],"wp:featuredmedia":[{"embeddable":true,"href":"https:\/\/www.africa-press.net\/congo-brazzaville\/wp-json\/wp\/v2\/media\/15723"}],"wp:attachment":[{"href":"https:\/\/www.africa-press.net\/congo-brazzaville\/wp-json\/wp\/v2\/media?parent=15724"}],"wp:term":[{"taxonomy":"category","embeddable":true,"href":"https:\/\/www.africa-press.net\/congo-brazzaville\/wp-json\/wp\/v2\/categories?post=15724"},{"taxonomy":"post_tag","embeddable":true,"href":"https:\/\/www.africa-press.net\/congo-brazzaville\/wp-json\/wp\/v2\/tags?post=15724"}],"curies":[{"name":"wp","href":"https:\/\/api.w.org\/{rel}","templated":true}]}}