{"id":15727,"date":"2023-03-16T20:06:28","date_gmt":"2023-03-16T20:06:28","guid":{"rendered":"https:\/\/www.africa-press.net\/congo-brazzaville\/politique\/amenagement-urbain-une-passerelle-pour-relier-les-quartiers-603-et-605"},"modified":"2023-03-16T21:19:06","modified_gmt":"2023-03-16T21:19:06","slug":"amenagement-urbain-une-passerelle-pour-relier-les-quartiers-603-et-605","status":"publish","type":"post","link":"https:\/\/www.africa-press.net\/congo-brazzaville\/toutes-les-actualites\/amenagement-urbain-une-passerelle-pour-relier-les-quartiers-603-et-605","title":{"rendered":"Am\u00e9nagement urbain : une passerelle pour relier les quartiers 603 et 605"},"content":{"rendered":"<p><span style=\"color: #ff6600\"><strong>Africa-Press &#8211; Congo Brazzaville. <\/strong><\/span><b>Les travaux de construction du pont sur la Tsie\u0301me\u0301 qui va raccorder les quartiers 603 et 605 du sixie\u0300me arrondissement Talangai\u0308 ont e\u0301te\u0301 lance\u0301s, le 16 mars, par le deuxie\u0300me adjoint au maire de Brazzaville, Emma Clesh Atipo Ngapy.<\/b><\/p>\n<p>Le projet est finance\u0301 sur fonds propres du Conseil de\u0301partemental et municipal de Brazzaville a\u0300 hauteur de 118 532 000 FCFA. Les travaux seront exe\u0301cute\u0301s par une entreprise prive\u0301e sur une pe\u0301riode pre\u0301visionnelle de six mois. Ils portent sur la construction d\u2019une passerelle moderne de 40 me\u0300tres de long, divise\u0301e en quatre trame\u0301es et large de 3 me\u0300tres. L\u2019ouvrage se le\u0300ve sur une hauteur de 3,75 me\u0300tres sous la poutre pre\u0301vue pour faire passer les ve\u0301hicules de part et d\u2019autre du canal a\u0300 ame\u0301nager de 23 me\u0300tres.<\/p>\n<p>A terme, ce pont permettra a\u0300 la population des quartiers 603 et 605 de se de\u0301placer sans courir le risque de se noyer dans la rivie\u0300re Tsie\u0301me\u0301 ou\u0300 une passerelle de fortune e\u0301tait installe\u0301e.<\/p>\n<p>Posant la premie\u0300re pierre, le deuxie\u0300me adjoint au maire de Brazzaville a exhorte\u0301 les habitants de ces quartiers a\u0300 soutenir le projet et a\u0300 se\u0301curiser les mate\u0301riaux de construction entrepose\u0301s sur la base-vie de la socie\u0301te\u0301 adjudicataire du projet.<\/p>\n<p>\u00ab Depuis notre jeunesse, ce pont n\u2019a jamais e\u0301te\u0301 construit. Il vit gra\u0302ce aux filles et fils du quartier qui, de temps a\u0300 autre, l\u2019ame\u0301nagent pour permettre a\u0300 la population d\u2019aller d&rsquo;un sens a\u0300 l\u2019autre. Aujourd\u2019hui, le Conseil de\u0301partemental et municipal de Brazzaville a pris ses responsabilite\u0301s pour re\u0301soudre le proble\u0300me. Nous avions profite\u0301 pour attirer l\u2019attention de tous, a\u0300 ne pas voler le mate\u0301riel qui y est stocke\u0301 pour aller le vendre. Au contraire, ils doivent veiller a\u0300 ce qu\u2019il soit pre\u0301serve\u0301 \u00bb, a souligne\u0301 Emma Clesh Atipo Ngapy.<\/p>\n<p>Le chef du quartier 603 Texaco, Alexandre Bouity, a salue\u0301 la construction d\u2019une passerelle a\u0300 cet endroit qui est un motif de satisfaction car elle viendra mettre un terme aux multiples tracasseries auxquelles la population e\u0301tait soumise pour se mouvoir.<\/p>\n<p><strong>Pour plus d&rsquo;informations et d&rsquo;analyses sur la <a href=\"https:\/\/www.africa-press.net\/congo-brazzaville\">Congo Brazzaville<\/a>, suivez <a href=\"https:\/\/www.africa-press.net\/\">Africa-Press<\/a><\/strong><\/p>\n","protected":false},"excerpt":{"rendered":"<p>Africa-Press &#8211; Congo Brazzaville. Les travaux de construction du pont sur la Tsie\u0301me\u0301 qui va raccorder les quartiers 603 et 605 du sixie\u0300me arrondissement Talangai\u0308 ont e\u0301te\u0301 lance\u0301s, le 16 mars, par le deuxie\u0300me adjoint au maire de Brazzaville, Emma Clesh Atipo Ngapy. Le projet est finance\u0301 sur fonds propres du Conseil de\u0301partemental et municipal [&hellip;]<\/p>\n","protected":false},"author":82,"featured_media":15726,"comment_status":"open","ping_status":"closed","sticky":false,"template":"","format":"standard","meta":{"footnotes":""},"categories":[21,10],"tags":[36,47,46],"class_list":["post-15727","post","type-post","status-publish","format-standard","has-post-thumbnail","hentry","category-communaute","category-toutes-les-actualites","tag-africa-press","tag-africa-press-congo-brazzaville","tag-congo-brazzaville"],"yoast_head":"<!-- This site is optimized with the Yoast SEO Premium plugin v26.1 (Yoast SEO v27.0) - https:\/\/yoast.com\/product\/yoast-seo-premium-wordpress\/ -->\n<title>Am\u00e9nagement urbain : une passerelle pour relier les quartiers 603 et 605 - Congo Brazzaville<\/title>\n<meta name=\"description\" content=\"Les travaux de construction du pont sur la Tsie\u0301me\u0301 qui va raccorder les quartiers 603 et 605 du sixie\u0300me arrondissem ...\" \/>\n<meta name=\"robots\" content=\"index, follow, max-snippet:-1, max-image-preview:large, max-video-preview:-1\" \/>\n<link rel=\"canonical\" href=\"https:\/\/www.africa-press.net\/congo-brazzaville\/toutes-les-actualites\/amenagement-urbain-une-passerelle-pour-relier-les-quartiers-603-et-605\" \/>\n<meta property=\"og:locale\" content=\"fr_FR\" \/>\n<meta property=\"og:type\" content=\"article\" \/>\n<meta property=\"og:title\" content=\"Am\u00e9nagement urbain : une passerelle pour relier les quartiers 603 et 605\" \/>\n<meta property=\"og:description\" content=\"Les travaux de construction du pont sur la Tsie\u0301me\u0301 qui va raccorder les quartiers 603 et 605 du sixie\u0300me arrondissem ...\" \/>\n<meta property=\"og:url\" content=\"https:\/\/www.africa-press.net\/congo-brazzaville\/toutes-les-actualites\/amenagement-urbain-une-passerelle-pour-relier-les-quartiers-603-et-605\" \/>\n<meta property=\"og:site_name\" content=\"Congo Brazzaville\" \/>\n<meta property=\"article:published_time\" content=\"2023-03-16T20:06:28+00:00\" \/>\n<meta property=\"article:modified_time\" content=\"2023-03-16T21:19:06+00:00\" \/>\n<meta property=\"og:image\" content=\"https:\/\/static.africa-press.net\/congo-brazzaville\/sites\/51\/2023\/03\/postQueueImg_1678984635.51.jpg\" \/>\n\t<meta property=\"og:image:width\" content=\"1669\" \/>\n\t<meta property=\"og:image:height\" content=\"768\" \/>\n\t<meta property=\"og:image:type\" content=\"image\/jpeg\" \/>\n<meta name=\"author\" content=\"cfeditorfr\" \/>\n<meta name=\"twitter:card\" content=\"summary_large_image\" \/>\n<meta name=\"twitter:label1\" content=\"\u00c9crit par\" \/>\n\t<meta name=\"twitter:data1\" content=\"cfeditorfr\" \/>\n\t<meta name=\"twitter:label2\" content=\"Dur\u00e9e de lecture estim\u00e9e\" \/>\n\t<meta name=\"twitter:data2\" content=\"2 minutes\" \/>\n<script type=\"application\/ld+json\" class=\"yoast-schema-graph\">{\"@context\":\"https:\/\/schema.org\",\"@graph\":[{\"@type\":\"Article\",\"@id\":\"https:\/\/www.africa-press.net\/congo-brazzaville\/toutes-les-actualites\/amenagement-urbain-une-passerelle-pour-relier-les-quartiers-603-et-605#article\",\"isPartOf\":{\"@id\":\"https:\/\/www.africa-press.net\/congo-brazzaville\/toutes-les-actualites\/amenagement-urbain-une-passerelle-pour-relier-les-quartiers-603-et-605\"},\"author\":{\"name\":\"cfeditorfr\",\"@id\":\"https:\/\/www.africa-press.net\/congo-brazzaville\/#\/schema\/person\/2b1cf3cd81a31e3cd26889ca66d677f1\"},\"headline\":\"Am\u00e9nagement urbain : une passerelle pour relier les quartiers 603 et 605\",\"datePublished\":\"2023-03-16T20:06:28+00:00\",\"dateModified\":\"2023-03-16T21:19:06+00:00\",\"mainEntityOfPage\":{\"@id\":\"https:\/\/www.africa-press.net\/congo-brazzaville\/toutes-les-actualites\/amenagement-urbain-une-passerelle-pour-relier-les-quartiers-603-et-605\"},\"wordCount\":395,\"commentCount\":0,\"image\":{\"@id\":\"https:\/\/www.africa-press.net\/congo-brazzaville\/toutes-les-actualites\/amenagement-urbain-une-passerelle-pour-relier-les-quartiers-603-et-605#primaryimage\"},\"thumbnailUrl\":\"https:\/\/static.africa-press.net\/congo-brazzaville\/sites\/51\/2023\/03\/postQueueImg_1678984635.51.jpg\",\"keywords\":[\"Africa Press\",\"Africa Press-Congo Brazzaville\",\"Congo Brazzaville\"],\"articleSection\":[\"Communaut\u00e9\",\"Toutes les actualit\u00e9s\"],\"inLanguage\":\"fr-FR\",\"potentialAction\":[{\"@type\":\"CommentAction\",\"name\":\"Comment\",\"target\":[\"https:\/\/www.africa-press.net\/congo-brazzaville\/toutes-les-actualites\/amenagement-urbain-une-passerelle-pour-relier-les-quartiers-603-et-605#respond\"]}]},{\"@type\":\"WebPage\",\"@id\":\"https:\/\/www.africa-press.net\/congo-brazzaville\/toutes-les-actualites\/amenagement-urbain-une-passerelle-pour-relier-les-quartiers-603-et-605\",\"url\":\"https:\/\/www.africa-press.net\/congo-brazzaville\/toutes-les-actualites\/amenagement-urbain-une-passerelle-pour-relier-les-quartiers-603-et-605\",\"name\":\"Am\u00e9nagement urbain : une passerelle pour relier les quartiers 603 et 605 - Congo Brazzaville\",\"isPartOf\":{\"@id\":\"https:\/\/www.africa-press.net\/congo-brazzaville\/#website\"},\"primaryImageOfPage\":{\"@id\":\"https:\/\/www.africa-press.net\/congo-brazzaville\/toutes-les-actualites\/amenagement-urbain-une-passerelle-pour-relier-les-quartiers-603-et-605#primaryimage\"},\"image\":{\"@id\":\"https:\/\/www.africa-press.net\/congo-brazzaville\/toutes-les-actualites\/amenagement-urbain-une-passerelle-pour-relier-les-quartiers-603-et-605#primaryimage\"},\"thumbnailUrl\":\"https:\/\/static.africa-press.net\/congo-brazzaville\/sites\/51\/2023\/03\/postQueueImg_1678984635.51.jpg\",\"datePublished\":\"2023-03-16T20:06:28+00:00\",\"dateModified\":\"2023-03-16T21:19:06+00:00\",\"author\":{\"@id\":\"https:\/\/www.africa-press.net\/congo-brazzaville\/#\/schema\/person\/2b1cf3cd81a31e3cd26889ca66d677f1\"},\"description\":\"Les travaux de construction du pont sur la Tsie\u0301me\u0301 qui va raccorder les quartiers 603 et 605 du sixie\u0300me arrondissem ...\",\"breadcrumb\":{\"@id\":\"https:\/\/www.africa-press.net\/congo-brazzaville\/toutes-les-actualites\/amenagement-urbain-une-passerelle-pour-relier-les-quartiers-603-et-605#breadcrumb\"},\"inLanguage\":\"fr-FR\",\"potentialAction\":[{\"@type\":\"ReadAction\",\"target\":[\"https:\/\/www.africa-press.net\/congo-brazzaville\/toutes-les-actualites\/amenagement-urbain-une-passerelle-pour-relier-les-quartiers-603-et-605\"]}]},{\"@type\":\"ImageObject\",\"inLanguage\":\"fr-FR\",\"@id\":\"https:\/\/www.africa-press.net\/congo-brazzaville\/toutes-les-actualites\/amenagement-urbain-une-passerelle-pour-relier-les-quartiers-603-et-605#primaryimage\",\"url\":\"https:\/\/static.africa-press.net\/congo-brazzaville\/sites\/51\/2023\/03\/postQueueImg_1678984635.51.jpg\",\"contentUrl\":\"https:\/\/static.africa-press.net\/congo-brazzaville\/sites\/51\/2023\/03\/postQueueImg_1678984635.51.jpg\",\"width\":1669,\"height\":768,\"caption\":\"Am\u00e9nagement urbain : une passerelle pour relier les quartiers 603 et 605\"},{\"@type\":\"BreadcrumbList\",\"@id\":\"https:\/\/www.africa-press.net\/congo-brazzaville\/toutes-les-actualites\/amenagement-urbain-une-passerelle-pour-relier-les-quartiers-603-et-605#breadcrumb\",\"itemListElement\":[{\"@type\":\"ListItem\",\"position\":1,\"name\":\"Accueil\",\"item\":\"https:\/\/www.africa-press.net\/congo-brazzaville\/\"},{\"@type\":\"ListItem\",\"position\":2,\"name\":\"Am\u00e9nagement urbain : une passerelle pour relier les quartiers 603 et 605\"}]},{\"@type\":\"WebSite\",\"@id\":\"https:\/\/www.africa-press.net\/congo-brazzaville\/#website\",\"url\":\"https:\/\/www.africa-press.net\/congo-brazzaville\/\",\"name\":\"Congo Brazzaville\",\"description\":\"Just another Africa News Agency Sites site\",\"potentialAction\":[{\"@type\":\"SearchAction\",\"target\":{\"@type\":\"EntryPoint\",\"urlTemplate\":\"https:\/\/www.africa-press.net\/congo-brazzaville\/?s={search_term_string}\"},\"query-input\":{\"@type\":\"PropertyValueSpecification\",\"valueRequired\":true,\"valueName\":\"search_term_string\"}}],\"inLanguage\":\"fr-FR\"},{\"@type\":\"Person\",\"@id\":\"https:\/\/www.africa-press.net\/congo-brazzaville\/#\/schema\/person\/2b1cf3cd81a31e3cd26889ca66d677f1\",\"name\":\"cfeditorfr\"}]}<\/script>\n<!-- \/ Yoast SEO Premium plugin. -->","yoast_head_json":{"title":"Am\u00e9nagement urbain : une passerelle pour relier les quartiers 603 et 605 - Congo Brazzaville","description":"Les travaux de construction du pont sur la Tsie\u0301me\u0301 qui va raccorder les quartiers 603 et 605 du sixie\u0300me arrondissem ...","robots":{"index":"index","follow":"follow","max-snippet":"max-snippet:-1","max-image-preview":"max-image-preview:large","max-video-preview":"max-video-preview:-1"},"canonical":"https:\/\/www.africa-press.net\/congo-brazzaville\/toutes-les-actualites\/amenagement-urbain-une-passerelle-pour-relier-les-quartiers-603-et-605","og_locale":"fr_FR","og_type":"article","og_title":"Am\u00e9nagement urbain : une passerelle pour relier les quartiers 603 et 605","og_description":"Les travaux de construction du pont sur la Tsie\u0301me\u0301 qui va raccorder les quartiers 603 et 605 du sixie\u0300me arrondissem ...","og_url":"https:\/\/www.africa-press.net\/congo-brazzaville\/toutes-les-actualites\/amenagement-urbain-une-passerelle-pour-relier-les-quartiers-603-et-605","og_site_name":"Congo Brazzaville","article_published_time":"2023-03-16T20:06:28+00:00","article_modified_time":"2023-03-16T21:19:06+00:00","og_image":[{"width":1669,"height":768,"url":"https:\/\/static.africa-press.net\/congo-brazzaville\/sites\/51\/2023\/03\/postQueueImg_1678984635.51.jpg","type":"image\/jpeg"}],"author":"cfeditorfr","twitter_card":"summary_large_image","twitter_misc":{"\u00c9crit par":"cfeditorfr","Dur\u00e9e de lecture estim\u00e9e":"2 minutes"},"schema":{"@context":"https:\/\/schema.org","@graph":[{"@type":"Article","@id":"https:\/\/www.africa-press.net\/congo-brazzaville\/toutes-les-actualites\/amenagement-urbain-une-passerelle-pour-relier-les-quartiers-603-et-605#article","isPartOf":{"@id":"https:\/\/www.africa-press.net\/congo-brazzaville\/toutes-les-actualites\/amenagement-urbain-une-passerelle-pour-relier-les-quartiers-603-et-605"},"author":{"name":"cfeditorfr","@id":"https:\/\/www.africa-press.net\/congo-brazzaville\/#\/schema\/person\/2b1cf3cd81a31e3cd26889ca66d677f1"},"headline":"Am\u00e9nagement urbain : une passerelle pour relier les quartiers 603 et 605","datePublished":"2023-03-16T20:06:28+00:00","dateModified":"2023-03-16T21:19:06+00:00","mainEntityOfPage":{"@id":"https:\/\/www.africa-press.net\/congo-brazzaville\/toutes-les-actualites\/amenagement-urbain-une-passerelle-pour-relier-les-quartiers-603-et-605"},"wordCount":395,"commentCount":0,"image":{"@id":"https:\/\/www.africa-press.net\/congo-brazzaville\/toutes-les-actualites\/amenagement-urbain-une-passerelle-pour-relier-les-quartiers-603-et-605#primaryimage"},"thumbnailUrl":"https:\/\/static.africa-press.net\/congo-brazzaville\/sites\/51\/2023\/03\/postQueueImg_1678984635.51.jpg","keywords":["Africa Press","Africa Press-Congo Brazzaville","Congo Brazzaville"],"articleSection":["Communaut\u00e9","Toutes les actualit\u00e9s"],"inLanguage":"fr-FR","potentialAction":[{"@type":"CommentAction","name":"Comment","target":["https:\/\/www.africa-press.net\/congo-brazzaville\/toutes-les-actualites\/amenagement-urbain-une-passerelle-pour-relier-les-quartiers-603-et-605#respond"]}]},{"@type":"WebPage","@id":"https:\/\/www.africa-press.net\/congo-brazzaville\/toutes-les-actualites\/amenagement-urbain-une-passerelle-pour-relier-les-quartiers-603-et-605","url":"https:\/\/www.africa-press.net\/congo-brazzaville\/toutes-les-actualites\/amenagement-urbain-une-passerelle-pour-relier-les-quartiers-603-et-605","name":"Am\u00e9nagement urbain : une passerelle pour relier les quartiers 603 et 605 - Congo Brazzaville","isPartOf":{"@id":"https:\/\/www.africa-press.net\/congo-brazzaville\/#website"},"primaryImageOfPage":{"@id":"https:\/\/www.africa-press.net\/congo-brazzaville\/toutes-les-actualites\/amenagement-urbain-une-passerelle-pour-relier-les-quartiers-603-et-605#primaryimage"},"image":{"@id":"https:\/\/www.africa-press.net\/congo-brazzaville\/toutes-les-actualites\/amenagement-urbain-une-passerelle-pour-relier-les-quartiers-603-et-605#primaryimage"},"thumbnailUrl":"https:\/\/static.africa-press.net\/congo-brazzaville\/sites\/51\/2023\/03\/postQueueImg_1678984635.51.jpg","datePublished":"2023-03-16T20:06:28+00:00","dateModified":"2023-03-16T21:19:06+00:00","author":{"@id":"https:\/\/www.africa-press.net\/congo-brazzaville\/#\/schema\/person\/2b1cf3cd81a31e3cd26889ca66d677f1"},"description":"Les travaux de construction du pont sur la Tsie\u0301me\u0301 qui va raccorder les quartiers 603 et 605 du sixie\u0300me arrondissem ...","breadcrumb":{"@id":"https:\/\/www.africa-press.net\/congo-brazzaville\/toutes-les-actualites\/amenagement-urbain-une-passerelle-pour-relier-les-quartiers-603-et-605#breadcrumb"},"inLanguage":"fr-FR","potentialAction":[{"@type":"ReadAction","target":["https:\/\/www.africa-press.net\/congo-brazzaville\/toutes-les-actualites\/amenagement-urbain-une-passerelle-pour-relier-les-quartiers-603-et-605"]}]},{"@type":"ImageObject","inLanguage":"fr-FR","@id":"https:\/\/www.africa-press.net\/congo-brazzaville\/toutes-les-actualites\/amenagement-urbain-une-passerelle-pour-relier-les-quartiers-603-et-605#primaryimage","url":"https:\/\/static.africa-press.net\/congo-brazzaville\/sites\/51\/2023\/03\/postQueueImg_1678984635.51.jpg","contentUrl":"https:\/\/static.africa-press.net\/congo-brazzaville\/sites\/51\/2023\/03\/postQueueImg_1678984635.51.jpg","width":1669,"height":768,"caption":"Am\u00e9nagement urbain : une passerelle pour relier les quartiers 603 et 605"},{"@type":"BreadcrumbList","@id":"https:\/\/www.africa-press.net\/congo-brazzaville\/toutes-les-actualites\/amenagement-urbain-une-passerelle-pour-relier-les-quartiers-603-et-605#breadcrumb","itemListElement":[{"@type":"ListItem","position":1,"name":"Accueil","item":"https:\/\/www.africa-press.net\/congo-brazzaville\/"},{"@type":"ListItem","position":2,"name":"Am\u00e9nagement urbain : une passerelle pour relier les quartiers 603 et 605"}]},{"@type":"WebSite","@id":"https:\/\/www.africa-press.net\/congo-brazzaville\/#website","url":"https:\/\/www.africa-press.net\/congo-brazzaville\/","name":"Congo Brazzaville","description":"Just another Africa News Agency Sites site","potentialAction":[{"@type":"SearchAction","target":{"@type":"EntryPoint","urlTemplate":"https:\/\/www.africa-press.net\/congo-brazzaville\/?s={search_term_string}"},"query-input":{"@type":"PropertyValueSpecification","valueRequired":true,"valueName":"search_term_string"}}],"inLanguage":"fr-FR"},{"@type":"Person","@id":"https:\/\/www.africa-press.net\/congo-brazzaville\/#\/schema\/person\/2b1cf3cd81a31e3cd26889ca66d677f1","name":"cfeditorfr"}]}},"_links":{"self":[{"href":"https:\/\/www.africa-press.net\/congo-brazzaville\/wp-json\/wp\/v2\/posts\/15727","targetHints":{"allow":["GET"]}}],"collection":[{"href":"https:\/\/www.africa-press.net\/congo-brazzaville\/wp-json\/wp\/v2\/posts"}],"about":[{"href":"https:\/\/www.africa-press.net\/congo-brazzaville\/wp-json\/wp\/v2\/types\/post"}],"author":[{"embeddable":true,"href":"https:\/\/www.africa-press.net\/congo-brazzaville\/wp-json\/wp\/v2\/users\/82"}],"replies":[{"embeddable":true,"href":"https:\/\/www.africa-press.net\/congo-brazzaville\/wp-json\/wp\/v2\/comments?post=15727"}],"version-history":[{"count":0,"href":"https:\/\/www.africa-press.net\/congo-brazzaville\/wp-json\/wp\/v2\/posts\/15727\/revisions"}],"wp:featuredmedia":[{"embeddable":true,"href":"https:\/\/www.africa-press.net\/congo-brazzaville\/wp-json\/wp\/v2\/media\/15726"}],"wp:attachment":[{"href":"https:\/\/www.africa-press.net\/congo-brazzaville\/wp-json\/wp\/v2\/media?parent=15727"}],"wp:term":[{"taxonomy":"category","embeddable":true,"href":"https:\/\/www.africa-press.net\/congo-brazzaville\/wp-json\/wp\/v2\/categories?post=15727"},{"taxonomy":"post_tag","embeddable":true,"href":"https:\/\/www.africa-press.net\/congo-brazzaville\/wp-json\/wp\/v2\/tags?post=15727"}],"curies":[{"name":"wp","href":"https:\/\/api.w.org\/{rel}","templated":true}]}}