{"id":15746,"date":"2023-03-17T12:36:45","date_gmt":"2023-03-17T12:36:45","guid":{"rendered":"https:\/\/www.africa-press.net\/congo-brazzaville\/politique\/le-saviez-vous-pourquoi-laeroport-maya-maya-sappelle-t-il-ainsi"},"modified":"2023-03-17T12:47:20","modified_gmt":"2023-03-17T12:47:20","slug":"le-saviez-vous-pourquoi-laeroport-maya-maya-sappelle-t-il-ainsi","status":"publish","type":"post","link":"https:\/\/www.africa-press.net\/congo-brazzaville\/toutes-les-actualites\/le-saviez-vous-pourquoi-laeroport-maya-maya-sappelle-t-il-ainsi","title":{"rendered":"Le saviez-vous? Pourquoi l\u2019a\u00e9roport Maya-Maya s\u2019appelle-t-il ainsi ?"},"content":{"rendered":"<p><span style=\"color: #ff6600\"><strong>Africa-Press &#8211; Congo Brazzaville. <\/strong><\/span><b>Comprenant sept passerelles te\u0301lescopiques vitre\u0301es et adapte\u0301es aux avions de types Airbus A380 et Boeing 747-400, l&rsquo;ae\u0301roport Maya\u2013Maya, a\u0300 Brazzaville, a e\u0301te\u0301 construit en deux modules dont le premier a e\u0301te\u0301 livre\u0301 et inaugure\u0301 le 11 aou\u0302t 2010 avec une deuxie\u0300me piste d&rsquo;atterrissage de 3 700 me\u0300tres, et le second le 5 fe\u0301vrier 2014. Zoom sur l\u2019ancien ae\u0301roport de Bacongo vers la fin des anne\u0301es 1950 a\u0300 l\u2019actuel Maya-Maya. <\/b><\/p>\n<p>Le terrain repe\u0301re\u0301 pour le nouvel ae\u0301roport appartenait a\u0300 une famille te\u0301ke\u0301 dont le chef s\u2019appelait Mpiaka. Elle habitait un village implante\u0301 a\u0300 l\u2019emplacement de l\u2019ancienne usine Minoterie et aliments de be\u0301tail ainsi que de la station de concassage de pierres Dalbeira et Boinega.<\/p>\n<p>La famille Mpiaka e\u0301tait proprie\u0301taire d\u2019un vaste terrain allant de l\u2019Orostom a\u0300 Diata jusqu\u2019au carrefour de l\u2019avenue Loutassi. Ce terrain englobait toute la zone de la Patte d\u2019oie, du stade Alphonse-Massamba\u2013De\u0301bat en passant par le co\u0302te\u0301 gauche de l\u2019avenue Loutassi en descendant du quartier Plateau des 15 ans vers Ouenze\u0301, cinquie\u0300me arrondissement de Brazzaville.<\/p>\n<p>Interroge\u0301 par l\u2019e\u0301quipe des colons, M. Mpiaka ne comprenant pas la langue franc\u0327aise appela en te\u0301ke\u0301 son neveu scolarise\u0301 en prononc\u0327ant \u00ab maya, maya \u00bb, autrement dit \u00ab viens, viens \u00bb.<\/p>\n<p>Comme dans de nombreux cas de malentendus, lors des premiers contacts entre explorateurs blancs et la population africaine, ces techniciens avaient cru que la zone du terrain qu\u2019ils avaient repe\u0301re\u0301e s\u2019appelait Maya-Maya. Le nouvel ae\u0301roport fut appele\u0301 ainsi, en abandonnant la pause observe\u0301e en langue te\u0301ke\u0301 entre \u00ab maya, maya \u00bb car la virgule fut depuis remplace\u0301e par un trait d\u2019union \u00ab Maya-Maya \u00bb<\/p>\n<p>Pour la petite histoire, au de\u0301but des anne\u0301es 1950 apparurent les premiers avions a\u0300 re\u0301action civils, destine\u0301s au transport des passagers, avec une vitesse de croisie\u0300re porte\u0301e au double de celle des avions a\u0300 he\u0301lices. Les avions a\u0300 re\u0301action ayant besoin d\u2019une piste plus longue, celle de l\u2019avenue Matsoua, trop courte, ne pouvait e\u0302tre rallonge\u0301e en direction du fleuve Congo, du co\u0302te\u0301 du quartier Mbama et de la Case-de-Gaulle toute proche, ni du co\u0302te\u0301 de Moukoundzi-Ngouaka, avec la proximite\u0301 du ravin du cours d\u2019eau Malari-Some\u0301 qui coule en contrebas du quartier Cha\u0302teau d\u2019eau. Il n\u2019y avait pas d\u2019autres choix que de de\u0301localiser l\u2019ae\u0301roport de Bacongo pour pouvoir construire une piste plus longue et approprie\u0301e afin d\u2019accueillir les nouveaux avions e\u0301quipe\u0301s de moteurs a\u0300 re\u0301action. De\u0300s la fin de la Seconde Guerre mondiale, une e\u0301quipe technique franc\u0327aise fut charge\u0301e de chercher un terrain pour la construction du nouvel ae\u0301roport. Elle repe\u0301ra le plateau de\u0301limite\u0301 par la fore\u0302t de la Patte d\u2019oie, la rivie\u0300re Mfilou et la de\u0301pression de Moungali.<\/p>\n<p>C\u2019est en octobre 1951 que fut inaugure\u0301 a\u0300 Brazzaville le vol de l\u2019avion Constellation, un grand quadrimoteur a\u0300 he\u0301lices qui avait une autonomie de vol plus importante, effectuant la ligne Paris\/Douala\/Brazzaville en dix-sept heures environ. En 1954, les DC 6 apparurent a\u0300 Brazzaville, avec une liaison hebdomadaire entre Paris et Brazzaville, passant par Alger, Niamey, Fort-Lamy, Douala, Libreville, Pointe-Noire, pour remonter sur Marseille ou Nice. Finalement, ce n\u2019est qu\u2019en 1960 que Maya-Maya commenc\u0327a a\u0300 accueillir les premiers avions a\u0300 re\u0301action avec le Boeing 707 d\u2019Air France et le DC-8 d\u2019UAT, sur la liaison Paris\/Douala\/Brazzaville.<\/p>\n<p><strong>Pour plus d&rsquo;informations et d&rsquo;analyses sur la <a href=\"https:\/\/www.africa-press.net\/congo-brazzaville\">Congo Brazzaville<\/a>, suivez <a href=\"https:\/\/www.africa-press.net\/\">Africa-Press<\/a><\/strong><\/p>\n","protected":false},"excerpt":{"rendered":"<p>Africa-Press &#8211; Congo Brazzaville. Comprenant sept passerelles te\u0301lescopiques vitre\u0301es et adapte\u0301es aux avions de types Airbus A380 et Boeing 747-400, l&rsquo;ae\u0301roport Maya\u2013Maya, a\u0300 Brazzaville, a e\u0301te\u0301 construit en deux modules dont le premier a e\u0301te\u0301 livre\u0301 et inaugure\u0301 le 11 aou\u0302t 2010 avec une deuxie\u0300me piste d&rsquo;atterrissage de 3 700 me\u0300tres, et le second le [&hellip;]<\/p>\n","protected":false},"author":82,"featured_media":15745,"comment_status":"open","ping_status":"closed","sticky":false,"template":"","format":"standard","meta":{"footnotes":""},"categories":[22,49,10],"tags":[36,47,46],"class_list":["post-15746","post","type-post","status-publish","format-standard","has-post-thumbnail","hentry","category-divers","category-to-homepage","category-toutes-les-actualites","tag-africa-press","tag-africa-press-congo-brazzaville","tag-congo-brazzaville"],"yoast_head":"<!-- This site is optimized with the Yoast SEO Premium plugin v26.1 (Yoast SEO v27.0) - https:\/\/yoast.com\/product\/yoast-seo-premium-wordpress\/ -->\n<title>Le saviez-vous? Pourquoi l\u2019a\u00e9roport Maya-Maya s\u2019appelle-t-il ainsi ? - Congo Brazzaville<\/title>\n<meta name=\"description\" content=\"Comprenant sept passerelles te\u0301lescopiques vitre\u0301es et adapte\u0301es aux avions de types Airbus A380 et Boeing 747-400, l ...\" \/>\n<meta name=\"robots\" content=\"index, follow, max-snippet:-1, max-image-preview:large, max-video-preview:-1\" \/>\n<link rel=\"canonical\" href=\"https:\/\/www.africa-press.net\/congo-brazzaville\/toutes-les-actualites\/le-saviez-vous-pourquoi-laeroport-maya-maya-sappelle-t-il-ainsi\" \/>\n<meta property=\"og:locale\" content=\"fr_FR\" \/>\n<meta property=\"og:type\" content=\"article\" \/>\n<meta property=\"og:title\" content=\"Le saviez-vous? Pourquoi l\u2019a\u00e9roport Maya-Maya s\u2019appelle-t-il ainsi ?\" \/>\n<meta property=\"og:description\" content=\"Comprenant sept passerelles te\u0301lescopiques vitre\u0301es et adapte\u0301es aux avions de types Airbus A380 et Boeing 747-400, l ...\" \/>\n<meta property=\"og:url\" content=\"https:\/\/www.africa-press.net\/congo-brazzaville\/toutes-les-actualites\/le-saviez-vous-pourquoi-laeroport-maya-maya-sappelle-t-il-ainsi\" \/>\n<meta property=\"og:site_name\" content=\"Congo Brazzaville\" \/>\n<meta property=\"article:published_time\" content=\"2023-03-17T12:36:45+00:00\" \/>\n<meta property=\"article:modified_time\" content=\"2023-03-17T12:47:20+00:00\" \/>\n<meta property=\"og:image\" content=\"https:\/\/static.africa-press.net\/congo-brazzaville\/sites\/51\/2023\/03\/postQueueImg_1679044020.04.jpg\" \/>\n\t<meta property=\"og:image:width\" content=\"890\" \/>\n\t<meta property=\"og:image:height\" content=\"395\" \/>\n\t<meta property=\"og:image:type\" content=\"image\/jpeg\" \/>\n<meta name=\"author\" content=\"cfeditorfr\" \/>\n<meta name=\"twitter:card\" content=\"summary_large_image\" \/>\n<meta name=\"twitter:label1\" content=\"\u00c9crit par\" \/>\n\t<meta name=\"twitter:data1\" content=\"cfeditorfr\" \/>\n\t<meta name=\"twitter:label2\" content=\"Dur\u00e9e de lecture estim\u00e9e\" \/>\n\t<meta name=\"twitter:data2\" content=\"3 minutes\" \/>\n<script type=\"application\/ld+json\" class=\"yoast-schema-graph\">{\"@context\":\"https:\/\/schema.org\",\"@graph\":[{\"@type\":\"Article\",\"@id\":\"https:\/\/www.africa-press.net\/congo-brazzaville\/toutes-les-actualites\/le-saviez-vous-pourquoi-laeroport-maya-maya-sappelle-t-il-ainsi#article\",\"isPartOf\":{\"@id\":\"https:\/\/www.africa-press.net\/congo-brazzaville\/toutes-les-actualites\/le-saviez-vous-pourquoi-laeroport-maya-maya-sappelle-t-il-ainsi\"},\"author\":{\"name\":\"cfeditorfr\",\"@id\":\"https:\/\/www.africa-press.net\/congo-brazzaville\/#\/schema\/person\/2b1cf3cd81a31e3cd26889ca66d677f1\"},\"headline\":\"Le saviez-vous? Pourquoi l\u2019a\u00e9roport Maya-Maya s\u2019appelle-t-il ainsi ?\",\"datePublished\":\"2023-03-17T12:36:45+00:00\",\"dateModified\":\"2023-03-17T12:47:20+00:00\",\"mainEntityOfPage\":{\"@id\":\"https:\/\/www.africa-press.net\/congo-brazzaville\/toutes-les-actualites\/le-saviez-vous-pourquoi-laeroport-maya-maya-sappelle-t-il-ainsi\"},\"wordCount\":630,\"commentCount\":0,\"image\":{\"@id\":\"https:\/\/www.africa-press.net\/congo-brazzaville\/toutes-les-actualites\/le-saviez-vous-pourquoi-laeroport-maya-maya-sappelle-t-il-ainsi#primaryimage\"},\"thumbnailUrl\":\"https:\/\/static.africa-press.net\/congo-brazzaville\/sites\/51\/2023\/03\/postQueueImg_1679044020.04.jpg\",\"keywords\":[\"Africa Press\",\"Africa Press-Congo Brazzaville\",\"Congo Brazzaville\"],\"articleSection\":[\"Divers\",\"to-homepage\",\"Toutes les actualit\u00e9s\"],\"inLanguage\":\"fr-FR\",\"potentialAction\":[{\"@type\":\"CommentAction\",\"name\":\"Comment\",\"target\":[\"https:\/\/www.africa-press.net\/congo-brazzaville\/toutes-les-actualites\/le-saviez-vous-pourquoi-laeroport-maya-maya-sappelle-t-il-ainsi#respond\"]}]},{\"@type\":\"WebPage\",\"@id\":\"https:\/\/www.africa-press.net\/congo-brazzaville\/toutes-les-actualites\/le-saviez-vous-pourquoi-laeroport-maya-maya-sappelle-t-il-ainsi\",\"url\":\"https:\/\/www.africa-press.net\/congo-brazzaville\/toutes-les-actualites\/le-saviez-vous-pourquoi-laeroport-maya-maya-sappelle-t-il-ainsi\",\"name\":\"Le saviez-vous? Pourquoi l\u2019a\u00e9roport Maya-Maya s\u2019appelle-t-il ainsi ? - Congo Brazzaville\",\"isPartOf\":{\"@id\":\"https:\/\/www.africa-press.net\/congo-brazzaville\/#website\"},\"primaryImageOfPage\":{\"@id\":\"https:\/\/www.africa-press.net\/congo-brazzaville\/toutes-les-actualites\/le-saviez-vous-pourquoi-laeroport-maya-maya-sappelle-t-il-ainsi#primaryimage\"},\"image\":{\"@id\":\"https:\/\/www.africa-press.net\/congo-brazzaville\/toutes-les-actualites\/le-saviez-vous-pourquoi-laeroport-maya-maya-sappelle-t-il-ainsi#primaryimage\"},\"thumbnailUrl\":\"https:\/\/static.africa-press.net\/congo-brazzaville\/sites\/51\/2023\/03\/postQueueImg_1679044020.04.jpg\",\"datePublished\":\"2023-03-17T12:36:45+00:00\",\"dateModified\":\"2023-03-17T12:47:20+00:00\",\"author\":{\"@id\":\"https:\/\/www.africa-press.net\/congo-brazzaville\/#\/schema\/person\/2b1cf3cd81a31e3cd26889ca66d677f1\"},\"description\":\"Comprenant sept passerelles te\u0301lescopiques vitre\u0301es et adapte\u0301es aux avions de types Airbus A380 et Boeing 747-400, l ...\",\"breadcrumb\":{\"@id\":\"https:\/\/www.africa-press.net\/congo-brazzaville\/toutes-les-actualites\/le-saviez-vous-pourquoi-laeroport-maya-maya-sappelle-t-il-ainsi#breadcrumb\"},\"inLanguage\":\"fr-FR\",\"potentialAction\":[{\"@type\":\"ReadAction\",\"target\":[\"https:\/\/www.africa-press.net\/congo-brazzaville\/toutes-les-actualites\/le-saviez-vous-pourquoi-laeroport-maya-maya-sappelle-t-il-ainsi\"]}]},{\"@type\":\"ImageObject\",\"inLanguage\":\"fr-FR\",\"@id\":\"https:\/\/www.africa-press.net\/congo-brazzaville\/toutes-les-actualites\/le-saviez-vous-pourquoi-laeroport-maya-maya-sappelle-t-il-ainsi#primaryimage\",\"url\":\"https:\/\/static.africa-press.net\/congo-brazzaville\/sites\/51\/2023\/03\/postQueueImg_1679044020.04.jpg\",\"contentUrl\":\"https:\/\/static.africa-press.net\/congo-brazzaville\/sites\/51\/2023\/03\/postQueueImg_1679044020.04.jpg\",\"width\":890,\"height\":395,\"caption\":\"Le saviez-vous? Pourquoi l\u2019a\u00e9roport Maya-Maya s\u2019appelle-t-il ainsi ?\"},{\"@type\":\"BreadcrumbList\",\"@id\":\"https:\/\/www.africa-press.net\/congo-brazzaville\/toutes-les-actualites\/le-saviez-vous-pourquoi-laeroport-maya-maya-sappelle-t-il-ainsi#breadcrumb\",\"itemListElement\":[{\"@type\":\"ListItem\",\"position\":1,\"name\":\"Accueil\",\"item\":\"https:\/\/www.africa-press.net\/congo-brazzaville\/\"},{\"@type\":\"ListItem\",\"position\":2,\"name\":\"Le saviez-vous? Pourquoi l\u2019a\u00e9roport Maya-Maya s\u2019appelle-t-il ainsi ?\"}]},{\"@type\":\"WebSite\",\"@id\":\"https:\/\/www.africa-press.net\/congo-brazzaville\/#website\",\"url\":\"https:\/\/www.africa-press.net\/congo-brazzaville\/\",\"name\":\"Congo Brazzaville\",\"description\":\"Just another Africa News Agency Sites site\",\"potentialAction\":[{\"@type\":\"SearchAction\",\"target\":{\"@type\":\"EntryPoint\",\"urlTemplate\":\"https:\/\/www.africa-press.net\/congo-brazzaville\/?s={search_term_string}\"},\"query-input\":{\"@type\":\"PropertyValueSpecification\",\"valueRequired\":true,\"valueName\":\"search_term_string\"}}],\"inLanguage\":\"fr-FR\"},{\"@type\":\"Person\",\"@id\":\"https:\/\/www.africa-press.net\/congo-brazzaville\/#\/schema\/person\/2b1cf3cd81a31e3cd26889ca66d677f1\",\"name\":\"cfeditorfr\"}]}<\/script>\n<!-- \/ Yoast SEO Premium plugin. -->","yoast_head_json":{"title":"Le saviez-vous? Pourquoi l\u2019a\u00e9roport Maya-Maya s\u2019appelle-t-il ainsi ? - Congo Brazzaville","description":"Comprenant sept passerelles te\u0301lescopiques vitre\u0301es et adapte\u0301es aux avions de types Airbus A380 et Boeing 747-400, l ...","robots":{"index":"index","follow":"follow","max-snippet":"max-snippet:-1","max-image-preview":"max-image-preview:large","max-video-preview":"max-video-preview:-1"},"canonical":"https:\/\/www.africa-press.net\/congo-brazzaville\/toutes-les-actualites\/le-saviez-vous-pourquoi-laeroport-maya-maya-sappelle-t-il-ainsi","og_locale":"fr_FR","og_type":"article","og_title":"Le saviez-vous? Pourquoi l\u2019a\u00e9roport Maya-Maya s\u2019appelle-t-il ainsi ?","og_description":"Comprenant sept passerelles te\u0301lescopiques vitre\u0301es et adapte\u0301es aux avions de types Airbus A380 et Boeing 747-400, l ...","og_url":"https:\/\/www.africa-press.net\/congo-brazzaville\/toutes-les-actualites\/le-saviez-vous-pourquoi-laeroport-maya-maya-sappelle-t-il-ainsi","og_site_name":"Congo Brazzaville","article_published_time":"2023-03-17T12:36:45+00:00","article_modified_time":"2023-03-17T12:47:20+00:00","og_image":[{"width":890,"height":395,"url":"https:\/\/static.africa-press.net\/congo-brazzaville\/sites\/51\/2023\/03\/postQueueImg_1679044020.04.jpg","type":"image\/jpeg"}],"author":"cfeditorfr","twitter_card":"summary_large_image","twitter_misc":{"\u00c9crit par":"cfeditorfr","Dur\u00e9e de lecture estim\u00e9e":"3 minutes"},"schema":{"@context":"https:\/\/schema.org","@graph":[{"@type":"Article","@id":"https:\/\/www.africa-press.net\/congo-brazzaville\/toutes-les-actualites\/le-saviez-vous-pourquoi-laeroport-maya-maya-sappelle-t-il-ainsi#article","isPartOf":{"@id":"https:\/\/www.africa-press.net\/congo-brazzaville\/toutes-les-actualites\/le-saviez-vous-pourquoi-laeroport-maya-maya-sappelle-t-il-ainsi"},"author":{"name":"cfeditorfr","@id":"https:\/\/www.africa-press.net\/congo-brazzaville\/#\/schema\/person\/2b1cf3cd81a31e3cd26889ca66d677f1"},"headline":"Le saviez-vous? Pourquoi l\u2019a\u00e9roport Maya-Maya s\u2019appelle-t-il ainsi ?","datePublished":"2023-03-17T12:36:45+00:00","dateModified":"2023-03-17T12:47:20+00:00","mainEntityOfPage":{"@id":"https:\/\/www.africa-press.net\/congo-brazzaville\/toutes-les-actualites\/le-saviez-vous-pourquoi-laeroport-maya-maya-sappelle-t-il-ainsi"},"wordCount":630,"commentCount":0,"image":{"@id":"https:\/\/www.africa-press.net\/congo-brazzaville\/toutes-les-actualites\/le-saviez-vous-pourquoi-laeroport-maya-maya-sappelle-t-il-ainsi#primaryimage"},"thumbnailUrl":"https:\/\/static.africa-press.net\/congo-brazzaville\/sites\/51\/2023\/03\/postQueueImg_1679044020.04.jpg","keywords":["Africa Press","Africa Press-Congo Brazzaville","Congo Brazzaville"],"articleSection":["Divers","to-homepage","Toutes les actualit\u00e9s"],"inLanguage":"fr-FR","potentialAction":[{"@type":"CommentAction","name":"Comment","target":["https:\/\/www.africa-press.net\/congo-brazzaville\/toutes-les-actualites\/le-saviez-vous-pourquoi-laeroport-maya-maya-sappelle-t-il-ainsi#respond"]}]},{"@type":"WebPage","@id":"https:\/\/www.africa-press.net\/congo-brazzaville\/toutes-les-actualites\/le-saviez-vous-pourquoi-laeroport-maya-maya-sappelle-t-il-ainsi","url":"https:\/\/www.africa-press.net\/congo-brazzaville\/toutes-les-actualites\/le-saviez-vous-pourquoi-laeroport-maya-maya-sappelle-t-il-ainsi","name":"Le saviez-vous? Pourquoi l\u2019a\u00e9roport Maya-Maya s\u2019appelle-t-il ainsi ? - Congo Brazzaville","isPartOf":{"@id":"https:\/\/www.africa-press.net\/congo-brazzaville\/#website"},"primaryImageOfPage":{"@id":"https:\/\/www.africa-press.net\/congo-brazzaville\/toutes-les-actualites\/le-saviez-vous-pourquoi-laeroport-maya-maya-sappelle-t-il-ainsi#primaryimage"},"image":{"@id":"https:\/\/www.africa-press.net\/congo-brazzaville\/toutes-les-actualites\/le-saviez-vous-pourquoi-laeroport-maya-maya-sappelle-t-il-ainsi#primaryimage"},"thumbnailUrl":"https:\/\/static.africa-press.net\/congo-brazzaville\/sites\/51\/2023\/03\/postQueueImg_1679044020.04.jpg","datePublished":"2023-03-17T12:36:45+00:00","dateModified":"2023-03-17T12:47:20+00:00","author":{"@id":"https:\/\/www.africa-press.net\/congo-brazzaville\/#\/schema\/person\/2b1cf3cd81a31e3cd26889ca66d677f1"},"description":"Comprenant sept passerelles te\u0301lescopiques vitre\u0301es et adapte\u0301es aux avions de types Airbus A380 et Boeing 747-400, l ...","breadcrumb":{"@id":"https:\/\/www.africa-press.net\/congo-brazzaville\/toutes-les-actualites\/le-saviez-vous-pourquoi-laeroport-maya-maya-sappelle-t-il-ainsi#breadcrumb"},"inLanguage":"fr-FR","potentialAction":[{"@type":"ReadAction","target":["https:\/\/www.africa-press.net\/congo-brazzaville\/toutes-les-actualites\/le-saviez-vous-pourquoi-laeroport-maya-maya-sappelle-t-il-ainsi"]}]},{"@type":"ImageObject","inLanguage":"fr-FR","@id":"https:\/\/www.africa-press.net\/congo-brazzaville\/toutes-les-actualites\/le-saviez-vous-pourquoi-laeroport-maya-maya-sappelle-t-il-ainsi#primaryimage","url":"https:\/\/static.africa-press.net\/congo-brazzaville\/sites\/51\/2023\/03\/postQueueImg_1679044020.04.jpg","contentUrl":"https:\/\/static.africa-press.net\/congo-brazzaville\/sites\/51\/2023\/03\/postQueueImg_1679044020.04.jpg","width":890,"height":395,"caption":"Le saviez-vous? Pourquoi l\u2019a\u00e9roport Maya-Maya s\u2019appelle-t-il ainsi ?"},{"@type":"BreadcrumbList","@id":"https:\/\/www.africa-press.net\/congo-brazzaville\/toutes-les-actualites\/le-saviez-vous-pourquoi-laeroport-maya-maya-sappelle-t-il-ainsi#breadcrumb","itemListElement":[{"@type":"ListItem","position":1,"name":"Accueil","item":"https:\/\/www.africa-press.net\/congo-brazzaville\/"},{"@type":"ListItem","position":2,"name":"Le saviez-vous? Pourquoi l\u2019a\u00e9roport Maya-Maya s\u2019appelle-t-il ainsi ?"}]},{"@type":"WebSite","@id":"https:\/\/www.africa-press.net\/congo-brazzaville\/#website","url":"https:\/\/www.africa-press.net\/congo-brazzaville\/","name":"Congo Brazzaville","description":"Just another Africa News Agency Sites site","potentialAction":[{"@type":"SearchAction","target":{"@type":"EntryPoint","urlTemplate":"https:\/\/www.africa-press.net\/congo-brazzaville\/?s={search_term_string}"},"query-input":{"@type":"PropertyValueSpecification","valueRequired":true,"valueName":"search_term_string"}}],"inLanguage":"fr-FR"},{"@type":"Person","@id":"https:\/\/www.africa-press.net\/congo-brazzaville\/#\/schema\/person\/2b1cf3cd81a31e3cd26889ca66d677f1","name":"cfeditorfr"}]}},"_links":{"self":[{"href":"https:\/\/www.africa-press.net\/congo-brazzaville\/wp-json\/wp\/v2\/posts\/15746","targetHints":{"allow":["GET"]}}],"collection":[{"href":"https:\/\/www.africa-press.net\/congo-brazzaville\/wp-json\/wp\/v2\/posts"}],"about":[{"href":"https:\/\/www.africa-press.net\/congo-brazzaville\/wp-json\/wp\/v2\/types\/post"}],"author":[{"embeddable":true,"href":"https:\/\/www.africa-press.net\/congo-brazzaville\/wp-json\/wp\/v2\/users\/82"}],"replies":[{"embeddable":true,"href":"https:\/\/www.africa-press.net\/congo-brazzaville\/wp-json\/wp\/v2\/comments?post=15746"}],"version-history":[{"count":0,"href":"https:\/\/www.africa-press.net\/congo-brazzaville\/wp-json\/wp\/v2\/posts\/15746\/revisions"}],"wp:featuredmedia":[{"embeddable":true,"href":"https:\/\/www.africa-press.net\/congo-brazzaville\/wp-json\/wp\/v2\/media\/15745"}],"wp:attachment":[{"href":"https:\/\/www.africa-press.net\/congo-brazzaville\/wp-json\/wp\/v2\/media?parent=15746"}],"wp:term":[{"taxonomy":"category","embeddable":true,"href":"https:\/\/www.africa-press.net\/congo-brazzaville\/wp-json\/wp\/v2\/categories?post=15746"},{"taxonomy":"post_tag","embeddable":true,"href":"https:\/\/www.africa-press.net\/congo-brazzaville\/wp-json\/wp\/v2\/tags?post=15746"}],"curies":[{"name":"wp","href":"https:\/\/api.w.org\/{rel}","templated":true}]}}