{"id":15749,"date":"2023-03-17T12:37:08","date_gmt":"2023-03-17T12:37:08","guid":{"rendered":"https:\/\/www.africa-press.net\/congo-brazzaville\/politique\/societe-reveillez-vous-cest-la-journee-mondiale-du-sommeil"},"modified":"2023-03-17T12:48:13","modified_gmt":"2023-03-17T12:48:13","slug":"societe-reveillez-vous-cest-la-journee-mondiale-du-sommeil","status":"publish","type":"post","link":"https:\/\/www.africa-press.net\/congo-brazzaville\/toutes-les-actualites\/societe-reveillez-vous-cest-la-journee-mondiale-du-sommeil","title":{"rendered":"Soci\u00e9t\u00e9 : r\u00e9veillez-vous, c\u2019est la Journ\u00e9e mondiale du sommeil !"},"content":{"rendered":"<p><span style=\"color: #ff6600\"><strong>Africa-Press &#8211; Congo Brazzaville. <\/strong><\/span><b>En soire\u0301e, faites en sorte que votre diner soit le\u0301ger, hydratez-vous, prenez une douche tie\u0300de avant d\u2019aller vous coucher, dormez a\u0300 des heures re\u0301gulie\u0300res pour pre\u0301server un bon rythme biologique et tout ira mieux !<\/b><\/p>\n<p>C\u2019est dire l\u2019importance d\u2019un bon sommeil : a\u0300 60 ans, vous aurez passe\u0301 20 ans de votre vie a\u0300 dormir ! Ca pourrait e\u0302tre des chiffres a\u0300 dormir debout. Ils sont pourtant bien re\u0301els. Avant un peu de lecture pour s\u2019endormir dans les bras de Morphe\u0301e, de\u0301esse du sommeil dans la mythologie grecque, et apre\u0300s avoir appris finalement que Morphe\u0301e e\u0301tait un homme, fils d\u2019Hypnos, dieu du sommeil et de Nyx, de\u0301esse de la nuit, faut-il, en ce 17mars, rester au lit toute la journe\u0301e pour ce\u0301le\u0301brer cette journe\u0301e mondiale ? Que nenni. Gardons pluto\u0302t nos yeux ouverts pour en savoir un peu plus.<\/p>\n<p>Le ro\u0302le du sommeil est un facteur de\u0301terminant pour la sante\u0301, peut-e\u0302tre pas de quoi en faire un cauchemar mais il convient de rester me\u0301fiant et ne dormir que d\u2019un \u0153il pour garder l\u2019autre ouvert a\u0300 se poser les bonnes questions. Votre sommeil est-il suffisant et re\u0301parateur ? Quel risque pour la population congolaise ou\u0300 la chambre, non climatise\u0301e, est partage\u0301e bien souvent a\u0300 plusieurs et parfois avec plusieurs personnes sur un seul matelas mousse a\u0300 me\u0302me le sol ? En cette saison des pluies, chaleur de tempe\u0301rature et chaleur corporelle ne favorisent pas les bonnes conditions d\u2019endormissement malgre\u0301 le ventilo bruyant qui ne fait que balayer un air chaud. Quelles conse\u0301quences ?<\/p>\n<p>Il est e\u0301vident pour une majorite\u0301 de la population congolaise qu\u2019entre chaleur, moustiques, communaute\u0301 de chambre, mauvais matelas, environnement sonore, la qualite\u0301 du sommeil est force\u0301ment mise a\u0300 mal. De nombreuses e\u0301tudes scientifiques ont conclu que sept heures de sommeil constituent chez l\u2019adulte la dure\u0301e optimale pour la sante\u0301 mentale, le bien-e\u0302tre et les performances cognitives, le manque de sommeil ayant de possibles incidences quant a\u0300 l\u2019hypertension et maladies cardiaques. Un rythme de sommeil irre\u0301gulier entrai\u0302nera quant a\u0300 lui de possibles facteurs de surpoids et de diabe\u0300te sans compter qu\u2019un mauvais sommeil entrai\u0302ne troubles de l\u2019humeur et baisse de l\u2019attention, voire de de\u0301pression. Obe\u0301site\u0301, maladies cardio-vasculaires, diabe\u0300te, choleste\u0301rol, troubles psychologiques, bref nous voila\u0300 dans de beaux draps et on pourrait passer la nuit a\u0300 e\u0301crire par le de\u0301tail les effets ne\u0301gatifs d\u2019un mauvais sommeil sur la sante\u0301. Manque de chance car, a\u0300 contrario, l\u2019hypersomnie, a\u0300 savoir dormir plus de 10 heures par jour aurait, plus ou moins, les me\u0302mes conse\u0301quences. La nuit portant conseil, il vous faudra donc songer au lendemain a\u0300 la qualite\u0301 de votre sommeil et son incidence sur votre sante\u0301.<\/p>\n<p><strong>Pour plus d&rsquo;informations et d&rsquo;analyses sur la <a href=\"https:\/\/www.africa-press.net\/congo-brazzaville\">Congo Brazzaville<\/a>, suivez <a href=\"https:\/\/www.africa-press.net\/\">Africa-Press<\/a><\/strong><\/p>\n","protected":false},"excerpt":{"rendered":"<p>Africa-Press &#8211; Congo Brazzaville. En soire\u0301e, faites en sorte que votre diner soit le\u0301ger, hydratez-vous, prenez une douche tie\u0300de avant d\u2019aller vous coucher, dormez a\u0300 des heures re\u0301gulie\u0300res pour pre\u0301server un bon rythme biologique et tout ira mieux ! C\u2019est dire l\u2019importance d\u2019un bon sommeil : a\u0300 60 ans, vous aurez passe\u0301 20 ans de [&hellip;]<\/p>\n","protected":false},"author":82,"featured_media":15747,"comment_status":"open","ping_status":"closed","sticky":false,"template":"","format":"standard","meta":{"footnotes":""},"categories":[21,10],"tags":[36,47,46],"class_list":["post-15749","post","type-post","status-publish","format-standard","has-post-thumbnail","hentry","category-communaute","category-toutes-les-actualites","tag-africa-press","tag-africa-press-congo-brazzaville","tag-congo-brazzaville"],"yoast_head":"<!-- This site is optimized with the Yoast SEO Premium plugin v26.1 (Yoast SEO v27.0) - https:\/\/yoast.com\/product\/yoast-seo-premium-wordpress\/ -->\n<title>Soci\u00e9t\u00e9 : r\u00e9veillez-vous, c\u2019est la Journ\u00e9e mondiale du sommeil ! - Congo Brazzaville<\/title>\n<meta name=\"description\" content=\"En soire\u0301e, faites en sorte que votre diner soit le\u0301ger, hydratez-vous, prenez une douche tie\u0300de avant d\u2019aller vous c ...\" \/>\n<meta name=\"robots\" content=\"index, follow, max-snippet:-1, max-image-preview:large, max-video-preview:-1\" \/>\n<link rel=\"canonical\" href=\"https:\/\/www.africa-press.net\/congo-brazzaville\/toutes-les-actualites\/societe-reveillez-vous-cest-la-journee-mondiale-du-sommeil\" \/>\n<meta property=\"og:locale\" content=\"fr_FR\" \/>\n<meta property=\"og:type\" content=\"article\" \/>\n<meta property=\"og:title\" content=\"Soci\u00e9t\u00e9 : r\u00e9veillez-vous, c\u2019est la Journ\u00e9e mondiale du sommeil !\" \/>\n<meta property=\"og:description\" content=\"En soire\u0301e, faites en sorte que votre diner soit le\u0301ger, hydratez-vous, prenez une douche tie\u0300de avant d\u2019aller vous c ...\" \/>\n<meta property=\"og:url\" content=\"https:\/\/www.africa-press.net\/congo-brazzaville\/toutes-les-actualites\/societe-reveillez-vous-cest-la-journee-mondiale-du-sommeil\" \/>\n<meta property=\"og:site_name\" content=\"Congo Brazzaville\" \/>\n<meta property=\"article:published_time\" content=\"2023-03-17T12:37:08+00:00\" \/>\n<meta property=\"article:modified_time\" content=\"2023-03-17T12:48:13+00:00\" \/>\n<meta property=\"og:image\" content=\"https:\/\/static.africa-press.net\/congo-brazzaville\/sites\/51\/2023\/03\/postQueueImg_1679044032.32.jpg\" \/>\n\t<meta property=\"og:image:width\" content=\"1187\" \/>\n\t<meta property=\"og:image:height\" content=\"792\" \/>\n\t<meta property=\"og:image:type\" content=\"image\/jpeg\" \/>\n<meta name=\"author\" content=\"cfeditorfr\" \/>\n<meta name=\"twitter:card\" content=\"summary_large_image\" \/>\n<meta name=\"twitter:label1\" content=\"\u00c9crit par\" \/>\n\t<meta name=\"twitter:data1\" content=\"cfeditorfr\" \/>\n\t<meta name=\"twitter:label2\" content=\"Dur\u00e9e de lecture estim\u00e9e\" \/>\n\t<meta name=\"twitter:data2\" content=\"3 minutes\" \/>\n<script type=\"application\/ld+json\" class=\"yoast-schema-graph\">{\"@context\":\"https:\/\/schema.org\",\"@graph\":[{\"@type\":\"Article\",\"@id\":\"https:\/\/www.africa-press.net\/congo-brazzaville\/toutes-les-actualites\/societe-reveillez-vous-cest-la-journee-mondiale-du-sommeil#article\",\"isPartOf\":{\"@id\":\"https:\/\/www.africa-press.net\/congo-brazzaville\/toutes-les-actualites\/societe-reveillez-vous-cest-la-journee-mondiale-du-sommeil\"},\"author\":{\"name\":\"cfeditorfr\",\"@id\":\"https:\/\/www.africa-press.net\/congo-brazzaville\/#\/schema\/person\/2b1cf3cd81a31e3cd26889ca66d677f1\"},\"headline\":\"Soci\u00e9t\u00e9 : r\u00e9veillez-vous, c\u2019est la Journ\u00e9e mondiale du sommeil !\",\"datePublished\":\"2023-03-17T12:37:08+00:00\",\"dateModified\":\"2023-03-17T12:48:13+00:00\",\"mainEntityOfPage\":{\"@id\":\"https:\/\/www.africa-press.net\/congo-brazzaville\/toutes-les-actualites\/societe-reveillez-vous-cest-la-journee-mondiale-du-sommeil\"},\"wordCount\":518,\"commentCount\":0,\"image\":{\"@id\":\"https:\/\/www.africa-press.net\/congo-brazzaville\/toutes-les-actualites\/societe-reveillez-vous-cest-la-journee-mondiale-du-sommeil#primaryimage\"},\"thumbnailUrl\":\"https:\/\/static.africa-press.net\/congo-brazzaville\/sites\/51\/2023\/03\/postQueueImg_1679044032.32.jpg\",\"keywords\":[\"Africa Press\",\"Africa Press-Congo Brazzaville\",\"Congo Brazzaville\"],\"articleSection\":[\"Communaut\u00e9\",\"Toutes les actualit\u00e9s\"],\"inLanguage\":\"fr-FR\",\"potentialAction\":[{\"@type\":\"CommentAction\",\"name\":\"Comment\",\"target\":[\"https:\/\/www.africa-press.net\/congo-brazzaville\/toutes-les-actualites\/societe-reveillez-vous-cest-la-journee-mondiale-du-sommeil#respond\"]}]},{\"@type\":\"WebPage\",\"@id\":\"https:\/\/www.africa-press.net\/congo-brazzaville\/toutes-les-actualites\/societe-reveillez-vous-cest-la-journee-mondiale-du-sommeil\",\"url\":\"https:\/\/www.africa-press.net\/congo-brazzaville\/toutes-les-actualites\/societe-reveillez-vous-cest-la-journee-mondiale-du-sommeil\",\"name\":\"Soci\u00e9t\u00e9 : r\u00e9veillez-vous, c\u2019est la Journ\u00e9e mondiale du sommeil ! - Congo Brazzaville\",\"isPartOf\":{\"@id\":\"https:\/\/www.africa-press.net\/congo-brazzaville\/#website\"},\"primaryImageOfPage\":{\"@id\":\"https:\/\/www.africa-press.net\/congo-brazzaville\/toutes-les-actualites\/societe-reveillez-vous-cest-la-journee-mondiale-du-sommeil#primaryimage\"},\"image\":{\"@id\":\"https:\/\/www.africa-press.net\/congo-brazzaville\/toutes-les-actualites\/societe-reveillez-vous-cest-la-journee-mondiale-du-sommeil#primaryimage\"},\"thumbnailUrl\":\"https:\/\/static.africa-press.net\/congo-brazzaville\/sites\/51\/2023\/03\/postQueueImg_1679044032.32.jpg\",\"datePublished\":\"2023-03-17T12:37:08+00:00\",\"dateModified\":\"2023-03-17T12:48:13+00:00\",\"author\":{\"@id\":\"https:\/\/www.africa-press.net\/congo-brazzaville\/#\/schema\/person\/2b1cf3cd81a31e3cd26889ca66d677f1\"},\"description\":\"En soire\u0301e, faites en sorte que votre diner soit le\u0301ger, hydratez-vous, prenez une douche tie\u0300de avant d\u2019aller vous c ...\",\"breadcrumb\":{\"@id\":\"https:\/\/www.africa-press.net\/congo-brazzaville\/toutes-les-actualites\/societe-reveillez-vous-cest-la-journee-mondiale-du-sommeil#breadcrumb\"},\"inLanguage\":\"fr-FR\",\"potentialAction\":[{\"@type\":\"ReadAction\",\"target\":[\"https:\/\/www.africa-press.net\/congo-brazzaville\/toutes-les-actualites\/societe-reveillez-vous-cest-la-journee-mondiale-du-sommeil\"]}]},{\"@type\":\"ImageObject\",\"inLanguage\":\"fr-FR\",\"@id\":\"https:\/\/www.africa-press.net\/congo-brazzaville\/toutes-les-actualites\/societe-reveillez-vous-cest-la-journee-mondiale-du-sommeil#primaryimage\",\"url\":\"https:\/\/static.africa-press.net\/congo-brazzaville\/sites\/51\/2023\/03\/postQueueImg_1679044032.32.jpg\",\"contentUrl\":\"https:\/\/static.africa-press.net\/congo-brazzaville\/sites\/51\/2023\/03\/postQueueImg_1679044032.32.jpg\",\"width\":1187,\"height\":792,\"caption\":\"Soci\u00e9t\u00e9 : r\u00e9veillez-vous, c\u2019est la Journ\u00e9e mondiale du sommeil !\"},{\"@type\":\"BreadcrumbList\",\"@id\":\"https:\/\/www.africa-press.net\/congo-brazzaville\/toutes-les-actualites\/societe-reveillez-vous-cest-la-journee-mondiale-du-sommeil#breadcrumb\",\"itemListElement\":[{\"@type\":\"ListItem\",\"position\":1,\"name\":\"Accueil\",\"item\":\"https:\/\/www.africa-press.net\/congo-brazzaville\/\"},{\"@type\":\"ListItem\",\"position\":2,\"name\":\"Soci\u00e9t\u00e9 : r\u00e9veillez-vous, c\u2019est la Journ\u00e9e mondiale du sommeil !\"}]},{\"@type\":\"WebSite\",\"@id\":\"https:\/\/www.africa-press.net\/congo-brazzaville\/#website\",\"url\":\"https:\/\/www.africa-press.net\/congo-brazzaville\/\",\"name\":\"Congo Brazzaville\",\"description\":\"Just another Africa News Agency Sites site\",\"potentialAction\":[{\"@type\":\"SearchAction\",\"target\":{\"@type\":\"EntryPoint\",\"urlTemplate\":\"https:\/\/www.africa-press.net\/congo-brazzaville\/?s={search_term_string}\"},\"query-input\":{\"@type\":\"PropertyValueSpecification\",\"valueRequired\":true,\"valueName\":\"search_term_string\"}}],\"inLanguage\":\"fr-FR\"},{\"@type\":\"Person\",\"@id\":\"https:\/\/www.africa-press.net\/congo-brazzaville\/#\/schema\/person\/2b1cf3cd81a31e3cd26889ca66d677f1\",\"name\":\"cfeditorfr\"}]}<\/script>\n<!-- \/ Yoast SEO Premium plugin. -->","yoast_head_json":{"title":"Soci\u00e9t\u00e9 : r\u00e9veillez-vous, c\u2019est la Journ\u00e9e mondiale du sommeil ! - Congo Brazzaville","description":"En soire\u0301e, faites en sorte que votre diner soit le\u0301ger, hydratez-vous, prenez une douche tie\u0300de avant d\u2019aller vous c ...","robots":{"index":"index","follow":"follow","max-snippet":"max-snippet:-1","max-image-preview":"max-image-preview:large","max-video-preview":"max-video-preview:-1"},"canonical":"https:\/\/www.africa-press.net\/congo-brazzaville\/toutes-les-actualites\/societe-reveillez-vous-cest-la-journee-mondiale-du-sommeil","og_locale":"fr_FR","og_type":"article","og_title":"Soci\u00e9t\u00e9 : r\u00e9veillez-vous, c\u2019est la Journ\u00e9e mondiale du sommeil !","og_description":"En soire\u0301e, faites en sorte que votre diner soit le\u0301ger, hydratez-vous, prenez une douche tie\u0300de avant d\u2019aller vous c ...","og_url":"https:\/\/www.africa-press.net\/congo-brazzaville\/toutes-les-actualites\/societe-reveillez-vous-cest-la-journee-mondiale-du-sommeil","og_site_name":"Congo Brazzaville","article_published_time":"2023-03-17T12:37:08+00:00","article_modified_time":"2023-03-17T12:48:13+00:00","og_image":[{"width":1187,"height":792,"url":"https:\/\/static.africa-press.net\/congo-brazzaville\/sites\/51\/2023\/03\/postQueueImg_1679044032.32.jpg","type":"image\/jpeg"}],"author":"cfeditorfr","twitter_card":"summary_large_image","twitter_misc":{"\u00c9crit par":"cfeditorfr","Dur\u00e9e de lecture estim\u00e9e":"3 minutes"},"schema":{"@context":"https:\/\/schema.org","@graph":[{"@type":"Article","@id":"https:\/\/www.africa-press.net\/congo-brazzaville\/toutes-les-actualites\/societe-reveillez-vous-cest-la-journee-mondiale-du-sommeil#article","isPartOf":{"@id":"https:\/\/www.africa-press.net\/congo-brazzaville\/toutes-les-actualites\/societe-reveillez-vous-cest-la-journee-mondiale-du-sommeil"},"author":{"name":"cfeditorfr","@id":"https:\/\/www.africa-press.net\/congo-brazzaville\/#\/schema\/person\/2b1cf3cd81a31e3cd26889ca66d677f1"},"headline":"Soci\u00e9t\u00e9 : r\u00e9veillez-vous, c\u2019est la Journ\u00e9e mondiale du sommeil !","datePublished":"2023-03-17T12:37:08+00:00","dateModified":"2023-03-17T12:48:13+00:00","mainEntityOfPage":{"@id":"https:\/\/www.africa-press.net\/congo-brazzaville\/toutes-les-actualites\/societe-reveillez-vous-cest-la-journee-mondiale-du-sommeil"},"wordCount":518,"commentCount":0,"image":{"@id":"https:\/\/www.africa-press.net\/congo-brazzaville\/toutes-les-actualites\/societe-reveillez-vous-cest-la-journee-mondiale-du-sommeil#primaryimage"},"thumbnailUrl":"https:\/\/static.africa-press.net\/congo-brazzaville\/sites\/51\/2023\/03\/postQueueImg_1679044032.32.jpg","keywords":["Africa Press","Africa Press-Congo Brazzaville","Congo Brazzaville"],"articleSection":["Communaut\u00e9","Toutes les actualit\u00e9s"],"inLanguage":"fr-FR","potentialAction":[{"@type":"CommentAction","name":"Comment","target":["https:\/\/www.africa-press.net\/congo-brazzaville\/toutes-les-actualites\/societe-reveillez-vous-cest-la-journee-mondiale-du-sommeil#respond"]}]},{"@type":"WebPage","@id":"https:\/\/www.africa-press.net\/congo-brazzaville\/toutes-les-actualites\/societe-reveillez-vous-cest-la-journee-mondiale-du-sommeil","url":"https:\/\/www.africa-press.net\/congo-brazzaville\/toutes-les-actualites\/societe-reveillez-vous-cest-la-journee-mondiale-du-sommeil","name":"Soci\u00e9t\u00e9 : r\u00e9veillez-vous, c\u2019est la Journ\u00e9e mondiale du sommeil ! - Congo Brazzaville","isPartOf":{"@id":"https:\/\/www.africa-press.net\/congo-brazzaville\/#website"},"primaryImageOfPage":{"@id":"https:\/\/www.africa-press.net\/congo-brazzaville\/toutes-les-actualites\/societe-reveillez-vous-cest-la-journee-mondiale-du-sommeil#primaryimage"},"image":{"@id":"https:\/\/www.africa-press.net\/congo-brazzaville\/toutes-les-actualites\/societe-reveillez-vous-cest-la-journee-mondiale-du-sommeil#primaryimage"},"thumbnailUrl":"https:\/\/static.africa-press.net\/congo-brazzaville\/sites\/51\/2023\/03\/postQueueImg_1679044032.32.jpg","datePublished":"2023-03-17T12:37:08+00:00","dateModified":"2023-03-17T12:48:13+00:00","author":{"@id":"https:\/\/www.africa-press.net\/congo-brazzaville\/#\/schema\/person\/2b1cf3cd81a31e3cd26889ca66d677f1"},"description":"En soire\u0301e, faites en sorte que votre diner soit le\u0301ger, hydratez-vous, prenez une douche tie\u0300de avant d\u2019aller vous c ...","breadcrumb":{"@id":"https:\/\/www.africa-press.net\/congo-brazzaville\/toutes-les-actualites\/societe-reveillez-vous-cest-la-journee-mondiale-du-sommeil#breadcrumb"},"inLanguage":"fr-FR","potentialAction":[{"@type":"ReadAction","target":["https:\/\/www.africa-press.net\/congo-brazzaville\/toutes-les-actualites\/societe-reveillez-vous-cest-la-journee-mondiale-du-sommeil"]}]},{"@type":"ImageObject","inLanguage":"fr-FR","@id":"https:\/\/www.africa-press.net\/congo-brazzaville\/toutes-les-actualites\/societe-reveillez-vous-cest-la-journee-mondiale-du-sommeil#primaryimage","url":"https:\/\/static.africa-press.net\/congo-brazzaville\/sites\/51\/2023\/03\/postQueueImg_1679044032.32.jpg","contentUrl":"https:\/\/static.africa-press.net\/congo-brazzaville\/sites\/51\/2023\/03\/postQueueImg_1679044032.32.jpg","width":1187,"height":792,"caption":"Soci\u00e9t\u00e9 : r\u00e9veillez-vous, c\u2019est la Journ\u00e9e mondiale du sommeil !"},{"@type":"BreadcrumbList","@id":"https:\/\/www.africa-press.net\/congo-brazzaville\/toutes-les-actualites\/societe-reveillez-vous-cest-la-journee-mondiale-du-sommeil#breadcrumb","itemListElement":[{"@type":"ListItem","position":1,"name":"Accueil","item":"https:\/\/www.africa-press.net\/congo-brazzaville\/"},{"@type":"ListItem","position":2,"name":"Soci\u00e9t\u00e9 : r\u00e9veillez-vous, c\u2019est la Journ\u00e9e mondiale du sommeil !"}]},{"@type":"WebSite","@id":"https:\/\/www.africa-press.net\/congo-brazzaville\/#website","url":"https:\/\/www.africa-press.net\/congo-brazzaville\/","name":"Congo Brazzaville","description":"Just another Africa News Agency Sites site","potentialAction":[{"@type":"SearchAction","target":{"@type":"EntryPoint","urlTemplate":"https:\/\/www.africa-press.net\/congo-brazzaville\/?s={search_term_string}"},"query-input":{"@type":"PropertyValueSpecification","valueRequired":true,"valueName":"search_term_string"}}],"inLanguage":"fr-FR"},{"@type":"Person","@id":"https:\/\/www.africa-press.net\/congo-brazzaville\/#\/schema\/person\/2b1cf3cd81a31e3cd26889ca66d677f1","name":"cfeditorfr"}]}},"_links":{"self":[{"href":"https:\/\/www.africa-press.net\/congo-brazzaville\/wp-json\/wp\/v2\/posts\/15749","targetHints":{"allow":["GET"]}}],"collection":[{"href":"https:\/\/www.africa-press.net\/congo-brazzaville\/wp-json\/wp\/v2\/posts"}],"about":[{"href":"https:\/\/www.africa-press.net\/congo-brazzaville\/wp-json\/wp\/v2\/types\/post"}],"author":[{"embeddable":true,"href":"https:\/\/www.africa-press.net\/congo-brazzaville\/wp-json\/wp\/v2\/users\/82"}],"replies":[{"embeddable":true,"href":"https:\/\/www.africa-press.net\/congo-brazzaville\/wp-json\/wp\/v2\/comments?post=15749"}],"version-history":[{"count":0,"href":"https:\/\/www.africa-press.net\/congo-brazzaville\/wp-json\/wp\/v2\/posts\/15749\/revisions"}],"wp:featuredmedia":[{"embeddable":true,"href":"https:\/\/www.africa-press.net\/congo-brazzaville\/wp-json\/wp\/v2\/media\/15747"}],"wp:attachment":[{"href":"https:\/\/www.africa-press.net\/congo-brazzaville\/wp-json\/wp\/v2\/media?parent=15749"}],"wp:term":[{"taxonomy":"category","embeddable":true,"href":"https:\/\/www.africa-press.net\/congo-brazzaville\/wp-json\/wp\/v2\/categories?post=15749"},{"taxonomy":"post_tag","embeddable":true,"href":"https:\/\/www.africa-press.net\/congo-brazzaville\/wp-json\/wp\/v2\/tags?post=15749"}],"curies":[{"name":"wp","href":"https:\/\/api.w.org\/{rel}","templated":true}]}}