{"id":15752,"date":"2023-03-17T12:37:14","date_gmt":"2023-03-17T12:37:14","guid":{"rendered":"https:\/\/www.africa-press.net\/congo-brazzaville\/politique\/portrait-qui-ne-connait-pas-le-roi-elvis"},"modified":"2023-03-17T12:49:03","modified_gmt":"2023-03-17T12:49:03","slug":"portrait-qui-ne-connait-pas-le-roi-elvis","status":"publish","type":"post","link":"https:\/\/www.africa-press.net\/congo-brazzaville\/culture-et-art\/portrait-qui-ne-connait-pas-le-roi-elvis","title":{"rendered":"Portrait : qui ne conna\u00eet pas le \u00ab Roi Elvis \u00bb ?"},"content":{"rendered":"<p><span style=\"color: #ff6600\"><strong>Africa-Press &#8211; Congo Brazzaville. <\/strong><\/span><b>Comme pour le chanteur et acteur ame\u0301ricain Elvis Presley, on pourrait surnommer Elvis Tchicaya le \u00ab Roi Elvis \u00bb, roi d\u2019une extre\u0302me gentillesse empreinte d\u2019humilite\u0301, come\u0301dien, conteur, poe\u0300te et personnage incontournable de l\u2019Institut Franc\u0327ais du Congo (IFC) de Pointe-Noire. <\/b><\/p>\n<p>Elvis Tchicaya est un mec bien. c\u0327a saute aux yeux. Cultive\u0301 et passionne\u0301, toujours pose\u0301 et souriant. C\u2019est un homme de the\u0301a\u0302tre, un conteur et poe\u0300te d\u2019aujourd\u2019hui. C\u2019est aussi un enfant d\u2019hier qui a grandi a\u0300 Mvoumvou, la\u0300, juste derrie\u0300re le stade Jean-Louis-Kokolo \u00ab Kopa \u00bb, du nom de l\u2019ex-avant centre de l\u2019As Cheminot reconverti arbitre international. Mais Elvis s\u2019est plus inte\u0301resse\u0301 aux bandes dessine\u0301es de son pe\u0300re qu\u2019au football, se glissant tanto\u0302t dans la peau de Blek le Roc, tanto\u0302t dans celle de Zembla, pour refaire l\u2019histoire a\u0300 sa guise en ve\u0301ritable come\u0301dien. A peine neuf anne\u0301es sur la terre et de\u0301ja\u0300 des ro\u0302les a\u0300 l\u2019e\u0301glise dans des spectacles mettant la Bible en lumie\u0300re ! L\u2019enfant e\u0301tait pre\u0301coce.<\/p>\n<p>Baccalaure\u0301at D, Institut supe\u0301rieur de technologie et de commerce, formation hygie\u0300ne se\u0301curite\u0301 environnement et a\u0300 la cle\u0301, une vie d\u2019artiste ! Les pieds sur terre, la te\u0302te dans les e\u0301toiles, voila\u0300 de quoi est fait Elvis. Sous les feux des projecteurs, sa vie de jeune come\u0301dien emprunte une voie royale marque\u0301e par les \u0153uvres de grands auteurs, Marivaux, Voltaire, Shakespeare, V. Hugo, Labou Tansi. On y croise des metteurs en sce\u0300ne comme Jack Percher, Pierre Claver Mabiala, Georges Mboussi&#8230; Elvis ne fait pas que jouer, il re\u0301cite des poe\u0300mes, comme ceux de Tchicaya U\u2019Tam\u2019Si. \u00ab Je suis ne\u0301 d\u2019une famille de come\u0301diens, musiciens, e\u0301crivains. L\u2019art coule dans mes veines et c\u2019est un sang dont je ne peux me passer, c\u0327a me poursuivra ainsi jusqu\u2019au vieil a\u0302ge \u00bb, pre\u0301cise Elvis qui est aussi conteur comme en te\u0301moigne sa participation a\u0300 la Caravane des conteurs en janvier de cette anne\u0301e.<\/p>\n<p>En paralle\u0300le de ses nombreuses activite\u0301s artistiques, Elvis obtient, en octobre 2016, un stage d\u2019agent d\u2019accueil a\u0300 l\u2019IFC de Pointe-Noire, deux mois plus tard il signe un contrat a\u0300 dure\u0301e inde\u0301termine\u0301e jusqu\u2019a\u0300 devenir le coordinateur des Points lecture et le responsable me\u0301diation aupre\u0300s des e\u0301coles. Lui faisant observer que depuis son inte\u0301gration a\u0300 l\u2019IFC il aura vu trois directrices de\u0301le\u0301gue\u0301es aux commandes, on ne peut s\u2019empe\u0302cher de lui poser la question de savoir comment il perc\u0327oit la vision fe\u0301minine sur la culture : \u00ab L\u2019implication, la vision et l\u2019apport des femmes dans la culture sont diffe\u0301rents de ceux des hommes, il y a une sensibilite\u0301 plus marque\u0301e et une intuitivite\u0301 qui fait qu\u2019elles se posent moins de questions. Les relations sont plus spontane\u0301es, elles osent plus que les hommes. J\u2019ai beaucoup appris a\u0300 leurs co\u0302te\u0301s et j\u2019apprends encore aujourd\u2019hui avec Gae\u0308lle Me\u0301de\u0301lus, la directrice de\u0301le\u0301gue\u0301e actuelle, que ce soit sur le management ou la gestion d\u2019e\u0301quipe et de projets \u00bb, reconnai\u0302t celui qui aimerait un jour avoir la responsabilite\u0301 d\u2019une structure culturelle pour mener des projets de cre\u0301ation de spectacles, de formations, de rencontres artistiques et de sensibilisation en milieu scolaire.<\/p>\n<p>\u0152uvrant pour la culture congolaise d\u2019un co\u0302te\u0301, travaillant pour un Institut franc\u0327ais de l\u2019autre, Elvis pose un regard aiguise\u0301 sur le fosse\u0301 qui se\u0301pare les deux pays dans la conside\u0301ration de l\u2019art. \u00ab C\u2019est le jour et la nuit, notamment dans l\u2019accompagnement de l\u2019Etat, de l\u2019implication des acteurs culturels. Cependant, je constate une ame\u0301lioration dans certains secteurs, des structures inde\u0301pendantes se mettent en action sans attendre le soutien des pouvoirs publics parfois de\u0301missionnaires. C\u2019est une de\u0301marche assez nouvelle et un progre\u0300s mais, la\u0300 ou\u0300 le ba\u0302t blesse, c\u2019est qu\u2019il reste un long chemin a\u0300 faire quant a\u0300 la cre\u0301ation de lieux culturels et a\u0300 l\u2019ame\u0301lioration des conditions de travail \u00bb, observe Elvis qui a la trempe pour prendre un ba\u0302ton de pe\u0300lerin et parcourir ce chemin de croix.<\/p>\n<p><strong>Pour plus d&rsquo;informations et d&rsquo;analyses sur la <a href=\"https:\/\/www.africa-press.net\/congo-brazzaville\">Congo Brazzaville<\/a>, suivez <a href=\"https:\/\/www.africa-press.net\/\">Africa-Press<\/a><\/strong><\/p>\n","protected":false},"excerpt":{"rendered":"<p>Africa-Press &#8211; Congo Brazzaville. Comme pour le chanteur et acteur ame\u0301ricain Elvis Presley, on pourrait surnommer Elvis Tchicaya le \u00ab Roi Elvis \u00bb, roi d\u2019une extre\u0302me gentillesse empreinte d\u2019humilite\u0301, come\u0301dien, conteur, poe\u0300te et personnage incontournable de l\u2019Institut Franc\u0327ais du Congo (IFC) de Pointe-Noire. Elvis Tchicaya est un mec bien. c\u0327a saute aux yeux. Cultive\u0301 et [&hellip;]<\/p>\n","protected":false},"author":82,"featured_media":15750,"comment_status":"open","ping_status":"closed","sticky":false,"template":"","format":"standard","meta":{"footnotes":""},"categories":[5,10],"tags":[36,47,46],"class_list":["post-15752","post","type-post","status-publish","format-standard","has-post-thumbnail","hentry","category-culture-et-art","category-toutes-les-actualites","tag-africa-press","tag-africa-press-congo-brazzaville","tag-congo-brazzaville"],"yoast_head":"<!-- This site is optimized with the Yoast SEO Premium plugin v26.1 (Yoast SEO v27.0) - https:\/\/yoast.com\/product\/yoast-seo-premium-wordpress\/ -->\n<title>Portrait : qui ne conna\u00eet pas le \u00ab Roi Elvis \u00bb ? - Congo Brazzaville<\/title>\n<meta name=\"description\" content=\"Comme pour le chanteur et acteur ame\u0301ricain Elvis Presley, on pourrait surnommer Elvis Tchicaya le \u00ab Roi Elvis \u00bb, roi ...\" \/>\n<meta name=\"robots\" content=\"index, follow, max-snippet:-1, max-image-preview:large, max-video-preview:-1\" \/>\n<link rel=\"canonical\" href=\"https:\/\/www.africa-press.net\/congo-brazzaville\/culture-et-art\/portrait-qui-ne-connait-pas-le-roi-elvis\" \/>\n<meta property=\"og:locale\" content=\"fr_FR\" \/>\n<meta property=\"og:type\" content=\"article\" \/>\n<meta property=\"og:title\" content=\"Portrait : qui ne conna\u00eet pas le \u00ab Roi Elvis \u00bb ?\" \/>\n<meta property=\"og:description\" content=\"Comme pour le chanteur et acteur ame\u0301ricain Elvis Presley, on pourrait surnommer Elvis Tchicaya le \u00ab Roi Elvis \u00bb, roi ...\" \/>\n<meta property=\"og:url\" content=\"https:\/\/www.africa-press.net\/congo-brazzaville\/culture-et-art\/portrait-qui-ne-connait-pas-le-roi-elvis\" \/>\n<meta property=\"og:site_name\" content=\"Congo Brazzaville\" \/>\n<meta property=\"article:published_time\" content=\"2023-03-17T12:37:14+00:00\" \/>\n<meta property=\"article:modified_time\" content=\"2023-03-17T12:49:03+00:00\" \/>\n<meta property=\"og:image\" content=\"https:\/\/static.africa-press.net\/congo-brazzaville\/sites\/51\/2023\/03\/postQueueImg_1679044039.07.jpg\" \/>\n\t<meta property=\"og:image:width\" content=\"1080\" \/>\n\t<meta property=\"og:image:height\" content=\"720\" \/>\n\t<meta property=\"og:image:type\" content=\"image\/jpeg\" \/>\n<meta name=\"author\" content=\"cfeditorfr\" \/>\n<meta name=\"twitter:card\" content=\"summary_large_image\" \/>\n<meta name=\"twitter:label1\" content=\"\u00c9crit par\" \/>\n\t<meta name=\"twitter:data1\" content=\"cfeditorfr\" \/>\n\t<meta name=\"twitter:label2\" content=\"Dur\u00e9e de lecture estim\u00e9e\" \/>\n\t<meta name=\"twitter:data2\" content=\"4 minutes\" \/>\n<script type=\"application\/ld+json\" class=\"yoast-schema-graph\">{\"@context\":\"https:\/\/schema.org\",\"@graph\":[{\"@type\":\"Article\",\"@id\":\"https:\/\/www.africa-press.net\/congo-brazzaville\/culture-et-art\/portrait-qui-ne-connait-pas-le-roi-elvis#article\",\"isPartOf\":{\"@id\":\"https:\/\/www.africa-press.net\/congo-brazzaville\/culture-et-art\/portrait-qui-ne-connait-pas-le-roi-elvis\"},\"author\":{\"name\":\"cfeditorfr\",\"@id\":\"https:\/\/www.africa-press.net\/congo-brazzaville\/#\/schema\/person\/2b1cf3cd81a31e3cd26889ca66d677f1\"},\"headline\":\"Portrait : qui ne conna\u00eet pas le \u00ab Roi Elvis \u00bb ?\",\"datePublished\":\"2023-03-17T12:37:14+00:00\",\"dateModified\":\"2023-03-17T12:49:03+00:00\",\"mainEntityOfPage\":{\"@id\":\"https:\/\/www.africa-press.net\/congo-brazzaville\/culture-et-art\/portrait-qui-ne-connait-pas-le-roi-elvis\"},\"wordCount\":769,\"commentCount\":0,\"image\":{\"@id\":\"https:\/\/www.africa-press.net\/congo-brazzaville\/culture-et-art\/portrait-qui-ne-connait-pas-le-roi-elvis#primaryimage\"},\"thumbnailUrl\":\"https:\/\/static.africa-press.net\/congo-brazzaville\/sites\/51\/2023\/03\/postQueueImg_1679044039.07.jpg\",\"keywords\":[\"Africa Press\",\"Africa Press-Congo Brazzaville\",\"Congo Brazzaville\"],\"articleSection\":[\"Culture et Art\",\"Toutes les actualit\u00e9s\"],\"inLanguage\":\"fr-FR\",\"potentialAction\":[{\"@type\":\"CommentAction\",\"name\":\"Comment\",\"target\":[\"https:\/\/www.africa-press.net\/congo-brazzaville\/culture-et-art\/portrait-qui-ne-connait-pas-le-roi-elvis#respond\"]}]},{\"@type\":\"WebPage\",\"@id\":\"https:\/\/www.africa-press.net\/congo-brazzaville\/culture-et-art\/portrait-qui-ne-connait-pas-le-roi-elvis\",\"url\":\"https:\/\/www.africa-press.net\/congo-brazzaville\/culture-et-art\/portrait-qui-ne-connait-pas-le-roi-elvis\",\"name\":\"Portrait : qui ne conna\u00eet pas le \u00ab Roi Elvis \u00bb ? - Congo Brazzaville\",\"isPartOf\":{\"@id\":\"https:\/\/www.africa-press.net\/congo-brazzaville\/#website\"},\"primaryImageOfPage\":{\"@id\":\"https:\/\/www.africa-press.net\/congo-brazzaville\/culture-et-art\/portrait-qui-ne-connait-pas-le-roi-elvis#primaryimage\"},\"image\":{\"@id\":\"https:\/\/www.africa-press.net\/congo-brazzaville\/culture-et-art\/portrait-qui-ne-connait-pas-le-roi-elvis#primaryimage\"},\"thumbnailUrl\":\"https:\/\/static.africa-press.net\/congo-brazzaville\/sites\/51\/2023\/03\/postQueueImg_1679044039.07.jpg\",\"datePublished\":\"2023-03-17T12:37:14+00:00\",\"dateModified\":\"2023-03-17T12:49:03+00:00\",\"author\":{\"@id\":\"https:\/\/www.africa-press.net\/congo-brazzaville\/#\/schema\/person\/2b1cf3cd81a31e3cd26889ca66d677f1\"},\"description\":\"Comme pour le chanteur et acteur ame\u0301ricain Elvis Presley, on pourrait surnommer Elvis Tchicaya le \u00ab Roi Elvis \u00bb, roi ...\",\"breadcrumb\":{\"@id\":\"https:\/\/www.africa-press.net\/congo-brazzaville\/culture-et-art\/portrait-qui-ne-connait-pas-le-roi-elvis#breadcrumb\"},\"inLanguage\":\"fr-FR\",\"potentialAction\":[{\"@type\":\"ReadAction\",\"target\":[\"https:\/\/www.africa-press.net\/congo-brazzaville\/culture-et-art\/portrait-qui-ne-connait-pas-le-roi-elvis\"]}]},{\"@type\":\"ImageObject\",\"inLanguage\":\"fr-FR\",\"@id\":\"https:\/\/www.africa-press.net\/congo-brazzaville\/culture-et-art\/portrait-qui-ne-connait-pas-le-roi-elvis#primaryimage\",\"url\":\"https:\/\/static.africa-press.net\/congo-brazzaville\/sites\/51\/2023\/03\/postQueueImg_1679044039.07.jpg\",\"contentUrl\":\"https:\/\/static.africa-press.net\/congo-brazzaville\/sites\/51\/2023\/03\/postQueueImg_1679044039.07.jpg\",\"width\":1080,\"height\":720,\"caption\":\"Portrait : qui ne conna\u00eet pas le \u00ab Roi Elvis \u00bb ?\"},{\"@type\":\"BreadcrumbList\",\"@id\":\"https:\/\/www.africa-press.net\/congo-brazzaville\/culture-et-art\/portrait-qui-ne-connait-pas-le-roi-elvis#breadcrumb\",\"itemListElement\":[{\"@type\":\"ListItem\",\"position\":1,\"name\":\"Accueil\",\"item\":\"https:\/\/www.africa-press.net\/congo-brazzaville\/\"},{\"@type\":\"ListItem\",\"position\":2,\"name\":\"Portrait : qui ne conna\u00eet pas le \u00ab Roi Elvis \u00bb ?\"}]},{\"@type\":\"WebSite\",\"@id\":\"https:\/\/www.africa-press.net\/congo-brazzaville\/#website\",\"url\":\"https:\/\/www.africa-press.net\/congo-brazzaville\/\",\"name\":\"Congo Brazzaville\",\"description\":\"Just another Africa News Agency Sites site\",\"potentialAction\":[{\"@type\":\"SearchAction\",\"target\":{\"@type\":\"EntryPoint\",\"urlTemplate\":\"https:\/\/www.africa-press.net\/congo-brazzaville\/?s={search_term_string}\"},\"query-input\":{\"@type\":\"PropertyValueSpecification\",\"valueRequired\":true,\"valueName\":\"search_term_string\"}}],\"inLanguage\":\"fr-FR\"},{\"@type\":\"Person\",\"@id\":\"https:\/\/www.africa-press.net\/congo-brazzaville\/#\/schema\/person\/2b1cf3cd81a31e3cd26889ca66d677f1\",\"name\":\"cfeditorfr\"}]}<\/script>\n<!-- \/ Yoast SEO Premium plugin. -->","yoast_head_json":{"title":"Portrait : qui ne conna\u00eet pas le \u00ab Roi Elvis \u00bb ? - Congo Brazzaville","description":"Comme pour le chanteur et acteur ame\u0301ricain Elvis Presley, on pourrait surnommer Elvis Tchicaya le \u00ab Roi Elvis \u00bb, roi ...","robots":{"index":"index","follow":"follow","max-snippet":"max-snippet:-1","max-image-preview":"max-image-preview:large","max-video-preview":"max-video-preview:-1"},"canonical":"https:\/\/www.africa-press.net\/congo-brazzaville\/culture-et-art\/portrait-qui-ne-connait-pas-le-roi-elvis","og_locale":"fr_FR","og_type":"article","og_title":"Portrait : qui ne conna\u00eet pas le \u00ab Roi Elvis \u00bb ?","og_description":"Comme pour le chanteur et acteur ame\u0301ricain Elvis Presley, on pourrait surnommer Elvis Tchicaya le \u00ab Roi Elvis \u00bb, roi ...","og_url":"https:\/\/www.africa-press.net\/congo-brazzaville\/culture-et-art\/portrait-qui-ne-connait-pas-le-roi-elvis","og_site_name":"Congo Brazzaville","article_published_time":"2023-03-17T12:37:14+00:00","article_modified_time":"2023-03-17T12:49:03+00:00","og_image":[{"width":1080,"height":720,"url":"https:\/\/static.africa-press.net\/congo-brazzaville\/sites\/51\/2023\/03\/postQueueImg_1679044039.07.jpg","type":"image\/jpeg"}],"author":"cfeditorfr","twitter_card":"summary_large_image","twitter_misc":{"\u00c9crit par":"cfeditorfr","Dur\u00e9e de lecture estim\u00e9e":"4 minutes"},"schema":{"@context":"https:\/\/schema.org","@graph":[{"@type":"Article","@id":"https:\/\/www.africa-press.net\/congo-brazzaville\/culture-et-art\/portrait-qui-ne-connait-pas-le-roi-elvis#article","isPartOf":{"@id":"https:\/\/www.africa-press.net\/congo-brazzaville\/culture-et-art\/portrait-qui-ne-connait-pas-le-roi-elvis"},"author":{"name":"cfeditorfr","@id":"https:\/\/www.africa-press.net\/congo-brazzaville\/#\/schema\/person\/2b1cf3cd81a31e3cd26889ca66d677f1"},"headline":"Portrait : qui ne conna\u00eet pas le \u00ab Roi Elvis \u00bb ?","datePublished":"2023-03-17T12:37:14+00:00","dateModified":"2023-03-17T12:49:03+00:00","mainEntityOfPage":{"@id":"https:\/\/www.africa-press.net\/congo-brazzaville\/culture-et-art\/portrait-qui-ne-connait-pas-le-roi-elvis"},"wordCount":769,"commentCount":0,"image":{"@id":"https:\/\/www.africa-press.net\/congo-brazzaville\/culture-et-art\/portrait-qui-ne-connait-pas-le-roi-elvis#primaryimage"},"thumbnailUrl":"https:\/\/static.africa-press.net\/congo-brazzaville\/sites\/51\/2023\/03\/postQueueImg_1679044039.07.jpg","keywords":["Africa Press","Africa Press-Congo Brazzaville","Congo Brazzaville"],"articleSection":["Culture et Art","Toutes les actualit\u00e9s"],"inLanguage":"fr-FR","potentialAction":[{"@type":"CommentAction","name":"Comment","target":["https:\/\/www.africa-press.net\/congo-brazzaville\/culture-et-art\/portrait-qui-ne-connait-pas-le-roi-elvis#respond"]}]},{"@type":"WebPage","@id":"https:\/\/www.africa-press.net\/congo-brazzaville\/culture-et-art\/portrait-qui-ne-connait-pas-le-roi-elvis","url":"https:\/\/www.africa-press.net\/congo-brazzaville\/culture-et-art\/portrait-qui-ne-connait-pas-le-roi-elvis","name":"Portrait : qui ne conna\u00eet pas le \u00ab Roi Elvis \u00bb ? - Congo Brazzaville","isPartOf":{"@id":"https:\/\/www.africa-press.net\/congo-brazzaville\/#website"},"primaryImageOfPage":{"@id":"https:\/\/www.africa-press.net\/congo-brazzaville\/culture-et-art\/portrait-qui-ne-connait-pas-le-roi-elvis#primaryimage"},"image":{"@id":"https:\/\/www.africa-press.net\/congo-brazzaville\/culture-et-art\/portrait-qui-ne-connait-pas-le-roi-elvis#primaryimage"},"thumbnailUrl":"https:\/\/static.africa-press.net\/congo-brazzaville\/sites\/51\/2023\/03\/postQueueImg_1679044039.07.jpg","datePublished":"2023-03-17T12:37:14+00:00","dateModified":"2023-03-17T12:49:03+00:00","author":{"@id":"https:\/\/www.africa-press.net\/congo-brazzaville\/#\/schema\/person\/2b1cf3cd81a31e3cd26889ca66d677f1"},"description":"Comme pour le chanteur et acteur ame\u0301ricain Elvis Presley, on pourrait surnommer Elvis Tchicaya le \u00ab Roi Elvis \u00bb, roi ...","breadcrumb":{"@id":"https:\/\/www.africa-press.net\/congo-brazzaville\/culture-et-art\/portrait-qui-ne-connait-pas-le-roi-elvis#breadcrumb"},"inLanguage":"fr-FR","potentialAction":[{"@type":"ReadAction","target":["https:\/\/www.africa-press.net\/congo-brazzaville\/culture-et-art\/portrait-qui-ne-connait-pas-le-roi-elvis"]}]},{"@type":"ImageObject","inLanguage":"fr-FR","@id":"https:\/\/www.africa-press.net\/congo-brazzaville\/culture-et-art\/portrait-qui-ne-connait-pas-le-roi-elvis#primaryimage","url":"https:\/\/static.africa-press.net\/congo-brazzaville\/sites\/51\/2023\/03\/postQueueImg_1679044039.07.jpg","contentUrl":"https:\/\/static.africa-press.net\/congo-brazzaville\/sites\/51\/2023\/03\/postQueueImg_1679044039.07.jpg","width":1080,"height":720,"caption":"Portrait : qui ne conna\u00eet pas le \u00ab Roi Elvis \u00bb ?"},{"@type":"BreadcrumbList","@id":"https:\/\/www.africa-press.net\/congo-brazzaville\/culture-et-art\/portrait-qui-ne-connait-pas-le-roi-elvis#breadcrumb","itemListElement":[{"@type":"ListItem","position":1,"name":"Accueil","item":"https:\/\/www.africa-press.net\/congo-brazzaville\/"},{"@type":"ListItem","position":2,"name":"Portrait : qui ne conna\u00eet pas le \u00ab Roi Elvis \u00bb ?"}]},{"@type":"WebSite","@id":"https:\/\/www.africa-press.net\/congo-brazzaville\/#website","url":"https:\/\/www.africa-press.net\/congo-brazzaville\/","name":"Congo Brazzaville","description":"Just another Africa News Agency Sites site","potentialAction":[{"@type":"SearchAction","target":{"@type":"EntryPoint","urlTemplate":"https:\/\/www.africa-press.net\/congo-brazzaville\/?s={search_term_string}"},"query-input":{"@type":"PropertyValueSpecification","valueRequired":true,"valueName":"search_term_string"}}],"inLanguage":"fr-FR"},{"@type":"Person","@id":"https:\/\/www.africa-press.net\/congo-brazzaville\/#\/schema\/person\/2b1cf3cd81a31e3cd26889ca66d677f1","name":"cfeditorfr"}]}},"_links":{"self":[{"href":"https:\/\/www.africa-press.net\/congo-brazzaville\/wp-json\/wp\/v2\/posts\/15752","targetHints":{"allow":["GET"]}}],"collection":[{"href":"https:\/\/www.africa-press.net\/congo-brazzaville\/wp-json\/wp\/v2\/posts"}],"about":[{"href":"https:\/\/www.africa-press.net\/congo-brazzaville\/wp-json\/wp\/v2\/types\/post"}],"author":[{"embeddable":true,"href":"https:\/\/www.africa-press.net\/congo-brazzaville\/wp-json\/wp\/v2\/users\/82"}],"replies":[{"embeddable":true,"href":"https:\/\/www.africa-press.net\/congo-brazzaville\/wp-json\/wp\/v2\/comments?post=15752"}],"version-history":[{"count":0,"href":"https:\/\/www.africa-press.net\/congo-brazzaville\/wp-json\/wp\/v2\/posts\/15752\/revisions"}],"wp:featuredmedia":[{"embeddable":true,"href":"https:\/\/www.africa-press.net\/congo-brazzaville\/wp-json\/wp\/v2\/media\/15750"}],"wp:attachment":[{"href":"https:\/\/www.africa-press.net\/congo-brazzaville\/wp-json\/wp\/v2\/media?parent=15752"}],"wp:term":[{"taxonomy":"category","embeddable":true,"href":"https:\/\/www.africa-press.net\/congo-brazzaville\/wp-json\/wp\/v2\/categories?post=15752"},{"taxonomy":"post_tag","embeddable":true,"href":"https:\/\/www.africa-press.net\/congo-brazzaville\/wp-json\/wp\/v2\/tags?post=15752"}],"curies":[{"name":"wp","href":"https:\/\/api.w.org\/{rel}","templated":true}]}}