{"id":15759,"date":"2023-03-17T17:31:25","date_gmt":"2023-03-17T17:31:25","guid":{"rendered":"https:\/\/www.africa-press.net\/congo-brazzaville\/politique\/le-congo-encourage-a-oeuvrer-davantage-pour-sa-diversification-economique"},"modified":"2023-03-17T18:19:40","modified_gmt":"2023-03-17T18:19:40","slug":"le-congo-encourage-a-oeuvrer-davantage-pour-sa-diversification-economique","status":"publish","type":"post","link":"https:\/\/www.africa-press.net\/congo-brazzaville\/economie\/le-congo-encourage-a-oeuvrer-davantage-pour-sa-diversification-economique","title":{"rendered":"le congo encourag\u00e9 \u00e0 \u0153uvrer davantage pour sa diversification \u00e9conomique"},"content":{"rendered":"<p><span style=\"color: #ff6600\"><strong>Africa-Press &#8211; Congo Brazzaville. <\/strong><\/span><b>L\u2019e\u0301conomiste principal de la Banque Mondiale Vincent Belinga a releve\u0301 le 15 mars a\u0300 Brazzaville que le Congo devrait fournir des efforts en de\u0301veloppant d\u2019autres secteurs d\u2019activite\u0301s en vue de diversifier son e\u0301conomie.<\/b><\/p>\n<p>\u00ab Le Congo est confronte\u0301 a\u0300 une productivite\u0301 du travail faible et en baisse par rapport aux pays pairs, ce qui limite la croissance e\u0301conomique et empe\u0302che la convergence avec les e\u0301conomies similaires. Pour parvenir a\u0300 un de\u0301veloppement durable, le Congo doit de toute urgence, fournir des efforts pour diversifier ses actifs nationaux, se concentrant sur des institutions plus fortes, le de\u0301veloppement du capital humain et physique et une exploitation plus e\u0301quilibre\u0301e du capital naturel \u00bb, a fait savoir Vincent Belinga lors de la pre\u0301sentation du rapport du me\u0301morandum e\u0301conomique du Congo.<\/p>\n<p>\u00ab Le Congo doit acce\u0301le\u0301rer la transformation nume\u0301rique pour ame\u0301liorer la croissance de la productivite\u0301, e\u0301laborer des politiques publiques visant a\u0300 re\u0301duire les distorsions du marche\u0301 et a\u0300 mettre en \u0153uvre une re\u0301glementation sur la concurrence sur l\u2019ensemble de l\u2019e\u0301conomie essentielles pour attirer les investissements dans le secteur non-pe\u0301trolier. Le Congo doit surtout, faire la promotion de sites touristiques afin de de\u0301velopper l\u2019e\u0301cotourisme \u00bb, a-t-il poursuivi.<\/p>\n<p>Pour la Repre\u0301sentante de la Banque Mondiale au Congo, Korotoumou Ouattara, ce rapport permet de guider l\u2019action du gouvernement \u00ab ce rapport intitule\u0301 la voie vers la prospe\u0301rite\u0301 pour la Re\u0301publique du Congo, se propose de contribuer au programme du gouvernement dans la mesure ou\u0300 il de\u0301finit et pre\u0301conise des politiques et des re\u0301formes essentielles pour jeter les bases d\u2019un de\u0301veloppement plus diversifie\u0301 en appui aux perspectives d\u2019une vie meilleure pour la population \u00bb, a-t-elle conclu.<\/p>\n<p><strong>Pour plus d&rsquo;informations et d&rsquo;analyses sur la <a href=\"https:\/\/www.africa-press.net\/congo-brazzaville\">Congo Brazzaville<\/a>, suivez <a href=\"https:\/\/www.africa-press.net\/\">Africa-Press<\/a><\/strong><\/p>\n","protected":false},"excerpt":{"rendered":"<p>Africa-Press &#8211; Congo Brazzaville. L\u2019e\u0301conomiste principal de la Banque Mondiale Vincent Belinga a releve\u0301 le 15 mars a\u0300 Brazzaville que le Congo devrait fournir des efforts en de\u0301veloppant d\u2019autres secteurs d\u2019activite\u0301s en vue de diversifier son e\u0301conomie. \u00ab Le Congo est confronte\u0301 a\u0300 une productivite\u0301 du travail faible et en baisse par rapport aux pays [&hellip;]<\/p>\n","protected":false},"author":82,"featured_media":15758,"comment_status":"open","ping_status":"closed","sticky":false,"template":"","format":"standard","meta":{"footnotes":""},"categories":[3,10],"tags":[36,47,46],"class_list":["post-15759","post","type-post","status-publish","format-standard","has-post-thumbnail","hentry","category-economie","category-toutes-les-actualites","tag-africa-press","tag-africa-press-congo-brazzaville","tag-congo-brazzaville"],"yoast_head":"<!-- This site is optimized with the Yoast SEO Premium plugin v26.1 (Yoast SEO v27.0) - https:\/\/yoast.com\/product\/yoast-seo-premium-wordpress\/ -->\n<title>le congo encourag\u00e9 \u00e0 \u0153uvrer davantage pour sa diversification \u00e9conomique - Congo Brazzaville<\/title>\n<meta name=\"description\" content=\"L\u2019e\u0301conomiste principal de la Banque Mondiale Vincent Belinga a releve\u0301 le 15 mars a\u0300 Brazzaville que le Congo devrai ...\" \/>\n<meta name=\"robots\" content=\"index, follow, max-snippet:-1, max-image-preview:large, max-video-preview:-1\" \/>\n<link rel=\"canonical\" href=\"https:\/\/www.africa-press.net\/congo-brazzaville\/economie\/le-congo-encourage-a-oeuvrer-davantage-pour-sa-diversification-economique\" \/>\n<meta property=\"og:locale\" content=\"fr_FR\" \/>\n<meta property=\"og:type\" content=\"article\" \/>\n<meta property=\"og:title\" content=\"le congo encourag\u00e9 \u00e0 \u0153uvrer davantage pour sa diversification \u00e9conomique\" \/>\n<meta property=\"og:description\" content=\"L\u2019e\u0301conomiste principal de la Banque Mondiale Vincent Belinga a releve\u0301 le 15 mars a\u0300 Brazzaville que le Congo devrai ...\" \/>\n<meta property=\"og:url\" content=\"https:\/\/www.africa-press.net\/congo-brazzaville\/economie\/le-congo-encourage-a-oeuvrer-davantage-pour-sa-diversification-economique\" \/>\n<meta property=\"og:site_name\" content=\"Congo Brazzaville\" \/>\n<meta property=\"article:published_time\" content=\"2023-03-17T17:31:25+00:00\" \/>\n<meta property=\"article:modified_time\" content=\"2023-03-17T18:19:40+00:00\" \/>\n<meta property=\"og:image\" content=\"https:\/\/static.africa-press.net\/congo-brazzaville\/sites\/51\/2023\/03\/postQueueImg_1679061695.63.jpg\" \/>\n\t<meta property=\"og:image:width\" content=\"713\" \/>\n\t<meta property=\"og:image:height\" content=\"442\" \/>\n\t<meta property=\"og:image:type\" content=\"image\/jpeg\" \/>\n<meta name=\"author\" content=\"cfeditorfr\" \/>\n<meta name=\"twitter:card\" content=\"summary_large_image\" \/>\n<meta name=\"twitter:label1\" content=\"\u00c9crit par\" \/>\n\t<meta name=\"twitter:data1\" content=\"cfeditorfr\" \/>\n\t<meta name=\"twitter:label2\" content=\"Dur\u00e9e de lecture estim\u00e9e\" \/>\n\t<meta name=\"twitter:data2\" content=\"2 minutes\" \/>\n<script type=\"application\/ld+json\" class=\"yoast-schema-graph\">{\"@context\":\"https:\/\/schema.org\",\"@graph\":[{\"@type\":\"Article\",\"@id\":\"https:\/\/www.africa-press.net\/congo-brazzaville\/economie\/le-congo-encourage-a-oeuvrer-davantage-pour-sa-diversification-economique#article\",\"isPartOf\":{\"@id\":\"https:\/\/www.africa-press.net\/congo-brazzaville\/economie\/le-congo-encourage-a-oeuvrer-davantage-pour-sa-diversification-economique\"},\"author\":{\"name\":\"cfeditorfr\",\"@id\":\"https:\/\/www.africa-press.net\/congo-brazzaville\/#\/schema\/person\/2b1cf3cd81a31e3cd26889ca66d677f1\"},\"headline\":\"le congo encourag\u00e9 \u00e0 \u0153uvrer davantage pour sa diversification \u00e9conomique\",\"datePublished\":\"2023-03-17T17:31:25+00:00\",\"dateModified\":\"2023-03-17T18:19:40+00:00\",\"mainEntityOfPage\":{\"@id\":\"https:\/\/www.africa-press.net\/congo-brazzaville\/economie\/le-congo-encourage-a-oeuvrer-davantage-pour-sa-diversification-economique\"},\"wordCount\":327,\"commentCount\":0,\"image\":{\"@id\":\"https:\/\/www.africa-press.net\/congo-brazzaville\/economie\/le-congo-encourage-a-oeuvrer-davantage-pour-sa-diversification-economique#primaryimage\"},\"thumbnailUrl\":\"https:\/\/static.africa-press.net\/congo-brazzaville\/sites\/51\/2023\/03\/postQueueImg_1679061695.63.jpg\",\"keywords\":[\"Africa Press\",\"Africa Press-Congo Brazzaville\",\"Congo Brazzaville\"],\"articleSection\":[\"\u00c9conomie\",\"Toutes les actualit\u00e9s\"],\"inLanguage\":\"fr-FR\",\"potentialAction\":[{\"@type\":\"CommentAction\",\"name\":\"Comment\",\"target\":[\"https:\/\/www.africa-press.net\/congo-brazzaville\/economie\/le-congo-encourage-a-oeuvrer-davantage-pour-sa-diversification-economique#respond\"]}]},{\"@type\":\"WebPage\",\"@id\":\"https:\/\/www.africa-press.net\/congo-brazzaville\/economie\/le-congo-encourage-a-oeuvrer-davantage-pour-sa-diversification-economique\",\"url\":\"https:\/\/www.africa-press.net\/congo-brazzaville\/economie\/le-congo-encourage-a-oeuvrer-davantage-pour-sa-diversification-economique\",\"name\":\"le congo encourag\u00e9 \u00e0 \u0153uvrer davantage pour sa diversification \u00e9conomique - Congo Brazzaville\",\"isPartOf\":{\"@id\":\"https:\/\/www.africa-press.net\/congo-brazzaville\/#website\"},\"primaryImageOfPage\":{\"@id\":\"https:\/\/www.africa-press.net\/congo-brazzaville\/economie\/le-congo-encourage-a-oeuvrer-davantage-pour-sa-diversification-economique#primaryimage\"},\"image\":{\"@id\":\"https:\/\/www.africa-press.net\/congo-brazzaville\/economie\/le-congo-encourage-a-oeuvrer-davantage-pour-sa-diversification-economique#primaryimage\"},\"thumbnailUrl\":\"https:\/\/static.africa-press.net\/congo-brazzaville\/sites\/51\/2023\/03\/postQueueImg_1679061695.63.jpg\",\"datePublished\":\"2023-03-17T17:31:25+00:00\",\"dateModified\":\"2023-03-17T18:19:40+00:00\",\"author\":{\"@id\":\"https:\/\/www.africa-press.net\/congo-brazzaville\/#\/schema\/person\/2b1cf3cd81a31e3cd26889ca66d677f1\"},\"description\":\"L\u2019e\u0301conomiste principal de la Banque Mondiale Vincent Belinga a releve\u0301 le 15 mars a\u0300 Brazzaville que le Congo devrai ...\",\"breadcrumb\":{\"@id\":\"https:\/\/www.africa-press.net\/congo-brazzaville\/economie\/le-congo-encourage-a-oeuvrer-davantage-pour-sa-diversification-economique#breadcrumb\"},\"inLanguage\":\"fr-FR\",\"potentialAction\":[{\"@type\":\"ReadAction\",\"target\":[\"https:\/\/www.africa-press.net\/congo-brazzaville\/economie\/le-congo-encourage-a-oeuvrer-davantage-pour-sa-diversification-economique\"]}]},{\"@type\":\"ImageObject\",\"inLanguage\":\"fr-FR\",\"@id\":\"https:\/\/www.africa-press.net\/congo-brazzaville\/economie\/le-congo-encourage-a-oeuvrer-davantage-pour-sa-diversification-economique#primaryimage\",\"url\":\"https:\/\/static.africa-press.net\/congo-brazzaville\/sites\/51\/2023\/03\/postQueueImg_1679061695.63.jpg\",\"contentUrl\":\"https:\/\/static.africa-press.net\/congo-brazzaville\/sites\/51\/2023\/03\/postQueueImg_1679061695.63.jpg\",\"width\":713,\"height\":442,\"caption\":\"le congo encourag\u00e9 \u00e0 \u0153uvrer davantage pour sa diversification \u00e9conomique\"},{\"@type\":\"BreadcrumbList\",\"@id\":\"https:\/\/www.africa-press.net\/congo-brazzaville\/economie\/le-congo-encourage-a-oeuvrer-davantage-pour-sa-diversification-economique#breadcrumb\",\"itemListElement\":[{\"@type\":\"ListItem\",\"position\":1,\"name\":\"Accueil\",\"item\":\"https:\/\/www.africa-press.net\/congo-brazzaville\/\"},{\"@type\":\"ListItem\",\"position\":2,\"name\":\"le congo encourag\u00e9 \u00e0 \u0153uvrer davantage pour sa diversification \u00e9conomique\"}]},{\"@type\":\"WebSite\",\"@id\":\"https:\/\/www.africa-press.net\/congo-brazzaville\/#website\",\"url\":\"https:\/\/www.africa-press.net\/congo-brazzaville\/\",\"name\":\"Congo Brazzaville\",\"description\":\"Just another Africa News Agency Sites site\",\"potentialAction\":[{\"@type\":\"SearchAction\",\"target\":{\"@type\":\"EntryPoint\",\"urlTemplate\":\"https:\/\/www.africa-press.net\/congo-brazzaville\/?s={search_term_string}\"},\"query-input\":{\"@type\":\"PropertyValueSpecification\",\"valueRequired\":true,\"valueName\":\"search_term_string\"}}],\"inLanguage\":\"fr-FR\"},{\"@type\":\"Person\",\"@id\":\"https:\/\/www.africa-press.net\/congo-brazzaville\/#\/schema\/person\/2b1cf3cd81a31e3cd26889ca66d677f1\",\"name\":\"cfeditorfr\"}]}<\/script>\n<!-- \/ Yoast SEO Premium plugin. -->","yoast_head_json":{"title":"le congo encourag\u00e9 \u00e0 \u0153uvrer davantage pour sa diversification \u00e9conomique - Congo Brazzaville","description":"L\u2019e\u0301conomiste principal de la Banque Mondiale Vincent Belinga a releve\u0301 le 15 mars a\u0300 Brazzaville que le Congo devrai ...","robots":{"index":"index","follow":"follow","max-snippet":"max-snippet:-1","max-image-preview":"max-image-preview:large","max-video-preview":"max-video-preview:-1"},"canonical":"https:\/\/www.africa-press.net\/congo-brazzaville\/economie\/le-congo-encourage-a-oeuvrer-davantage-pour-sa-diversification-economique","og_locale":"fr_FR","og_type":"article","og_title":"le congo encourag\u00e9 \u00e0 \u0153uvrer davantage pour sa diversification \u00e9conomique","og_description":"L\u2019e\u0301conomiste principal de la Banque Mondiale Vincent Belinga a releve\u0301 le 15 mars a\u0300 Brazzaville que le Congo devrai ...","og_url":"https:\/\/www.africa-press.net\/congo-brazzaville\/economie\/le-congo-encourage-a-oeuvrer-davantage-pour-sa-diversification-economique","og_site_name":"Congo Brazzaville","article_published_time":"2023-03-17T17:31:25+00:00","article_modified_time":"2023-03-17T18:19:40+00:00","og_image":[{"width":713,"height":442,"url":"https:\/\/static.africa-press.net\/congo-brazzaville\/sites\/51\/2023\/03\/postQueueImg_1679061695.63.jpg","type":"image\/jpeg"}],"author":"cfeditorfr","twitter_card":"summary_large_image","twitter_misc":{"\u00c9crit par":"cfeditorfr","Dur\u00e9e de lecture estim\u00e9e":"2 minutes"},"schema":{"@context":"https:\/\/schema.org","@graph":[{"@type":"Article","@id":"https:\/\/www.africa-press.net\/congo-brazzaville\/economie\/le-congo-encourage-a-oeuvrer-davantage-pour-sa-diversification-economique#article","isPartOf":{"@id":"https:\/\/www.africa-press.net\/congo-brazzaville\/economie\/le-congo-encourage-a-oeuvrer-davantage-pour-sa-diversification-economique"},"author":{"name":"cfeditorfr","@id":"https:\/\/www.africa-press.net\/congo-brazzaville\/#\/schema\/person\/2b1cf3cd81a31e3cd26889ca66d677f1"},"headline":"le congo encourag\u00e9 \u00e0 \u0153uvrer davantage pour sa diversification \u00e9conomique","datePublished":"2023-03-17T17:31:25+00:00","dateModified":"2023-03-17T18:19:40+00:00","mainEntityOfPage":{"@id":"https:\/\/www.africa-press.net\/congo-brazzaville\/economie\/le-congo-encourage-a-oeuvrer-davantage-pour-sa-diversification-economique"},"wordCount":327,"commentCount":0,"image":{"@id":"https:\/\/www.africa-press.net\/congo-brazzaville\/economie\/le-congo-encourage-a-oeuvrer-davantage-pour-sa-diversification-economique#primaryimage"},"thumbnailUrl":"https:\/\/static.africa-press.net\/congo-brazzaville\/sites\/51\/2023\/03\/postQueueImg_1679061695.63.jpg","keywords":["Africa Press","Africa Press-Congo Brazzaville","Congo Brazzaville"],"articleSection":["\u00c9conomie","Toutes les actualit\u00e9s"],"inLanguage":"fr-FR","potentialAction":[{"@type":"CommentAction","name":"Comment","target":["https:\/\/www.africa-press.net\/congo-brazzaville\/economie\/le-congo-encourage-a-oeuvrer-davantage-pour-sa-diversification-economique#respond"]}]},{"@type":"WebPage","@id":"https:\/\/www.africa-press.net\/congo-brazzaville\/economie\/le-congo-encourage-a-oeuvrer-davantage-pour-sa-diversification-economique","url":"https:\/\/www.africa-press.net\/congo-brazzaville\/economie\/le-congo-encourage-a-oeuvrer-davantage-pour-sa-diversification-economique","name":"le congo encourag\u00e9 \u00e0 \u0153uvrer davantage pour sa diversification \u00e9conomique - Congo Brazzaville","isPartOf":{"@id":"https:\/\/www.africa-press.net\/congo-brazzaville\/#website"},"primaryImageOfPage":{"@id":"https:\/\/www.africa-press.net\/congo-brazzaville\/economie\/le-congo-encourage-a-oeuvrer-davantage-pour-sa-diversification-economique#primaryimage"},"image":{"@id":"https:\/\/www.africa-press.net\/congo-brazzaville\/economie\/le-congo-encourage-a-oeuvrer-davantage-pour-sa-diversification-economique#primaryimage"},"thumbnailUrl":"https:\/\/static.africa-press.net\/congo-brazzaville\/sites\/51\/2023\/03\/postQueueImg_1679061695.63.jpg","datePublished":"2023-03-17T17:31:25+00:00","dateModified":"2023-03-17T18:19:40+00:00","author":{"@id":"https:\/\/www.africa-press.net\/congo-brazzaville\/#\/schema\/person\/2b1cf3cd81a31e3cd26889ca66d677f1"},"description":"L\u2019e\u0301conomiste principal de la Banque Mondiale Vincent Belinga a releve\u0301 le 15 mars a\u0300 Brazzaville que le Congo devrai ...","breadcrumb":{"@id":"https:\/\/www.africa-press.net\/congo-brazzaville\/economie\/le-congo-encourage-a-oeuvrer-davantage-pour-sa-diversification-economique#breadcrumb"},"inLanguage":"fr-FR","potentialAction":[{"@type":"ReadAction","target":["https:\/\/www.africa-press.net\/congo-brazzaville\/economie\/le-congo-encourage-a-oeuvrer-davantage-pour-sa-diversification-economique"]}]},{"@type":"ImageObject","inLanguage":"fr-FR","@id":"https:\/\/www.africa-press.net\/congo-brazzaville\/economie\/le-congo-encourage-a-oeuvrer-davantage-pour-sa-diversification-economique#primaryimage","url":"https:\/\/static.africa-press.net\/congo-brazzaville\/sites\/51\/2023\/03\/postQueueImg_1679061695.63.jpg","contentUrl":"https:\/\/static.africa-press.net\/congo-brazzaville\/sites\/51\/2023\/03\/postQueueImg_1679061695.63.jpg","width":713,"height":442,"caption":"le congo encourag\u00e9 \u00e0 \u0153uvrer davantage pour sa diversification \u00e9conomique"},{"@type":"BreadcrumbList","@id":"https:\/\/www.africa-press.net\/congo-brazzaville\/economie\/le-congo-encourage-a-oeuvrer-davantage-pour-sa-diversification-economique#breadcrumb","itemListElement":[{"@type":"ListItem","position":1,"name":"Accueil","item":"https:\/\/www.africa-press.net\/congo-brazzaville\/"},{"@type":"ListItem","position":2,"name":"le congo encourag\u00e9 \u00e0 \u0153uvrer davantage pour sa diversification \u00e9conomique"}]},{"@type":"WebSite","@id":"https:\/\/www.africa-press.net\/congo-brazzaville\/#website","url":"https:\/\/www.africa-press.net\/congo-brazzaville\/","name":"Congo Brazzaville","description":"Just another Africa News Agency Sites site","potentialAction":[{"@type":"SearchAction","target":{"@type":"EntryPoint","urlTemplate":"https:\/\/www.africa-press.net\/congo-brazzaville\/?s={search_term_string}"},"query-input":{"@type":"PropertyValueSpecification","valueRequired":true,"valueName":"search_term_string"}}],"inLanguage":"fr-FR"},{"@type":"Person","@id":"https:\/\/www.africa-press.net\/congo-brazzaville\/#\/schema\/person\/2b1cf3cd81a31e3cd26889ca66d677f1","name":"cfeditorfr"}]}},"_links":{"self":[{"href":"https:\/\/www.africa-press.net\/congo-brazzaville\/wp-json\/wp\/v2\/posts\/15759","targetHints":{"allow":["GET"]}}],"collection":[{"href":"https:\/\/www.africa-press.net\/congo-brazzaville\/wp-json\/wp\/v2\/posts"}],"about":[{"href":"https:\/\/www.africa-press.net\/congo-brazzaville\/wp-json\/wp\/v2\/types\/post"}],"author":[{"embeddable":true,"href":"https:\/\/www.africa-press.net\/congo-brazzaville\/wp-json\/wp\/v2\/users\/82"}],"replies":[{"embeddable":true,"href":"https:\/\/www.africa-press.net\/congo-brazzaville\/wp-json\/wp\/v2\/comments?post=15759"}],"version-history":[{"count":0,"href":"https:\/\/www.africa-press.net\/congo-brazzaville\/wp-json\/wp\/v2\/posts\/15759\/revisions"}],"wp:featuredmedia":[{"embeddable":true,"href":"https:\/\/www.africa-press.net\/congo-brazzaville\/wp-json\/wp\/v2\/media\/15758"}],"wp:attachment":[{"href":"https:\/\/www.africa-press.net\/congo-brazzaville\/wp-json\/wp\/v2\/media?parent=15759"}],"wp:term":[{"taxonomy":"category","embeddable":true,"href":"https:\/\/www.africa-press.net\/congo-brazzaville\/wp-json\/wp\/v2\/categories?post=15759"},{"taxonomy":"post_tag","embeddable":true,"href":"https:\/\/www.africa-press.net\/congo-brazzaville\/wp-json\/wp\/v2\/tags?post=15759"}],"curies":[{"name":"wp","href":"https:\/\/api.w.org\/{rel}","templated":true}]}}