{"id":15760,"date":"2023-03-17T17:30:06","date_gmt":"2023-03-17T17:30:06","guid":{"rendered":"https:\/\/www.africa-press.net\/congo-brazzaville\/politique\/lutte-contre-la-fievre-jaune-les-agents-des-forces-armees-congolaise-invites-a-se-faire-vacciner"},"modified":"2023-03-17T18:14:30","modified_gmt":"2023-03-17T18:14:30","slug":"lutte-contre-la-fievre-jaune-les-agents-des-forces-armees-congolaise-invites-a-se-faire-vacciner","status":"publish","type":"post","link":"https:\/\/www.africa-press.net\/congo-brazzaville\/toutes-les-actualites\/lutte-contre-la-fievre-jaune-les-agents-des-forces-armees-congolaise-invites-a-se-faire-vacciner","title":{"rendered":"Lutte contre la fi\u00e8vre jaune : les agents des Forces arm\u00e9es congolaise invit\u00e9s \u00e0 se faire vacciner"},"content":{"rendered":"<p><span style=\"color: #ff6600\"><strong>Africa-Press &#8211; Congo Brazzaville. <\/strong><\/span><b>La campagne de vaccination contre la fie\u0300vre jaune au profit des membres des Forces arme\u0301es congolaises (FAC) a e\u0301te\u0301 officiellement lance\u0301e le 17 mars, a\u0300 Brazzaville, devant un e\u0301chantillon des militaires qui ont rec\u0327u les instructions de prendre le vaccin pour se prote\u0301ger contre cette maladie.<\/b><\/p>\n<p>La campagne de vaccination gratuite contre la fie\u0300vre jaune a e\u0301te\u0301 lance\u0301e par le commandant de la zone de de\u0301fense n\u00b09, le ge\u0301ne\u0301ral Pierre Gae\u0301tan Ickey, en pre\u0301sence du directeur central de service de sante\u0301 du ministe\u0300re de la De\u0301fense, le me\u0301decin colonel Alexis Mourou Moyoka, ainsi que du directeur de\u0301partemental de la Sante\u0301 de Brazzaville, le me\u0301decin-colonel Jean Claude Mobousse.<\/p>\n<p>Durant la ce\u0301re\u0301monie, les militaires ont e\u0301te\u0301 invite\u0301s a\u0300 se faire vacciner pour contrer la fie\u0300vre jaune qui constitue un danger pour la population. La hie\u0301rarchie militaire a pre\u0302che\u0301 par l\u2019exemple afin de faire comprendre aux officiers, sous-officiers et hommes de rang l\u2019importance de la vaccination contre la fie\u0300vre jaune. L\u2019ope\u0301ration qui cible les militaires ainsi que leurs familles se de\u0301roulera dans les diffe\u0301rentes casernes et centres de sante\u0301 du 17 au 19 mars.<\/p>\n<p>Juste avant de prendre sa dose unique de ce vaccin, le ge\u0301ne\u0301ral Pierre Gae\u0301tan Ickey a rappele\u0301 aux militaires la ne\u0301cessite\u0301 de se faire vacciner pour leur permettre de poursuivre leur mission avec beaucoup de succe\u0300s tout en pre\u0301servant la sante\u0301 de leurs proches.<\/p>\n<p>Pour sa part, le directeur central de service de sante\u0301 a explique\u0301, de manie\u0300re de\u0301taille\u0301e, l\u2019origine, le ro\u0302le et l\u2019apport du vaccin contre la fie\u0300vre jaune dans le corps humain. Alexis Mourou Moyoka a profite\u0301 de l\u2019occasion pour de\u0301mentir l\u2019ide\u0301e selon laquelle le vaccin constitue un danger. \u00ab\u00a0La fie\u0300vre jaune n\u2019a pas de traitement, le seul moyen de l\u2019e\u0301viter c\u2019est la vaccination. Ce vaccin est tre\u0300s efficace et nous prote\u0300ge pour toute la vie contre cette maladie. Il ne pre\u0301sente aucun danger comme on vous le dit souvent, je vous incite a\u0300 vous faire vacciner puisqu\u2019il n\u2019 y aura pas de risque sur votre sante\u0301\u00a0\u00bb, a-t-il conseille\u0301.<\/p>\n<p>Il a signale\u0301 que cette ope\u0301ration s\u2019inscrit dans le cadre du suivi de la campagne ge\u0301ne\u0301rale de vaccination qui s\u2019est de\u0301roule\u0301e en aou\u0302t dernier.<\/p>\n<p><strong>Pour plus d&rsquo;informations et d&rsquo;analyses sur la <a href=\"https:\/\/www.africa-press.net\/congo-brazzaville\">Congo Brazzaville<\/a>, suivez <a href=\"https:\/\/www.africa-press.net\/\">Africa-Press<\/a><\/strong><\/p>\n","protected":false},"excerpt":{"rendered":"<p>Africa-Press &#8211; Congo Brazzaville. La campagne de vaccination contre la fie\u0300vre jaune au profit des membres des Forces arme\u0301es congolaises (FAC) a e\u0301te\u0301 officiellement lance\u0301e le 17 mars, a\u0300 Brazzaville, devant un e\u0301chantillon des militaires qui ont rec\u0327u les instructions de prendre le vaccin pour se prote\u0301ger contre cette maladie. La campagne de vaccination gratuite [&hellip;]<\/p>\n","protected":false},"author":82,"featured_media":15757,"comment_status":"open","ping_status":"closed","sticky":false,"template":"","format":"standard","meta":{"footnotes":""},"categories":[21,10],"tags":[36,47,46],"class_list":["post-15760","post","type-post","status-publish","format-standard","has-post-thumbnail","hentry","category-communaute","category-toutes-les-actualites","tag-africa-press","tag-africa-press-congo-brazzaville","tag-congo-brazzaville"],"yoast_head":"<!-- This site is optimized with the Yoast SEO Premium plugin v26.1 (Yoast SEO v27.0) - https:\/\/yoast.com\/product\/yoast-seo-premium-wordpress\/ -->\n<title>Lutte contre la fi\u00e8vre jaune : les agents des Forces arm\u00e9es congolaise invit\u00e9s \u00e0 se faire vacciner - Congo Brazzaville<\/title>\n<meta name=\"description\" content=\"La campagne de vaccination contre la fie\u0300vre jaune au profit des membres des Forces arme\u0301es congolaises (FAC) a e\u0301te\u0301 ...\" \/>\n<meta name=\"robots\" content=\"index, follow, max-snippet:-1, max-image-preview:large, max-video-preview:-1\" \/>\n<link rel=\"canonical\" href=\"https:\/\/www.africa-press.net\/congo-brazzaville\/toutes-les-actualites\/lutte-contre-la-fievre-jaune-les-agents-des-forces-armees-congolaise-invites-a-se-faire-vacciner\" \/>\n<meta property=\"og:locale\" content=\"fr_FR\" \/>\n<meta property=\"og:type\" content=\"article\" \/>\n<meta property=\"og:title\" content=\"Lutte contre la fi\u00e8vre jaune : les agents des Forces arm\u00e9es congolaise invit\u00e9s \u00e0 se faire vacciner\" \/>\n<meta property=\"og:description\" content=\"La campagne de vaccination contre la fie\u0300vre jaune au profit des membres des Forces arme\u0301es congolaises (FAC) a e\u0301te\u0301 ...\" \/>\n<meta property=\"og:url\" content=\"https:\/\/www.africa-press.net\/congo-brazzaville\/toutes-les-actualites\/lutte-contre-la-fievre-jaune-les-agents-des-forces-armees-congolaise-invites-a-se-faire-vacciner\" \/>\n<meta property=\"og:site_name\" content=\"Congo Brazzaville\" \/>\n<meta property=\"article:published_time\" content=\"2023-03-17T17:30:06+00:00\" \/>\n<meta property=\"article:modified_time\" content=\"2023-03-17T18:14:30+00:00\" \/>\n<meta property=\"og:image\" content=\"https:\/\/static.africa-press.net\/congo-brazzaville\/sites\/51\/2023\/03\/postQueueImg_1679061609.06.jpg\" \/>\n\t<meta property=\"og:image:width\" content=\"1155\" \/>\n\t<meta property=\"og:image:height\" content=\"768\" \/>\n\t<meta property=\"og:image:type\" content=\"image\/jpeg\" \/>\n<meta name=\"author\" content=\"cfeditorfr\" \/>\n<meta name=\"twitter:card\" content=\"summary_large_image\" \/>\n<meta name=\"twitter:label1\" content=\"\u00c9crit par\" \/>\n\t<meta name=\"twitter:data1\" content=\"cfeditorfr\" \/>\n\t<meta name=\"twitter:label2\" content=\"Dur\u00e9e de lecture estim\u00e9e\" \/>\n\t<meta name=\"twitter:data2\" content=\"2 minutes\" \/>\n<script type=\"application\/ld+json\" class=\"yoast-schema-graph\">{\"@context\":\"https:\/\/schema.org\",\"@graph\":[{\"@type\":\"Article\",\"@id\":\"https:\/\/www.africa-press.net\/congo-brazzaville\/toutes-les-actualites\/lutte-contre-la-fievre-jaune-les-agents-des-forces-armees-congolaise-invites-a-se-faire-vacciner#article\",\"isPartOf\":{\"@id\":\"https:\/\/www.africa-press.net\/congo-brazzaville\/toutes-les-actualites\/lutte-contre-la-fievre-jaune-les-agents-des-forces-armees-congolaise-invites-a-se-faire-vacciner\"},\"author\":{\"name\":\"cfeditorfr\",\"@id\":\"https:\/\/www.africa-press.net\/congo-brazzaville\/#\/schema\/person\/2b1cf3cd81a31e3cd26889ca66d677f1\"},\"headline\":\"Lutte contre la fi\u00e8vre jaune : les agents des Forces arm\u00e9es congolaise invit\u00e9s \u00e0 se faire vacciner\",\"datePublished\":\"2023-03-17T17:30:06+00:00\",\"dateModified\":\"2023-03-17T18:14:30+00:00\",\"mainEntityOfPage\":{\"@id\":\"https:\/\/www.africa-press.net\/congo-brazzaville\/toutes-les-actualites\/lutte-contre-la-fievre-jaune-les-agents-des-forces-armees-congolaise-invites-a-se-faire-vacciner\"},\"wordCount\":456,\"commentCount\":0,\"image\":{\"@id\":\"https:\/\/www.africa-press.net\/congo-brazzaville\/toutes-les-actualites\/lutte-contre-la-fievre-jaune-les-agents-des-forces-armees-congolaise-invites-a-se-faire-vacciner#primaryimage\"},\"thumbnailUrl\":\"https:\/\/static.africa-press.net\/congo-brazzaville\/sites\/51\/2023\/03\/postQueueImg_1679061609.06.jpg\",\"keywords\":[\"Africa Press\",\"Africa Press-Congo Brazzaville\",\"Congo Brazzaville\"],\"articleSection\":[\"Communaut\u00e9\",\"Toutes les actualit\u00e9s\"],\"inLanguage\":\"fr-FR\",\"potentialAction\":[{\"@type\":\"CommentAction\",\"name\":\"Comment\",\"target\":[\"https:\/\/www.africa-press.net\/congo-brazzaville\/toutes-les-actualites\/lutte-contre-la-fievre-jaune-les-agents-des-forces-armees-congolaise-invites-a-se-faire-vacciner#respond\"]}]},{\"@type\":\"WebPage\",\"@id\":\"https:\/\/www.africa-press.net\/congo-brazzaville\/toutes-les-actualites\/lutte-contre-la-fievre-jaune-les-agents-des-forces-armees-congolaise-invites-a-se-faire-vacciner\",\"url\":\"https:\/\/www.africa-press.net\/congo-brazzaville\/toutes-les-actualites\/lutte-contre-la-fievre-jaune-les-agents-des-forces-armees-congolaise-invites-a-se-faire-vacciner\",\"name\":\"Lutte contre la fi\u00e8vre jaune : les agents des Forces arm\u00e9es congolaise invit\u00e9s \u00e0 se faire vacciner - Congo Brazzaville\",\"isPartOf\":{\"@id\":\"https:\/\/www.africa-press.net\/congo-brazzaville\/#website\"},\"primaryImageOfPage\":{\"@id\":\"https:\/\/www.africa-press.net\/congo-brazzaville\/toutes-les-actualites\/lutte-contre-la-fievre-jaune-les-agents-des-forces-armees-congolaise-invites-a-se-faire-vacciner#primaryimage\"},\"image\":{\"@id\":\"https:\/\/www.africa-press.net\/congo-brazzaville\/toutes-les-actualites\/lutte-contre-la-fievre-jaune-les-agents-des-forces-armees-congolaise-invites-a-se-faire-vacciner#primaryimage\"},\"thumbnailUrl\":\"https:\/\/static.africa-press.net\/congo-brazzaville\/sites\/51\/2023\/03\/postQueueImg_1679061609.06.jpg\",\"datePublished\":\"2023-03-17T17:30:06+00:00\",\"dateModified\":\"2023-03-17T18:14:30+00:00\",\"author\":{\"@id\":\"https:\/\/www.africa-press.net\/congo-brazzaville\/#\/schema\/person\/2b1cf3cd81a31e3cd26889ca66d677f1\"},\"description\":\"La campagne de vaccination contre la fie\u0300vre jaune au profit des membres des Forces arme\u0301es congolaises (FAC) a e\u0301te\u0301 ...\",\"breadcrumb\":{\"@id\":\"https:\/\/www.africa-press.net\/congo-brazzaville\/toutes-les-actualites\/lutte-contre-la-fievre-jaune-les-agents-des-forces-armees-congolaise-invites-a-se-faire-vacciner#breadcrumb\"},\"inLanguage\":\"fr-FR\",\"potentialAction\":[{\"@type\":\"ReadAction\",\"target\":[\"https:\/\/www.africa-press.net\/congo-brazzaville\/toutes-les-actualites\/lutte-contre-la-fievre-jaune-les-agents-des-forces-armees-congolaise-invites-a-se-faire-vacciner\"]}]},{\"@type\":\"ImageObject\",\"inLanguage\":\"fr-FR\",\"@id\":\"https:\/\/www.africa-press.net\/congo-brazzaville\/toutes-les-actualites\/lutte-contre-la-fievre-jaune-les-agents-des-forces-armees-congolaise-invites-a-se-faire-vacciner#primaryimage\",\"url\":\"https:\/\/static.africa-press.net\/congo-brazzaville\/sites\/51\/2023\/03\/postQueueImg_1679061609.06.jpg\",\"contentUrl\":\"https:\/\/static.africa-press.net\/congo-brazzaville\/sites\/51\/2023\/03\/postQueueImg_1679061609.06.jpg\",\"width\":1155,\"height\":768,\"caption\":\"Lutte contre la fi\u00e8vre jaune : les agents des Forces arm\u00e9es congolaise invit\u00e9s \u00e0 se faire vacciner\"},{\"@type\":\"BreadcrumbList\",\"@id\":\"https:\/\/www.africa-press.net\/congo-brazzaville\/toutes-les-actualites\/lutte-contre-la-fievre-jaune-les-agents-des-forces-armees-congolaise-invites-a-se-faire-vacciner#breadcrumb\",\"itemListElement\":[{\"@type\":\"ListItem\",\"position\":1,\"name\":\"Accueil\",\"item\":\"https:\/\/www.africa-press.net\/congo-brazzaville\/\"},{\"@type\":\"ListItem\",\"position\":2,\"name\":\"Lutte contre la fi\u00e8vre jaune : les agents des Forces arm\u00e9es congolaise invit\u00e9s \u00e0 se faire vacciner\"}]},{\"@type\":\"WebSite\",\"@id\":\"https:\/\/www.africa-press.net\/congo-brazzaville\/#website\",\"url\":\"https:\/\/www.africa-press.net\/congo-brazzaville\/\",\"name\":\"Congo Brazzaville\",\"description\":\"Just another Africa News Agency Sites site\",\"potentialAction\":[{\"@type\":\"SearchAction\",\"target\":{\"@type\":\"EntryPoint\",\"urlTemplate\":\"https:\/\/www.africa-press.net\/congo-brazzaville\/?s={search_term_string}\"},\"query-input\":{\"@type\":\"PropertyValueSpecification\",\"valueRequired\":true,\"valueName\":\"search_term_string\"}}],\"inLanguage\":\"fr-FR\"},{\"@type\":\"Person\",\"@id\":\"https:\/\/www.africa-press.net\/congo-brazzaville\/#\/schema\/person\/2b1cf3cd81a31e3cd26889ca66d677f1\",\"name\":\"cfeditorfr\"}]}<\/script>\n<!-- \/ Yoast SEO Premium plugin. -->","yoast_head_json":{"title":"Lutte contre la fi\u00e8vre jaune : les agents des Forces arm\u00e9es congolaise invit\u00e9s \u00e0 se faire vacciner - Congo Brazzaville","description":"La campagne de vaccination contre la fie\u0300vre jaune au profit des membres des Forces arme\u0301es congolaises (FAC) a e\u0301te\u0301 ...","robots":{"index":"index","follow":"follow","max-snippet":"max-snippet:-1","max-image-preview":"max-image-preview:large","max-video-preview":"max-video-preview:-1"},"canonical":"https:\/\/www.africa-press.net\/congo-brazzaville\/toutes-les-actualites\/lutte-contre-la-fievre-jaune-les-agents-des-forces-armees-congolaise-invites-a-se-faire-vacciner","og_locale":"fr_FR","og_type":"article","og_title":"Lutte contre la fi\u00e8vre jaune : les agents des Forces arm\u00e9es congolaise invit\u00e9s \u00e0 se faire vacciner","og_description":"La campagne de vaccination contre la fie\u0300vre jaune au profit des membres des Forces arme\u0301es congolaises (FAC) a e\u0301te\u0301 ...","og_url":"https:\/\/www.africa-press.net\/congo-brazzaville\/toutes-les-actualites\/lutte-contre-la-fievre-jaune-les-agents-des-forces-armees-congolaise-invites-a-se-faire-vacciner","og_site_name":"Congo Brazzaville","article_published_time":"2023-03-17T17:30:06+00:00","article_modified_time":"2023-03-17T18:14:30+00:00","og_image":[{"width":1155,"height":768,"url":"https:\/\/static.africa-press.net\/congo-brazzaville\/sites\/51\/2023\/03\/postQueueImg_1679061609.06.jpg","type":"image\/jpeg"}],"author":"cfeditorfr","twitter_card":"summary_large_image","twitter_misc":{"\u00c9crit par":"cfeditorfr","Dur\u00e9e de lecture estim\u00e9e":"2 minutes"},"schema":{"@context":"https:\/\/schema.org","@graph":[{"@type":"Article","@id":"https:\/\/www.africa-press.net\/congo-brazzaville\/toutes-les-actualites\/lutte-contre-la-fievre-jaune-les-agents-des-forces-armees-congolaise-invites-a-se-faire-vacciner#article","isPartOf":{"@id":"https:\/\/www.africa-press.net\/congo-brazzaville\/toutes-les-actualites\/lutte-contre-la-fievre-jaune-les-agents-des-forces-armees-congolaise-invites-a-se-faire-vacciner"},"author":{"name":"cfeditorfr","@id":"https:\/\/www.africa-press.net\/congo-brazzaville\/#\/schema\/person\/2b1cf3cd81a31e3cd26889ca66d677f1"},"headline":"Lutte contre la fi\u00e8vre jaune : les agents des Forces arm\u00e9es congolaise invit\u00e9s \u00e0 se faire vacciner","datePublished":"2023-03-17T17:30:06+00:00","dateModified":"2023-03-17T18:14:30+00:00","mainEntityOfPage":{"@id":"https:\/\/www.africa-press.net\/congo-brazzaville\/toutes-les-actualites\/lutte-contre-la-fievre-jaune-les-agents-des-forces-armees-congolaise-invites-a-se-faire-vacciner"},"wordCount":456,"commentCount":0,"image":{"@id":"https:\/\/www.africa-press.net\/congo-brazzaville\/toutes-les-actualites\/lutte-contre-la-fievre-jaune-les-agents-des-forces-armees-congolaise-invites-a-se-faire-vacciner#primaryimage"},"thumbnailUrl":"https:\/\/static.africa-press.net\/congo-brazzaville\/sites\/51\/2023\/03\/postQueueImg_1679061609.06.jpg","keywords":["Africa Press","Africa Press-Congo Brazzaville","Congo Brazzaville"],"articleSection":["Communaut\u00e9","Toutes les actualit\u00e9s"],"inLanguage":"fr-FR","potentialAction":[{"@type":"CommentAction","name":"Comment","target":["https:\/\/www.africa-press.net\/congo-brazzaville\/toutes-les-actualites\/lutte-contre-la-fievre-jaune-les-agents-des-forces-armees-congolaise-invites-a-se-faire-vacciner#respond"]}]},{"@type":"WebPage","@id":"https:\/\/www.africa-press.net\/congo-brazzaville\/toutes-les-actualites\/lutte-contre-la-fievre-jaune-les-agents-des-forces-armees-congolaise-invites-a-se-faire-vacciner","url":"https:\/\/www.africa-press.net\/congo-brazzaville\/toutes-les-actualites\/lutte-contre-la-fievre-jaune-les-agents-des-forces-armees-congolaise-invites-a-se-faire-vacciner","name":"Lutte contre la fi\u00e8vre jaune : les agents des Forces arm\u00e9es congolaise invit\u00e9s \u00e0 se faire vacciner - Congo Brazzaville","isPartOf":{"@id":"https:\/\/www.africa-press.net\/congo-brazzaville\/#website"},"primaryImageOfPage":{"@id":"https:\/\/www.africa-press.net\/congo-brazzaville\/toutes-les-actualites\/lutte-contre-la-fievre-jaune-les-agents-des-forces-armees-congolaise-invites-a-se-faire-vacciner#primaryimage"},"image":{"@id":"https:\/\/www.africa-press.net\/congo-brazzaville\/toutes-les-actualites\/lutte-contre-la-fievre-jaune-les-agents-des-forces-armees-congolaise-invites-a-se-faire-vacciner#primaryimage"},"thumbnailUrl":"https:\/\/static.africa-press.net\/congo-brazzaville\/sites\/51\/2023\/03\/postQueueImg_1679061609.06.jpg","datePublished":"2023-03-17T17:30:06+00:00","dateModified":"2023-03-17T18:14:30+00:00","author":{"@id":"https:\/\/www.africa-press.net\/congo-brazzaville\/#\/schema\/person\/2b1cf3cd81a31e3cd26889ca66d677f1"},"description":"La campagne de vaccination contre la fie\u0300vre jaune au profit des membres des Forces arme\u0301es congolaises (FAC) a e\u0301te\u0301 ...","breadcrumb":{"@id":"https:\/\/www.africa-press.net\/congo-brazzaville\/toutes-les-actualites\/lutte-contre-la-fievre-jaune-les-agents-des-forces-armees-congolaise-invites-a-se-faire-vacciner#breadcrumb"},"inLanguage":"fr-FR","potentialAction":[{"@type":"ReadAction","target":["https:\/\/www.africa-press.net\/congo-brazzaville\/toutes-les-actualites\/lutte-contre-la-fievre-jaune-les-agents-des-forces-armees-congolaise-invites-a-se-faire-vacciner"]}]},{"@type":"ImageObject","inLanguage":"fr-FR","@id":"https:\/\/www.africa-press.net\/congo-brazzaville\/toutes-les-actualites\/lutte-contre-la-fievre-jaune-les-agents-des-forces-armees-congolaise-invites-a-se-faire-vacciner#primaryimage","url":"https:\/\/static.africa-press.net\/congo-brazzaville\/sites\/51\/2023\/03\/postQueueImg_1679061609.06.jpg","contentUrl":"https:\/\/static.africa-press.net\/congo-brazzaville\/sites\/51\/2023\/03\/postQueueImg_1679061609.06.jpg","width":1155,"height":768,"caption":"Lutte contre la fi\u00e8vre jaune : les agents des Forces arm\u00e9es congolaise invit\u00e9s \u00e0 se faire vacciner"},{"@type":"BreadcrumbList","@id":"https:\/\/www.africa-press.net\/congo-brazzaville\/toutes-les-actualites\/lutte-contre-la-fievre-jaune-les-agents-des-forces-armees-congolaise-invites-a-se-faire-vacciner#breadcrumb","itemListElement":[{"@type":"ListItem","position":1,"name":"Accueil","item":"https:\/\/www.africa-press.net\/congo-brazzaville\/"},{"@type":"ListItem","position":2,"name":"Lutte contre la fi\u00e8vre jaune : les agents des Forces arm\u00e9es congolaise invit\u00e9s \u00e0 se faire vacciner"}]},{"@type":"WebSite","@id":"https:\/\/www.africa-press.net\/congo-brazzaville\/#website","url":"https:\/\/www.africa-press.net\/congo-brazzaville\/","name":"Congo Brazzaville","description":"Just another Africa News Agency Sites site","potentialAction":[{"@type":"SearchAction","target":{"@type":"EntryPoint","urlTemplate":"https:\/\/www.africa-press.net\/congo-brazzaville\/?s={search_term_string}"},"query-input":{"@type":"PropertyValueSpecification","valueRequired":true,"valueName":"search_term_string"}}],"inLanguage":"fr-FR"},{"@type":"Person","@id":"https:\/\/www.africa-press.net\/congo-brazzaville\/#\/schema\/person\/2b1cf3cd81a31e3cd26889ca66d677f1","name":"cfeditorfr"}]}},"_links":{"self":[{"href":"https:\/\/www.africa-press.net\/congo-brazzaville\/wp-json\/wp\/v2\/posts\/15760","targetHints":{"allow":["GET"]}}],"collection":[{"href":"https:\/\/www.africa-press.net\/congo-brazzaville\/wp-json\/wp\/v2\/posts"}],"about":[{"href":"https:\/\/www.africa-press.net\/congo-brazzaville\/wp-json\/wp\/v2\/types\/post"}],"author":[{"embeddable":true,"href":"https:\/\/www.africa-press.net\/congo-brazzaville\/wp-json\/wp\/v2\/users\/82"}],"replies":[{"embeddable":true,"href":"https:\/\/www.africa-press.net\/congo-brazzaville\/wp-json\/wp\/v2\/comments?post=15760"}],"version-history":[{"count":0,"href":"https:\/\/www.africa-press.net\/congo-brazzaville\/wp-json\/wp\/v2\/posts\/15760\/revisions"}],"wp:featuredmedia":[{"embeddable":true,"href":"https:\/\/www.africa-press.net\/congo-brazzaville\/wp-json\/wp\/v2\/media\/15757"}],"wp:attachment":[{"href":"https:\/\/www.africa-press.net\/congo-brazzaville\/wp-json\/wp\/v2\/media?parent=15760"}],"wp:term":[{"taxonomy":"category","embeddable":true,"href":"https:\/\/www.africa-press.net\/congo-brazzaville\/wp-json\/wp\/v2\/categories?post=15760"},{"taxonomy":"post_tag","embeddable":true,"href":"https:\/\/www.africa-press.net\/congo-brazzaville\/wp-json\/wp\/v2\/tags?post=15760"}],"curies":[{"name":"wp","href":"https:\/\/api.w.org\/{rel}","templated":true}]}}