{"id":15763,"date":"2023-03-17T17:31:38","date_gmt":"2023-03-17T17:31:38","guid":{"rendered":"https:\/\/www.africa-press.net\/congo-brazzaville\/politique\/lydia-mikolo-satisfaite-de-la-2eme-edition-du-marche-de-lartisanat"},"modified":"2023-03-17T18:20:13","modified_gmt":"2023-03-17T18:20:13","slug":"lydia-mikolo-satisfaite-de-la-2eme-edition-du-marche-de-lartisanat","status":"publish","type":"post","link":"https:\/\/www.africa-press.net\/congo-brazzaville\/culture-et-art\/lydia-mikolo-satisfaite-de-la-2eme-edition-du-marche-de-lartisanat","title":{"rendered":"lydia mikolo satisfaite de la 2\u00e8me\u00a0\u00e9dition du march\u00e9 de l\u2019artisanat"},"content":{"rendered":"<p><span style=\"color: #ff6600\"><strong>Africa-Press &#8211; Congo Brazzaville. <\/strong><\/span><b>La Ministre des petites et moyennes entreprises et de l\u2019artisanat, Jacqueline Lydia Mikolo s\u2019est dit satisfaite le 16 mars a\u0300 Brazzaville de la 2e\u0300me e\u0301dition du marche\u0301 de l\u2019artisanat a\u0300 la suite d\u2019une visite des stands.<\/b><\/p>\n<p>\u00ab Cette e\u0301dition a grandi avec une augmentation du nombre d\u2019exposants comparativement a\u0300 l\u2019anne\u0301e dernie\u0300re. Nous avons de\u0301passe\u0301 la centaine et je me demande si cet espace pourra contenir les exposants l\u2019anne\u0301e prochaine. Je note e\u0301galement une innovation a\u0300 cause de la pluralite\u0301 des produits expose\u0301s venus de l\u2019Inde, du Be\u0301nin et bien d\u2019autres pays. L\u2019innovation se justifie aussi par la pre\u0301sence des banques dans ce marche\u0301, ce qui permet aux artisans d\u2019ouvrir leur compte sur place \u00bb, a souligne\u0301 Lydia Mikolo apre\u0300s la visite des stands.<\/p>\n<p>\u00ab Toutes les activite\u0301s lie\u0301es a\u0300 des expositions sont non seulement des lieux de consommation, d\u2019achat et de vente mais aussi des lieux d\u2019information, de formation et de formalisation. Le gouvernement travaille pour offrir a\u0300 ces artisans, un marche\u0301 spe\u0301cial ou\u0300 ils pourront exposer leurs produits \u00bb, a-t-elle ajoute\u0301.<\/p>\n<p>Pour une exposante Merline Malonga, ce marche\u0301 est un lieu de rencontre avec la cliente\u0300le. \u00ab Nous fabriquons nos articles ici sur place, en confectionnant des robes, des foulards et me\u0302me des sacs. La plupart des personnes viennent visiter les articles expose\u0301s dans ce marche\u0301 de l\u2019artisanat, et certaines ache\u0300tent. C\u2019est une joie pour nous de parler de nos \u0153uvres aux visiteurs \u00bb.<\/p>\n<p>La 2e\u0300me e\u0301dition du marche\u0301 de l\u2019artisanat de Brazzaville qui se tient sous le the\u0300me \u00ab L\u2019artisanat tremplin pour l\u2019e\u0301closion d\u2019un secteur prive\u0301 national dynamique \u00bb a enregistre\u0301 cette anne\u0301e 118 participants, contre 50 exposants en 2022.<\/p>\n<p><strong>Pour plus d&rsquo;informations et d&rsquo;analyses sur la <a href=\"https:\/\/www.africa-press.net\/congo-brazzaville\">Congo Brazzaville<\/a>, suivez <a href=\"https:\/\/www.africa-press.net\/\">Africa-Press<\/a><\/strong><\/p>\n","protected":false},"excerpt":{"rendered":"<p>Africa-Press &#8211; Congo Brazzaville. La Ministre des petites et moyennes entreprises et de l\u2019artisanat, Jacqueline Lydia Mikolo s\u2019est dit satisfaite le 16 mars a\u0300 Brazzaville de la 2e\u0300me e\u0301dition du marche\u0301 de l\u2019artisanat a\u0300 la suite d\u2019une visite des stands. \u00ab Cette e\u0301dition a grandi avec une augmentation du nombre d\u2019exposants comparativement a\u0300 l\u2019anne\u0301e dernie\u0300re. [&hellip;]<\/p>\n","protected":false},"author":82,"featured_media":15761,"comment_status":"open","ping_status":"closed","sticky":false,"template":"","format":"standard","meta":{"footnotes":""},"categories":[5,10],"tags":[36,47,46],"class_list":["post-15763","post","type-post","status-publish","format-standard","has-post-thumbnail","hentry","category-culture-et-art","category-toutes-les-actualites","tag-africa-press","tag-africa-press-congo-brazzaville","tag-congo-brazzaville"],"yoast_head":"<!-- This site is optimized with the Yoast SEO Premium plugin v26.1 (Yoast SEO v27.0) - https:\/\/yoast.com\/product\/yoast-seo-premium-wordpress\/ -->\n<title>lydia mikolo satisfaite de la 2\u00e8me\u00a0\u00e9dition du march\u00e9 de l\u2019artisanat - Congo Brazzaville<\/title>\n<meta name=\"description\" content=\"La Ministre des petites et moyennes entreprises et de l\u2019artisanat, Jacqueline Lydia Mikolo s\u2019est dit satisfaite le 16 ...\" \/>\n<meta name=\"robots\" content=\"index, follow, max-snippet:-1, max-image-preview:large, max-video-preview:-1\" \/>\n<link rel=\"canonical\" href=\"https:\/\/www.africa-press.net\/congo-brazzaville\/culture-et-art\/lydia-mikolo-satisfaite-de-la-2eme-edition-du-marche-de-lartisanat\" \/>\n<meta property=\"og:locale\" content=\"fr_FR\" \/>\n<meta property=\"og:type\" content=\"article\" \/>\n<meta property=\"og:title\" content=\"lydia mikolo satisfaite de la 2\u00e8me\u00a0\u00e9dition du march\u00e9 de l\u2019artisanat\" \/>\n<meta property=\"og:description\" content=\"La Ministre des petites et moyennes entreprises et de l\u2019artisanat, Jacqueline Lydia Mikolo s\u2019est dit satisfaite le 16 ...\" \/>\n<meta property=\"og:url\" content=\"https:\/\/www.africa-press.net\/congo-brazzaville\/culture-et-art\/lydia-mikolo-satisfaite-de-la-2eme-edition-du-marche-de-lartisanat\" \/>\n<meta property=\"og:site_name\" content=\"Congo Brazzaville\" \/>\n<meta property=\"article:published_time\" content=\"2023-03-17T17:31:38+00:00\" \/>\n<meta property=\"article:modified_time\" content=\"2023-03-17T18:20:13+00:00\" \/>\n<meta property=\"og:image\" content=\"https:\/\/static.africa-press.net\/congo-brazzaville\/sites\/51\/2023\/03\/postQueueImg_1679061705.12.jpg\" \/>\n\t<meta property=\"og:image:width\" content=\"812\" \/>\n\t<meta property=\"og:image:height\" content=\"436\" \/>\n\t<meta property=\"og:image:type\" content=\"image\/jpeg\" \/>\n<meta name=\"author\" content=\"cfeditorfr\" \/>\n<meta name=\"twitter:card\" content=\"summary_large_image\" \/>\n<meta name=\"twitter:label1\" content=\"\u00c9crit par\" \/>\n\t<meta name=\"twitter:data1\" content=\"cfeditorfr\" \/>\n\t<meta name=\"twitter:label2\" content=\"Dur\u00e9e de lecture estim\u00e9e\" \/>\n\t<meta name=\"twitter:data2\" content=\"2 minutes\" \/>\n<script type=\"application\/ld+json\" class=\"yoast-schema-graph\">{\"@context\":\"https:\/\/schema.org\",\"@graph\":[{\"@type\":\"Article\",\"@id\":\"https:\/\/www.africa-press.net\/congo-brazzaville\/culture-et-art\/lydia-mikolo-satisfaite-de-la-2eme-edition-du-marche-de-lartisanat#article\",\"isPartOf\":{\"@id\":\"https:\/\/www.africa-press.net\/congo-brazzaville\/culture-et-art\/lydia-mikolo-satisfaite-de-la-2eme-edition-du-marche-de-lartisanat\"},\"author\":{\"name\":\"cfeditorfr\",\"@id\":\"https:\/\/www.africa-press.net\/congo-brazzaville\/#\/schema\/person\/2b1cf3cd81a31e3cd26889ca66d677f1\"},\"headline\":\"lydia mikolo satisfaite de la 2\u00e8me\u00a0\u00e9dition du march\u00e9 de l\u2019artisanat\",\"datePublished\":\"2023-03-17T17:31:38+00:00\",\"dateModified\":\"2023-03-17T18:20:13+00:00\",\"mainEntityOfPage\":{\"@id\":\"https:\/\/www.africa-press.net\/congo-brazzaville\/culture-et-art\/lydia-mikolo-satisfaite-de-la-2eme-edition-du-marche-de-lartisanat\"},\"wordCount\":332,\"commentCount\":0,\"image\":{\"@id\":\"https:\/\/www.africa-press.net\/congo-brazzaville\/culture-et-art\/lydia-mikolo-satisfaite-de-la-2eme-edition-du-marche-de-lartisanat#primaryimage\"},\"thumbnailUrl\":\"https:\/\/static.africa-press.net\/congo-brazzaville\/sites\/51\/2023\/03\/postQueueImg_1679061705.12.jpg\",\"keywords\":[\"Africa Press\",\"Africa Press-Congo Brazzaville\",\"Congo Brazzaville\"],\"articleSection\":[\"Culture et Art\",\"Toutes les actualit\u00e9s\"],\"inLanguage\":\"fr-FR\",\"potentialAction\":[{\"@type\":\"CommentAction\",\"name\":\"Comment\",\"target\":[\"https:\/\/www.africa-press.net\/congo-brazzaville\/culture-et-art\/lydia-mikolo-satisfaite-de-la-2eme-edition-du-marche-de-lartisanat#respond\"]}]},{\"@type\":\"WebPage\",\"@id\":\"https:\/\/www.africa-press.net\/congo-brazzaville\/culture-et-art\/lydia-mikolo-satisfaite-de-la-2eme-edition-du-marche-de-lartisanat\",\"url\":\"https:\/\/www.africa-press.net\/congo-brazzaville\/culture-et-art\/lydia-mikolo-satisfaite-de-la-2eme-edition-du-marche-de-lartisanat\",\"name\":\"lydia mikolo satisfaite de la 2\u00e8me\u00a0\u00e9dition du march\u00e9 de l\u2019artisanat - Congo Brazzaville\",\"isPartOf\":{\"@id\":\"https:\/\/www.africa-press.net\/congo-brazzaville\/#website\"},\"primaryImageOfPage\":{\"@id\":\"https:\/\/www.africa-press.net\/congo-brazzaville\/culture-et-art\/lydia-mikolo-satisfaite-de-la-2eme-edition-du-marche-de-lartisanat#primaryimage\"},\"image\":{\"@id\":\"https:\/\/www.africa-press.net\/congo-brazzaville\/culture-et-art\/lydia-mikolo-satisfaite-de-la-2eme-edition-du-marche-de-lartisanat#primaryimage\"},\"thumbnailUrl\":\"https:\/\/static.africa-press.net\/congo-brazzaville\/sites\/51\/2023\/03\/postQueueImg_1679061705.12.jpg\",\"datePublished\":\"2023-03-17T17:31:38+00:00\",\"dateModified\":\"2023-03-17T18:20:13+00:00\",\"author\":{\"@id\":\"https:\/\/www.africa-press.net\/congo-brazzaville\/#\/schema\/person\/2b1cf3cd81a31e3cd26889ca66d677f1\"},\"description\":\"La Ministre des petites et moyennes entreprises et de l\u2019artisanat, Jacqueline Lydia Mikolo s\u2019est dit satisfaite le 16 ...\",\"breadcrumb\":{\"@id\":\"https:\/\/www.africa-press.net\/congo-brazzaville\/culture-et-art\/lydia-mikolo-satisfaite-de-la-2eme-edition-du-marche-de-lartisanat#breadcrumb\"},\"inLanguage\":\"fr-FR\",\"potentialAction\":[{\"@type\":\"ReadAction\",\"target\":[\"https:\/\/www.africa-press.net\/congo-brazzaville\/culture-et-art\/lydia-mikolo-satisfaite-de-la-2eme-edition-du-marche-de-lartisanat\"]}]},{\"@type\":\"ImageObject\",\"inLanguage\":\"fr-FR\",\"@id\":\"https:\/\/www.africa-press.net\/congo-brazzaville\/culture-et-art\/lydia-mikolo-satisfaite-de-la-2eme-edition-du-marche-de-lartisanat#primaryimage\",\"url\":\"https:\/\/static.africa-press.net\/congo-brazzaville\/sites\/51\/2023\/03\/postQueueImg_1679061705.12.jpg\",\"contentUrl\":\"https:\/\/static.africa-press.net\/congo-brazzaville\/sites\/51\/2023\/03\/postQueueImg_1679061705.12.jpg\",\"width\":812,\"height\":436,\"caption\":\"lydia mikolo satisfaite de la 2\u00e8me\u00a0\u00e9dition du march\u00e9 de l\u2019artisanat\"},{\"@type\":\"BreadcrumbList\",\"@id\":\"https:\/\/www.africa-press.net\/congo-brazzaville\/culture-et-art\/lydia-mikolo-satisfaite-de-la-2eme-edition-du-marche-de-lartisanat#breadcrumb\",\"itemListElement\":[{\"@type\":\"ListItem\",\"position\":1,\"name\":\"Accueil\",\"item\":\"https:\/\/www.africa-press.net\/congo-brazzaville\/\"},{\"@type\":\"ListItem\",\"position\":2,\"name\":\"lydia mikolo satisfaite de la 2\u00e8me\u00a0\u00e9dition du march\u00e9 de l\u2019artisanat\"}]},{\"@type\":\"WebSite\",\"@id\":\"https:\/\/www.africa-press.net\/congo-brazzaville\/#website\",\"url\":\"https:\/\/www.africa-press.net\/congo-brazzaville\/\",\"name\":\"Congo Brazzaville\",\"description\":\"Just another Africa News Agency Sites site\",\"potentialAction\":[{\"@type\":\"SearchAction\",\"target\":{\"@type\":\"EntryPoint\",\"urlTemplate\":\"https:\/\/www.africa-press.net\/congo-brazzaville\/?s={search_term_string}\"},\"query-input\":{\"@type\":\"PropertyValueSpecification\",\"valueRequired\":true,\"valueName\":\"search_term_string\"}}],\"inLanguage\":\"fr-FR\"},{\"@type\":\"Person\",\"@id\":\"https:\/\/www.africa-press.net\/congo-brazzaville\/#\/schema\/person\/2b1cf3cd81a31e3cd26889ca66d677f1\",\"name\":\"cfeditorfr\"}]}<\/script>\n<!-- \/ Yoast SEO Premium plugin. -->","yoast_head_json":{"title":"lydia mikolo satisfaite de la 2\u00e8me\u00a0\u00e9dition du march\u00e9 de l\u2019artisanat - Congo Brazzaville","description":"La Ministre des petites et moyennes entreprises et de l\u2019artisanat, Jacqueline Lydia Mikolo s\u2019est dit satisfaite le 16 ...","robots":{"index":"index","follow":"follow","max-snippet":"max-snippet:-1","max-image-preview":"max-image-preview:large","max-video-preview":"max-video-preview:-1"},"canonical":"https:\/\/www.africa-press.net\/congo-brazzaville\/culture-et-art\/lydia-mikolo-satisfaite-de-la-2eme-edition-du-marche-de-lartisanat","og_locale":"fr_FR","og_type":"article","og_title":"lydia mikolo satisfaite de la 2\u00e8me\u00a0\u00e9dition du march\u00e9 de l\u2019artisanat","og_description":"La Ministre des petites et moyennes entreprises et de l\u2019artisanat, Jacqueline Lydia Mikolo s\u2019est dit satisfaite le 16 ...","og_url":"https:\/\/www.africa-press.net\/congo-brazzaville\/culture-et-art\/lydia-mikolo-satisfaite-de-la-2eme-edition-du-marche-de-lartisanat","og_site_name":"Congo Brazzaville","article_published_time":"2023-03-17T17:31:38+00:00","article_modified_time":"2023-03-17T18:20:13+00:00","og_image":[{"width":812,"height":436,"url":"https:\/\/static.africa-press.net\/congo-brazzaville\/sites\/51\/2023\/03\/postQueueImg_1679061705.12.jpg","type":"image\/jpeg"}],"author":"cfeditorfr","twitter_card":"summary_large_image","twitter_misc":{"\u00c9crit par":"cfeditorfr","Dur\u00e9e de lecture estim\u00e9e":"2 minutes"},"schema":{"@context":"https:\/\/schema.org","@graph":[{"@type":"Article","@id":"https:\/\/www.africa-press.net\/congo-brazzaville\/culture-et-art\/lydia-mikolo-satisfaite-de-la-2eme-edition-du-marche-de-lartisanat#article","isPartOf":{"@id":"https:\/\/www.africa-press.net\/congo-brazzaville\/culture-et-art\/lydia-mikolo-satisfaite-de-la-2eme-edition-du-marche-de-lartisanat"},"author":{"name":"cfeditorfr","@id":"https:\/\/www.africa-press.net\/congo-brazzaville\/#\/schema\/person\/2b1cf3cd81a31e3cd26889ca66d677f1"},"headline":"lydia mikolo satisfaite de la 2\u00e8me\u00a0\u00e9dition du march\u00e9 de l\u2019artisanat","datePublished":"2023-03-17T17:31:38+00:00","dateModified":"2023-03-17T18:20:13+00:00","mainEntityOfPage":{"@id":"https:\/\/www.africa-press.net\/congo-brazzaville\/culture-et-art\/lydia-mikolo-satisfaite-de-la-2eme-edition-du-marche-de-lartisanat"},"wordCount":332,"commentCount":0,"image":{"@id":"https:\/\/www.africa-press.net\/congo-brazzaville\/culture-et-art\/lydia-mikolo-satisfaite-de-la-2eme-edition-du-marche-de-lartisanat#primaryimage"},"thumbnailUrl":"https:\/\/static.africa-press.net\/congo-brazzaville\/sites\/51\/2023\/03\/postQueueImg_1679061705.12.jpg","keywords":["Africa Press","Africa Press-Congo Brazzaville","Congo Brazzaville"],"articleSection":["Culture et Art","Toutes les actualit\u00e9s"],"inLanguage":"fr-FR","potentialAction":[{"@type":"CommentAction","name":"Comment","target":["https:\/\/www.africa-press.net\/congo-brazzaville\/culture-et-art\/lydia-mikolo-satisfaite-de-la-2eme-edition-du-marche-de-lartisanat#respond"]}]},{"@type":"WebPage","@id":"https:\/\/www.africa-press.net\/congo-brazzaville\/culture-et-art\/lydia-mikolo-satisfaite-de-la-2eme-edition-du-marche-de-lartisanat","url":"https:\/\/www.africa-press.net\/congo-brazzaville\/culture-et-art\/lydia-mikolo-satisfaite-de-la-2eme-edition-du-marche-de-lartisanat","name":"lydia mikolo satisfaite de la 2\u00e8me\u00a0\u00e9dition du march\u00e9 de l\u2019artisanat - Congo Brazzaville","isPartOf":{"@id":"https:\/\/www.africa-press.net\/congo-brazzaville\/#website"},"primaryImageOfPage":{"@id":"https:\/\/www.africa-press.net\/congo-brazzaville\/culture-et-art\/lydia-mikolo-satisfaite-de-la-2eme-edition-du-marche-de-lartisanat#primaryimage"},"image":{"@id":"https:\/\/www.africa-press.net\/congo-brazzaville\/culture-et-art\/lydia-mikolo-satisfaite-de-la-2eme-edition-du-marche-de-lartisanat#primaryimage"},"thumbnailUrl":"https:\/\/static.africa-press.net\/congo-brazzaville\/sites\/51\/2023\/03\/postQueueImg_1679061705.12.jpg","datePublished":"2023-03-17T17:31:38+00:00","dateModified":"2023-03-17T18:20:13+00:00","author":{"@id":"https:\/\/www.africa-press.net\/congo-brazzaville\/#\/schema\/person\/2b1cf3cd81a31e3cd26889ca66d677f1"},"description":"La Ministre des petites et moyennes entreprises et de l\u2019artisanat, Jacqueline Lydia Mikolo s\u2019est dit satisfaite le 16 ...","breadcrumb":{"@id":"https:\/\/www.africa-press.net\/congo-brazzaville\/culture-et-art\/lydia-mikolo-satisfaite-de-la-2eme-edition-du-marche-de-lartisanat#breadcrumb"},"inLanguage":"fr-FR","potentialAction":[{"@type":"ReadAction","target":["https:\/\/www.africa-press.net\/congo-brazzaville\/culture-et-art\/lydia-mikolo-satisfaite-de-la-2eme-edition-du-marche-de-lartisanat"]}]},{"@type":"ImageObject","inLanguage":"fr-FR","@id":"https:\/\/www.africa-press.net\/congo-brazzaville\/culture-et-art\/lydia-mikolo-satisfaite-de-la-2eme-edition-du-marche-de-lartisanat#primaryimage","url":"https:\/\/static.africa-press.net\/congo-brazzaville\/sites\/51\/2023\/03\/postQueueImg_1679061705.12.jpg","contentUrl":"https:\/\/static.africa-press.net\/congo-brazzaville\/sites\/51\/2023\/03\/postQueueImg_1679061705.12.jpg","width":812,"height":436,"caption":"lydia mikolo satisfaite de la 2\u00e8me\u00a0\u00e9dition du march\u00e9 de l\u2019artisanat"},{"@type":"BreadcrumbList","@id":"https:\/\/www.africa-press.net\/congo-brazzaville\/culture-et-art\/lydia-mikolo-satisfaite-de-la-2eme-edition-du-marche-de-lartisanat#breadcrumb","itemListElement":[{"@type":"ListItem","position":1,"name":"Accueil","item":"https:\/\/www.africa-press.net\/congo-brazzaville\/"},{"@type":"ListItem","position":2,"name":"lydia mikolo satisfaite de la 2\u00e8me\u00a0\u00e9dition du march\u00e9 de l\u2019artisanat"}]},{"@type":"WebSite","@id":"https:\/\/www.africa-press.net\/congo-brazzaville\/#website","url":"https:\/\/www.africa-press.net\/congo-brazzaville\/","name":"Congo Brazzaville","description":"Just another Africa News Agency Sites site","potentialAction":[{"@type":"SearchAction","target":{"@type":"EntryPoint","urlTemplate":"https:\/\/www.africa-press.net\/congo-brazzaville\/?s={search_term_string}"},"query-input":{"@type":"PropertyValueSpecification","valueRequired":true,"valueName":"search_term_string"}}],"inLanguage":"fr-FR"},{"@type":"Person","@id":"https:\/\/www.africa-press.net\/congo-brazzaville\/#\/schema\/person\/2b1cf3cd81a31e3cd26889ca66d677f1","name":"cfeditorfr"}]}},"_links":{"self":[{"href":"https:\/\/www.africa-press.net\/congo-brazzaville\/wp-json\/wp\/v2\/posts\/15763","targetHints":{"allow":["GET"]}}],"collection":[{"href":"https:\/\/www.africa-press.net\/congo-brazzaville\/wp-json\/wp\/v2\/posts"}],"about":[{"href":"https:\/\/www.africa-press.net\/congo-brazzaville\/wp-json\/wp\/v2\/types\/post"}],"author":[{"embeddable":true,"href":"https:\/\/www.africa-press.net\/congo-brazzaville\/wp-json\/wp\/v2\/users\/82"}],"replies":[{"embeddable":true,"href":"https:\/\/www.africa-press.net\/congo-brazzaville\/wp-json\/wp\/v2\/comments?post=15763"}],"version-history":[{"count":0,"href":"https:\/\/www.africa-press.net\/congo-brazzaville\/wp-json\/wp\/v2\/posts\/15763\/revisions"}],"wp:featuredmedia":[{"embeddable":true,"href":"https:\/\/www.africa-press.net\/congo-brazzaville\/wp-json\/wp\/v2\/media\/15761"}],"wp:attachment":[{"href":"https:\/\/www.africa-press.net\/congo-brazzaville\/wp-json\/wp\/v2\/media?parent=15763"}],"wp:term":[{"taxonomy":"category","embeddable":true,"href":"https:\/\/www.africa-press.net\/congo-brazzaville\/wp-json\/wp\/v2\/categories?post=15763"},{"taxonomy":"post_tag","embeddable":true,"href":"https:\/\/www.africa-press.net\/congo-brazzaville\/wp-json\/wp\/v2\/tags?post=15763"}],"curies":[{"name":"wp","href":"https:\/\/api.w.org\/{rel}","templated":true}]}}