{"id":15773,"date":"2023-03-17T17:31:58","date_gmt":"2023-03-17T17:31:58","guid":{"rendered":"https:\/\/www.africa-press.net\/congo-brazzaville\/politique\/lhopital-general-de-loandjili-est-dote-des-equipements-de-prise-en-charge-des-patients"},"modified":"2023-03-17T18:21:13","modified_gmt":"2023-03-17T18:21:13","slug":"lhopital-general-de-loandjili-est-dote-des-equipements-de-prise-en-charge-des-patients","status":"publish","type":"post","link":"https:\/\/www.africa-press.net\/congo-brazzaville\/toutes-les-actualites\/lhopital-general-de-loandjili-est-dote-des-equipements-de-prise-en-charge-des-patients","title":{"rendered":"l\u2019h\u00f4pital g\u00e9n\u00e9ral de loandjili\u00a0est dot\u00e9 des \u00e9quipements de prise en charge des patients"},"content":{"rendered":"<p><span style=\"color: #ff6600\"><strong>Africa-Press &#8211; Congo Brazzaville. <\/strong><\/span><b>La directrice ge\u0301ne\u0301rale de l\u2019ho\u0302pital ge\u0301ne\u0301ral de Loandjili, Sidonie Plazza a indique\u0301 le 15 mars a\u0300 Pointe-Noire, qu\u2019a\u0300 travers cette dotation, les ponte\u0301ne\u0301grins be\u0301ne\u0301ficieront d\u2019une chirurgie peu invasive qui ne\u0301cessite une hospitalisation de deux jours au lieu de 5 a\u0300 10 jours par appendicectomie.<\/b><\/p>\n<p>\u00ab L\u2019ho\u0302pital ge\u0301ne\u0301ral de Loandjili est le symbole de la volonte\u0301 politique exprime\u0301e du Chef de l\u2019Etat, Denis Sassou N\u2019Guesso de mailler le territoire de la Re\u0301publique du Congo des formations sanitaires disposant d\u2019un plateau technique de haut niveau, pour assurer les prestations des soins de qualite\u0301 aux populations \u00bb, a souligne\u0301 Sidonie Plazza, lors de la ce\u0301re\u0301monie de remise de don de la 29e\u0300me mission d\u2019assistance me\u0301dicale chinoise.<\/p>\n<p>Pour elle, l\u2019ho\u0302pital ge\u0301ne\u0301ral de Loandjili qui a de\u0301marre\u0301 ses activite\u0301s de soins en aou\u0302t 2004, est appuye\u0301 depuis 2006 par deux missions d\u2019assistance me\u0301dicale et technique chinoise.<\/p>\n<p>Le chef de la 29e\u0300me mission d\u2019assistance me\u0301dicale chinoise au Congo, Ma Liang Liang, s\u2019est fe\u0301licite\u0301 de la coope\u0301ration sino-congolaise. Car, selon lui, au cours des 19 anne\u0301es passe\u0301es, les membres de l\u2019e\u0301quipe me\u0301dicale ont servi avec assiduite\u0301 et disponibilite\u0301 la population locale.<\/p>\n<p>\u00ab Les meilleures prestations me\u0301dicales par les me\u0301decins chinois ont e\u0301te\u0301 appre\u0301cie\u0301es par les patients locaux \u00bb, a ajoute\u0301 le responsable de la mission.<\/p>\n<p>Pour ce faire, il a rassure\u0301 que la mission s\u2019engage a\u0300 continuer davantage au bien-e\u0302tre des populations. \u00ab A travers les efforts conjoints par les coope\u0301rants chinois et congolais, laparoscopie sera faisable pour les ope\u0301rations d\u2019appendicectomie et de la chole\u0301cystectomie \u00bb, a-t-il conclu.<\/p>\n<p>Ce don, fruit de la coope\u0301ration sino-congolaise vient renforcer le plateau technique de l\u2019ho\u0302pital de Loandjili et contribue davantage pour le bien-e\u0302tre des patients<\/p>\n<p><strong>Pour plus d&rsquo;informations et d&rsquo;analyses sur la <a href=\"https:\/\/www.africa-press.net\/congo-brazzaville\">Congo Brazzaville<\/a>, suivez <a href=\"https:\/\/www.africa-press.net\/\">Africa-Press<\/a><\/strong><\/p>\n","protected":false},"excerpt":{"rendered":"<p>Africa-Press &#8211; Congo Brazzaville. La directrice ge\u0301ne\u0301rale de l\u2019ho\u0302pital ge\u0301ne\u0301ral de Loandjili, Sidonie Plazza a indique\u0301 le 15 mars a\u0300 Pointe-Noire, qu\u2019a\u0300 travers cette dotation, les ponte\u0301ne\u0301grins be\u0301ne\u0301ficieront d\u2019une chirurgie peu invasive qui ne\u0301cessite une hospitalisation de deux jours au lieu de 5 a\u0300 10 jours par appendicectomie. \u00ab L\u2019ho\u0302pital ge\u0301ne\u0301ral de Loandjili est le [&hellip;]<\/p>\n","protected":false},"author":82,"featured_media":15770,"comment_status":"open","ping_status":"closed","sticky":false,"template":"","format":"standard","meta":{"footnotes":""},"categories":[21,10],"tags":[36,47,46],"class_list":["post-15773","post","type-post","status-publish","format-standard","has-post-thumbnail","hentry","category-communaute","category-toutes-les-actualites","tag-africa-press","tag-africa-press-congo-brazzaville","tag-congo-brazzaville"],"yoast_head":"<!-- This site is optimized with the Yoast SEO Premium plugin v26.1 (Yoast SEO v27.0) - https:\/\/yoast.com\/product\/yoast-seo-premium-wordpress\/ -->\n<title>l\u2019h\u00f4pital g\u00e9n\u00e9ral de loandjili\u00a0est dot\u00e9 des \u00e9quipements de prise en charge des patients - Congo Brazzaville<\/title>\n<meta name=\"description\" content=\"La directrice ge\u0301ne\u0301rale de l\u2019ho\u0302pital ge\u0301ne\u0301ral de Loandjili, Sidonie Plazza a indique\u0301 le 15 mars a\u0300 Pointe-Noire, ...\" \/>\n<meta name=\"robots\" content=\"index, follow, max-snippet:-1, max-image-preview:large, max-video-preview:-1\" \/>\n<link rel=\"canonical\" href=\"https:\/\/www.africa-press.net\/congo-brazzaville\/toutes-les-actualites\/lhopital-general-de-loandjili-est-dote-des-equipements-de-prise-en-charge-des-patients\" \/>\n<meta property=\"og:locale\" content=\"fr_FR\" \/>\n<meta property=\"og:type\" content=\"article\" \/>\n<meta property=\"og:title\" content=\"l\u2019h\u00f4pital g\u00e9n\u00e9ral de loandjili\u00a0est dot\u00e9 des \u00e9quipements de prise en charge des patients\" \/>\n<meta property=\"og:description\" content=\"La directrice ge\u0301ne\u0301rale de l\u2019ho\u0302pital ge\u0301ne\u0301ral de Loandjili, Sidonie Plazza a indique\u0301 le 15 mars a\u0300 Pointe-Noire, ...\" \/>\n<meta property=\"og:url\" content=\"https:\/\/www.africa-press.net\/congo-brazzaville\/toutes-les-actualites\/lhopital-general-de-loandjili-est-dote-des-equipements-de-prise-en-charge-des-patients\" \/>\n<meta property=\"og:site_name\" content=\"Congo Brazzaville\" \/>\n<meta property=\"article:published_time\" content=\"2023-03-17T17:31:58+00:00\" \/>\n<meta property=\"article:modified_time\" content=\"2023-03-17T18:21:13+00:00\" \/>\n<meta property=\"og:image\" content=\"https:\/\/static.africa-press.net\/congo-brazzaville\/sites\/51\/2023\/03\/postQueueImg_1679064044.28.jpg\" \/>\n\t<meta property=\"og:image:width\" content=\"808\" \/>\n\t<meta property=\"og:image:height\" content=\"435\" \/>\n\t<meta property=\"og:image:type\" content=\"image\/jpeg\" \/>\n<meta name=\"author\" content=\"cfeditorfr\" \/>\n<meta name=\"twitter:card\" content=\"summary_large_image\" \/>\n<meta name=\"twitter:label1\" content=\"\u00c9crit par\" \/>\n\t<meta name=\"twitter:data1\" content=\"cfeditorfr\" \/>\n\t<meta name=\"twitter:label2\" content=\"Dur\u00e9e de lecture estim\u00e9e\" \/>\n\t<meta name=\"twitter:data2\" content=\"2 minutes\" \/>\n<script type=\"application\/ld+json\" class=\"yoast-schema-graph\">{\"@context\":\"https:\/\/schema.org\",\"@graph\":[{\"@type\":\"Article\",\"@id\":\"https:\/\/www.africa-press.net\/congo-brazzaville\/toutes-les-actualites\/lhopital-general-de-loandjili-est-dote-des-equipements-de-prise-en-charge-des-patients#article\",\"isPartOf\":{\"@id\":\"https:\/\/www.africa-press.net\/congo-brazzaville\/toutes-les-actualites\/lhopital-general-de-loandjili-est-dote-des-equipements-de-prise-en-charge-des-patients\"},\"author\":{\"name\":\"cfeditorfr\",\"@id\":\"https:\/\/www.africa-press.net\/congo-brazzaville\/#\/schema\/person\/2b1cf3cd81a31e3cd26889ca66d677f1\"},\"headline\":\"l\u2019h\u00f4pital g\u00e9n\u00e9ral de loandjili\u00a0est dot\u00e9 des \u00e9quipements de prise en charge des patients\",\"datePublished\":\"2023-03-17T17:31:58+00:00\",\"dateModified\":\"2023-03-17T18:21:13+00:00\",\"mainEntityOfPage\":{\"@id\":\"https:\/\/www.africa-press.net\/congo-brazzaville\/toutes-les-actualites\/lhopital-general-de-loandjili-est-dote-des-equipements-de-prise-en-charge-des-patients\"},\"wordCount\":360,\"commentCount\":0,\"image\":{\"@id\":\"https:\/\/www.africa-press.net\/congo-brazzaville\/toutes-les-actualites\/lhopital-general-de-loandjili-est-dote-des-equipements-de-prise-en-charge-des-patients#primaryimage\"},\"thumbnailUrl\":\"https:\/\/static.africa-press.net\/congo-brazzaville\/sites\/51\/2023\/03\/postQueueImg_1679064044.28.jpg\",\"keywords\":[\"Africa Press\",\"Africa Press-Congo Brazzaville\",\"Congo Brazzaville\"],\"articleSection\":[\"Communaut\u00e9\",\"Toutes les actualit\u00e9s\"],\"inLanguage\":\"fr-FR\",\"potentialAction\":[{\"@type\":\"CommentAction\",\"name\":\"Comment\",\"target\":[\"https:\/\/www.africa-press.net\/congo-brazzaville\/toutes-les-actualites\/lhopital-general-de-loandjili-est-dote-des-equipements-de-prise-en-charge-des-patients#respond\"]}]},{\"@type\":\"WebPage\",\"@id\":\"https:\/\/www.africa-press.net\/congo-brazzaville\/toutes-les-actualites\/lhopital-general-de-loandjili-est-dote-des-equipements-de-prise-en-charge-des-patients\",\"url\":\"https:\/\/www.africa-press.net\/congo-brazzaville\/toutes-les-actualites\/lhopital-general-de-loandjili-est-dote-des-equipements-de-prise-en-charge-des-patients\",\"name\":\"l\u2019h\u00f4pital g\u00e9n\u00e9ral de loandjili\u00a0est dot\u00e9 des \u00e9quipements de prise en charge des patients - Congo Brazzaville\",\"isPartOf\":{\"@id\":\"https:\/\/www.africa-press.net\/congo-brazzaville\/#website\"},\"primaryImageOfPage\":{\"@id\":\"https:\/\/www.africa-press.net\/congo-brazzaville\/toutes-les-actualites\/lhopital-general-de-loandjili-est-dote-des-equipements-de-prise-en-charge-des-patients#primaryimage\"},\"image\":{\"@id\":\"https:\/\/www.africa-press.net\/congo-brazzaville\/toutes-les-actualites\/lhopital-general-de-loandjili-est-dote-des-equipements-de-prise-en-charge-des-patients#primaryimage\"},\"thumbnailUrl\":\"https:\/\/static.africa-press.net\/congo-brazzaville\/sites\/51\/2023\/03\/postQueueImg_1679064044.28.jpg\",\"datePublished\":\"2023-03-17T17:31:58+00:00\",\"dateModified\":\"2023-03-17T18:21:13+00:00\",\"author\":{\"@id\":\"https:\/\/www.africa-press.net\/congo-brazzaville\/#\/schema\/person\/2b1cf3cd81a31e3cd26889ca66d677f1\"},\"description\":\"La directrice ge\u0301ne\u0301rale de l\u2019ho\u0302pital ge\u0301ne\u0301ral de Loandjili, Sidonie Plazza a indique\u0301 le 15 mars a\u0300 Pointe-Noire, ...\",\"breadcrumb\":{\"@id\":\"https:\/\/www.africa-press.net\/congo-brazzaville\/toutes-les-actualites\/lhopital-general-de-loandjili-est-dote-des-equipements-de-prise-en-charge-des-patients#breadcrumb\"},\"inLanguage\":\"fr-FR\",\"potentialAction\":[{\"@type\":\"ReadAction\",\"target\":[\"https:\/\/www.africa-press.net\/congo-brazzaville\/toutes-les-actualites\/lhopital-general-de-loandjili-est-dote-des-equipements-de-prise-en-charge-des-patients\"]}]},{\"@type\":\"ImageObject\",\"inLanguage\":\"fr-FR\",\"@id\":\"https:\/\/www.africa-press.net\/congo-brazzaville\/toutes-les-actualites\/lhopital-general-de-loandjili-est-dote-des-equipements-de-prise-en-charge-des-patients#primaryimage\",\"url\":\"https:\/\/static.africa-press.net\/congo-brazzaville\/sites\/51\/2023\/03\/postQueueImg_1679064044.28.jpg\",\"contentUrl\":\"https:\/\/static.africa-press.net\/congo-brazzaville\/sites\/51\/2023\/03\/postQueueImg_1679064044.28.jpg\",\"width\":808,\"height\":435,\"caption\":\"l\u2019h\u00f4pital g\u00e9n\u00e9ral de loandjili\u00a0est dot\u00e9 des \u00e9quipements de prise en charge des patients\"},{\"@type\":\"BreadcrumbList\",\"@id\":\"https:\/\/www.africa-press.net\/congo-brazzaville\/toutes-les-actualites\/lhopital-general-de-loandjili-est-dote-des-equipements-de-prise-en-charge-des-patients#breadcrumb\",\"itemListElement\":[{\"@type\":\"ListItem\",\"position\":1,\"name\":\"Accueil\",\"item\":\"https:\/\/www.africa-press.net\/congo-brazzaville\/\"},{\"@type\":\"ListItem\",\"position\":2,\"name\":\"l\u2019h\u00f4pital g\u00e9n\u00e9ral de loandjili\u00a0est dot\u00e9 des \u00e9quipements de prise en charge des patients\"}]},{\"@type\":\"WebSite\",\"@id\":\"https:\/\/www.africa-press.net\/congo-brazzaville\/#website\",\"url\":\"https:\/\/www.africa-press.net\/congo-brazzaville\/\",\"name\":\"Congo Brazzaville\",\"description\":\"Just another Africa News Agency Sites site\",\"potentialAction\":[{\"@type\":\"SearchAction\",\"target\":{\"@type\":\"EntryPoint\",\"urlTemplate\":\"https:\/\/www.africa-press.net\/congo-brazzaville\/?s={search_term_string}\"},\"query-input\":{\"@type\":\"PropertyValueSpecification\",\"valueRequired\":true,\"valueName\":\"search_term_string\"}}],\"inLanguage\":\"fr-FR\"},{\"@type\":\"Person\",\"@id\":\"https:\/\/www.africa-press.net\/congo-brazzaville\/#\/schema\/person\/2b1cf3cd81a31e3cd26889ca66d677f1\",\"name\":\"cfeditorfr\"}]}<\/script>\n<!-- \/ Yoast SEO Premium plugin. -->","yoast_head_json":{"title":"l\u2019h\u00f4pital g\u00e9n\u00e9ral de loandjili\u00a0est dot\u00e9 des \u00e9quipements de prise en charge des patients - Congo Brazzaville","description":"La directrice ge\u0301ne\u0301rale de l\u2019ho\u0302pital ge\u0301ne\u0301ral de Loandjili, Sidonie Plazza a indique\u0301 le 15 mars a\u0300 Pointe-Noire, ...","robots":{"index":"index","follow":"follow","max-snippet":"max-snippet:-1","max-image-preview":"max-image-preview:large","max-video-preview":"max-video-preview:-1"},"canonical":"https:\/\/www.africa-press.net\/congo-brazzaville\/toutes-les-actualites\/lhopital-general-de-loandjili-est-dote-des-equipements-de-prise-en-charge-des-patients","og_locale":"fr_FR","og_type":"article","og_title":"l\u2019h\u00f4pital g\u00e9n\u00e9ral de loandjili\u00a0est dot\u00e9 des \u00e9quipements de prise en charge des patients","og_description":"La directrice ge\u0301ne\u0301rale de l\u2019ho\u0302pital ge\u0301ne\u0301ral de Loandjili, Sidonie Plazza a indique\u0301 le 15 mars a\u0300 Pointe-Noire, ...","og_url":"https:\/\/www.africa-press.net\/congo-brazzaville\/toutes-les-actualites\/lhopital-general-de-loandjili-est-dote-des-equipements-de-prise-en-charge-des-patients","og_site_name":"Congo Brazzaville","article_published_time":"2023-03-17T17:31:58+00:00","article_modified_time":"2023-03-17T18:21:13+00:00","og_image":[{"width":808,"height":435,"url":"https:\/\/static.africa-press.net\/congo-brazzaville\/sites\/51\/2023\/03\/postQueueImg_1679064044.28.jpg","type":"image\/jpeg"}],"author":"cfeditorfr","twitter_card":"summary_large_image","twitter_misc":{"\u00c9crit par":"cfeditorfr","Dur\u00e9e de lecture estim\u00e9e":"2 minutes"},"schema":{"@context":"https:\/\/schema.org","@graph":[{"@type":"Article","@id":"https:\/\/www.africa-press.net\/congo-brazzaville\/toutes-les-actualites\/lhopital-general-de-loandjili-est-dote-des-equipements-de-prise-en-charge-des-patients#article","isPartOf":{"@id":"https:\/\/www.africa-press.net\/congo-brazzaville\/toutes-les-actualites\/lhopital-general-de-loandjili-est-dote-des-equipements-de-prise-en-charge-des-patients"},"author":{"name":"cfeditorfr","@id":"https:\/\/www.africa-press.net\/congo-brazzaville\/#\/schema\/person\/2b1cf3cd81a31e3cd26889ca66d677f1"},"headline":"l\u2019h\u00f4pital g\u00e9n\u00e9ral de loandjili\u00a0est dot\u00e9 des \u00e9quipements de prise en charge des patients","datePublished":"2023-03-17T17:31:58+00:00","dateModified":"2023-03-17T18:21:13+00:00","mainEntityOfPage":{"@id":"https:\/\/www.africa-press.net\/congo-brazzaville\/toutes-les-actualites\/lhopital-general-de-loandjili-est-dote-des-equipements-de-prise-en-charge-des-patients"},"wordCount":360,"commentCount":0,"image":{"@id":"https:\/\/www.africa-press.net\/congo-brazzaville\/toutes-les-actualites\/lhopital-general-de-loandjili-est-dote-des-equipements-de-prise-en-charge-des-patients#primaryimage"},"thumbnailUrl":"https:\/\/static.africa-press.net\/congo-brazzaville\/sites\/51\/2023\/03\/postQueueImg_1679064044.28.jpg","keywords":["Africa Press","Africa Press-Congo Brazzaville","Congo Brazzaville"],"articleSection":["Communaut\u00e9","Toutes les actualit\u00e9s"],"inLanguage":"fr-FR","potentialAction":[{"@type":"CommentAction","name":"Comment","target":["https:\/\/www.africa-press.net\/congo-brazzaville\/toutes-les-actualites\/lhopital-general-de-loandjili-est-dote-des-equipements-de-prise-en-charge-des-patients#respond"]}]},{"@type":"WebPage","@id":"https:\/\/www.africa-press.net\/congo-brazzaville\/toutes-les-actualites\/lhopital-general-de-loandjili-est-dote-des-equipements-de-prise-en-charge-des-patients","url":"https:\/\/www.africa-press.net\/congo-brazzaville\/toutes-les-actualites\/lhopital-general-de-loandjili-est-dote-des-equipements-de-prise-en-charge-des-patients","name":"l\u2019h\u00f4pital g\u00e9n\u00e9ral de loandjili\u00a0est dot\u00e9 des \u00e9quipements de prise en charge des patients - Congo Brazzaville","isPartOf":{"@id":"https:\/\/www.africa-press.net\/congo-brazzaville\/#website"},"primaryImageOfPage":{"@id":"https:\/\/www.africa-press.net\/congo-brazzaville\/toutes-les-actualites\/lhopital-general-de-loandjili-est-dote-des-equipements-de-prise-en-charge-des-patients#primaryimage"},"image":{"@id":"https:\/\/www.africa-press.net\/congo-brazzaville\/toutes-les-actualites\/lhopital-general-de-loandjili-est-dote-des-equipements-de-prise-en-charge-des-patients#primaryimage"},"thumbnailUrl":"https:\/\/static.africa-press.net\/congo-brazzaville\/sites\/51\/2023\/03\/postQueueImg_1679064044.28.jpg","datePublished":"2023-03-17T17:31:58+00:00","dateModified":"2023-03-17T18:21:13+00:00","author":{"@id":"https:\/\/www.africa-press.net\/congo-brazzaville\/#\/schema\/person\/2b1cf3cd81a31e3cd26889ca66d677f1"},"description":"La directrice ge\u0301ne\u0301rale de l\u2019ho\u0302pital ge\u0301ne\u0301ral de Loandjili, Sidonie Plazza a indique\u0301 le 15 mars a\u0300 Pointe-Noire, ...","breadcrumb":{"@id":"https:\/\/www.africa-press.net\/congo-brazzaville\/toutes-les-actualites\/lhopital-general-de-loandjili-est-dote-des-equipements-de-prise-en-charge-des-patients#breadcrumb"},"inLanguage":"fr-FR","potentialAction":[{"@type":"ReadAction","target":["https:\/\/www.africa-press.net\/congo-brazzaville\/toutes-les-actualites\/lhopital-general-de-loandjili-est-dote-des-equipements-de-prise-en-charge-des-patients"]}]},{"@type":"ImageObject","inLanguage":"fr-FR","@id":"https:\/\/www.africa-press.net\/congo-brazzaville\/toutes-les-actualites\/lhopital-general-de-loandjili-est-dote-des-equipements-de-prise-en-charge-des-patients#primaryimage","url":"https:\/\/static.africa-press.net\/congo-brazzaville\/sites\/51\/2023\/03\/postQueueImg_1679064044.28.jpg","contentUrl":"https:\/\/static.africa-press.net\/congo-brazzaville\/sites\/51\/2023\/03\/postQueueImg_1679064044.28.jpg","width":808,"height":435,"caption":"l\u2019h\u00f4pital g\u00e9n\u00e9ral de loandjili\u00a0est dot\u00e9 des \u00e9quipements de prise en charge des patients"},{"@type":"BreadcrumbList","@id":"https:\/\/www.africa-press.net\/congo-brazzaville\/toutes-les-actualites\/lhopital-general-de-loandjili-est-dote-des-equipements-de-prise-en-charge-des-patients#breadcrumb","itemListElement":[{"@type":"ListItem","position":1,"name":"Accueil","item":"https:\/\/www.africa-press.net\/congo-brazzaville\/"},{"@type":"ListItem","position":2,"name":"l\u2019h\u00f4pital g\u00e9n\u00e9ral de loandjili\u00a0est dot\u00e9 des \u00e9quipements de prise en charge des patients"}]},{"@type":"WebSite","@id":"https:\/\/www.africa-press.net\/congo-brazzaville\/#website","url":"https:\/\/www.africa-press.net\/congo-brazzaville\/","name":"Congo Brazzaville","description":"Just another Africa News Agency Sites site","potentialAction":[{"@type":"SearchAction","target":{"@type":"EntryPoint","urlTemplate":"https:\/\/www.africa-press.net\/congo-brazzaville\/?s={search_term_string}"},"query-input":{"@type":"PropertyValueSpecification","valueRequired":true,"valueName":"search_term_string"}}],"inLanguage":"fr-FR"},{"@type":"Person","@id":"https:\/\/www.africa-press.net\/congo-brazzaville\/#\/schema\/person\/2b1cf3cd81a31e3cd26889ca66d677f1","name":"cfeditorfr"}]}},"_links":{"self":[{"href":"https:\/\/www.africa-press.net\/congo-brazzaville\/wp-json\/wp\/v2\/posts\/15773","targetHints":{"allow":["GET"]}}],"collection":[{"href":"https:\/\/www.africa-press.net\/congo-brazzaville\/wp-json\/wp\/v2\/posts"}],"about":[{"href":"https:\/\/www.africa-press.net\/congo-brazzaville\/wp-json\/wp\/v2\/types\/post"}],"author":[{"embeddable":true,"href":"https:\/\/www.africa-press.net\/congo-brazzaville\/wp-json\/wp\/v2\/users\/82"}],"replies":[{"embeddable":true,"href":"https:\/\/www.africa-press.net\/congo-brazzaville\/wp-json\/wp\/v2\/comments?post=15773"}],"version-history":[{"count":0,"href":"https:\/\/www.africa-press.net\/congo-brazzaville\/wp-json\/wp\/v2\/posts\/15773\/revisions"}],"wp:featuredmedia":[{"embeddable":true,"href":"https:\/\/www.africa-press.net\/congo-brazzaville\/wp-json\/wp\/v2\/media\/15770"}],"wp:attachment":[{"href":"https:\/\/www.africa-press.net\/congo-brazzaville\/wp-json\/wp\/v2\/media?parent=15773"}],"wp:term":[{"taxonomy":"category","embeddable":true,"href":"https:\/\/www.africa-press.net\/congo-brazzaville\/wp-json\/wp\/v2\/categories?post=15773"},{"taxonomy":"post_tag","embeddable":true,"href":"https:\/\/www.africa-press.net\/congo-brazzaville\/wp-json\/wp\/v2\/tags?post=15773"}],"curies":[{"name":"wp","href":"https:\/\/api.w.org\/{rel}","templated":true}]}}