{"id":15775,"date":"2023-03-17T17:29:08","date_gmt":"2023-03-17T17:29:08","guid":{"rendered":"https:\/\/www.africa-press.net\/congo-brazzaville\/politique\/protection-de-lenvironnement-le-bresil-confirme-sa-participation-au-sommet-des-trois-bassins-a-brazzaville"},"modified":"2023-03-17T18:18:17","modified_gmt":"2023-03-17T18:18:17","slug":"protection-de-lenvironnement-le-bresil-confirme-sa-participation-au-sommet-des-trois-bassins-a-brazzaville","status":"publish","type":"post","link":"https:\/\/www.africa-press.net\/congo-brazzaville\/toutes-les-actualites\/protection-de-lenvironnement-le-bresil-confirme-sa-participation-au-sommet-des-trois-bassins-a-brazzaville","title":{"rendered":"Protection de l\u2019environnement : le Br\u00e9sil confirme sa participation au sommet des trois bassins \u00e0 Brazzaville"},"content":{"rendered":"<p><span style=\"color: #ff6600\"><strong>Africa-Press &#8211; Congo Brazzaville. <\/strong><\/span><b>Au cours d\u2019une audience qu\u2019il a accorde\u0301e a\u0300 la ministre de l\u2019Environnement, du De\u0301veloppement durable et du Bassin du Congo, Arlette Soudan Nonault, le 16 mars a\u0300 Brasilia, le pre\u0301sident de la Re\u0301publique fe\u0301de\u0301rative du Bre\u0301sil, Luiz Ina\u0301cio Lula da Silva, a annonce\u0301 la participation de son pays au sommet des trois bassins et de la de\u0301cennie mondiale de l\u2019afforestation qui aura lieu a\u0300 Brazzaville, en juin prochain. <\/b><\/p>\n<p>Durant les e\u0301changes, Arlette Soudan Nonault a transmis les salutations du pre\u0301sident Denis Sassou N\u2019Guesso a\u0300 son homologue Luiz Ina\u0301cio Lula da Silva. Les deux personnalite\u0301s ont e\u0301voque\u0301 le ro\u0302le majeur que jouent les trois grands bassins forestiers de la plane\u0300te (le Bassin du Congo, l\u2019Amazonie et celui du Borne\u0301o Me\u0301kong) dans la protection de l\u2019environnement.<\/p>\n<p>Le grand rendez-vous de Brazzaville des grands bassins qui repre\u0301sentent 80% des fore\u0302ts tropicales du monde et deux tiers de la biodiversite\u0301 terrestre sera organise\u0301 sous l\u2019e\u0301gide des Nations unies et de l\u2019Union africaine.<\/p>\n<p>Rappelons qu\u2019a\u0300 la COP27, le pre\u0301sident Denis Sassou N\u2019Guesso, en sa qualite\u0301 de pre\u0301sident de la Commission climat du Bassin du Congo, lanc\u0327ait un appel a\u0300 l\u2019instauration d\u2019une de\u0301cennie mondiale de l\u2019afforestation. Une solution congolaise propose\u0301e a\u0300 l\u2019ensemble du monde pour la lutte contre le changement climatique. Le chef de l\u2019Etat a re\u0301ite\u0301re\u0301 cet appel au corps diplomatique accre\u0301dite\u0301 au Congo, le 5 janvier dernier, lors de l&rsquo;e\u0301change de voeux de Nouvel An.<\/p>\n<p><strong>Pour plus d&rsquo;informations et d&rsquo;analyses sur la <a href=\"https:\/\/www.africa-press.net\/congo-brazzaville\">Congo Brazzaville<\/a>, suivez <a href=\"https:\/\/www.africa-press.net\/\">Africa-Press<\/a><\/strong><\/p>\n","protected":false},"excerpt":{"rendered":"<p>Africa-Press &#8211; Congo Brazzaville. Au cours d\u2019une audience qu\u2019il a accorde\u0301e a\u0300 la ministre de l\u2019Environnement, du De\u0301veloppement durable et du Bassin du Congo, Arlette Soudan Nonault, le 16 mars a\u0300 Brasilia, le pre\u0301sident de la Re\u0301publique fe\u0301de\u0301rative du Bre\u0301sil, Luiz Ina\u0301cio Lula da Silva, a annonce\u0301 la participation de son pays au sommet des [&hellip;]<\/p>\n","protected":false},"author":82,"featured_media":15772,"comment_status":"open","ping_status":"closed","sticky":false,"template":"","format":"standard","meta":{"footnotes":""},"categories":[21,10],"tags":[36,47,46],"class_list":["post-15775","post","type-post","status-publish","format-standard","has-post-thumbnail","hentry","category-communaute","category-toutes-les-actualites","tag-africa-press","tag-africa-press-congo-brazzaville","tag-congo-brazzaville"],"yoast_head":"<!-- This site is optimized with the Yoast SEO Premium plugin v26.1 (Yoast SEO v27.0) - https:\/\/yoast.com\/product\/yoast-seo-premium-wordpress\/ -->\n<title>Protection de l\u2019environnement : le Br\u00e9sil confirme sa participation au sommet des trois bassins \u00e0 Brazzaville - Congo Brazzaville<\/title>\n<meta name=\"description\" content=\"Au cours d\u2019une audience qu\u2019il a accorde\u0301e a\u0300 la ministre de l\u2019Environnement, du De\u0301veloppement durable et du Bassin d ...\" \/>\n<meta name=\"robots\" content=\"index, follow, max-snippet:-1, max-image-preview:large, max-video-preview:-1\" \/>\n<link rel=\"canonical\" href=\"https:\/\/www.africa-press.net\/congo-brazzaville\/toutes-les-actualites\/protection-de-lenvironnement-le-bresil-confirme-sa-participation-au-sommet-des-trois-bassins-a-brazzaville\" \/>\n<meta property=\"og:locale\" content=\"fr_FR\" \/>\n<meta property=\"og:type\" content=\"article\" \/>\n<meta property=\"og:title\" content=\"Protection de l\u2019environnement : le Br\u00e9sil confirme sa participation au sommet des trois bassins \u00e0 Brazzaville\" \/>\n<meta property=\"og:description\" content=\"Au cours d\u2019une audience qu\u2019il a accorde\u0301e a\u0300 la ministre de l\u2019Environnement, du De\u0301veloppement durable et du Bassin d ...\" \/>\n<meta property=\"og:url\" content=\"https:\/\/www.africa-press.net\/congo-brazzaville\/toutes-les-actualites\/protection-de-lenvironnement-le-bresil-confirme-sa-participation-au-sommet-des-trois-bassins-a-brazzaville\" \/>\n<meta property=\"og:site_name\" content=\"Congo Brazzaville\" \/>\n<meta property=\"article:published_time\" content=\"2023-03-17T17:29:08+00:00\" \/>\n<meta property=\"article:modified_time\" content=\"2023-03-17T18:18:17+00:00\" \/>\n<meta property=\"og:image\" content=\"https:\/\/static.africa-press.net\/congo-brazzaville\/sites\/51\/2023\/03\/postQueueImg_1679064046.06.jpg\" \/>\n\t<meta property=\"og:image:width\" content=\"1280\" \/>\n\t<meta property=\"og:image:height\" content=\"720\" \/>\n\t<meta property=\"og:image:type\" content=\"image\/jpeg\" \/>\n<meta name=\"author\" content=\"cfeditorfr\" \/>\n<meta name=\"twitter:card\" content=\"summary_large_image\" \/>\n<meta name=\"twitter:label1\" content=\"\u00c9crit par\" \/>\n\t<meta name=\"twitter:data1\" content=\"cfeditorfr\" \/>\n\t<meta name=\"twitter:label2\" content=\"Dur\u00e9e de lecture estim\u00e9e\" \/>\n\t<meta name=\"twitter:data2\" content=\"1 minute\" \/>\n<script type=\"application\/ld+json\" class=\"yoast-schema-graph\">{\"@context\":\"https:\/\/schema.org\",\"@graph\":[{\"@type\":\"Article\",\"@id\":\"https:\/\/www.africa-press.net\/congo-brazzaville\/toutes-les-actualites\/protection-de-lenvironnement-le-bresil-confirme-sa-participation-au-sommet-des-trois-bassins-a-brazzaville#article\",\"isPartOf\":{\"@id\":\"https:\/\/www.africa-press.net\/congo-brazzaville\/toutes-les-actualites\/protection-de-lenvironnement-le-bresil-confirme-sa-participation-au-sommet-des-trois-bassins-a-brazzaville\"},\"author\":{\"name\":\"cfeditorfr\",\"@id\":\"https:\/\/www.africa-press.net\/congo-brazzaville\/#\/schema\/person\/2b1cf3cd81a31e3cd26889ca66d677f1\"},\"headline\":\"Protection de l\u2019environnement : le Br\u00e9sil confirme sa participation au sommet des trois bassins \u00e0 Brazzaville\",\"datePublished\":\"2023-03-17T17:29:08+00:00\",\"dateModified\":\"2023-03-17T18:18:17+00:00\",\"mainEntityOfPage\":{\"@id\":\"https:\/\/www.africa-press.net\/congo-brazzaville\/toutes-les-actualites\/protection-de-lenvironnement-le-bresil-confirme-sa-participation-au-sommet-des-trois-bassins-a-brazzaville\"},\"wordCount\":308,\"commentCount\":0,\"image\":{\"@id\":\"https:\/\/www.africa-press.net\/congo-brazzaville\/toutes-les-actualites\/protection-de-lenvironnement-le-bresil-confirme-sa-participation-au-sommet-des-trois-bassins-a-brazzaville#primaryimage\"},\"thumbnailUrl\":\"https:\/\/static.africa-press.net\/congo-brazzaville\/sites\/51\/2023\/03\/postQueueImg_1679064046.06.jpg\",\"keywords\":[\"Africa Press\",\"Africa Press-Congo Brazzaville\",\"Congo Brazzaville\"],\"articleSection\":[\"Communaut\u00e9\",\"Toutes les actualit\u00e9s\"],\"inLanguage\":\"fr-FR\",\"potentialAction\":[{\"@type\":\"CommentAction\",\"name\":\"Comment\",\"target\":[\"https:\/\/www.africa-press.net\/congo-brazzaville\/toutes-les-actualites\/protection-de-lenvironnement-le-bresil-confirme-sa-participation-au-sommet-des-trois-bassins-a-brazzaville#respond\"]}]},{\"@type\":\"WebPage\",\"@id\":\"https:\/\/www.africa-press.net\/congo-brazzaville\/toutes-les-actualites\/protection-de-lenvironnement-le-bresil-confirme-sa-participation-au-sommet-des-trois-bassins-a-brazzaville\",\"url\":\"https:\/\/www.africa-press.net\/congo-brazzaville\/toutes-les-actualites\/protection-de-lenvironnement-le-bresil-confirme-sa-participation-au-sommet-des-trois-bassins-a-brazzaville\",\"name\":\"Protection de l\u2019environnement : le Br\u00e9sil confirme sa participation au sommet des trois bassins \u00e0 Brazzaville - Congo Brazzaville\",\"isPartOf\":{\"@id\":\"https:\/\/www.africa-press.net\/congo-brazzaville\/#website\"},\"primaryImageOfPage\":{\"@id\":\"https:\/\/www.africa-press.net\/congo-brazzaville\/toutes-les-actualites\/protection-de-lenvironnement-le-bresil-confirme-sa-participation-au-sommet-des-trois-bassins-a-brazzaville#primaryimage\"},\"image\":{\"@id\":\"https:\/\/www.africa-press.net\/congo-brazzaville\/toutes-les-actualites\/protection-de-lenvironnement-le-bresil-confirme-sa-participation-au-sommet-des-trois-bassins-a-brazzaville#primaryimage\"},\"thumbnailUrl\":\"https:\/\/static.africa-press.net\/congo-brazzaville\/sites\/51\/2023\/03\/postQueueImg_1679064046.06.jpg\",\"datePublished\":\"2023-03-17T17:29:08+00:00\",\"dateModified\":\"2023-03-17T18:18:17+00:00\",\"author\":{\"@id\":\"https:\/\/www.africa-press.net\/congo-brazzaville\/#\/schema\/person\/2b1cf3cd81a31e3cd26889ca66d677f1\"},\"description\":\"Au cours d\u2019une audience qu\u2019il a accorde\u0301e a\u0300 la ministre de l\u2019Environnement, du De\u0301veloppement durable et du Bassin d ...\",\"breadcrumb\":{\"@id\":\"https:\/\/www.africa-press.net\/congo-brazzaville\/toutes-les-actualites\/protection-de-lenvironnement-le-bresil-confirme-sa-participation-au-sommet-des-trois-bassins-a-brazzaville#breadcrumb\"},\"inLanguage\":\"fr-FR\",\"potentialAction\":[{\"@type\":\"ReadAction\",\"target\":[\"https:\/\/www.africa-press.net\/congo-brazzaville\/toutes-les-actualites\/protection-de-lenvironnement-le-bresil-confirme-sa-participation-au-sommet-des-trois-bassins-a-brazzaville\"]}]},{\"@type\":\"ImageObject\",\"inLanguage\":\"fr-FR\",\"@id\":\"https:\/\/www.africa-press.net\/congo-brazzaville\/toutes-les-actualites\/protection-de-lenvironnement-le-bresil-confirme-sa-participation-au-sommet-des-trois-bassins-a-brazzaville#primaryimage\",\"url\":\"https:\/\/static.africa-press.net\/congo-brazzaville\/sites\/51\/2023\/03\/postQueueImg_1679064046.06.jpg\",\"contentUrl\":\"https:\/\/static.africa-press.net\/congo-brazzaville\/sites\/51\/2023\/03\/postQueueImg_1679064046.06.jpg\",\"width\":1280,\"height\":720,\"caption\":\"Protection de l\u2019environnement : le Br\u00e9sil confirme sa participation au sommet des trois bassins \u00e0 Brazzaville\"},{\"@type\":\"BreadcrumbList\",\"@id\":\"https:\/\/www.africa-press.net\/congo-brazzaville\/toutes-les-actualites\/protection-de-lenvironnement-le-bresil-confirme-sa-participation-au-sommet-des-trois-bassins-a-brazzaville#breadcrumb\",\"itemListElement\":[{\"@type\":\"ListItem\",\"position\":1,\"name\":\"Accueil\",\"item\":\"https:\/\/www.africa-press.net\/congo-brazzaville\/\"},{\"@type\":\"ListItem\",\"position\":2,\"name\":\"Protection de l\u2019environnement : le Br\u00e9sil confirme sa participation au sommet des trois bassins \u00e0 Brazzaville\"}]},{\"@type\":\"WebSite\",\"@id\":\"https:\/\/www.africa-press.net\/congo-brazzaville\/#website\",\"url\":\"https:\/\/www.africa-press.net\/congo-brazzaville\/\",\"name\":\"Congo Brazzaville\",\"description\":\"Just another Africa News Agency Sites site\",\"potentialAction\":[{\"@type\":\"SearchAction\",\"target\":{\"@type\":\"EntryPoint\",\"urlTemplate\":\"https:\/\/www.africa-press.net\/congo-brazzaville\/?s={search_term_string}\"},\"query-input\":{\"@type\":\"PropertyValueSpecification\",\"valueRequired\":true,\"valueName\":\"search_term_string\"}}],\"inLanguage\":\"fr-FR\"},{\"@type\":\"Person\",\"@id\":\"https:\/\/www.africa-press.net\/congo-brazzaville\/#\/schema\/person\/2b1cf3cd81a31e3cd26889ca66d677f1\",\"name\":\"cfeditorfr\"}]}<\/script>\n<!-- \/ Yoast SEO Premium plugin. -->","yoast_head_json":{"title":"Protection de l\u2019environnement : le Br\u00e9sil confirme sa participation au sommet des trois bassins \u00e0 Brazzaville - Congo Brazzaville","description":"Au cours d\u2019une audience qu\u2019il a accorde\u0301e a\u0300 la ministre de l\u2019Environnement, du De\u0301veloppement durable et du Bassin d ...","robots":{"index":"index","follow":"follow","max-snippet":"max-snippet:-1","max-image-preview":"max-image-preview:large","max-video-preview":"max-video-preview:-1"},"canonical":"https:\/\/www.africa-press.net\/congo-brazzaville\/toutes-les-actualites\/protection-de-lenvironnement-le-bresil-confirme-sa-participation-au-sommet-des-trois-bassins-a-brazzaville","og_locale":"fr_FR","og_type":"article","og_title":"Protection de l\u2019environnement : le Br\u00e9sil confirme sa participation au sommet des trois bassins \u00e0 Brazzaville","og_description":"Au cours d\u2019une audience qu\u2019il a accorde\u0301e a\u0300 la ministre de l\u2019Environnement, du De\u0301veloppement durable et du Bassin d ...","og_url":"https:\/\/www.africa-press.net\/congo-brazzaville\/toutes-les-actualites\/protection-de-lenvironnement-le-bresil-confirme-sa-participation-au-sommet-des-trois-bassins-a-brazzaville","og_site_name":"Congo Brazzaville","article_published_time":"2023-03-17T17:29:08+00:00","article_modified_time":"2023-03-17T18:18:17+00:00","og_image":[{"width":1280,"height":720,"url":"https:\/\/static.africa-press.net\/congo-brazzaville\/sites\/51\/2023\/03\/postQueueImg_1679064046.06.jpg","type":"image\/jpeg"}],"author":"cfeditorfr","twitter_card":"summary_large_image","twitter_misc":{"\u00c9crit par":"cfeditorfr","Dur\u00e9e de lecture estim\u00e9e":"1 minute"},"schema":{"@context":"https:\/\/schema.org","@graph":[{"@type":"Article","@id":"https:\/\/www.africa-press.net\/congo-brazzaville\/toutes-les-actualites\/protection-de-lenvironnement-le-bresil-confirme-sa-participation-au-sommet-des-trois-bassins-a-brazzaville#article","isPartOf":{"@id":"https:\/\/www.africa-press.net\/congo-brazzaville\/toutes-les-actualites\/protection-de-lenvironnement-le-bresil-confirme-sa-participation-au-sommet-des-trois-bassins-a-brazzaville"},"author":{"name":"cfeditorfr","@id":"https:\/\/www.africa-press.net\/congo-brazzaville\/#\/schema\/person\/2b1cf3cd81a31e3cd26889ca66d677f1"},"headline":"Protection de l\u2019environnement : le Br\u00e9sil confirme sa participation au sommet des trois bassins \u00e0 Brazzaville","datePublished":"2023-03-17T17:29:08+00:00","dateModified":"2023-03-17T18:18:17+00:00","mainEntityOfPage":{"@id":"https:\/\/www.africa-press.net\/congo-brazzaville\/toutes-les-actualites\/protection-de-lenvironnement-le-bresil-confirme-sa-participation-au-sommet-des-trois-bassins-a-brazzaville"},"wordCount":308,"commentCount":0,"image":{"@id":"https:\/\/www.africa-press.net\/congo-brazzaville\/toutes-les-actualites\/protection-de-lenvironnement-le-bresil-confirme-sa-participation-au-sommet-des-trois-bassins-a-brazzaville#primaryimage"},"thumbnailUrl":"https:\/\/static.africa-press.net\/congo-brazzaville\/sites\/51\/2023\/03\/postQueueImg_1679064046.06.jpg","keywords":["Africa Press","Africa Press-Congo Brazzaville","Congo Brazzaville"],"articleSection":["Communaut\u00e9","Toutes les actualit\u00e9s"],"inLanguage":"fr-FR","potentialAction":[{"@type":"CommentAction","name":"Comment","target":["https:\/\/www.africa-press.net\/congo-brazzaville\/toutes-les-actualites\/protection-de-lenvironnement-le-bresil-confirme-sa-participation-au-sommet-des-trois-bassins-a-brazzaville#respond"]}]},{"@type":"WebPage","@id":"https:\/\/www.africa-press.net\/congo-brazzaville\/toutes-les-actualites\/protection-de-lenvironnement-le-bresil-confirme-sa-participation-au-sommet-des-trois-bassins-a-brazzaville","url":"https:\/\/www.africa-press.net\/congo-brazzaville\/toutes-les-actualites\/protection-de-lenvironnement-le-bresil-confirme-sa-participation-au-sommet-des-trois-bassins-a-brazzaville","name":"Protection de l\u2019environnement : le Br\u00e9sil confirme sa participation au sommet des trois bassins \u00e0 Brazzaville - Congo Brazzaville","isPartOf":{"@id":"https:\/\/www.africa-press.net\/congo-brazzaville\/#website"},"primaryImageOfPage":{"@id":"https:\/\/www.africa-press.net\/congo-brazzaville\/toutes-les-actualites\/protection-de-lenvironnement-le-bresil-confirme-sa-participation-au-sommet-des-trois-bassins-a-brazzaville#primaryimage"},"image":{"@id":"https:\/\/www.africa-press.net\/congo-brazzaville\/toutes-les-actualites\/protection-de-lenvironnement-le-bresil-confirme-sa-participation-au-sommet-des-trois-bassins-a-brazzaville#primaryimage"},"thumbnailUrl":"https:\/\/static.africa-press.net\/congo-brazzaville\/sites\/51\/2023\/03\/postQueueImg_1679064046.06.jpg","datePublished":"2023-03-17T17:29:08+00:00","dateModified":"2023-03-17T18:18:17+00:00","author":{"@id":"https:\/\/www.africa-press.net\/congo-brazzaville\/#\/schema\/person\/2b1cf3cd81a31e3cd26889ca66d677f1"},"description":"Au cours d\u2019une audience qu\u2019il a accorde\u0301e a\u0300 la ministre de l\u2019Environnement, du De\u0301veloppement durable et du Bassin d ...","breadcrumb":{"@id":"https:\/\/www.africa-press.net\/congo-brazzaville\/toutes-les-actualites\/protection-de-lenvironnement-le-bresil-confirme-sa-participation-au-sommet-des-trois-bassins-a-brazzaville#breadcrumb"},"inLanguage":"fr-FR","potentialAction":[{"@type":"ReadAction","target":["https:\/\/www.africa-press.net\/congo-brazzaville\/toutes-les-actualites\/protection-de-lenvironnement-le-bresil-confirme-sa-participation-au-sommet-des-trois-bassins-a-brazzaville"]}]},{"@type":"ImageObject","inLanguage":"fr-FR","@id":"https:\/\/www.africa-press.net\/congo-brazzaville\/toutes-les-actualites\/protection-de-lenvironnement-le-bresil-confirme-sa-participation-au-sommet-des-trois-bassins-a-brazzaville#primaryimage","url":"https:\/\/static.africa-press.net\/congo-brazzaville\/sites\/51\/2023\/03\/postQueueImg_1679064046.06.jpg","contentUrl":"https:\/\/static.africa-press.net\/congo-brazzaville\/sites\/51\/2023\/03\/postQueueImg_1679064046.06.jpg","width":1280,"height":720,"caption":"Protection de l\u2019environnement : le Br\u00e9sil confirme sa participation au sommet des trois bassins \u00e0 Brazzaville"},{"@type":"BreadcrumbList","@id":"https:\/\/www.africa-press.net\/congo-brazzaville\/toutes-les-actualites\/protection-de-lenvironnement-le-bresil-confirme-sa-participation-au-sommet-des-trois-bassins-a-brazzaville#breadcrumb","itemListElement":[{"@type":"ListItem","position":1,"name":"Accueil","item":"https:\/\/www.africa-press.net\/congo-brazzaville\/"},{"@type":"ListItem","position":2,"name":"Protection de l\u2019environnement : le Br\u00e9sil confirme sa participation au sommet des trois bassins \u00e0 Brazzaville"}]},{"@type":"WebSite","@id":"https:\/\/www.africa-press.net\/congo-brazzaville\/#website","url":"https:\/\/www.africa-press.net\/congo-brazzaville\/","name":"Congo Brazzaville","description":"Just another Africa News Agency Sites site","potentialAction":[{"@type":"SearchAction","target":{"@type":"EntryPoint","urlTemplate":"https:\/\/www.africa-press.net\/congo-brazzaville\/?s={search_term_string}"},"query-input":{"@type":"PropertyValueSpecification","valueRequired":true,"valueName":"search_term_string"}}],"inLanguage":"fr-FR"},{"@type":"Person","@id":"https:\/\/www.africa-press.net\/congo-brazzaville\/#\/schema\/person\/2b1cf3cd81a31e3cd26889ca66d677f1","name":"cfeditorfr"}]}},"_links":{"self":[{"href":"https:\/\/www.africa-press.net\/congo-brazzaville\/wp-json\/wp\/v2\/posts\/15775","targetHints":{"allow":["GET"]}}],"collection":[{"href":"https:\/\/www.africa-press.net\/congo-brazzaville\/wp-json\/wp\/v2\/posts"}],"about":[{"href":"https:\/\/www.africa-press.net\/congo-brazzaville\/wp-json\/wp\/v2\/types\/post"}],"author":[{"embeddable":true,"href":"https:\/\/www.africa-press.net\/congo-brazzaville\/wp-json\/wp\/v2\/users\/82"}],"replies":[{"embeddable":true,"href":"https:\/\/www.africa-press.net\/congo-brazzaville\/wp-json\/wp\/v2\/comments?post=15775"}],"version-history":[{"count":0,"href":"https:\/\/www.africa-press.net\/congo-brazzaville\/wp-json\/wp\/v2\/posts\/15775\/revisions"}],"wp:featuredmedia":[{"embeddable":true,"href":"https:\/\/www.africa-press.net\/congo-brazzaville\/wp-json\/wp\/v2\/media\/15772"}],"wp:attachment":[{"href":"https:\/\/www.africa-press.net\/congo-brazzaville\/wp-json\/wp\/v2\/media?parent=15775"}],"wp:term":[{"taxonomy":"category","embeddable":true,"href":"https:\/\/www.africa-press.net\/congo-brazzaville\/wp-json\/wp\/v2\/categories?post=15775"},{"taxonomy":"post_tag","embeddable":true,"href":"https:\/\/www.africa-press.net\/congo-brazzaville\/wp-json\/wp\/v2\/tags?post=15775"}],"curies":[{"name":"wp","href":"https:\/\/api.w.org\/{rel}","templated":true}]}}