{"id":15806,"date":"2023-03-18T19:10:27","date_gmt":"2023-03-18T19:10:27","guid":{"rendered":"https:\/\/www.africa-press.net\/congo-brazzaville\/politique\/niari-bouenza-lekoumou-les-operateurs-economiques-sapproprient-les-textes-legislatifs-en-vigueur"},"modified":"2023-03-18T19:57:47","modified_gmt":"2023-03-18T19:57:47","slug":"niari-bouenza-lekoumou-les-operateurs-economiques-sapproprient-les-textes-legislatifs-en-vigueur","status":"publish","type":"post","link":"https:\/\/www.africa-press.net\/congo-brazzaville\/economie\/niari-bouenza-lekoumou-les-operateurs-economiques-sapproprient-les-textes-legislatifs-en-vigueur","title":{"rendered":"Niari, Bouenza, L\u00e9koumou : les op\u00e9rateurs \u00e9conomiques s\u2019approprient les textes l\u00e9gislatifs en vigueur"},"content":{"rendered":"<p><span style=\"color: #ff6600\"><strong>Africa-Press &#8211; Congo Brazzaville. <\/strong><\/span><b>La chambre de commerce interde\u0301partementale Niari, Bouenza et Le\u0301koumou et le guichet unique des ope\u0301rations transfrontalie\u0300res ont organise\u0301, le 16 mars a\u0300 Dolisie, une journe\u0301e portes ouvertes dans l\u2019optique de vulgariser les textes le\u0301gislatifs et re\u0301glementaires aux ope\u0301rateurs e\u0301conomiques.<\/b><\/p>\n<p>Une dizaine de structures e\u0301tatiques et de nombreux ope\u0301rateurs e\u0301conomiques ont participe\u0301 a\u0300 la rencontre. Le pre\u0301fet du Niari, Fre\u0301de\u0301ric Baron Bouzock, faisant de l\u2019ope\u0301rationnalisation de la chambre consulaire interde\u0301partementale son cheval de bataille, n\u2019a pas manque\u0301 de louer ses performances. \u00ab Constatant que cette chambre e\u0301tait une machine inerte de\u0300s l\u2019entame de mes fonctions pre\u0301fectorales en 2020, j\u2019ai donne\u0301 l\u2019ordre afin de relever son niveau. Aujourd\u2019hui, elle joue pleinement son ro\u0302le \u00bb, a-t-il assure\u0301.<\/p>\n<p>Tenant compte de la repre\u0301sentation effective des structures e\u0301tatiques, le pre\u0301fet a exhorte\u0301 les participants a\u0300 l\u2019appropriation utile et a\u0300 la capitalisation des interventions de chaque responsable des structures e\u0301tatiques. Il a souhaite\u0301 la multiplication de ce genre d\u2019initiative afin que les de\u0301partements gagnent la bataille de la diversification de l\u2019e\u0301conomie.<\/p>\n<p>Le vice-pre\u0301sident de la chambre de commerce interde\u0301partementale, Jean Bosco Yondot<b>,<\/b> a pour sa part justifie\u0301 l\u2019organisation de cette journe\u0301e par des tendances conflictuelles entre l\u2019administration e\u0301tatique et les usagers, le manque de vulgarisation des textes. La tenue de cette journe\u0301e aura eu, pour lui, le me\u0301rite d\u2019humaniser les administrations et les ope\u0301rateurs e\u0301conomiques.<\/p>\n<p>Il a conclu que cette de\u0301marche d\u2019engagement s\u2019inscrit bel et bien dans les prescriptions visionnaires et strate\u0301giques contenues dans le projet du gouvernement \u00ab Allons ensemble et plus loin \u00bb.<\/p>\n<p>Cette vulgarisation de la Journe\u0301e portes ouvertes a e\u0301te\u0301 supervise\u0301e par le pre\u0301fet du Niari, avec a\u0300 ses co\u0302te\u0301s le vice-pre\u0301sident de la chambre de commerce interde\u0301partementale et le repre\u0301sentant du directeur ge\u0301ne\u0301ral du guichet unique des ope\u0301rations transfrontalie\u0300res, Ngoma Mvoumbi Gervis Ulrich.<\/p>\n<p><strong>Pour plus d&rsquo;informations et d&rsquo;analyses sur la <a href=\"https:\/\/www.africa-press.net\/congo-brazzaville\">Congo Brazzaville<\/a>, suivez <a href=\"https:\/\/www.africa-press.net\/\">Africa-Press<\/a><\/strong><\/p>\n","protected":false},"excerpt":{"rendered":"<p>Africa-Press &#8211; Congo Brazzaville. La chambre de commerce interde\u0301partementale Niari, Bouenza et Le\u0301koumou et le guichet unique des ope\u0301rations transfrontalie\u0300res ont organise\u0301, le 16 mars a\u0300 Dolisie, une journe\u0301e portes ouvertes dans l\u2019optique de vulgariser les textes le\u0301gislatifs et re\u0301glementaires aux ope\u0301rateurs e\u0301conomiques. Une dizaine de structures e\u0301tatiques et de nombreux ope\u0301rateurs e\u0301conomiques ont participe\u0301 [&hellip;]<\/p>\n","protected":false},"author":82,"featured_media":15805,"comment_status":"open","ping_status":"closed","sticky":false,"template":"","format":"standard","meta":{"footnotes":""},"categories":[3,10],"tags":[36,47,46],"class_list":["post-15806","post","type-post","status-publish","format-standard","has-post-thumbnail","hentry","category-economie","category-toutes-les-actualites","tag-africa-press","tag-africa-press-congo-brazzaville","tag-congo-brazzaville"],"yoast_head":"<!-- This site is optimized with the Yoast SEO Premium plugin v26.1 (Yoast SEO v27.0) - https:\/\/yoast.com\/product\/yoast-seo-premium-wordpress\/ -->\n<title>Niari, Bouenza, L\u00e9koumou : les op\u00e9rateurs \u00e9conomiques s\u2019approprient les textes l\u00e9gislatifs en vigueur - Congo Brazzaville<\/title>\n<meta name=\"description\" content=\"La chambre de commerce interde\u0301partementale Niari, Bouenza et Le\u0301koumou et le guichet unique des ope\u0301rations transfro ...\" \/>\n<meta name=\"robots\" content=\"index, follow, max-snippet:-1, max-image-preview:large, max-video-preview:-1\" \/>\n<link rel=\"canonical\" href=\"https:\/\/www.africa-press.net\/congo-brazzaville\/economie\/niari-bouenza-lekoumou-les-operateurs-economiques-sapproprient-les-textes-legislatifs-en-vigueur\" \/>\n<meta property=\"og:locale\" content=\"fr_FR\" \/>\n<meta property=\"og:type\" content=\"article\" \/>\n<meta property=\"og:title\" content=\"Niari, Bouenza, L\u00e9koumou : les op\u00e9rateurs \u00e9conomiques s\u2019approprient les textes l\u00e9gislatifs en vigueur\" \/>\n<meta property=\"og:description\" content=\"La chambre de commerce interde\u0301partementale Niari, Bouenza et Le\u0301koumou et le guichet unique des ope\u0301rations transfro ...\" \/>\n<meta property=\"og:url\" content=\"https:\/\/www.africa-press.net\/congo-brazzaville\/economie\/niari-bouenza-lekoumou-les-operateurs-economiques-sapproprient-les-textes-legislatifs-en-vigueur\" \/>\n<meta property=\"og:site_name\" content=\"Congo Brazzaville\" \/>\n<meta property=\"article:published_time\" content=\"2023-03-18T19:10:27+00:00\" \/>\n<meta property=\"article:modified_time\" content=\"2023-03-18T19:57:47+00:00\" \/>\n<meta property=\"og:image\" content=\"https:\/\/static.africa-press.net\/congo-brazzaville\/sites\/51\/2023\/03\/postQueueImg_1679154030.69.jpg\" \/>\n\t<meta property=\"og:image:width\" content=\"1024\" \/>\n\t<meta property=\"og:image:height\" content=\"768\" \/>\n\t<meta property=\"og:image:type\" content=\"image\/jpeg\" \/>\n<meta name=\"author\" content=\"cfeditorfr\" \/>\n<meta name=\"twitter:card\" content=\"summary_large_image\" \/>\n<meta name=\"twitter:label1\" content=\"\u00c9crit par\" \/>\n\t<meta name=\"twitter:data1\" content=\"cfeditorfr\" \/>\n\t<meta name=\"twitter:label2\" content=\"Dur\u00e9e de lecture estim\u00e9e\" \/>\n\t<meta name=\"twitter:data2\" content=\"2 minutes\" \/>\n<script type=\"application\/ld+json\" class=\"yoast-schema-graph\">{\"@context\":\"https:\/\/schema.org\",\"@graph\":[{\"@type\":\"Article\",\"@id\":\"https:\/\/www.africa-press.net\/congo-brazzaville\/economie\/niari-bouenza-lekoumou-les-operateurs-economiques-sapproprient-les-textes-legislatifs-en-vigueur#article\",\"isPartOf\":{\"@id\":\"https:\/\/www.africa-press.net\/congo-brazzaville\/economie\/niari-bouenza-lekoumou-les-operateurs-economiques-sapproprient-les-textes-legislatifs-en-vigueur\"},\"author\":{\"name\":\"cfeditorfr\",\"@id\":\"https:\/\/www.africa-press.net\/congo-brazzaville\/#\/schema\/person\/2b1cf3cd81a31e3cd26889ca66d677f1\"},\"headline\":\"Niari, Bouenza, L\u00e9koumou : les op\u00e9rateurs \u00e9conomiques s\u2019approprient les textes l\u00e9gislatifs en vigueur\",\"datePublished\":\"2023-03-18T19:10:27+00:00\",\"dateModified\":\"2023-03-18T19:57:47+00:00\",\"mainEntityOfPage\":{\"@id\":\"https:\/\/www.africa-press.net\/congo-brazzaville\/economie\/niari-bouenza-lekoumou-les-operateurs-economiques-sapproprient-les-textes-legislatifs-en-vigueur\"},\"wordCount\":384,\"commentCount\":0,\"image\":{\"@id\":\"https:\/\/www.africa-press.net\/congo-brazzaville\/economie\/niari-bouenza-lekoumou-les-operateurs-economiques-sapproprient-les-textes-legislatifs-en-vigueur#primaryimage\"},\"thumbnailUrl\":\"https:\/\/static.africa-press.net\/congo-brazzaville\/sites\/51\/2023\/03\/postQueueImg_1679154030.69.jpg\",\"keywords\":[\"Africa Press\",\"Africa Press-Congo Brazzaville\",\"Congo Brazzaville\"],\"articleSection\":[\"\u00c9conomie\",\"Toutes les actualit\u00e9s\"],\"inLanguage\":\"fr-FR\",\"potentialAction\":[{\"@type\":\"CommentAction\",\"name\":\"Comment\",\"target\":[\"https:\/\/www.africa-press.net\/congo-brazzaville\/economie\/niari-bouenza-lekoumou-les-operateurs-economiques-sapproprient-les-textes-legislatifs-en-vigueur#respond\"]}]},{\"@type\":\"WebPage\",\"@id\":\"https:\/\/www.africa-press.net\/congo-brazzaville\/economie\/niari-bouenza-lekoumou-les-operateurs-economiques-sapproprient-les-textes-legislatifs-en-vigueur\",\"url\":\"https:\/\/www.africa-press.net\/congo-brazzaville\/economie\/niari-bouenza-lekoumou-les-operateurs-economiques-sapproprient-les-textes-legislatifs-en-vigueur\",\"name\":\"Niari, Bouenza, L\u00e9koumou : les op\u00e9rateurs \u00e9conomiques s\u2019approprient les textes l\u00e9gislatifs en vigueur - Congo Brazzaville\",\"isPartOf\":{\"@id\":\"https:\/\/www.africa-press.net\/congo-brazzaville\/#website\"},\"primaryImageOfPage\":{\"@id\":\"https:\/\/www.africa-press.net\/congo-brazzaville\/economie\/niari-bouenza-lekoumou-les-operateurs-economiques-sapproprient-les-textes-legislatifs-en-vigueur#primaryimage\"},\"image\":{\"@id\":\"https:\/\/www.africa-press.net\/congo-brazzaville\/economie\/niari-bouenza-lekoumou-les-operateurs-economiques-sapproprient-les-textes-legislatifs-en-vigueur#primaryimage\"},\"thumbnailUrl\":\"https:\/\/static.africa-press.net\/congo-brazzaville\/sites\/51\/2023\/03\/postQueueImg_1679154030.69.jpg\",\"datePublished\":\"2023-03-18T19:10:27+00:00\",\"dateModified\":\"2023-03-18T19:57:47+00:00\",\"author\":{\"@id\":\"https:\/\/www.africa-press.net\/congo-brazzaville\/#\/schema\/person\/2b1cf3cd81a31e3cd26889ca66d677f1\"},\"description\":\"La chambre de commerce interde\u0301partementale Niari, Bouenza et Le\u0301koumou et le guichet unique des ope\u0301rations transfro ...\",\"breadcrumb\":{\"@id\":\"https:\/\/www.africa-press.net\/congo-brazzaville\/economie\/niari-bouenza-lekoumou-les-operateurs-economiques-sapproprient-les-textes-legislatifs-en-vigueur#breadcrumb\"},\"inLanguage\":\"fr-FR\",\"potentialAction\":[{\"@type\":\"ReadAction\",\"target\":[\"https:\/\/www.africa-press.net\/congo-brazzaville\/economie\/niari-bouenza-lekoumou-les-operateurs-economiques-sapproprient-les-textes-legislatifs-en-vigueur\"]}]},{\"@type\":\"ImageObject\",\"inLanguage\":\"fr-FR\",\"@id\":\"https:\/\/www.africa-press.net\/congo-brazzaville\/economie\/niari-bouenza-lekoumou-les-operateurs-economiques-sapproprient-les-textes-legislatifs-en-vigueur#primaryimage\",\"url\":\"https:\/\/static.africa-press.net\/congo-brazzaville\/sites\/51\/2023\/03\/postQueueImg_1679154030.69.jpg\",\"contentUrl\":\"https:\/\/static.africa-press.net\/congo-brazzaville\/sites\/51\/2023\/03\/postQueueImg_1679154030.69.jpg\",\"width\":1024,\"height\":768,\"caption\":\"Niari, Bouenza, L\u00e9koumou : les op\u00e9rateurs \u00e9conomiques s\u2019approprient les textes l\u00e9gislatifs en vigueur\"},{\"@type\":\"BreadcrumbList\",\"@id\":\"https:\/\/www.africa-press.net\/congo-brazzaville\/economie\/niari-bouenza-lekoumou-les-operateurs-economiques-sapproprient-les-textes-legislatifs-en-vigueur#breadcrumb\",\"itemListElement\":[{\"@type\":\"ListItem\",\"position\":1,\"name\":\"Accueil\",\"item\":\"https:\/\/www.africa-press.net\/congo-brazzaville\/\"},{\"@type\":\"ListItem\",\"position\":2,\"name\":\"Niari, Bouenza, L\u00e9koumou : les op\u00e9rateurs \u00e9conomiques s\u2019approprient les textes l\u00e9gislatifs en vigueur\"}]},{\"@type\":\"WebSite\",\"@id\":\"https:\/\/www.africa-press.net\/congo-brazzaville\/#website\",\"url\":\"https:\/\/www.africa-press.net\/congo-brazzaville\/\",\"name\":\"Congo Brazzaville\",\"description\":\"Just another Africa News Agency Sites site\",\"potentialAction\":[{\"@type\":\"SearchAction\",\"target\":{\"@type\":\"EntryPoint\",\"urlTemplate\":\"https:\/\/www.africa-press.net\/congo-brazzaville\/?s={search_term_string}\"},\"query-input\":{\"@type\":\"PropertyValueSpecification\",\"valueRequired\":true,\"valueName\":\"search_term_string\"}}],\"inLanguage\":\"fr-FR\"},{\"@type\":\"Person\",\"@id\":\"https:\/\/www.africa-press.net\/congo-brazzaville\/#\/schema\/person\/2b1cf3cd81a31e3cd26889ca66d677f1\",\"name\":\"cfeditorfr\"}]}<\/script>\n<!-- \/ Yoast SEO Premium plugin. -->","yoast_head_json":{"title":"Niari, Bouenza, L\u00e9koumou : les op\u00e9rateurs \u00e9conomiques s\u2019approprient les textes l\u00e9gislatifs en vigueur - Congo Brazzaville","description":"La chambre de commerce interde\u0301partementale Niari, Bouenza et Le\u0301koumou et le guichet unique des ope\u0301rations transfro ...","robots":{"index":"index","follow":"follow","max-snippet":"max-snippet:-1","max-image-preview":"max-image-preview:large","max-video-preview":"max-video-preview:-1"},"canonical":"https:\/\/www.africa-press.net\/congo-brazzaville\/economie\/niari-bouenza-lekoumou-les-operateurs-economiques-sapproprient-les-textes-legislatifs-en-vigueur","og_locale":"fr_FR","og_type":"article","og_title":"Niari, Bouenza, L\u00e9koumou : les op\u00e9rateurs \u00e9conomiques s\u2019approprient les textes l\u00e9gislatifs en vigueur","og_description":"La chambre de commerce interde\u0301partementale Niari, Bouenza et Le\u0301koumou et le guichet unique des ope\u0301rations transfro ...","og_url":"https:\/\/www.africa-press.net\/congo-brazzaville\/economie\/niari-bouenza-lekoumou-les-operateurs-economiques-sapproprient-les-textes-legislatifs-en-vigueur","og_site_name":"Congo Brazzaville","article_published_time":"2023-03-18T19:10:27+00:00","article_modified_time":"2023-03-18T19:57:47+00:00","og_image":[{"width":1024,"height":768,"url":"https:\/\/static.africa-press.net\/congo-brazzaville\/sites\/51\/2023\/03\/postQueueImg_1679154030.69.jpg","type":"image\/jpeg"}],"author":"cfeditorfr","twitter_card":"summary_large_image","twitter_misc":{"\u00c9crit par":"cfeditorfr","Dur\u00e9e de lecture estim\u00e9e":"2 minutes"},"schema":{"@context":"https:\/\/schema.org","@graph":[{"@type":"Article","@id":"https:\/\/www.africa-press.net\/congo-brazzaville\/economie\/niari-bouenza-lekoumou-les-operateurs-economiques-sapproprient-les-textes-legislatifs-en-vigueur#article","isPartOf":{"@id":"https:\/\/www.africa-press.net\/congo-brazzaville\/economie\/niari-bouenza-lekoumou-les-operateurs-economiques-sapproprient-les-textes-legislatifs-en-vigueur"},"author":{"name":"cfeditorfr","@id":"https:\/\/www.africa-press.net\/congo-brazzaville\/#\/schema\/person\/2b1cf3cd81a31e3cd26889ca66d677f1"},"headline":"Niari, Bouenza, L\u00e9koumou : les op\u00e9rateurs \u00e9conomiques s\u2019approprient les textes l\u00e9gislatifs en vigueur","datePublished":"2023-03-18T19:10:27+00:00","dateModified":"2023-03-18T19:57:47+00:00","mainEntityOfPage":{"@id":"https:\/\/www.africa-press.net\/congo-brazzaville\/economie\/niari-bouenza-lekoumou-les-operateurs-economiques-sapproprient-les-textes-legislatifs-en-vigueur"},"wordCount":384,"commentCount":0,"image":{"@id":"https:\/\/www.africa-press.net\/congo-brazzaville\/economie\/niari-bouenza-lekoumou-les-operateurs-economiques-sapproprient-les-textes-legislatifs-en-vigueur#primaryimage"},"thumbnailUrl":"https:\/\/static.africa-press.net\/congo-brazzaville\/sites\/51\/2023\/03\/postQueueImg_1679154030.69.jpg","keywords":["Africa Press","Africa Press-Congo Brazzaville","Congo Brazzaville"],"articleSection":["\u00c9conomie","Toutes les actualit\u00e9s"],"inLanguage":"fr-FR","potentialAction":[{"@type":"CommentAction","name":"Comment","target":["https:\/\/www.africa-press.net\/congo-brazzaville\/economie\/niari-bouenza-lekoumou-les-operateurs-economiques-sapproprient-les-textes-legislatifs-en-vigueur#respond"]}]},{"@type":"WebPage","@id":"https:\/\/www.africa-press.net\/congo-brazzaville\/economie\/niari-bouenza-lekoumou-les-operateurs-economiques-sapproprient-les-textes-legislatifs-en-vigueur","url":"https:\/\/www.africa-press.net\/congo-brazzaville\/economie\/niari-bouenza-lekoumou-les-operateurs-economiques-sapproprient-les-textes-legislatifs-en-vigueur","name":"Niari, Bouenza, L\u00e9koumou : les op\u00e9rateurs \u00e9conomiques s\u2019approprient les textes l\u00e9gislatifs en vigueur - Congo Brazzaville","isPartOf":{"@id":"https:\/\/www.africa-press.net\/congo-brazzaville\/#website"},"primaryImageOfPage":{"@id":"https:\/\/www.africa-press.net\/congo-brazzaville\/economie\/niari-bouenza-lekoumou-les-operateurs-economiques-sapproprient-les-textes-legislatifs-en-vigueur#primaryimage"},"image":{"@id":"https:\/\/www.africa-press.net\/congo-brazzaville\/economie\/niari-bouenza-lekoumou-les-operateurs-economiques-sapproprient-les-textes-legislatifs-en-vigueur#primaryimage"},"thumbnailUrl":"https:\/\/static.africa-press.net\/congo-brazzaville\/sites\/51\/2023\/03\/postQueueImg_1679154030.69.jpg","datePublished":"2023-03-18T19:10:27+00:00","dateModified":"2023-03-18T19:57:47+00:00","author":{"@id":"https:\/\/www.africa-press.net\/congo-brazzaville\/#\/schema\/person\/2b1cf3cd81a31e3cd26889ca66d677f1"},"description":"La chambre de commerce interde\u0301partementale Niari, Bouenza et Le\u0301koumou et le guichet unique des ope\u0301rations transfro ...","breadcrumb":{"@id":"https:\/\/www.africa-press.net\/congo-brazzaville\/economie\/niari-bouenza-lekoumou-les-operateurs-economiques-sapproprient-les-textes-legislatifs-en-vigueur#breadcrumb"},"inLanguage":"fr-FR","potentialAction":[{"@type":"ReadAction","target":["https:\/\/www.africa-press.net\/congo-brazzaville\/economie\/niari-bouenza-lekoumou-les-operateurs-economiques-sapproprient-les-textes-legislatifs-en-vigueur"]}]},{"@type":"ImageObject","inLanguage":"fr-FR","@id":"https:\/\/www.africa-press.net\/congo-brazzaville\/economie\/niari-bouenza-lekoumou-les-operateurs-economiques-sapproprient-les-textes-legislatifs-en-vigueur#primaryimage","url":"https:\/\/static.africa-press.net\/congo-brazzaville\/sites\/51\/2023\/03\/postQueueImg_1679154030.69.jpg","contentUrl":"https:\/\/static.africa-press.net\/congo-brazzaville\/sites\/51\/2023\/03\/postQueueImg_1679154030.69.jpg","width":1024,"height":768,"caption":"Niari, Bouenza, L\u00e9koumou : les op\u00e9rateurs \u00e9conomiques s\u2019approprient les textes l\u00e9gislatifs en vigueur"},{"@type":"BreadcrumbList","@id":"https:\/\/www.africa-press.net\/congo-brazzaville\/economie\/niari-bouenza-lekoumou-les-operateurs-economiques-sapproprient-les-textes-legislatifs-en-vigueur#breadcrumb","itemListElement":[{"@type":"ListItem","position":1,"name":"Accueil","item":"https:\/\/www.africa-press.net\/congo-brazzaville\/"},{"@type":"ListItem","position":2,"name":"Niari, Bouenza, L\u00e9koumou : les op\u00e9rateurs \u00e9conomiques s\u2019approprient les textes l\u00e9gislatifs en vigueur"}]},{"@type":"WebSite","@id":"https:\/\/www.africa-press.net\/congo-brazzaville\/#website","url":"https:\/\/www.africa-press.net\/congo-brazzaville\/","name":"Congo Brazzaville","description":"Just another Africa News Agency Sites site","potentialAction":[{"@type":"SearchAction","target":{"@type":"EntryPoint","urlTemplate":"https:\/\/www.africa-press.net\/congo-brazzaville\/?s={search_term_string}"},"query-input":{"@type":"PropertyValueSpecification","valueRequired":true,"valueName":"search_term_string"}}],"inLanguage":"fr-FR"},{"@type":"Person","@id":"https:\/\/www.africa-press.net\/congo-brazzaville\/#\/schema\/person\/2b1cf3cd81a31e3cd26889ca66d677f1","name":"cfeditorfr"}]}},"_links":{"self":[{"href":"https:\/\/www.africa-press.net\/congo-brazzaville\/wp-json\/wp\/v2\/posts\/15806","targetHints":{"allow":["GET"]}}],"collection":[{"href":"https:\/\/www.africa-press.net\/congo-brazzaville\/wp-json\/wp\/v2\/posts"}],"about":[{"href":"https:\/\/www.africa-press.net\/congo-brazzaville\/wp-json\/wp\/v2\/types\/post"}],"author":[{"embeddable":true,"href":"https:\/\/www.africa-press.net\/congo-brazzaville\/wp-json\/wp\/v2\/users\/82"}],"replies":[{"embeddable":true,"href":"https:\/\/www.africa-press.net\/congo-brazzaville\/wp-json\/wp\/v2\/comments?post=15806"}],"version-history":[{"count":0,"href":"https:\/\/www.africa-press.net\/congo-brazzaville\/wp-json\/wp\/v2\/posts\/15806\/revisions"}],"wp:featuredmedia":[{"embeddable":true,"href":"https:\/\/www.africa-press.net\/congo-brazzaville\/wp-json\/wp\/v2\/media\/15805"}],"wp:attachment":[{"href":"https:\/\/www.africa-press.net\/congo-brazzaville\/wp-json\/wp\/v2\/media?parent=15806"}],"wp:term":[{"taxonomy":"category","embeddable":true,"href":"https:\/\/www.africa-press.net\/congo-brazzaville\/wp-json\/wp\/v2\/categories?post=15806"},{"taxonomy":"post_tag","embeddable":true,"href":"https:\/\/www.africa-press.net\/congo-brazzaville\/wp-json\/wp\/v2\/tags?post=15806"}],"curies":[{"name":"wp","href":"https:\/\/api.w.org\/{rel}","templated":true}]}}