{"id":15809,"date":"2023-03-18T19:10:57","date_gmt":"2023-03-18T19:10:57","guid":{"rendered":"https:\/\/www.africa-press.net\/congo-brazzaville\/politique\/la-memoire-de-marien-ngouabi-celebree-le-jour-anniversaire-de-son-deces-par-la-federation-pct-europe"},"modified":"2023-03-18T19:59:59","modified_gmt":"2023-03-18T19:59:59","slug":"la-memoire-de-marien-ngouabi-celebree-le-jour-anniversaire-de-son-deces-par-la-federation-pct-europe","status":"publish","type":"post","link":"https:\/\/www.africa-press.net\/congo-brazzaville\/politique\/la-memoire-de-marien-ngouabi-celebree-le-jour-anniversaire-de-son-deces-par-la-federation-pct-europe","title":{"rendered":"La m\u00e9moire de Marien Ngouabi c\u00e9l\u00e9br\u00e9e le jour anniversaire de son d\u00e9c\u00e8s par la F\u00e9d\u00e9ration Pct Europe"},"content":{"rendered":"<p><span style=\"color: #ff6600\"><strong>Africa-Press &#8211; Congo Brazzaville. <\/strong><\/span><b>La Fe\u0301de\u0301ration Pct Europe, par communique\u0301 de presse publie\u0301 par son secre\u0301taire a\u0300 l&rsquo;Organisation et a\u0300 la. Mobilisation, Franck Gandziri, honore la me\u0301moire du pre\u0301sident Marien Ngouabi<\/b><\/p>\n<p>De Paris, les militants du parti au pouvoir porte leur re\u0301flexion en ces termes : \u00ab\u00a0Par le travail acharne\u0301, honorons la me\u0301moire du camarade Marien Ngouabi et mobilisons-nous pour les e\u0301lections prochaines se\u0301natoriales \u00a0\u00bb et de s\u2019interroger : \u00ab 18 mars 1977, 18 mars 2023 : 46 ans apre\u0300s, que reste-t-il de l&rsquo;he\u0301ritage ide\u0301ologique le\u0301gue\u0301, par le Camarade Marien Ngouabi ? \u00bb.<\/p>\n<p><b>Extraits de cette communication.<\/b><\/p>\n<p>Franck Gandziri e\u0301crit : \u00ab Une ide\u0301ologie est un syste\u0300me d&rsquo;ide\u0301es, d&rsquo;opinions et de croyances qui forme une doctrine pouvant influencer les comportements individuels ou collectifs. Si d&rsquo;aucuns peuvent e\u0301mettre des re\u0301serves sur l&rsquo;efficacite\u0301 de l&rsquo;ide\u0301ologie pro\u0302ne\u0301e par le camarade Marien Ngouabi, a\u0300 savoir, le marxisme-le\u0301ninisme, et au-dela\u0300 du fait qu&rsquo;elle ne doit pas e\u0302tre duplique\u0301e en tout temps, il n&rsquo;en demeure pas moins que celle-ci requiert des vertus qui ont contribue\u0301 a\u0300 fonder le ciment de la Nation Congolaise \u00bb.<\/p>\n<p>Il constate que cette ide\u0301ologie qui a connu dans son contenu doctrinal, de nombreuses variations au gre\u0301 des contextes nationaux, a insuffle\u0301, vers la fin des anne\u0301es 60, et au cours des anne\u0301es 70, des valeurs telles que : le sens du travail bien accompli, le sens de la communaute\u0301 et de la nation, le respect du bien public, la cohe\u0301sion nationale, etc&#8230;<\/p>\n<p>Mais, 46 apre\u0300s, qu&rsquo;en est-il de cet he\u0301ritage le\u0301gue\u0301 aux congolais ?<\/p>\n<p>Il re\u0301pond en expliquant que le Pre\u0301sident Denis Sassou N\u2019Guesso, de\u0301signe\u0301 comme le digne successeur et fide\u0300le continuateur de l&rsquo;\u0153uvre de Marien Ngouabi, a toujours appele\u0301 les Congolais a\u0300 pe\u0301renniser ces ide\u0301aux, autour des the\u0300mes fe\u0301de\u0301rateurs, tels que : la lutte contre les antivaleurs, la cohe\u0301sion sociale, le de\u0301veloppement e\u0301conomique, etc.<\/p>\n<p>Cependant, souligne-t-il, \u00ab ce de\u0301sir obsessionnel de re\u0301ussir, de la part du Pre\u0301sident de la Re\u0301publique, ne semble pas e\u0302tre partage\u0301 par certains acteurs politiques et administratifs, lesquels ont souvent pris le contre-pied de ces ide\u0301aux, en faisant l&rsquo;apologie des antivaleurs. Un e\u0301tat des lieux succinct, suffit a\u0300 e\u0301nume\u0301rer de manie\u0300re non exhaustive, les pratiques sociales aux antipodes des valeurs e\u0301thiques, et une re\u0301elle de\u0301ge\u0301ne\u0301rescence observe\u0301e dans plusieurs domaines de la vie politique et sociale des Congolais \u00bb.<\/p>\n<p>Il explique cela par le manque de rigueur de certains cadres dans l&rsquo;exercice de leurs fonctions est un re\u0301el frein au de\u0301veloppement. Au Congo, e\u0301crit-il, le travail a perdu tout son sens, celui d&rsquo;humaniser par le lien social qu&rsquo;il cre\u0301e, en vue de transformer l&rsquo;environnement, par la rigueur, l&rsquo;assiduite\u0301, le sacrifice et l&rsquo;excellence, dans l&rsquo;exercice des fonctions ou des ta\u0302ches assigne\u0301es. Le sens du patriotisme ayant disparu dans le monde du travail, nombreux se distinguent bien souvent par l&rsquo;individualisme, la paresse, l&rsquo;incompe\u0301tence, au de\u0301triment des de\u0301fis et des enjeux e\u0301conomiques et sociaux, auxquels est confronte\u0301 le Congo notre pays.<\/p>\n<p>L&rsquo;e\u0301cole n&rsquo;est plus un facteur de mobilite\u0301 sociale. Au Congo, l&rsquo;ascenseur social ne s&rsquo;obtient plus par l&rsquo;e\u0301cole, laquelle a e\u0301te\u0301 rele\u0301gue\u0301e au second plan, a\u0300 cause de l&rsquo;absence des formations ade\u0301quates et ne\u0301cessaires a\u0300 une administration efficacement adapte\u0301e au contexte actuel du de\u0301veloppement socioe\u0301conomique.<\/p>\n<p>C\u2019est de cet effondrement du syste\u0300me e\u0301ducatif, que se situe l&rsquo;origine de la disparition d&rsquo;une e\u0301lite intellectuelle technique, capable d&rsquo;apporter de l&rsquo;expertise dans certains domaines d&rsquo;activite\u0301s pourtant vitales, a\u0300 l&rsquo;exemple de la faillite du CHU de Brazzaville et bien d\u2019autres structures qui faisaient jadis honneur et fierte\u0301 a\u0300 tout Congolais.<\/p>\n<p>Il rele\u0300ve que l&rsquo;e\u0301mulation, autrefois constituait une saine rivalite\u0301 conc\u0327ue pour une incitation au travail et a\u0300 la performance, a e\u0301te\u0301 remplace\u0301e par la cooptation et le favoritisme, avec a\u0300 la cle\u0301 une nouvelle ge\u0301ne\u0301ration pas du tout pre\u0301pare\u0301e a\u0300 assurer la rele\u0300ve de ses pre\u0301de\u0301cesseurs. Des hommes politiques et administratifs ve\u0301reux et cupides, motive\u0301s par l&rsquo;enrichissement personnel et souvent illicite sont ve\u0301ne\u0301re\u0301s.<\/p>\n<p>Les valeurs se\u0301culaires de la dignite\u0301 humaine au Congo-Brazzaville ont malheureusement disparu, laissant le champ libre aux antivaleurs telles que : la corruption, la prime a\u0300 la me\u0301diocrite\u0301, le vol, l&rsquo;arrivisme, l&rsquo;incurie, etc. De ce tableau, il apparai\u0302t clairement que, 46 ans apre\u0300s la mort du Pre\u0301sident Marien Ngouabi, le constat global de l&rsquo;e\u0301tat actuel du Congo, n&rsquo;est pas des plus reluisants. Les valeurs humaines et spirituelles qui, autrefois faisaient la fierte\u0301 nationale, ont disparu au profit des antivaleurs. \u00ab De\u0301sormais, au Congo-Brazzaville, on assiste a\u0300 la primaute\u0301 de l&rsquo;avoir sur l&rsquo;e\u0302tre, et du primat de la me\u0301diocrite\u0301 sur l&rsquo;excellence \u00bb, constate-t-il.<\/p>\n<p>\u00ab Heureusement pour nous ce constat factuel n\u2019est pas irre\u0301versible car, avec la volonte\u0301 sans faille du Chef de l\u2019Etat, il nous est possible de revenir a\u0300 nos vieilles amours par le travail ! Le Parti congolais du travail, notre grand et glorieux parti en sa qualite\u0301 de parti au pouvoir, doit redonner aux citoyens l\u2019espoir de retrouver un Congo ou\u0300 chacun se sent concerne\u0301 par le de\u0301veloppement d\u2019un pays ou\u0300 re\u0300gne le bien-e\u0302tre collectif et le bonheur partage\u0301. Par la sensibilisation et la conscientisation des militants gra\u0302ce a\u0300 ses structures de base et interme\u0301diaire le PCT peut recre\u0301er une culture de bonnes m\u0153urs par l\u2019exemplarite\u0301 \u00bb.<\/p>\n<p>Pour conclure, il e\u0301met le v\u0153u de bien choisir les candidats aux diffe\u0301rentes consultations e\u0301lectorales a\u0300 commencer par les se\u0301natoriales de cette anne\u0301e 2023. \u00ab Le choix doit obe\u0301ir a\u0300 ce leitmotiv pour honorer de la meilleure des manie\u0300res la me\u0301moire de notre camarade Pre\u0301sident Marien Ngouabi qui appelait toujours a\u0300 l\u2019utilisation de l\u2019 homme qu\u2019il faut a\u0300 la place qu\u2019il faut\u00bb.<\/p>\n<p><strong>Pour plus d&rsquo;informations et d&rsquo;analyses sur la <a href=\"https:\/\/www.africa-press.net\/congo-brazzaville\">Congo Brazzaville<\/a>, suivez <a href=\"https:\/\/www.africa-press.net\/\">Africa-Press<\/a><\/strong><\/p>\n","protected":false},"excerpt":{"rendered":"<p>Africa-Press &#8211; Congo Brazzaville. La Fe\u0301de\u0301ration Pct Europe, par communique\u0301 de presse publie\u0301 par son secre\u0301taire a\u0300 l&rsquo;Organisation et a\u0300 la. Mobilisation, Franck Gandziri, honore la me\u0301moire du pre\u0301sident Marien Ngouabi De Paris, les militants du parti au pouvoir porte leur re\u0301flexion en ces termes : \u00ab\u00a0Par le travail acharne\u0301, honorons la me\u0301moire du camarade [&hellip;]<\/p>\n","protected":false},"author":82,"featured_media":15808,"comment_status":"open","ping_status":"closed","sticky":false,"template":"","format":"standard","meta":{"footnotes":""},"categories":[2,10],"tags":[36,47,46],"class_list":["post-15809","post","type-post","status-publish","format-standard","has-post-thumbnail","hentry","category-politique","category-toutes-les-actualites","tag-africa-press","tag-africa-press-congo-brazzaville","tag-congo-brazzaville"],"yoast_head":"<!-- This site is optimized with the Yoast SEO Premium plugin v26.1 (Yoast SEO v27.0) - https:\/\/yoast.com\/product\/yoast-seo-premium-wordpress\/ -->\n<title>La m\u00e9moire de Marien Ngouabi c\u00e9l\u00e9br\u00e9e le jour anniversaire de son d\u00e9c\u00e8s par la F\u00e9d\u00e9ration Pct Europe - Congo Brazzaville<\/title>\n<meta name=\"description\" content=\"La Fe\u0301de\u0301ration Pct Europe, par communique\u0301 de presse publie\u0301 par son secre\u0301taire a\u0300 l&#039;Organisation et a\u0300 la. Mobilis ...\" \/>\n<meta name=\"robots\" content=\"index, follow, max-snippet:-1, max-image-preview:large, max-video-preview:-1\" \/>\n<link rel=\"canonical\" href=\"https:\/\/www.africa-press.net\/congo-brazzaville\/politique\/la-memoire-de-marien-ngouabi-celebree-le-jour-anniversaire-de-son-deces-par-la-federation-pct-europe\" \/>\n<meta property=\"og:locale\" content=\"fr_FR\" \/>\n<meta property=\"og:type\" content=\"article\" \/>\n<meta property=\"og:title\" content=\"La m\u00e9moire de Marien Ngouabi c\u00e9l\u00e9br\u00e9e le jour anniversaire de son d\u00e9c\u00e8s par la F\u00e9d\u00e9ration Pct Europe\" \/>\n<meta property=\"og:description\" content=\"La Fe\u0301de\u0301ration Pct Europe, par communique\u0301 de presse publie\u0301 par son secre\u0301taire a\u0300 l&#039;Organisation et a\u0300 la. Mobilis ...\" \/>\n<meta property=\"og:url\" content=\"https:\/\/www.africa-press.net\/congo-brazzaville\/politique\/la-memoire-de-marien-ngouabi-celebree-le-jour-anniversaire-de-son-deces-par-la-federation-pct-europe\" \/>\n<meta property=\"og:site_name\" content=\"Congo Brazzaville\" \/>\n<meta property=\"article:published_time\" content=\"2023-03-18T19:10:57+00:00\" \/>\n<meta property=\"article:modified_time\" content=\"2023-03-18T19:59:59+00:00\" \/>\n<meta property=\"og:image\" content=\"https:\/\/static.africa-press.net\/congo-brazzaville\/sites\/51\/2023\/03\/postQueueImg_1679154071.70.jpg\" \/>\n\t<meta property=\"og:image:width\" content=\"1280\" \/>\n\t<meta property=\"og:image:height\" content=\"720\" \/>\n\t<meta property=\"og:image:type\" content=\"image\/jpeg\" \/>\n<meta name=\"author\" content=\"cfeditorfr\" \/>\n<meta name=\"twitter:card\" content=\"summary_large_image\" \/>\n<meta name=\"twitter:label1\" content=\"\u00c9crit par\" \/>\n\t<meta name=\"twitter:data1\" content=\"cfeditorfr\" \/>\n\t<meta name=\"twitter:label2\" content=\"Dur\u00e9e de lecture estim\u00e9e\" \/>\n\t<meta name=\"twitter:data2\" content=\"5 minutes\" \/>\n<script type=\"application\/ld+json\" class=\"yoast-schema-graph\">{\"@context\":\"https:\/\/schema.org\",\"@graph\":[{\"@type\":\"Article\",\"@id\":\"https:\/\/www.africa-press.net\/congo-brazzaville\/politique\/la-memoire-de-marien-ngouabi-celebree-le-jour-anniversaire-de-son-deces-par-la-federation-pct-europe#article\",\"isPartOf\":{\"@id\":\"https:\/\/www.africa-press.net\/congo-brazzaville\/politique\/la-memoire-de-marien-ngouabi-celebree-le-jour-anniversaire-de-son-deces-par-la-federation-pct-europe\"},\"author\":{\"name\":\"cfeditorfr\",\"@id\":\"https:\/\/www.africa-press.net\/congo-brazzaville\/#\/schema\/person\/2b1cf3cd81a31e3cd26889ca66d677f1\"},\"headline\":\"La m\u00e9moire de Marien Ngouabi c\u00e9l\u00e9br\u00e9e le jour anniversaire de son d\u00e9c\u00e8s par la F\u00e9d\u00e9ration Pct Europe\",\"datePublished\":\"2023-03-18T19:10:57+00:00\",\"dateModified\":\"2023-03-18T19:59:59+00:00\",\"mainEntityOfPage\":{\"@id\":\"https:\/\/www.africa-press.net\/congo-brazzaville\/politique\/la-memoire-de-marien-ngouabi-celebree-le-jour-anniversaire-de-son-deces-par-la-federation-pct-europe\"},\"wordCount\":1097,\"commentCount\":0,\"image\":{\"@id\":\"https:\/\/www.africa-press.net\/congo-brazzaville\/politique\/la-memoire-de-marien-ngouabi-celebree-le-jour-anniversaire-de-son-deces-par-la-federation-pct-europe#primaryimage\"},\"thumbnailUrl\":\"https:\/\/static.africa-press.net\/congo-brazzaville\/sites\/51\/2023\/03\/postQueueImg_1679154071.70.jpg\",\"keywords\":[\"Africa Press\",\"Africa Press-Congo Brazzaville\",\"Congo Brazzaville\"],\"articleSection\":[\"Politique\",\"Toutes les actualit\u00e9s\"],\"inLanguage\":\"fr-FR\",\"potentialAction\":[{\"@type\":\"CommentAction\",\"name\":\"Comment\",\"target\":[\"https:\/\/www.africa-press.net\/congo-brazzaville\/politique\/la-memoire-de-marien-ngouabi-celebree-le-jour-anniversaire-de-son-deces-par-la-federation-pct-europe#respond\"]}]},{\"@type\":\"WebPage\",\"@id\":\"https:\/\/www.africa-press.net\/congo-brazzaville\/politique\/la-memoire-de-marien-ngouabi-celebree-le-jour-anniversaire-de-son-deces-par-la-federation-pct-europe\",\"url\":\"https:\/\/www.africa-press.net\/congo-brazzaville\/politique\/la-memoire-de-marien-ngouabi-celebree-le-jour-anniversaire-de-son-deces-par-la-federation-pct-europe\",\"name\":\"La m\u00e9moire de Marien Ngouabi c\u00e9l\u00e9br\u00e9e le jour anniversaire de son d\u00e9c\u00e8s par la F\u00e9d\u00e9ration Pct Europe - Congo Brazzaville\",\"isPartOf\":{\"@id\":\"https:\/\/www.africa-press.net\/congo-brazzaville\/#website\"},\"primaryImageOfPage\":{\"@id\":\"https:\/\/www.africa-press.net\/congo-brazzaville\/politique\/la-memoire-de-marien-ngouabi-celebree-le-jour-anniversaire-de-son-deces-par-la-federation-pct-europe#primaryimage\"},\"image\":{\"@id\":\"https:\/\/www.africa-press.net\/congo-brazzaville\/politique\/la-memoire-de-marien-ngouabi-celebree-le-jour-anniversaire-de-son-deces-par-la-federation-pct-europe#primaryimage\"},\"thumbnailUrl\":\"https:\/\/static.africa-press.net\/congo-brazzaville\/sites\/51\/2023\/03\/postQueueImg_1679154071.70.jpg\",\"datePublished\":\"2023-03-18T19:10:57+00:00\",\"dateModified\":\"2023-03-18T19:59:59+00:00\",\"author\":{\"@id\":\"https:\/\/www.africa-press.net\/congo-brazzaville\/#\/schema\/person\/2b1cf3cd81a31e3cd26889ca66d677f1\"},\"description\":\"La Fe\u0301de\u0301ration Pct Europe, par communique\u0301 de presse publie\u0301 par son secre\u0301taire a\u0300 l'Organisation et a\u0300 la. Mobilis ...\",\"breadcrumb\":{\"@id\":\"https:\/\/www.africa-press.net\/congo-brazzaville\/politique\/la-memoire-de-marien-ngouabi-celebree-le-jour-anniversaire-de-son-deces-par-la-federation-pct-europe#breadcrumb\"},\"inLanguage\":\"fr-FR\",\"potentialAction\":[{\"@type\":\"ReadAction\",\"target\":[\"https:\/\/www.africa-press.net\/congo-brazzaville\/politique\/la-memoire-de-marien-ngouabi-celebree-le-jour-anniversaire-de-son-deces-par-la-federation-pct-europe\"]}]},{\"@type\":\"ImageObject\",\"inLanguage\":\"fr-FR\",\"@id\":\"https:\/\/www.africa-press.net\/congo-brazzaville\/politique\/la-memoire-de-marien-ngouabi-celebree-le-jour-anniversaire-de-son-deces-par-la-federation-pct-europe#primaryimage\",\"url\":\"https:\/\/static.africa-press.net\/congo-brazzaville\/sites\/51\/2023\/03\/postQueueImg_1679154071.70.jpg\",\"contentUrl\":\"https:\/\/static.africa-press.net\/congo-brazzaville\/sites\/51\/2023\/03\/postQueueImg_1679154071.70.jpg\",\"width\":1280,\"height\":720,\"caption\":\"La m\u00e9moire de Marien Ngouabi c\u00e9l\u00e9br\u00e9e le jour anniversaire de son d\u00e9c\u00e8s par la F\u00e9d\u00e9ration Pct Europe\"},{\"@type\":\"BreadcrumbList\",\"@id\":\"https:\/\/www.africa-press.net\/congo-brazzaville\/politique\/la-memoire-de-marien-ngouabi-celebree-le-jour-anniversaire-de-son-deces-par-la-federation-pct-europe#breadcrumb\",\"itemListElement\":[{\"@type\":\"ListItem\",\"position\":1,\"name\":\"Accueil\",\"item\":\"https:\/\/www.africa-press.net\/congo-brazzaville\/\"},{\"@type\":\"ListItem\",\"position\":2,\"name\":\"La m\u00e9moire de Marien Ngouabi c\u00e9l\u00e9br\u00e9e le jour anniversaire de son d\u00e9c\u00e8s par la F\u00e9d\u00e9ration Pct Europe\"}]},{\"@type\":\"WebSite\",\"@id\":\"https:\/\/www.africa-press.net\/congo-brazzaville\/#website\",\"url\":\"https:\/\/www.africa-press.net\/congo-brazzaville\/\",\"name\":\"Congo Brazzaville\",\"description\":\"Just another Africa News Agency Sites site\",\"potentialAction\":[{\"@type\":\"SearchAction\",\"target\":{\"@type\":\"EntryPoint\",\"urlTemplate\":\"https:\/\/www.africa-press.net\/congo-brazzaville\/?s={search_term_string}\"},\"query-input\":{\"@type\":\"PropertyValueSpecification\",\"valueRequired\":true,\"valueName\":\"search_term_string\"}}],\"inLanguage\":\"fr-FR\"},{\"@type\":\"Person\",\"@id\":\"https:\/\/www.africa-press.net\/congo-brazzaville\/#\/schema\/person\/2b1cf3cd81a31e3cd26889ca66d677f1\",\"name\":\"cfeditorfr\"}]}<\/script>\n<!-- \/ Yoast SEO Premium plugin. -->","yoast_head_json":{"title":"La m\u00e9moire de Marien Ngouabi c\u00e9l\u00e9br\u00e9e le jour anniversaire de son d\u00e9c\u00e8s par la F\u00e9d\u00e9ration Pct Europe - Congo Brazzaville","description":"La Fe\u0301de\u0301ration Pct Europe, par communique\u0301 de presse publie\u0301 par son secre\u0301taire a\u0300 l'Organisation et a\u0300 la. Mobilis ...","robots":{"index":"index","follow":"follow","max-snippet":"max-snippet:-1","max-image-preview":"max-image-preview:large","max-video-preview":"max-video-preview:-1"},"canonical":"https:\/\/www.africa-press.net\/congo-brazzaville\/politique\/la-memoire-de-marien-ngouabi-celebree-le-jour-anniversaire-de-son-deces-par-la-federation-pct-europe","og_locale":"fr_FR","og_type":"article","og_title":"La m\u00e9moire de Marien Ngouabi c\u00e9l\u00e9br\u00e9e le jour anniversaire de son d\u00e9c\u00e8s par la F\u00e9d\u00e9ration Pct Europe","og_description":"La Fe\u0301de\u0301ration Pct Europe, par communique\u0301 de presse publie\u0301 par son secre\u0301taire a\u0300 l'Organisation et a\u0300 la. Mobilis ...","og_url":"https:\/\/www.africa-press.net\/congo-brazzaville\/politique\/la-memoire-de-marien-ngouabi-celebree-le-jour-anniversaire-de-son-deces-par-la-federation-pct-europe","og_site_name":"Congo Brazzaville","article_published_time":"2023-03-18T19:10:57+00:00","article_modified_time":"2023-03-18T19:59:59+00:00","og_image":[{"width":1280,"height":720,"url":"https:\/\/static.africa-press.net\/congo-brazzaville\/sites\/51\/2023\/03\/postQueueImg_1679154071.70.jpg","type":"image\/jpeg"}],"author":"cfeditorfr","twitter_card":"summary_large_image","twitter_misc":{"\u00c9crit par":"cfeditorfr","Dur\u00e9e de lecture estim\u00e9e":"5 minutes"},"schema":{"@context":"https:\/\/schema.org","@graph":[{"@type":"Article","@id":"https:\/\/www.africa-press.net\/congo-brazzaville\/politique\/la-memoire-de-marien-ngouabi-celebree-le-jour-anniversaire-de-son-deces-par-la-federation-pct-europe#article","isPartOf":{"@id":"https:\/\/www.africa-press.net\/congo-brazzaville\/politique\/la-memoire-de-marien-ngouabi-celebree-le-jour-anniversaire-de-son-deces-par-la-federation-pct-europe"},"author":{"name":"cfeditorfr","@id":"https:\/\/www.africa-press.net\/congo-brazzaville\/#\/schema\/person\/2b1cf3cd81a31e3cd26889ca66d677f1"},"headline":"La m\u00e9moire de Marien Ngouabi c\u00e9l\u00e9br\u00e9e le jour anniversaire de son d\u00e9c\u00e8s par la F\u00e9d\u00e9ration Pct Europe","datePublished":"2023-03-18T19:10:57+00:00","dateModified":"2023-03-18T19:59:59+00:00","mainEntityOfPage":{"@id":"https:\/\/www.africa-press.net\/congo-brazzaville\/politique\/la-memoire-de-marien-ngouabi-celebree-le-jour-anniversaire-de-son-deces-par-la-federation-pct-europe"},"wordCount":1097,"commentCount":0,"image":{"@id":"https:\/\/www.africa-press.net\/congo-brazzaville\/politique\/la-memoire-de-marien-ngouabi-celebree-le-jour-anniversaire-de-son-deces-par-la-federation-pct-europe#primaryimage"},"thumbnailUrl":"https:\/\/static.africa-press.net\/congo-brazzaville\/sites\/51\/2023\/03\/postQueueImg_1679154071.70.jpg","keywords":["Africa Press","Africa Press-Congo Brazzaville","Congo Brazzaville"],"articleSection":["Politique","Toutes les actualit\u00e9s"],"inLanguage":"fr-FR","potentialAction":[{"@type":"CommentAction","name":"Comment","target":["https:\/\/www.africa-press.net\/congo-brazzaville\/politique\/la-memoire-de-marien-ngouabi-celebree-le-jour-anniversaire-de-son-deces-par-la-federation-pct-europe#respond"]}]},{"@type":"WebPage","@id":"https:\/\/www.africa-press.net\/congo-brazzaville\/politique\/la-memoire-de-marien-ngouabi-celebree-le-jour-anniversaire-de-son-deces-par-la-federation-pct-europe","url":"https:\/\/www.africa-press.net\/congo-brazzaville\/politique\/la-memoire-de-marien-ngouabi-celebree-le-jour-anniversaire-de-son-deces-par-la-federation-pct-europe","name":"La m\u00e9moire de Marien Ngouabi c\u00e9l\u00e9br\u00e9e le jour anniversaire de son d\u00e9c\u00e8s par la F\u00e9d\u00e9ration Pct Europe - Congo Brazzaville","isPartOf":{"@id":"https:\/\/www.africa-press.net\/congo-brazzaville\/#website"},"primaryImageOfPage":{"@id":"https:\/\/www.africa-press.net\/congo-brazzaville\/politique\/la-memoire-de-marien-ngouabi-celebree-le-jour-anniversaire-de-son-deces-par-la-federation-pct-europe#primaryimage"},"image":{"@id":"https:\/\/www.africa-press.net\/congo-brazzaville\/politique\/la-memoire-de-marien-ngouabi-celebree-le-jour-anniversaire-de-son-deces-par-la-federation-pct-europe#primaryimage"},"thumbnailUrl":"https:\/\/static.africa-press.net\/congo-brazzaville\/sites\/51\/2023\/03\/postQueueImg_1679154071.70.jpg","datePublished":"2023-03-18T19:10:57+00:00","dateModified":"2023-03-18T19:59:59+00:00","author":{"@id":"https:\/\/www.africa-press.net\/congo-brazzaville\/#\/schema\/person\/2b1cf3cd81a31e3cd26889ca66d677f1"},"description":"La Fe\u0301de\u0301ration Pct Europe, par communique\u0301 de presse publie\u0301 par son secre\u0301taire a\u0300 l'Organisation et a\u0300 la. Mobilis ...","breadcrumb":{"@id":"https:\/\/www.africa-press.net\/congo-brazzaville\/politique\/la-memoire-de-marien-ngouabi-celebree-le-jour-anniversaire-de-son-deces-par-la-federation-pct-europe#breadcrumb"},"inLanguage":"fr-FR","potentialAction":[{"@type":"ReadAction","target":["https:\/\/www.africa-press.net\/congo-brazzaville\/politique\/la-memoire-de-marien-ngouabi-celebree-le-jour-anniversaire-de-son-deces-par-la-federation-pct-europe"]}]},{"@type":"ImageObject","inLanguage":"fr-FR","@id":"https:\/\/www.africa-press.net\/congo-brazzaville\/politique\/la-memoire-de-marien-ngouabi-celebree-le-jour-anniversaire-de-son-deces-par-la-federation-pct-europe#primaryimage","url":"https:\/\/static.africa-press.net\/congo-brazzaville\/sites\/51\/2023\/03\/postQueueImg_1679154071.70.jpg","contentUrl":"https:\/\/static.africa-press.net\/congo-brazzaville\/sites\/51\/2023\/03\/postQueueImg_1679154071.70.jpg","width":1280,"height":720,"caption":"La m\u00e9moire de Marien Ngouabi c\u00e9l\u00e9br\u00e9e le jour anniversaire de son d\u00e9c\u00e8s par la F\u00e9d\u00e9ration Pct Europe"},{"@type":"BreadcrumbList","@id":"https:\/\/www.africa-press.net\/congo-brazzaville\/politique\/la-memoire-de-marien-ngouabi-celebree-le-jour-anniversaire-de-son-deces-par-la-federation-pct-europe#breadcrumb","itemListElement":[{"@type":"ListItem","position":1,"name":"Accueil","item":"https:\/\/www.africa-press.net\/congo-brazzaville\/"},{"@type":"ListItem","position":2,"name":"La m\u00e9moire de Marien Ngouabi c\u00e9l\u00e9br\u00e9e le jour anniversaire de son d\u00e9c\u00e8s par la F\u00e9d\u00e9ration Pct Europe"}]},{"@type":"WebSite","@id":"https:\/\/www.africa-press.net\/congo-brazzaville\/#website","url":"https:\/\/www.africa-press.net\/congo-brazzaville\/","name":"Congo Brazzaville","description":"Just another Africa News Agency Sites site","potentialAction":[{"@type":"SearchAction","target":{"@type":"EntryPoint","urlTemplate":"https:\/\/www.africa-press.net\/congo-brazzaville\/?s={search_term_string}"},"query-input":{"@type":"PropertyValueSpecification","valueRequired":true,"valueName":"search_term_string"}}],"inLanguage":"fr-FR"},{"@type":"Person","@id":"https:\/\/www.africa-press.net\/congo-brazzaville\/#\/schema\/person\/2b1cf3cd81a31e3cd26889ca66d677f1","name":"cfeditorfr"}]}},"_links":{"self":[{"href":"https:\/\/www.africa-press.net\/congo-brazzaville\/wp-json\/wp\/v2\/posts\/15809","targetHints":{"allow":["GET"]}}],"collection":[{"href":"https:\/\/www.africa-press.net\/congo-brazzaville\/wp-json\/wp\/v2\/posts"}],"about":[{"href":"https:\/\/www.africa-press.net\/congo-brazzaville\/wp-json\/wp\/v2\/types\/post"}],"author":[{"embeddable":true,"href":"https:\/\/www.africa-press.net\/congo-brazzaville\/wp-json\/wp\/v2\/users\/82"}],"replies":[{"embeddable":true,"href":"https:\/\/www.africa-press.net\/congo-brazzaville\/wp-json\/wp\/v2\/comments?post=15809"}],"version-history":[{"count":0,"href":"https:\/\/www.africa-press.net\/congo-brazzaville\/wp-json\/wp\/v2\/posts\/15809\/revisions"}],"wp:featuredmedia":[{"embeddable":true,"href":"https:\/\/www.africa-press.net\/congo-brazzaville\/wp-json\/wp\/v2\/media\/15808"}],"wp:attachment":[{"href":"https:\/\/www.africa-press.net\/congo-brazzaville\/wp-json\/wp\/v2\/media?parent=15809"}],"wp:term":[{"taxonomy":"category","embeddable":true,"href":"https:\/\/www.africa-press.net\/congo-brazzaville\/wp-json\/wp\/v2\/categories?post=15809"},{"taxonomy":"post_tag","embeddable":true,"href":"https:\/\/www.africa-press.net\/congo-brazzaville\/wp-json\/wp\/v2\/tags?post=15809"}],"curies":[{"name":"wp","href":"https:\/\/api.w.org\/{rel}","templated":true}]}}