{"id":15812,"date":"2023-03-18T19:11:16","date_gmt":"2023-03-18T19:11:16","guid":{"rendered":"https:\/\/www.africa-press.net\/congo-brazzaville\/politique\/2e-salon-du-livre-africain-de-paris-deambulation-de-la-premiere-journee"},"modified":"2023-03-18T20:00:55","modified_gmt":"2023-03-18T20:00:55","slug":"2e-salon-du-livre-africain-de-paris-deambulation-de-la-premiere-journee","status":"publish","type":"post","link":"https:\/\/www.africa-press.net\/congo-brazzaville\/culture-et-art\/2e-salon-du-livre-africain-de-paris-deambulation-de-la-premiere-journee","title":{"rendered":"2e Salon du livre africain de Paris: d\u00e9ambulation de la premi\u00e8re journ\u00e9e"},"content":{"rendered":"<p><span style=\"color: #ff6600\"><strong>Africa-Press &#8211; Congo Brazzaville. <\/strong><\/span><b>Le Salon du livre africain de Paris, sous la direction d\u2019E\u0301rick Monjour, propose a\u0300 nouveau de venir a\u0300 la rencontre des auteurs, des e\u0301diteurs et offre la possibilite\u0301 d&rsquo;assister aux confe\u0301rences autour de la litte\u0301rature africaine.<\/b><\/p>\n<p>Depuis le 17 mars et ce jusqu\u2019au 19 mars, pour sa deuxie\u0300me anne\u0301e d\u2019existence, le salon du livre africain de Paris situe le centre de gravite\u0301 de cette manifestation a\u0300 l\u2019Afrique litte\u0301raire.<\/p>\n<p>Durant trois jours, cette vitrine litte\u0301raire alle\u0301chante quant a\u0300 ses activite\u0301s tourne\u0301es vers une pluralite\u0301 culturelle essentiellement francophone, a\u0300 savoir les pays africains professionnels, permettra de vivre, a\u0300 la mairie du 6e arrondissement de Paris, une manifestation de\u0301die\u0301e a\u0300 dresser un e\u0301tat des lieux de la litte\u0301rature africaine autour de 200 auteurs africains, y compris les jeunes de la diaspora, et 60 e\u0301diteurs et libraires pre\u0301sents a\u0300 ce salon, avec la litte\u0301rature guine\u0301enne a\u0300 l&rsquo;honneur.<\/p>\n<p>Dans leur de\u0301ambulation lors de la premie\u0300re journe\u0301e, entre retrouvailles, embrassades et contemplation des ouvrages au toucher, les participants ont co\u0302toye\u0301 les e\u0301diteurs, des auteurs de renom, des adeptes du livre et journalistes connus dans le milieu de l&rsquo;univers des lettres africaines et de celles de la diaspora africaine.<\/p>\n<p>Parmi eux dans le bain de foule : Jean-Luc Aka-Evy au stand Pre\u0301sence Africaine ; Mawawa Ma\u0302wa-Kiese au stand Paari ; Al\u2019Mata au stand L\u2019Harmattan ; Euge\u0300ne Ebode\u0301 et Gaston-Paul Effa au stand \u2013 Continents Noirs -Gallimard ; Auguy Ibanga au stand Les Editions + ; Muriel Troadec au stand Les Lettres Mouchete\u0301es ; Christian-Martial Poos entre deux interviews ; Olivier Thibaud a\u0300 l\u2019affu\u0302t de la prise de photo instantane\u0301e ; Gangoueus en immersion et aussi Sami Tchak<b> ; <\/b>Christian Kader Kei\u0308ta ; Hortense Assaga ; Elvez Ngaba ; Maurice Bandaman ; Yvan Amar <b>;<\/b> Tchisse\u0301ka Lobelt venue expresse\u0301ment de la Guyane.<\/p>\n<p>\u00ab Ici, dans ce bain litte\u0301raire, l\u2019Afrique revit, et nous sommes heureux de baigner dans cette atmosphe\u0300re de l\u2019Afrique unie que l\u2019on aime dans son rayonnement \u00bb, a confie\u0301 un des adeptes du panafricanisme.<\/p>\n<p><strong>Pour plus d&rsquo;informations et d&rsquo;analyses sur la <a href=\"https:\/\/www.africa-press.net\/congo-brazzaville\">Congo Brazzaville<\/a>, suivez <a href=\"https:\/\/www.africa-press.net\/\">Africa-Press<\/a><\/strong><\/p>\n","protected":false},"excerpt":{"rendered":"<p>Africa-Press &#8211; Congo Brazzaville. Le Salon du livre africain de Paris, sous la direction d\u2019E\u0301rick Monjour, propose a\u0300 nouveau de venir a\u0300 la rencontre des auteurs, des e\u0301diteurs et offre la possibilite\u0301 d&rsquo;assister aux confe\u0301rences autour de la litte\u0301rature africaine. Depuis le 17 mars et ce jusqu\u2019au 19 mars, pour sa deuxie\u0300me anne\u0301e d\u2019existence, le [&hellip;]<\/p>\n","protected":false},"author":82,"featured_media":15811,"comment_status":"open","ping_status":"closed","sticky":false,"template":"","format":"standard","meta":{"footnotes":""},"categories":[5,10],"tags":[36,47,46],"class_list":["post-15812","post","type-post","status-publish","format-standard","has-post-thumbnail","hentry","category-culture-et-art","category-toutes-les-actualites","tag-africa-press","tag-africa-press-congo-brazzaville","tag-congo-brazzaville"],"yoast_head":"<!-- This site is optimized with the Yoast SEO Premium plugin v26.1 (Yoast SEO v27.0) - https:\/\/yoast.com\/product\/yoast-seo-premium-wordpress\/ -->\n<title>2e Salon du livre africain de Paris: d\u00e9ambulation de la premi\u00e8re journ\u00e9e - Congo Brazzaville<\/title>\n<meta name=\"description\" content=\"Le Salon du livre africain de Paris, sous la direction d\u2019E\u0301rick Monjour, propose a\u0300 nouveau de venir a\u0300 la rencontre ...\" \/>\n<meta name=\"robots\" content=\"index, follow, max-snippet:-1, max-image-preview:large, max-video-preview:-1\" \/>\n<link rel=\"canonical\" href=\"https:\/\/www.africa-press.net\/congo-brazzaville\/culture-et-art\/2e-salon-du-livre-africain-de-paris-deambulation-de-la-premiere-journee\" \/>\n<meta property=\"og:locale\" content=\"fr_FR\" \/>\n<meta property=\"og:type\" content=\"article\" \/>\n<meta property=\"og:title\" content=\"2e Salon du livre africain de Paris: d\u00e9ambulation de la premi\u00e8re journ\u00e9e\" \/>\n<meta property=\"og:description\" content=\"Le Salon du livre africain de Paris, sous la direction d\u2019E\u0301rick Monjour, propose a\u0300 nouveau de venir a\u0300 la rencontre ...\" \/>\n<meta property=\"og:url\" content=\"https:\/\/www.africa-press.net\/congo-brazzaville\/culture-et-art\/2e-salon-du-livre-africain-de-paris-deambulation-de-la-premiere-journee\" \/>\n<meta property=\"og:site_name\" content=\"Congo Brazzaville\" \/>\n<meta property=\"article:published_time\" content=\"2023-03-18T19:11:16+00:00\" \/>\n<meta property=\"article:modified_time\" content=\"2023-03-18T20:00:55+00:00\" \/>\n<meta property=\"og:image\" content=\"https:\/\/static.africa-press.net\/congo-brazzaville\/sites\/51\/2023\/03\/postQueueImg_1679154087.46.jpg\" \/>\n\t<meta property=\"og:image:width\" content=\"800\" \/>\n\t<meta property=\"og:image:height\" content=\"533\" \/>\n\t<meta property=\"og:image:type\" content=\"image\/jpeg\" \/>\n<meta name=\"author\" content=\"cfeditorfr\" \/>\n<meta name=\"twitter:card\" content=\"summary_large_image\" \/>\n<meta name=\"twitter:label1\" content=\"\u00c9crit par\" \/>\n\t<meta name=\"twitter:data1\" content=\"cfeditorfr\" \/>\n\t<meta name=\"twitter:label2\" content=\"Dur\u00e9e de lecture estim\u00e9e\" \/>\n\t<meta name=\"twitter:data2\" content=\"2 minutes\" \/>\n<script type=\"application\/ld+json\" class=\"yoast-schema-graph\">{\"@context\":\"https:\/\/schema.org\",\"@graph\":[{\"@type\":\"Article\",\"@id\":\"https:\/\/www.africa-press.net\/congo-brazzaville\/culture-et-art\/2e-salon-du-livre-africain-de-paris-deambulation-de-la-premiere-journee#article\",\"isPartOf\":{\"@id\":\"https:\/\/www.africa-press.net\/congo-brazzaville\/culture-et-art\/2e-salon-du-livre-africain-de-paris-deambulation-de-la-premiere-journee\"},\"author\":{\"name\":\"cfeditorfr\",\"@id\":\"https:\/\/www.africa-press.net\/congo-brazzaville\/#\/schema\/person\/2b1cf3cd81a31e3cd26889ca66d677f1\"},\"headline\":\"2e Salon du livre africain de Paris: d\u00e9ambulation de la premi\u00e8re journ\u00e9e\",\"datePublished\":\"2023-03-18T19:11:16+00:00\",\"dateModified\":\"2023-03-18T20:00:55+00:00\",\"mainEntityOfPage\":{\"@id\":\"https:\/\/www.africa-press.net\/congo-brazzaville\/culture-et-art\/2e-salon-du-livre-africain-de-paris-deambulation-de-la-premiere-journee\"},\"wordCount\":385,\"commentCount\":0,\"image\":{\"@id\":\"https:\/\/www.africa-press.net\/congo-brazzaville\/culture-et-art\/2e-salon-du-livre-africain-de-paris-deambulation-de-la-premiere-journee#primaryimage\"},\"thumbnailUrl\":\"https:\/\/static.africa-press.net\/congo-brazzaville\/sites\/51\/2023\/03\/postQueueImg_1679154087.46.jpg\",\"keywords\":[\"Africa Press\",\"Africa Press-Congo Brazzaville\",\"Congo Brazzaville\"],\"articleSection\":[\"Culture et Art\",\"Toutes les actualit\u00e9s\"],\"inLanguage\":\"fr-FR\",\"potentialAction\":[{\"@type\":\"CommentAction\",\"name\":\"Comment\",\"target\":[\"https:\/\/www.africa-press.net\/congo-brazzaville\/culture-et-art\/2e-salon-du-livre-africain-de-paris-deambulation-de-la-premiere-journee#respond\"]}]},{\"@type\":\"WebPage\",\"@id\":\"https:\/\/www.africa-press.net\/congo-brazzaville\/culture-et-art\/2e-salon-du-livre-africain-de-paris-deambulation-de-la-premiere-journee\",\"url\":\"https:\/\/www.africa-press.net\/congo-brazzaville\/culture-et-art\/2e-salon-du-livre-africain-de-paris-deambulation-de-la-premiere-journee\",\"name\":\"2e Salon du livre africain de Paris: d\u00e9ambulation de la premi\u00e8re journ\u00e9e - Congo Brazzaville\",\"isPartOf\":{\"@id\":\"https:\/\/www.africa-press.net\/congo-brazzaville\/#website\"},\"primaryImageOfPage\":{\"@id\":\"https:\/\/www.africa-press.net\/congo-brazzaville\/culture-et-art\/2e-salon-du-livre-africain-de-paris-deambulation-de-la-premiere-journee#primaryimage\"},\"image\":{\"@id\":\"https:\/\/www.africa-press.net\/congo-brazzaville\/culture-et-art\/2e-salon-du-livre-africain-de-paris-deambulation-de-la-premiere-journee#primaryimage\"},\"thumbnailUrl\":\"https:\/\/static.africa-press.net\/congo-brazzaville\/sites\/51\/2023\/03\/postQueueImg_1679154087.46.jpg\",\"datePublished\":\"2023-03-18T19:11:16+00:00\",\"dateModified\":\"2023-03-18T20:00:55+00:00\",\"author\":{\"@id\":\"https:\/\/www.africa-press.net\/congo-brazzaville\/#\/schema\/person\/2b1cf3cd81a31e3cd26889ca66d677f1\"},\"description\":\"Le Salon du livre africain de Paris, sous la direction d\u2019E\u0301rick Monjour, propose a\u0300 nouveau de venir a\u0300 la rencontre ...\",\"breadcrumb\":{\"@id\":\"https:\/\/www.africa-press.net\/congo-brazzaville\/culture-et-art\/2e-salon-du-livre-africain-de-paris-deambulation-de-la-premiere-journee#breadcrumb\"},\"inLanguage\":\"fr-FR\",\"potentialAction\":[{\"@type\":\"ReadAction\",\"target\":[\"https:\/\/www.africa-press.net\/congo-brazzaville\/culture-et-art\/2e-salon-du-livre-africain-de-paris-deambulation-de-la-premiere-journee\"]}]},{\"@type\":\"ImageObject\",\"inLanguage\":\"fr-FR\",\"@id\":\"https:\/\/www.africa-press.net\/congo-brazzaville\/culture-et-art\/2e-salon-du-livre-africain-de-paris-deambulation-de-la-premiere-journee#primaryimage\",\"url\":\"https:\/\/static.africa-press.net\/congo-brazzaville\/sites\/51\/2023\/03\/postQueueImg_1679154087.46.jpg\",\"contentUrl\":\"https:\/\/static.africa-press.net\/congo-brazzaville\/sites\/51\/2023\/03\/postQueueImg_1679154087.46.jpg\",\"width\":800,\"height\":533,\"caption\":\"2e Salon du livre africain de Paris: d\u00e9ambulation de la premi\u00e8re journ\u00e9e\"},{\"@type\":\"BreadcrumbList\",\"@id\":\"https:\/\/www.africa-press.net\/congo-brazzaville\/culture-et-art\/2e-salon-du-livre-africain-de-paris-deambulation-de-la-premiere-journee#breadcrumb\",\"itemListElement\":[{\"@type\":\"ListItem\",\"position\":1,\"name\":\"Accueil\",\"item\":\"https:\/\/www.africa-press.net\/congo-brazzaville\/\"},{\"@type\":\"ListItem\",\"position\":2,\"name\":\"2e Salon du livre africain de Paris: d\u00e9ambulation de la premi\u00e8re journ\u00e9e\"}]},{\"@type\":\"WebSite\",\"@id\":\"https:\/\/www.africa-press.net\/congo-brazzaville\/#website\",\"url\":\"https:\/\/www.africa-press.net\/congo-brazzaville\/\",\"name\":\"Congo Brazzaville\",\"description\":\"Just another Africa News Agency Sites site\",\"potentialAction\":[{\"@type\":\"SearchAction\",\"target\":{\"@type\":\"EntryPoint\",\"urlTemplate\":\"https:\/\/www.africa-press.net\/congo-brazzaville\/?s={search_term_string}\"},\"query-input\":{\"@type\":\"PropertyValueSpecification\",\"valueRequired\":true,\"valueName\":\"search_term_string\"}}],\"inLanguage\":\"fr-FR\"},{\"@type\":\"Person\",\"@id\":\"https:\/\/www.africa-press.net\/congo-brazzaville\/#\/schema\/person\/2b1cf3cd81a31e3cd26889ca66d677f1\",\"name\":\"cfeditorfr\"}]}<\/script>\n<!-- \/ Yoast SEO Premium plugin. -->","yoast_head_json":{"title":"2e Salon du livre africain de Paris: d\u00e9ambulation de la premi\u00e8re journ\u00e9e - Congo Brazzaville","description":"Le Salon du livre africain de Paris, sous la direction d\u2019E\u0301rick Monjour, propose a\u0300 nouveau de venir a\u0300 la rencontre ...","robots":{"index":"index","follow":"follow","max-snippet":"max-snippet:-1","max-image-preview":"max-image-preview:large","max-video-preview":"max-video-preview:-1"},"canonical":"https:\/\/www.africa-press.net\/congo-brazzaville\/culture-et-art\/2e-salon-du-livre-africain-de-paris-deambulation-de-la-premiere-journee","og_locale":"fr_FR","og_type":"article","og_title":"2e Salon du livre africain de Paris: d\u00e9ambulation de la premi\u00e8re journ\u00e9e","og_description":"Le Salon du livre africain de Paris, sous la direction d\u2019E\u0301rick Monjour, propose a\u0300 nouveau de venir a\u0300 la rencontre ...","og_url":"https:\/\/www.africa-press.net\/congo-brazzaville\/culture-et-art\/2e-salon-du-livre-africain-de-paris-deambulation-de-la-premiere-journee","og_site_name":"Congo Brazzaville","article_published_time":"2023-03-18T19:11:16+00:00","article_modified_time":"2023-03-18T20:00:55+00:00","og_image":[{"width":800,"height":533,"url":"https:\/\/static.africa-press.net\/congo-brazzaville\/sites\/51\/2023\/03\/postQueueImg_1679154087.46.jpg","type":"image\/jpeg"}],"author":"cfeditorfr","twitter_card":"summary_large_image","twitter_misc":{"\u00c9crit par":"cfeditorfr","Dur\u00e9e de lecture estim\u00e9e":"2 minutes"},"schema":{"@context":"https:\/\/schema.org","@graph":[{"@type":"Article","@id":"https:\/\/www.africa-press.net\/congo-brazzaville\/culture-et-art\/2e-salon-du-livre-africain-de-paris-deambulation-de-la-premiere-journee#article","isPartOf":{"@id":"https:\/\/www.africa-press.net\/congo-brazzaville\/culture-et-art\/2e-salon-du-livre-africain-de-paris-deambulation-de-la-premiere-journee"},"author":{"name":"cfeditorfr","@id":"https:\/\/www.africa-press.net\/congo-brazzaville\/#\/schema\/person\/2b1cf3cd81a31e3cd26889ca66d677f1"},"headline":"2e Salon du livre africain de Paris: d\u00e9ambulation de la premi\u00e8re journ\u00e9e","datePublished":"2023-03-18T19:11:16+00:00","dateModified":"2023-03-18T20:00:55+00:00","mainEntityOfPage":{"@id":"https:\/\/www.africa-press.net\/congo-brazzaville\/culture-et-art\/2e-salon-du-livre-africain-de-paris-deambulation-de-la-premiere-journee"},"wordCount":385,"commentCount":0,"image":{"@id":"https:\/\/www.africa-press.net\/congo-brazzaville\/culture-et-art\/2e-salon-du-livre-africain-de-paris-deambulation-de-la-premiere-journee#primaryimage"},"thumbnailUrl":"https:\/\/static.africa-press.net\/congo-brazzaville\/sites\/51\/2023\/03\/postQueueImg_1679154087.46.jpg","keywords":["Africa Press","Africa Press-Congo Brazzaville","Congo Brazzaville"],"articleSection":["Culture et Art","Toutes les actualit\u00e9s"],"inLanguage":"fr-FR","potentialAction":[{"@type":"CommentAction","name":"Comment","target":["https:\/\/www.africa-press.net\/congo-brazzaville\/culture-et-art\/2e-salon-du-livre-africain-de-paris-deambulation-de-la-premiere-journee#respond"]}]},{"@type":"WebPage","@id":"https:\/\/www.africa-press.net\/congo-brazzaville\/culture-et-art\/2e-salon-du-livre-africain-de-paris-deambulation-de-la-premiere-journee","url":"https:\/\/www.africa-press.net\/congo-brazzaville\/culture-et-art\/2e-salon-du-livre-africain-de-paris-deambulation-de-la-premiere-journee","name":"2e Salon du livre africain de Paris: d\u00e9ambulation de la premi\u00e8re journ\u00e9e - Congo Brazzaville","isPartOf":{"@id":"https:\/\/www.africa-press.net\/congo-brazzaville\/#website"},"primaryImageOfPage":{"@id":"https:\/\/www.africa-press.net\/congo-brazzaville\/culture-et-art\/2e-salon-du-livre-africain-de-paris-deambulation-de-la-premiere-journee#primaryimage"},"image":{"@id":"https:\/\/www.africa-press.net\/congo-brazzaville\/culture-et-art\/2e-salon-du-livre-africain-de-paris-deambulation-de-la-premiere-journee#primaryimage"},"thumbnailUrl":"https:\/\/static.africa-press.net\/congo-brazzaville\/sites\/51\/2023\/03\/postQueueImg_1679154087.46.jpg","datePublished":"2023-03-18T19:11:16+00:00","dateModified":"2023-03-18T20:00:55+00:00","author":{"@id":"https:\/\/www.africa-press.net\/congo-brazzaville\/#\/schema\/person\/2b1cf3cd81a31e3cd26889ca66d677f1"},"description":"Le Salon du livre africain de Paris, sous la direction d\u2019E\u0301rick Monjour, propose a\u0300 nouveau de venir a\u0300 la rencontre ...","breadcrumb":{"@id":"https:\/\/www.africa-press.net\/congo-brazzaville\/culture-et-art\/2e-salon-du-livre-africain-de-paris-deambulation-de-la-premiere-journee#breadcrumb"},"inLanguage":"fr-FR","potentialAction":[{"@type":"ReadAction","target":["https:\/\/www.africa-press.net\/congo-brazzaville\/culture-et-art\/2e-salon-du-livre-africain-de-paris-deambulation-de-la-premiere-journee"]}]},{"@type":"ImageObject","inLanguage":"fr-FR","@id":"https:\/\/www.africa-press.net\/congo-brazzaville\/culture-et-art\/2e-salon-du-livre-africain-de-paris-deambulation-de-la-premiere-journee#primaryimage","url":"https:\/\/static.africa-press.net\/congo-brazzaville\/sites\/51\/2023\/03\/postQueueImg_1679154087.46.jpg","contentUrl":"https:\/\/static.africa-press.net\/congo-brazzaville\/sites\/51\/2023\/03\/postQueueImg_1679154087.46.jpg","width":800,"height":533,"caption":"2e Salon du livre africain de Paris: d\u00e9ambulation de la premi\u00e8re journ\u00e9e"},{"@type":"BreadcrumbList","@id":"https:\/\/www.africa-press.net\/congo-brazzaville\/culture-et-art\/2e-salon-du-livre-africain-de-paris-deambulation-de-la-premiere-journee#breadcrumb","itemListElement":[{"@type":"ListItem","position":1,"name":"Accueil","item":"https:\/\/www.africa-press.net\/congo-brazzaville\/"},{"@type":"ListItem","position":2,"name":"2e Salon du livre africain de Paris: d\u00e9ambulation de la premi\u00e8re journ\u00e9e"}]},{"@type":"WebSite","@id":"https:\/\/www.africa-press.net\/congo-brazzaville\/#website","url":"https:\/\/www.africa-press.net\/congo-brazzaville\/","name":"Congo Brazzaville","description":"Just another Africa News Agency Sites site","potentialAction":[{"@type":"SearchAction","target":{"@type":"EntryPoint","urlTemplate":"https:\/\/www.africa-press.net\/congo-brazzaville\/?s={search_term_string}"},"query-input":{"@type":"PropertyValueSpecification","valueRequired":true,"valueName":"search_term_string"}}],"inLanguage":"fr-FR"},{"@type":"Person","@id":"https:\/\/www.africa-press.net\/congo-brazzaville\/#\/schema\/person\/2b1cf3cd81a31e3cd26889ca66d677f1","name":"cfeditorfr"}]}},"_links":{"self":[{"href":"https:\/\/www.africa-press.net\/congo-brazzaville\/wp-json\/wp\/v2\/posts\/15812","targetHints":{"allow":["GET"]}}],"collection":[{"href":"https:\/\/www.africa-press.net\/congo-brazzaville\/wp-json\/wp\/v2\/posts"}],"about":[{"href":"https:\/\/www.africa-press.net\/congo-brazzaville\/wp-json\/wp\/v2\/types\/post"}],"author":[{"embeddable":true,"href":"https:\/\/www.africa-press.net\/congo-brazzaville\/wp-json\/wp\/v2\/users\/82"}],"replies":[{"embeddable":true,"href":"https:\/\/www.africa-press.net\/congo-brazzaville\/wp-json\/wp\/v2\/comments?post=15812"}],"version-history":[{"count":0,"href":"https:\/\/www.africa-press.net\/congo-brazzaville\/wp-json\/wp\/v2\/posts\/15812\/revisions"}],"wp:featuredmedia":[{"embeddable":true,"href":"https:\/\/www.africa-press.net\/congo-brazzaville\/wp-json\/wp\/v2\/media\/15811"}],"wp:attachment":[{"href":"https:\/\/www.africa-press.net\/congo-brazzaville\/wp-json\/wp\/v2\/media?parent=15812"}],"wp:term":[{"taxonomy":"category","embeddable":true,"href":"https:\/\/www.africa-press.net\/congo-brazzaville\/wp-json\/wp\/v2\/categories?post=15812"},{"taxonomy":"post_tag","embeddable":true,"href":"https:\/\/www.africa-press.net\/congo-brazzaville\/wp-json\/wp\/v2\/tags?post=15812"}],"curies":[{"name":"wp","href":"https:\/\/api.w.org\/{rel}","templated":true}]}}