{"id":15815,"date":"2023-03-18T19:11:46","date_gmt":"2023-03-18T19:11:46","guid":{"rendered":"https:\/\/www.africa-press.net\/congo-brazzaville\/politique\/vie-associative-les-membres-de-lacodm-tiennent-leur-assemblee-generale"},"modified":"2023-03-18T20:01:46","modified_gmt":"2023-03-18T20:01:46","slug":"vie-associative-les-membres-de-lacodm-tiennent-leur-assemblee-generale","status":"publish","type":"post","link":"https:\/\/www.africa-press.net\/congo-brazzaville\/toutes-les-actualites\/vie-associative-les-membres-de-lacodm-tiennent-leur-assemblee-generale","title":{"rendered":"Vie associative : les membres de l\u2019Acodm tiennent leur assembl\u00e9e g\u00e9n\u00e9rale"},"content":{"rendered":"<p><span style=\"color: #ff6600\"><strong>Africa-Press &#8211; Congo Brazzaville. <\/strong><\/span><b>L\u2019Association congolaise de droit maritime (Acodm) a tenu son assemble\u0301e ge\u0301ne\u0301rale annuelle, le 17 mars, a\u0300 Pointe-Noire avec comme objectif d\u2019insuffler un nouveau souffle a\u0300 cette socie\u0301te\u0301 savante. Tenue en pre\u0301sentiel et en visio-confe\u0301rence, cette activite\u0301 a e\u0301te\u0301 cordonne\u0301e par Eric Olivier Se\u0301bastien Dibas-Franck, pre\u0301sident de ladite association. <\/b><\/p>\n<p>L\u2019assemble\u0301e ge\u0301ne\u0301rale a porte\u0301 sur la pre\u0301sentation et la discussion des rapports moral et financier ainsi que sur la mise a\u0300 l&rsquo;e\u0301cart, selon le re\u0300glement inte\u0301rieur, de certains membres faute d\u2019assiduite\u0301 et de cotisations pendant une longue pe\u0301riode. Elle a permis aux membres de l\u2019Acodm de pre\u0301senter le bilan, tirer les enseignements de l\u2019anne\u0301e e\u0301coule\u0301e et, surtout, pre\u0301voir la suivante. Faisant e\u0301tat d\u2019une situation financie\u0300re fragile, l&rsquo;assemble\u0301e a demande\u0301 aux membres de l\u2019association de s\u2019acquitter de leurs cotisations statutaires.<\/p>\n<p>Le rapport d\u2019activite\u0301s pre\u0301sente\u0301 par Claude Coelho, le secre\u0301taire ge\u0301ne\u0301ral, fait apparai\u0302tre les diffe\u0301rents axes du travail mene\u0301 l\u2019anne\u0301e dernie\u0300re, parmi lesquels le partenariat de l\u2019Acodm avec la chambre consulaire de Pointe-Noire; la tenue du colloque le 29 juillet 2022 en hommage a\u0300 Martin Parfait Aime\u0301 Coussoud Mavoungou, pre\u0301sident d\u2019honneur de cette association; la tenue de plusieurs re\u0301unions et bien d\u2019autres. Claude Coelho a, ensuite, rappele\u0301 que l\u2019Acodm a e\u0301galement connu des moments de tristesse, marque\u0301s par le de\u0301ce\u0300s des deux de ses membres, mais aussi de son pre\u0301sident d\u2019honneur, le 14 mars 2022, en France.<\/p>\n<p>Pour cette anne\u0301e, l\u2019Acodm va organiser en juillet un nouveau colloque dont les the\u0300mes s\u2019annoncent pertinents, abordant la marine nationale, la su\u0302rete\u0301 et la se\u0301curite\u0301 maritimes, la place du pouvoir juridique dans le monde maritime, les aires marines prote\u0301ge\u0301es et bien d\u2019autres. Intervenu en visio-confe\u0301rence, l\u2019amiral Re\u0301ne\u0301 Nganongo, chef d\u2019e\u0301tat-major de la marine nationale, a loue\u0301 les efforts accomplis par cette association et, surtout, encourage\u0301 le programme d\u2019activite\u0301s annuel concocte\u0301 par ces membres et, par-la\u0300, les the\u0300mes du prochain colloque.<\/p>\n<p>Cre\u0301e\u0301e le 23 mai 2015 a\u0300 Pointe-Noire, l\u2019Acodm est une aventure partage\u0301e entre membres pour donner un nouveau souffle a\u0300 cette association. Lors de cette assemble\u0301e ge\u0301ne\u0301rale, des nouveaux membres ont e\u0301te\u0301 coopte\u0301s et ont rec\u0327u le re\u0300glement inte\u0301rieur et statutaire de ladite association. Dans son mot introductif, le pre\u0301sident de l\u2019Acodm a souligne\u0301 le ro\u0302le de cette socie\u0301te\u0301 savante au niveau national et international, tout en mettant l\u2019accent sur son ro\u0302le en tant que mode\u0300le d\u2019organisation professionnelle re\u0301ussie et durable. \u00ab Je tiens a\u0300 fe\u0301liciter et a\u0300 louer le travail de chacun d\u2019entre vous quant aux re\u0301sultats obtenus ces dernie\u0300res anne\u0301es \u00bb. a dit Eric Olivier Se\u0301bastien Dibas-Franck.<\/p>\n<p>L\u2019Acodm regroupe en son sein des spe\u0301cialistes du droit des activite\u0301s maritimes dans toutes leurs composantes : droit public et droit prive\u0301, droit interne et droit international sans oublier l\u2019e\u0301conomie des transports. Son but est d\u2019asseoir son autorite\u0301 dans le domaine du droit et de l\u2019e\u0301conomie maritime tant au Congo, dans la zone de la Communaute\u0301 e\u0301conomique et mone\u0301taire de l&rsquo;Afrique centrale et au niveau international.<\/p>\n<p><strong>Pour plus d&rsquo;informations et d&rsquo;analyses sur la <a href=\"https:\/\/www.africa-press.net\/congo-brazzaville\">Congo Brazzaville<\/a>, suivez <a href=\"https:\/\/www.africa-press.net\/\">Africa-Press<\/a><\/strong><\/p>\n","protected":false},"excerpt":{"rendered":"<p>Africa-Press &#8211; Congo Brazzaville. L\u2019Association congolaise de droit maritime (Acodm) a tenu son assemble\u0301e ge\u0301ne\u0301rale annuelle, le 17 mars, a\u0300 Pointe-Noire avec comme objectif d\u2019insuffler un nouveau souffle a\u0300 cette socie\u0301te\u0301 savante. Tenue en pre\u0301sentiel et en visio-confe\u0301rence, cette activite\u0301 a e\u0301te\u0301 cordonne\u0301e par Eric Olivier Se\u0301bastien Dibas-Franck, pre\u0301sident de ladite association. L\u2019assemble\u0301e ge\u0301ne\u0301rale a [&hellip;]<\/p>\n","protected":false},"author":82,"featured_media":15813,"comment_status":"open","ping_status":"closed","sticky":false,"template":"","format":"standard","meta":{"footnotes":""},"categories":[21,10],"tags":[36,47,46],"class_list":["post-15815","post","type-post","status-publish","format-standard","has-post-thumbnail","hentry","category-communaute","category-toutes-les-actualites","tag-africa-press","tag-africa-press-congo-brazzaville","tag-congo-brazzaville"],"yoast_head":"<!-- This site is optimized with the Yoast SEO Premium plugin v26.1 (Yoast SEO v27.0) - https:\/\/yoast.com\/product\/yoast-seo-premium-wordpress\/ -->\n<title>Vie associative : les membres de l\u2019Acodm tiennent leur assembl\u00e9e g\u00e9n\u00e9rale - Congo Brazzaville<\/title>\n<meta name=\"description\" content=\"L\u2019Association congolaise de droit maritime (Acodm) a tenu son assemble\u0301e ge\u0301ne\u0301rale annuelle, le 17 mars, a\u0300 Pointe-N ...\" \/>\n<meta name=\"robots\" content=\"index, follow, max-snippet:-1, max-image-preview:large, max-video-preview:-1\" \/>\n<link rel=\"canonical\" href=\"https:\/\/www.africa-press.net\/congo-brazzaville\/toutes-les-actualites\/vie-associative-les-membres-de-lacodm-tiennent-leur-assemblee-generale\" \/>\n<meta property=\"og:locale\" content=\"fr_FR\" \/>\n<meta property=\"og:type\" content=\"article\" \/>\n<meta property=\"og:title\" content=\"Vie associative : les membres de l\u2019Acodm tiennent leur assembl\u00e9e g\u00e9n\u00e9rale\" \/>\n<meta property=\"og:description\" content=\"L\u2019Association congolaise de droit maritime (Acodm) a tenu son assemble\u0301e ge\u0301ne\u0301rale annuelle, le 17 mars, a\u0300 Pointe-N ...\" \/>\n<meta property=\"og:url\" content=\"https:\/\/www.africa-press.net\/congo-brazzaville\/toutes-les-actualites\/vie-associative-les-membres-de-lacodm-tiennent-leur-assemblee-generale\" \/>\n<meta property=\"og:site_name\" content=\"Congo Brazzaville\" \/>\n<meta property=\"article:published_time\" content=\"2023-03-18T19:11:46+00:00\" \/>\n<meta property=\"article:modified_time\" content=\"2023-03-18T20:01:46+00:00\" \/>\n<meta property=\"og:image\" content=\"https:\/\/static.africa-press.net\/congo-brazzaville\/sites\/51\/2023\/03\/postQueueImg_1679154122.58.jpg\" \/>\n\t<meta property=\"og:image:width\" content=\"1600\" \/>\n\t<meta property=\"og:image:height\" content=\"1200\" \/>\n\t<meta property=\"og:image:type\" content=\"image\/jpeg\" \/>\n<meta name=\"author\" content=\"cfeditorfr\" \/>\n<meta name=\"twitter:card\" content=\"summary_large_image\" \/>\n<meta name=\"twitter:label1\" content=\"\u00c9crit par\" \/>\n\t<meta name=\"twitter:data1\" content=\"cfeditorfr\" \/>\n\t<meta name=\"twitter:label2\" content=\"Dur\u00e9e de lecture estim\u00e9e\" \/>\n\t<meta name=\"twitter:data2\" content=\"3 minutes\" \/>\n<script type=\"application\/ld+json\" class=\"yoast-schema-graph\">{\"@context\":\"https:\/\/schema.org\",\"@graph\":[{\"@type\":\"Article\",\"@id\":\"https:\/\/www.africa-press.net\/congo-brazzaville\/toutes-les-actualites\/vie-associative-les-membres-de-lacodm-tiennent-leur-assemblee-generale#article\",\"isPartOf\":{\"@id\":\"https:\/\/www.africa-press.net\/congo-brazzaville\/toutes-les-actualites\/vie-associative-les-membres-de-lacodm-tiennent-leur-assemblee-generale\"},\"author\":{\"name\":\"cfeditorfr\",\"@id\":\"https:\/\/www.africa-press.net\/congo-brazzaville\/#\/schema\/person\/2b1cf3cd81a31e3cd26889ca66d677f1\"},\"headline\":\"Vie associative : les membres de l\u2019Acodm tiennent leur assembl\u00e9e g\u00e9n\u00e9rale\",\"datePublished\":\"2023-03-18T19:11:46+00:00\",\"dateModified\":\"2023-03-18T20:01:46+00:00\",\"mainEntityOfPage\":{\"@id\":\"https:\/\/www.africa-press.net\/congo-brazzaville\/toutes-les-actualites\/vie-associative-les-membres-de-lacodm-tiennent-leur-assemblee-generale\"},\"wordCount\":614,\"commentCount\":0,\"image\":{\"@id\":\"https:\/\/www.africa-press.net\/congo-brazzaville\/toutes-les-actualites\/vie-associative-les-membres-de-lacodm-tiennent-leur-assemblee-generale#primaryimage\"},\"thumbnailUrl\":\"https:\/\/static.africa-press.net\/congo-brazzaville\/sites\/51\/2023\/03\/postQueueImg_1679154122.58.jpg\",\"keywords\":[\"Africa Press\",\"Africa Press-Congo Brazzaville\",\"Congo Brazzaville\"],\"articleSection\":[\"Communaut\u00e9\",\"Toutes les actualit\u00e9s\"],\"inLanguage\":\"fr-FR\",\"potentialAction\":[{\"@type\":\"CommentAction\",\"name\":\"Comment\",\"target\":[\"https:\/\/www.africa-press.net\/congo-brazzaville\/toutes-les-actualites\/vie-associative-les-membres-de-lacodm-tiennent-leur-assemblee-generale#respond\"]}]},{\"@type\":\"WebPage\",\"@id\":\"https:\/\/www.africa-press.net\/congo-brazzaville\/toutes-les-actualites\/vie-associative-les-membres-de-lacodm-tiennent-leur-assemblee-generale\",\"url\":\"https:\/\/www.africa-press.net\/congo-brazzaville\/toutes-les-actualites\/vie-associative-les-membres-de-lacodm-tiennent-leur-assemblee-generale\",\"name\":\"Vie associative : les membres de l\u2019Acodm tiennent leur assembl\u00e9e g\u00e9n\u00e9rale - Congo Brazzaville\",\"isPartOf\":{\"@id\":\"https:\/\/www.africa-press.net\/congo-brazzaville\/#website\"},\"primaryImageOfPage\":{\"@id\":\"https:\/\/www.africa-press.net\/congo-brazzaville\/toutes-les-actualites\/vie-associative-les-membres-de-lacodm-tiennent-leur-assemblee-generale#primaryimage\"},\"image\":{\"@id\":\"https:\/\/www.africa-press.net\/congo-brazzaville\/toutes-les-actualites\/vie-associative-les-membres-de-lacodm-tiennent-leur-assemblee-generale#primaryimage\"},\"thumbnailUrl\":\"https:\/\/static.africa-press.net\/congo-brazzaville\/sites\/51\/2023\/03\/postQueueImg_1679154122.58.jpg\",\"datePublished\":\"2023-03-18T19:11:46+00:00\",\"dateModified\":\"2023-03-18T20:01:46+00:00\",\"author\":{\"@id\":\"https:\/\/www.africa-press.net\/congo-brazzaville\/#\/schema\/person\/2b1cf3cd81a31e3cd26889ca66d677f1\"},\"description\":\"L\u2019Association congolaise de droit maritime (Acodm) a tenu son assemble\u0301e ge\u0301ne\u0301rale annuelle, le 17 mars, a\u0300 Pointe-N ...\",\"breadcrumb\":{\"@id\":\"https:\/\/www.africa-press.net\/congo-brazzaville\/toutes-les-actualites\/vie-associative-les-membres-de-lacodm-tiennent-leur-assemblee-generale#breadcrumb\"},\"inLanguage\":\"fr-FR\",\"potentialAction\":[{\"@type\":\"ReadAction\",\"target\":[\"https:\/\/www.africa-press.net\/congo-brazzaville\/toutes-les-actualites\/vie-associative-les-membres-de-lacodm-tiennent-leur-assemblee-generale\"]}]},{\"@type\":\"ImageObject\",\"inLanguage\":\"fr-FR\",\"@id\":\"https:\/\/www.africa-press.net\/congo-brazzaville\/toutes-les-actualites\/vie-associative-les-membres-de-lacodm-tiennent-leur-assemblee-generale#primaryimage\",\"url\":\"https:\/\/static.africa-press.net\/congo-brazzaville\/sites\/51\/2023\/03\/postQueueImg_1679154122.58.jpg\",\"contentUrl\":\"https:\/\/static.africa-press.net\/congo-brazzaville\/sites\/51\/2023\/03\/postQueueImg_1679154122.58.jpg\",\"width\":1600,\"height\":1200,\"caption\":\"Vie associative : les membres de l\u2019Acodm tiennent leur assembl\u00e9e g\u00e9n\u00e9rale\"},{\"@type\":\"BreadcrumbList\",\"@id\":\"https:\/\/www.africa-press.net\/congo-brazzaville\/toutes-les-actualites\/vie-associative-les-membres-de-lacodm-tiennent-leur-assemblee-generale#breadcrumb\",\"itemListElement\":[{\"@type\":\"ListItem\",\"position\":1,\"name\":\"Accueil\",\"item\":\"https:\/\/www.africa-press.net\/congo-brazzaville\/\"},{\"@type\":\"ListItem\",\"position\":2,\"name\":\"Vie associative : les membres de l\u2019Acodm tiennent leur assembl\u00e9e g\u00e9n\u00e9rale\"}]},{\"@type\":\"WebSite\",\"@id\":\"https:\/\/www.africa-press.net\/congo-brazzaville\/#website\",\"url\":\"https:\/\/www.africa-press.net\/congo-brazzaville\/\",\"name\":\"Congo Brazzaville\",\"description\":\"Just another Africa News Agency Sites site\",\"potentialAction\":[{\"@type\":\"SearchAction\",\"target\":{\"@type\":\"EntryPoint\",\"urlTemplate\":\"https:\/\/www.africa-press.net\/congo-brazzaville\/?s={search_term_string}\"},\"query-input\":{\"@type\":\"PropertyValueSpecification\",\"valueRequired\":true,\"valueName\":\"search_term_string\"}}],\"inLanguage\":\"fr-FR\"},{\"@type\":\"Person\",\"@id\":\"https:\/\/www.africa-press.net\/congo-brazzaville\/#\/schema\/person\/2b1cf3cd81a31e3cd26889ca66d677f1\",\"name\":\"cfeditorfr\"}]}<\/script>\n<!-- \/ Yoast SEO Premium plugin. -->","yoast_head_json":{"title":"Vie associative : les membres de l\u2019Acodm tiennent leur assembl\u00e9e g\u00e9n\u00e9rale - Congo Brazzaville","description":"L\u2019Association congolaise de droit maritime (Acodm) a tenu son assemble\u0301e ge\u0301ne\u0301rale annuelle, le 17 mars, a\u0300 Pointe-N ...","robots":{"index":"index","follow":"follow","max-snippet":"max-snippet:-1","max-image-preview":"max-image-preview:large","max-video-preview":"max-video-preview:-1"},"canonical":"https:\/\/www.africa-press.net\/congo-brazzaville\/toutes-les-actualites\/vie-associative-les-membres-de-lacodm-tiennent-leur-assemblee-generale","og_locale":"fr_FR","og_type":"article","og_title":"Vie associative : les membres de l\u2019Acodm tiennent leur assembl\u00e9e g\u00e9n\u00e9rale","og_description":"L\u2019Association congolaise de droit maritime (Acodm) a tenu son assemble\u0301e ge\u0301ne\u0301rale annuelle, le 17 mars, a\u0300 Pointe-N ...","og_url":"https:\/\/www.africa-press.net\/congo-brazzaville\/toutes-les-actualites\/vie-associative-les-membres-de-lacodm-tiennent-leur-assemblee-generale","og_site_name":"Congo Brazzaville","article_published_time":"2023-03-18T19:11:46+00:00","article_modified_time":"2023-03-18T20:01:46+00:00","og_image":[{"width":1600,"height":1200,"url":"https:\/\/static.africa-press.net\/congo-brazzaville\/sites\/51\/2023\/03\/postQueueImg_1679154122.58.jpg","type":"image\/jpeg"}],"author":"cfeditorfr","twitter_card":"summary_large_image","twitter_misc":{"\u00c9crit par":"cfeditorfr","Dur\u00e9e de lecture estim\u00e9e":"3 minutes"},"schema":{"@context":"https:\/\/schema.org","@graph":[{"@type":"Article","@id":"https:\/\/www.africa-press.net\/congo-brazzaville\/toutes-les-actualites\/vie-associative-les-membres-de-lacodm-tiennent-leur-assemblee-generale#article","isPartOf":{"@id":"https:\/\/www.africa-press.net\/congo-brazzaville\/toutes-les-actualites\/vie-associative-les-membres-de-lacodm-tiennent-leur-assemblee-generale"},"author":{"name":"cfeditorfr","@id":"https:\/\/www.africa-press.net\/congo-brazzaville\/#\/schema\/person\/2b1cf3cd81a31e3cd26889ca66d677f1"},"headline":"Vie associative : les membres de l\u2019Acodm tiennent leur assembl\u00e9e g\u00e9n\u00e9rale","datePublished":"2023-03-18T19:11:46+00:00","dateModified":"2023-03-18T20:01:46+00:00","mainEntityOfPage":{"@id":"https:\/\/www.africa-press.net\/congo-brazzaville\/toutes-les-actualites\/vie-associative-les-membres-de-lacodm-tiennent-leur-assemblee-generale"},"wordCount":614,"commentCount":0,"image":{"@id":"https:\/\/www.africa-press.net\/congo-brazzaville\/toutes-les-actualites\/vie-associative-les-membres-de-lacodm-tiennent-leur-assemblee-generale#primaryimage"},"thumbnailUrl":"https:\/\/static.africa-press.net\/congo-brazzaville\/sites\/51\/2023\/03\/postQueueImg_1679154122.58.jpg","keywords":["Africa Press","Africa Press-Congo Brazzaville","Congo Brazzaville"],"articleSection":["Communaut\u00e9","Toutes les actualit\u00e9s"],"inLanguage":"fr-FR","potentialAction":[{"@type":"CommentAction","name":"Comment","target":["https:\/\/www.africa-press.net\/congo-brazzaville\/toutes-les-actualites\/vie-associative-les-membres-de-lacodm-tiennent-leur-assemblee-generale#respond"]}]},{"@type":"WebPage","@id":"https:\/\/www.africa-press.net\/congo-brazzaville\/toutes-les-actualites\/vie-associative-les-membres-de-lacodm-tiennent-leur-assemblee-generale","url":"https:\/\/www.africa-press.net\/congo-brazzaville\/toutes-les-actualites\/vie-associative-les-membres-de-lacodm-tiennent-leur-assemblee-generale","name":"Vie associative : les membres de l\u2019Acodm tiennent leur assembl\u00e9e g\u00e9n\u00e9rale - Congo Brazzaville","isPartOf":{"@id":"https:\/\/www.africa-press.net\/congo-brazzaville\/#website"},"primaryImageOfPage":{"@id":"https:\/\/www.africa-press.net\/congo-brazzaville\/toutes-les-actualites\/vie-associative-les-membres-de-lacodm-tiennent-leur-assemblee-generale#primaryimage"},"image":{"@id":"https:\/\/www.africa-press.net\/congo-brazzaville\/toutes-les-actualites\/vie-associative-les-membres-de-lacodm-tiennent-leur-assemblee-generale#primaryimage"},"thumbnailUrl":"https:\/\/static.africa-press.net\/congo-brazzaville\/sites\/51\/2023\/03\/postQueueImg_1679154122.58.jpg","datePublished":"2023-03-18T19:11:46+00:00","dateModified":"2023-03-18T20:01:46+00:00","author":{"@id":"https:\/\/www.africa-press.net\/congo-brazzaville\/#\/schema\/person\/2b1cf3cd81a31e3cd26889ca66d677f1"},"description":"L\u2019Association congolaise de droit maritime (Acodm) a tenu son assemble\u0301e ge\u0301ne\u0301rale annuelle, le 17 mars, a\u0300 Pointe-N ...","breadcrumb":{"@id":"https:\/\/www.africa-press.net\/congo-brazzaville\/toutes-les-actualites\/vie-associative-les-membres-de-lacodm-tiennent-leur-assemblee-generale#breadcrumb"},"inLanguage":"fr-FR","potentialAction":[{"@type":"ReadAction","target":["https:\/\/www.africa-press.net\/congo-brazzaville\/toutes-les-actualites\/vie-associative-les-membres-de-lacodm-tiennent-leur-assemblee-generale"]}]},{"@type":"ImageObject","inLanguage":"fr-FR","@id":"https:\/\/www.africa-press.net\/congo-brazzaville\/toutes-les-actualites\/vie-associative-les-membres-de-lacodm-tiennent-leur-assemblee-generale#primaryimage","url":"https:\/\/static.africa-press.net\/congo-brazzaville\/sites\/51\/2023\/03\/postQueueImg_1679154122.58.jpg","contentUrl":"https:\/\/static.africa-press.net\/congo-brazzaville\/sites\/51\/2023\/03\/postQueueImg_1679154122.58.jpg","width":1600,"height":1200,"caption":"Vie associative : les membres de l\u2019Acodm tiennent leur assembl\u00e9e g\u00e9n\u00e9rale"},{"@type":"BreadcrumbList","@id":"https:\/\/www.africa-press.net\/congo-brazzaville\/toutes-les-actualites\/vie-associative-les-membres-de-lacodm-tiennent-leur-assemblee-generale#breadcrumb","itemListElement":[{"@type":"ListItem","position":1,"name":"Accueil","item":"https:\/\/www.africa-press.net\/congo-brazzaville\/"},{"@type":"ListItem","position":2,"name":"Vie associative : les membres de l\u2019Acodm tiennent leur assembl\u00e9e g\u00e9n\u00e9rale"}]},{"@type":"WebSite","@id":"https:\/\/www.africa-press.net\/congo-brazzaville\/#website","url":"https:\/\/www.africa-press.net\/congo-brazzaville\/","name":"Congo Brazzaville","description":"Just another Africa News Agency Sites site","potentialAction":[{"@type":"SearchAction","target":{"@type":"EntryPoint","urlTemplate":"https:\/\/www.africa-press.net\/congo-brazzaville\/?s={search_term_string}"},"query-input":{"@type":"PropertyValueSpecification","valueRequired":true,"valueName":"search_term_string"}}],"inLanguage":"fr-FR"},{"@type":"Person","@id":"https:\/\/www.africa-press.net\/congo-brazzaville\/#\/schema\/person\/2b1cf3cd81a31e3cd26889ca66d677f1","name":"cfeditorfr"}]}},"_links":{"self":[{"href":"https:\/\/www.africa-press.net\/congo-brazzaville\/wp-json\/wp\/v2\/posts\/15815","targetHints":{"allow":["GET"]}}],"collection":[{"href":"https:\/\/www.africa-press.net\/congo-brazzaville\/wp-json\/wp\/v2\/posts"}],"about":[{"href":"https:\/\/www.africa-press.net\/congo-brazzaville\/wp-json\/wp\/v2\/types\/post"}],"author":[{"embeddable":true,"href":"https:\/\/www.africa-press.net\/congo-brazzaville\/wp-json\/wp\/v2\/users\/82"}],"replies":[{"embeddable":true,"href":"https:\/\/www.africa-press.net\/congo-brazzaville\/wp-json\/wp\/v2\/comments?post=15815"}],"version-history":[{"count":0,"href":"https:\/\/www.africa-press.net\/congo-brazzaville\/wp-json\/wp\/v2\/posts\/15815\/revisions"}],"wp:featuredmedia":[{"embeddable":true,"href":"https:\/\/www.africa-press.net\/congo-brazzaville\/wp-json\/wp\/v2\/media\/15813"}],"wp:attachment":[{"href":"https:\/\/www.africa-press.net\/congo-brazzaville\/wp-json\/wp\/v2\/media?parent=15815"}],"wp:term":[{"taxonomy":"category","embeddable":true,"href":"https:\/\/www.africa-press.net\/congo-brazzaville\/wp-json\/wp\/v2\/categories?post=15815"},{"taxonomy":"post_tag","embeddable":true,"href":"https:\/\/www.africa-press.net\/congo-brazzaville\/wp-json\/wp\/v2\/tags?post=15815"}],"curies":[{"name":"wp","href":"https:\/\/api.w.org\/{rel}","templated":true}]}}