{"id":15821,"date":"2023-03-19T21:49:47","date_gmt":"2023-03-19T21:49:47","guid":{"rendered":"https:\/\/www.africa-press.net\/congo-brazzaville\/politique\/lafenib-sollicite-un-quota-de-10-mille-places-dintegration-des-enseignants"},"modified":"2023-03-19T22:08:51","modified_gmt":"2023-03-19T22:08:51","slug":"lafenib-sollicite-un-quota-de-10-mille-places-dintegration-des-enseignants","status":"publish","type":"post","link":"https:\/\/www.africa-press.net\/congo-brazzaville\/toutes-les-actualites\/lafenib-sollicite-un-quota-de-10-mille-places-dintegration-des-enseignants","title":{"rendered":"l\u2019afenib\u00a0sollicite un quota de 10 mille places d\u2019int\u00e9gration des enseignants"},"content":{"rendered":"<p><span style=\"color: #ff6600\"><strong>Africa-Press &#8211; Congo Brazzaville. <\/strong><\/span><b>Le nouveau pre\u0301sident national de l\u2019Association des finalistes de l\u2019e\u0301cole normale des instituteurs de Brazzaville (AFENIB), Daroche Ngouka-Angouono a sollicite\u0301, le 18 mars a\u0300 Brazzaville, un quota de recrutement d\u2019au moins 10 mille places, au titre de l\u2019anne\u0301e 2023, en vue de combler le de\u0301ficit du personnel enseignement. <\/b><\/p>\n<p>Au cours de l\u2019assemble\u0301e ge\u0301ne\u0301rale e\u0301lective, Doroche Ngouka-Angouono a aussi exprime\u0301e la ne\u0301cessite\u0301 de la poursuite du recensement biome\u0301trique sur toute l\u2019e\u0301tendue du territoire national, la publication de tous les textes des enseignants e\u0301gare\u0301s sans motif re\u0301el et se\u0301rieux dans le circuit d\u2019approbation, et l\u2019implication des enseignants dans le processus de conscientisation des apprenants contre les violences en milieu scolaire.<\/p>\n<p>Le nouveau pre\u0301sident national a e\u0301galement demande\u0301 la diligence dans la publication des textes d\u2019inte\u0301gration pour le quota 2022 encore dans le circuit d\u2019approbation<\/p>\n<p>Le secre\u0301taire ge\u0301ne\u0301ral de l\u2019Association des finalistes de l\u2019e\u0301cole normale des instituteurs de Brazzaville, The\u0301ophraste Mizhert a pour sa part releve\u0301 que, les dole\u0301ances faites aupre\u0300s des autorite\u0301s compe\u0301tentes trouveront gain de cause.<\/p>\n<p>\u00ab Nous sommes d\u2019emble\u0301e les partenaires sociaux du ministe\u0300re de l\u2019enseignement pre\u0301scolaire, primaire, secondaire et l\u2019alphabe\u0301tisation avec qui nous travaillons sur les proble\u0300mes socioprofessionnels des enseignants. Nous avons e\u0301mis des revendications, et nous sommes optimistes quant a\u0300 l\u2019implication de l\u2019ensemble du bureau exe\u0301cutif, afin de trouver des solutions a\u0300 toutes les situations e\u0301nume\u0301re\u0301es par notre association \u00bb, a-t-il rassure\u0301.<\/p>\n<p>A cette assemble\u0301e ge\u0301ne\u0301rale e\u0301lective, Doroche Ngouka-Angouono a e\u0301te\u0301 porte\u0301 a\u0300 la te\u0302te de l\u2019AFENIB, il en est de me\u0302me des repre\u0301sentants des bureaux zonaux de Brazzaville.<\/p>\n<p><strong>Pour plus d&rsquo;informations et d&rsquo;analyses sur la <a href=\"https:\/\/www.africa-press.net\/congo-brazzaville\">Congo Brazzaville<\/a>, suivez <a href=\"https:\/\/www.africa-press.net\/\">Africa-Press<\/a><\/strong><\/p>\n","protected":false},"excerpt":{"rendered":"<p>Africa-Press &#8211; Congo Brazzaville. Le nouveau pre\u0301sident national de l\u2019Association des finalistes de l\u2019e\u0301cole normale des instituteurs de Brazzaville (AFENIB), Daroche Ngouka-Angouono a sollicite\u0301, le 18 mars a\u0300 Brazzaville, un quota de recrutement d\u2019au moins 10 mille places, au titre de l\u2019anne\u0301e 2023, en vue de combler le de\u0301ficit du personnel enseignement. Au cours de [&hellip;]<\/p>\n","protected":false},"author":82,"featured_media":15820,"comment_status":"open","ping_status":"closed","sticky":false,"template":"","format":"standard","meta":{"footnotes":""},"categories":[21,10],"tags":[36,47,46],"class_list":["post-15821","post","type-post","status-publish","format-standard","has-post-thumbnail","hentry","category-communaute","category-toutes-les-actualites","tag-africa-press","tag-africa-press-congo-brazzaville","tag-congo-brazzaville"],"yoast_head":"<!-- This site is optimized with the Yoast SEO Premium plugin v26.1 (Yoast SEO v27.0) - https:\/\/yoast.com\/product\/yoast-seo-premium-wordpress\/ -->\n<title>l\u2019afenib\u00a0sollicite un quota de 10 mille places d\u2019int\u00e9gration des enseignants - Congo Brazzaville<\/title>\n<meta name=\"description\" content=\"Le nouveau pre\u0301sident national de l\u2019Association des finalistes de l\u2019e\u0301cole normale des instituteurs de Brazzaville (A ...\" \/>\n<meta name=\"robots\" content=\"index, follow, max-snippet:-1, max-image-preview:large, max-video-preview:-1\" \/>\n<link rel=\"canonical\" href=\"https:\/\/www.africa-press.net\/congo-brazzaville\/toutes-les-actualites\/lafenib-sollicite-un-quota-de-10-mille-places-dintegration-des-enseignants\" \/>\n<meta property=\"og:locale\" content=\"fr_FR\" \/>\n<meta property=\"og:type\" content=\"article\" \/>\n<meta property=\"og:title\" content=\"l\u2019afenib\u00a0sollicite un quota de 10 mille places d\u2019int\u00e9gration des enseignants\" \/>\n<meta property=\"og:description\" content=\"Le nouveau pre\u0301sident national de l\u2019Association des finalistes de l\u2019e\u0301cole normale des instituteurs de Brazzaville (A ...\" \/>\n<meta property=\"og:url\" content=\"https:\/\/www.africa-press.net\/congo-brazzaville\/toutes-les-actualites\/lafenib-sollicite-un-quota-de-10-mille-places-dintegration-des-enseignants\" \/>\n<meta property=\"og:site_name\" content=\"Congo Brazzaville\" \/>\n<meta property=\"article:published_time\" content=\"2023-03-19T21:49:47+00:00\" \/>\n<meta property=\"article:modified_time\" content=\"2023-03-19T22:08:51+00:00\" \/>\n<meta property=\"og:image\" content=\"https:\/\/static.africa-press.net\/congo-brazzaville\/sites\/51\/2023\/03\/postQueueImg_1679250030.49.jpg\" \/>\n\t<meta property=\"og:image:width\" content=\"785\" \/>\n\t<meta property=\"og:image:height\" content=\"430\" \/>\n\t<meta property=\"og:image:type\" content=\"image\/jpeg\" \/>\n<meta name=\"author\" content=\"cfeditorfr\" \/>\n<meta name=\"twitter:card\" content=\"summary_large_image\" \/>\n<meta name=\"twitter:label1\" content=\"\u00c9crit par\" \/>\n\t<meta name=\"twitter:data1\" content=\"cfeditorfr\" \/>\n\t<meta name=\"twitter:label2\" content=\"Dur\u00e9e de lecture estim\u00e9e\" \/>\n\t<meta name=\"twitter:data2\" content=\"2 minutes\" \/>\n<script type=\"application\/ld+json\" class=\"yoast-schema-graph\">{\"@context\":\"https:\/\/schema.org\",\"@graph\":[{\"@type\":\"Article\",\"@id\":\"https:\/\/www.africa-press.net\/congo-brazzaville\/toutes-les-actualites\/lafenib-sollicite-un-quota-de-10-mille-places-dintegration-des-enseignants#article\",\"isPartOf\":{\"@id\":\"https:\/\/www.africa-press.net\/congo-brazzaville\/toutes-les-actualites\/lafenib-sollicite-un-quota-de-10-mille-places-dintegration-des-enseignants\"},\"author\":{\"name\":\"cfeditorfr\",\"@id\":\"https:\/\/www.africa-press.net\/congo-brazzaville\/#\/schema\/person\/2b1cf3cd81a31e3cd26889ca66d677f1\"},\"headline\":\"l\u2019afenib\u00a0sollicite un quota de 10 mille places d\u2019int\u00e9gration des enseignants\",\"datePublished\":\"2023-03-19T21:49:47+00:00\",\"dateModified\":\"2023-03-19T22:08:51+00:00\",\"mainEntityOfPage\":{\"@id\":\"https:\/\/www.africa-press.net\/congo-brazzaville\/toutes-les-actualites\/lafenib-sollicite-un-quota-de-10-mille-places-dintegration-des-enseignants\"},\"wordCount\":339,\"commentCount\":0,\"image\":{\"@id\":\"https:\/\/www.africa-press.net\/congo-brazzaville\/toutes-les-actualites\/lafenib-sollicite-un-quota-de-10-mille-places-dintegration-des-enseignants#primaryimage\"},\"thumbnailUrl\":\"https:\/\/static.africa-press.net\/congo-brazzaville\/sites\/51\/2023\/03\/postQueueImg_1679250030.49.jpg\",\"keywords\":[\"Africa Press\",\"Africa Press-Congo Brazzaville\",\"Congo Brazzaville\"],\"articleSection\":[\"Communaut\u00e9\",\"Toutes les actualit\u00e9s\"],\"inLanguage\":\"fr-FR\",\"potentialAction\":[{\"@type\":\"CommentAction\",\"name\":\"Comment\",\"target\":[\"https:\/\/www.africa-press.net\/congo-brazzaville\/toutes-les-actualites\/lafenib-sollicite-un-quota-de-10-mille-places-dintegration-des-enseignants#respond\"]}]},{\"@type\":\"WebPage\",\"@id\":\"https:\/\/www.africa-press.net\/congo-brazzaville\/toutes-les-actualites\/lafenib-sollicite-un-quota-de-10-mille-places-dintegration-des-enseignants\",\"url\":\"https:\/\/www.africa-press.net\/congo-brazzaville\/toutes-les-actualites\/lafenib-sollicite-un-quota-de-10-mille-places-dintegration-des-enseignants\",\"name\":\"l\u2019afenib\u00a0sollicite un quota de 10 mille places d\u2019int\u00e9gration des enseignants - Congo Brazzaville\",\"isPartOf\":{\"@id\":\"https:\/\/www.africa-press.net\/congo-brazzaville\/#website\"},\"primaryImageOfPage\":{\"@id\":\"https:\/\/www.africa-press.net\/congo-brazzaville\/toutes-les-actualites\/lafenib-sollicite-un-quota-de-10-mille-places-dintegration-des-enseignants#primaryimage\"},\"image\":{\"@id\":\"https:\/\/www.africa-press.net\/congo-brazzaville\/toutes-les-actualites\/lafenib-sollicite-un-quota-de-10-mille-places-dintegration-des-enseignants#primaryimage\"},\"thumbnailUrl\":\"https:\/\/static.africa-press.net\/congo-brazzaville\/sites\/51\/2023\/03\/postQueueImg_1679250030.49.jpg\",\"datePublished\":\"2023-03-19T21:49:47+00:00\",\"dateModified\":\"2023-03-19T22:08:51+00:00\",\"author\":{\"@id\":\"https:\/\/www.africa-press.net\/congo-brazzaville\/#\/schema\/person\/2b1cf3cd81a31e3cd26889ca66d677f1\"},\"description\":\"Le nouveau pre\u0301sident national de l\u2019Association des finalistes de l\u2019e\u0301cole normale des instituteurs de Brazzaville (A ...\",\"breadcrumb\":{\"@id\":\"https:\/\/www.africa-press.net\/congo-brazzaville\/toutes-les-actualites\/lafenib-sollicite-un-quota-de-10-mille-places-dintegration-des-enseignants#breadcrumb\"},\"inLanguage\":\"fr-FR\",\"potentialAction\":[{\"@type\":\"ReadAction\",\"target\":[\"https:\/\/www.africa-press.net\/congo-brazzaville\/toutes-les-actualites\/lafenib-sollicite-un-quota-de-10-mille-places-dintegration-des-enseignants\"]}]},{\"@type\":\"ImageObject\",\"inLanguage\":\"fr-FR\",\"@id\":\"https:\/\/www.africa-press.net\/congo-brazzaville\/toutes-les-actualites\/lafenib-sollicite-un-quota-de-10-mille-places-dintegration-des-enseignants#primaryimage\",\"url\":\"https:\/\/static.africa-press.net\/congo-brazzaville\/sites\/51\/2023\/03\/postQueueImg_1679250030.49.jpg\",\"contentUrl\":\"https:\/\/static.africa-press.net\/congo-brazzaville\/sites\/51\/2023\/03\/postQueueImg_1679250030.49.jpg\",\"width\":785,\"height\":430,\"caption\":\"l\u2019afenib\u00a0sollicite un quota de 10 mille places d\u2019int\u00e9gration des enseignants\"},{\"@type\":\"BreadcrumbList\",\"@id\":\"https:\/\/www.africa-press.net\/congo-brazzaville\/toutes-les-actualites\/lafenib-sollicite-un-quota-de-10-mille-places-dintegration-des-enseignants#breadcrumb\",\"itemListElement\":[{\"@type\":\"ListItem\",\"position\":1,\"name\":\"Accueil\",\"item\":\"https:\/\/www.africa-press.net\/congo-brazzaville\/\"},{\"@type\":\"ListItem\",\"position\":2,\"name\":\"l\u2019afenib\u00a0sollicite un quota de 10 mille places d\u2019int\u00e9gration des enseignants\"}]},{\"@type\":\"WebSite\",\"@id\":\"https:\/\/www.africa-press.net\/congo-brazzaville\/#website\",\"url\":\"https:\/\/www.africa-press.net\/congo-brazzaville\/\",\"name\":\"Congo Brazzaville\",\"description\":\"Just another Africa News Agency Sites site\",\"potentialAction\":[{\"@type\":\"SearchAction\",\"target\":{\"@type\":\"EntryPoint\",\"urlTemplate\":\"https:\/\/www.africa-press.net\/congo-brazzaville\/?s={search_term_string}\"},\"query-input\":{\"@type\":\"PropertyValueSpecification\",\"valueRequired\":true,\"valueName\":\"search_term_string\"}}],\"inLanguage\":\"fr-FR\"},{\"@type\":\"Person\",\"@id\":\"https:\/\/www.africa-press.net\/congo-brazzaville\/#\/schema\/person\/2b1cf3cd81a31e3cd26889ca66d677f1\",\"name\":\"cfeditorfr\"}]}<\/script>\n<!-- \/ Yoast SEO Premium plugin. -->","yoast_head_json":{"title":"l\u2019afenib\u00a0sollicite un quota de 10 mille places d\u2019int\u00e9gration des enseignants - Congo Brazzaville","description":"Le nouveau pre\u0301sident national de l\u2019Association des finalistes de l\u2019e\u0301cole normale des instituteurs de Brazzaville (A ...","robots":{"index":"index","follow":"follow","max-snippet":"max-snippet:-1","max-image-preview":"max-image-preview:large","max-video-preview":"max-video-preview:-1"},"canonical":"https:\/\/www.africa-press.net\/congo-brazzaville\/toutes-les-actualites\/lafenib-sollicite-un-quota-de-10-mille-places-dintegration-des-enseignants","og_locale":"fr_FR","og_type":"article","og_title":"l\u2019afenib\u00a0sollicite un quota de 10 mille places d\u2019int\u00e9gration des enseignants","og_description":"Le nouveau pre\u0301sident national de l\u2019Association des finalistes de l\u2019e\u0301cole normale des instituteurs de Brazzaville (A ...","og_url":"https:\/\/www.africa-press.net\/congo-brazzaville\/toutes-les-actualites\/lafenib-sollicite-un-quota-de-10-mille-places-dintegration-des-enseignants","og_site_name":"Congo Brazzaville","article_published_time":"2023-03-19T21:49:47+00:00","article_modified_time":"2023-03-19T22:08:51+00:00","og_image":[{"width":785,"height":430,"url":"https:\/\/static.africa-press.net\/congo-brazzaville\/sites\/51\/2023\/03\/postQueueImg_1679250030.49.jpg","type":"image\/jpeg"}],"author":"cfeditorfr","twitter_card":"summary_large_image","twitter_misc":{"\u00c9crit par":"cfeditorfr","Dur\u00e9e de lecture estim\u00e9e":"2 minutes"},"schema":{"@context":"https:\/\/schema.org","@graph":[{"@type":"Article","@id":"https:\/\/www.africa-press.net\/congo-brazzaville\/toutes-les-actualites\/lafenib-sollicite-un-quota-de-10-mille-places-dintegration-des-enseignants#article","isPartOf":{"@id":"https:\/\/www.africa-press.net\/congo-brazzaville\/toutes-les-actualites\/lafenib-sollicite-un-quota-de-10-mille-places-dintegration-des-enseignants"},"author":{"name":"cfeditorfr","@id":"https:\/\/www.africa-press.net\/congo-brazzaville\/#\/schema\/person\/2b1cf3cd81a31e3cd26889ca66d677f1"},"headline":"l\u2019afenib\u00a0sollicite un quota de 10 mille places d\u2019int\u00e9gration des enseignants","datePublished":"2023-03-19T21:49:47+00:00","dateModified":"2023-03-19T22:08:51+00:00","mainEntityOfPage":{"@id":"https:\/\/www.africa-press.net\/congo-brazzaville\/toutes-les-actualites\/lafenib-sollicite-un-quota-de-10-mille-places-dintegration-des-enseignants"},"wordCount":339,"commentCount":0,"image":{"@id":"https:\/\/www.africa-press.net\/congo-brazzaville\/toutes-les-actualites\/lafenib-sollicite-un-quota-de-10-mille-places-dintegration-des-enseignants#primaryimage"},"thumbnailUrl":"https:\/\/static.africa-press.net\/congo-brazzaville\/sites\/51\/2023\/03\/postQueueImg_1679250030.49.jpg","keywords":["Africa Press","Africa Press-Congo Brazzaville","Congo Brazzaville"],"articleSection":["Communaut\u00e9","Toutes les actualit\u00e9s"],"inLanguage":"fr-FR","potentialAction":[{"@type":"CommentAction","name":"Comment","target":["https:\/\/www.africa-press.net\/congo-brazzaville\/toutes-les-actualites\/lafenib-sollicite-un-quota-de-10-mille-places-dintegration-des-enseignants#respond"]}]},{"@type":"WebPage","@id":"https:\/\/www.africa-press.net\/congo-brazzaville\/toutes-les-actualites\/lafenib-sollicite-un-quota-de-10-mille-places-dintegration-des-enseignants","url":"https:\/\/www.africa-press.net\/congo-brazzaville\/toutes-les-actualites\/lafenib-sollicite-un-quota-de-10-mille-places-dintegration-des-enseignants","name":"l\u2019afenib\u00a0sollicite un quota de 10 mille places d\u2019int\u00e9gration des enseignants - Congo Brazzaville","isPartOf":{"@id":"https:\/\/www.africa-press.net\/congo-brazzaville\/#website"},"primaryImageOfPage":{"@id":"https:\/\/www.africa-press.net\/congo-brazzaville\/toutes-les-actualites\/lafenib-sollicite-un-quota-de-10-mille-places-dintegration-des-enseignants#primaryimage"},"image":{"@id":"https:\/\/www.africa-press.net\/congo-brazzaville\/toutes-les-actualites\/lafenib-sollicite-un-quota-de-10-mille-places-dintegration-des-enseignants#primaryimage"},"thumbnailUrl":"https:\/\/static.africa-press.net\/congo-brazzaville\/sites\/51\/2023\/03\/postQueueImg_1679250030.49.jpg","datePublished":"2023-03-19T21:49:47+00:00","dateModified":"2023-03-19T22:08:51+00:00","author":{"@id":"https:\/\/www.africa-press.net\/congo-brazzaville\/#\/schema\/person\/2b1cf3cd81a31e3cd26889ca66d677f1"},"description":"Le nouveau pre\u0301sident national de l\u2019Association des finalistes de l\u2019e\u0301cole normale des instituteurs de Brazzaville (A ...","breadcrumb":{"@id":"https:\/\/www.africa-press.net\/congo-brazzaville\/toutes-les-actualites\/lafenib-sollicite-un-quota-de-10-mille-places-dintegration-des-enseignants#breadcrumb"},"inLanguage":"fr-FR","potentialAction":[{"@type":"ReadAction","target":["https:\/\/www.africa-press.net\/congo-brazzaville\/toutes-les-actualites\/lafenib-sollicite-un-quota-de-10-mille-places-dintegration-des-enseignants"]}]},{"@type":"ImageObject","inLanguage":"fr-FR","@id":"https:\/\/www.africa-press.net\/congo-brazzaville\/toutes-les-actualites\/lafenib-sollicite-un-quota-de-10-mille-places-dintegration-des-enseignants#primaryimage","url":"https:\/\/static.africa-press.net\/congo-brazzaville\/sites\/51\/2023\/03\/postQueueImg_1679250030.49.jpg","contentUrl":"https:\/\/static.africa-press.net\/congo-brazzaville\/sites\/51\/2023\/03\/postQueueImg_1679250030.49.jpg","width":785,"height":430,"caption":"l\u2019afenib\u00a0sollicite un quota de 10 mille places d\u2019int\u00e9gration des enseignants"},{"@type":"BreadcrumbList","@id":"https:\/\/www.africa-press.net\/congo-brazzaville\/toutes-les-actualites\/lafenib-sollicite-un-quota-de-10-mille-places-dintegration-des-enseignants#breadcrumb","itemListElement":[{"@type":"ListItem","position":1,"name":"Accueil","item":"https:\/\/www.africa-press.net\/congo-brazzaville\/"},{"@type":"ListItem","position":2,"name":"l\u2019afenib\u00a0sollicite un quota de 10 mille places d\u2019int\u00e9gration des enseignants"}]},{"@type":"WebSite","@id":"https:\/\/www.africa-press.net\/congo-brazzaville\/#website","url":"https:\/\/www.africa-press.net\/congo-brazzaville\/","name":"Congo Brazzaville","description":"Just another Africa News Agency Sites site","potentialAction":[{"@type":"SearchAction","target":{"@type":"EntryPoint","urlTemplate":"https:\/\/www.africa-press.net\/congo-brazzaville\/?s={search_term_string}"},"query-input":{"@type":"PropertyValueSpecification","valueRequired":true,"valueName":"search_term_string"}}],"inLanguage":"fr-FR"},{"@type":"Person","@id":"https:\/\/www.africa-press.net\/congo-brazzaville\/#\/schema\/person\/2b1cf3cd81a31e3cd26889ca66d677f1","name":"cfeditorfr"}]}},"_links":{"self":[{"href":"https:\/\/www.africa-press.net\/congo-brazzaville\/wp-json\/wp\/v2\/posts\/15821","targetHints":{"allow":["GET"]}}],"collection":[{"href":"https:\/\/www.africa-press.net\/congo-brazzaville\/wp-json\/wp\/v2\/posts"}],"about":[{"href":"https:\/\/www.africa-press.net\/congo-brazzaville\/wp-json\/wp\/v2\/types\/post"}],"author":[{"embeddable":true,"href":"https:\/\/www.africa-press.net\/congo-brazzaville\/wp-json\/wp\/v2\/users\/82"}],"replies":[{"embeddable":true,"href":"https:\/\/www.africa-press.net\/congo-brazzaville\/wp-json\/wp\/v2\/comments?post=15821"}],"version-history":[{"count":0,"href":"https:\/\/www.africa-press.net\/congo-brazzaville\/wp-json\/wp\/v2\/posts\/15821\/revisions"}],"wp:featuredmedia":[{"embeddable":true,"href":"https:\/\/www.africa-press.net\/congo-brazzaville\/wp-json\/wp\/v2\/media\/15820"}],"wp:attachment":[{"href":"https:\/\/www.africa-press.net\/congo-brazzaville\/wp-json\/wp\/v2\/media?parent=15821"}],"wp:term":[{"taxonomy":"category","embeddable":true,"href":"https:\/\/www.africa-press.net\/congo-brazzaville\/wp-json\/wp\/v2\/categories?post=15821"},{"taxonomy":"post_tag","embeddable":true,"href":"https:\/\/www.africa-press.net\/congo-brazzaville\/wp-json\/wp\/v2\/tags?post=15821"}],"curies":[{"name":"wp","href":"https:\/\/api.w.org\/{rel}","templated":true}]}}