{"id":15824,"date":"2023-03-20T09:45:18","date_gmt":"2023-03-20T09:45:18","guid":{"rendered":"https:\/\/www.africa-press.net\/congo-brazzaville\/politique\/la-cooperation-economique-et-commerciale-en-vue-entre-le-congo-et-les-emirats-arabes-unis"},"modified":"2023-03-20T10:00:59","modified_gmt":"2023-03-20T10:00:59","slug":"la-cooperation-economique-et-commerciale-en-vue-entre-le-congo-et-les-emirats-arabes-unis","status":"publish","type":"post","link":"https:\/\/www.africa-press.net\/congo-brazzaville\/politique\/la-cooperation-economique-et-commerciale-en-vue-entre-le-congo-et-les-emirats-arabes-unis","title":{"rendered":"la coop\u00e9ration \u00e9conomique et commerciale en vue entre le congo et les emirats arabes unis"},"content":{"rendered":"<p><span style=\"color: #ff6600\"><strong>Africa-Press &#8211; Congo Brazzaville. <\/strong><\/span><b>Le ministre de la Coope\u0301ration internationale et de la promotion du partenariat Public-prive\u0301, Denis Christel Sassou Nguesso, s\u2019est entretenu le 15 mars a\u0300 Dubai\u0308 avec le ministre d\u2019Etat charge\u0301 du commerce exte\u0301rieur, Dr Thani Bin Ahmed Al Zeyoudi, sur la consolidation de la coope\u0301ration e\u0301conomique et commerciale entre le Congo et les Emirats arabes unis.<\/b><\/p>\n<p>L\u2019entretien entre le ministre congolais de la Coope\u0301ration internationale et le ministre d\u2019Etat charge\u0301 du commerce exte\u0301rieur des e\u0301mirats arabes unis, a permis aux deux personnalite\u0301s de parler des projets attraits aux e\u0301changes commerciaux entre les deux pays.<\/p>\n<p>A cette occasion, le ministre Denis Christel Sassou Nguesso, a\u0300 pre\u0301sente\u0301 les opportunite\u0301s d\u2019investissement offertes par le Congo, et les axes du Plan national de de\u0301veloppement 2022-2026 (PND).<\/p>\n<p>L\u2019ensemble de ces discussions devrait, a\u0300 terme, aboutir a\u0300 la signature d\u2019un accord qui de\u0301finira le cadre de la coope\u0301ration commerciale entre le Congo et les e\u0301mirats arabes unis.<\/p>\n<p>Denis Christel Sassou Nguesso a, en outre, invite\u0301 son homologue e\u0301mirien au Congo afin d\u2019e\u0301changer avec d\u2019autres membres du gouvernement dans l\u2019optique de tabler sur les projets sectoriels.<\/p>\n<p><strong>Pour plus d&rsquo;informations et d&rsquo;analyses sur la <a href=\"https:\/\/www.africa-press.net\/congo-brazzaville\">Congo Brazzaville<\/a>, suivez <a href=\"https:\/\/www.africa-press.net\/\">Africa-Press<\/a><\/strong><\/p>\n","protected":false},"excerpt":{"rendered":"<p>Africa-Press &#8211; Congo Brazzaville. Le ministre de la Coope\u0301ration internationale et de la promotion du partenariat Public-prive\u0301, Denis Christel Sassou Nguesso, s\u2019est entretenu le 15 mars a\u0300 Dubai\u0308 avec le ministre d\u2019Etat charge\u0301 du commerce exte\u0301rieur, Dr Thani Bin Ahmed Al Zeyoudi, sur la consolidation de la coope\u0301ration e\u0301conomique et commerciale entre le Congo et [&hellip;]<\/p>\n","protected":false},"author":82,"featured_media":15823,"comment_status":"open","ping_status":"closed","sticky":false,"template":"","format":"standard","meta":{"footnotes":""},"categories":[2,10],"tags":[36,47,46],"class_list":["post-15824","post","type-post","status-publish","format-standard","has-post-thumbnail","hentry","category-politique","category-toutes-les-actualites","tag-africa-press","tag-africa-press-congo-brazzaville","tag-congo-brazzaville"],"yoast_head":"<!-- This site is optimized with the Yoast SEO Premium plugin v26.1 (Yoast SEO v27.0) - https:\/\/yoast.com\/product\/yoast-seo-premium-wordpress\/ -->\n<title>la coop\u00e9ration \u00e9conomique et commerciale en vue entre le congo et les emirats arabes unis - Congo Brazzaville<\/title>\n<meta name=\"description\" content=\"Le ministre de la Coope\u0301ration internationale et de la promotion du partenariat Public-prive\u0301, Denis Christel Sassou ...\" \/>\n<meta name=\"robots\" content=\"index, follow, max-snippet:-1, max-image-preview:large, max-video-preview:-1\" \/>\n<link rel=\"canonical\" href=\"https:\/\/www.africa-press.net\/congo-brazzaville\/politique\/la-cooperation-economique-et-commerciale-en-vue-entre-le-congo-et-les-emirats-arabes-unis\" \/>\n<meta property=\"og:locale\" content=\"fr_FR\" \/>\n<meta property=\"og:type\" content=\"article\" \/>\n<meta property=\"og:title\" content=\"la coop\u00e9ration \u00e9conomique et commerciale en vue entre le congo et les emirats arabes unis\" \/>\n<meta property=\"og:description\" content=\"Le ministre de la Coope\u0301ration internationale et de la promotion du partenariat Public-prive\u0301, Denis Christel Sassou ...\" \/>\n<meta property=\"og:url\" content=\"https:\/\/www.africa-press.net\/congo-brazzaville\/politique\/la-cooperation-economique-et-commerciale-en-vue-entre-le-congo-et-les-emirats-arabes-unis\" \/>\n<meta property=\"og:site_name\" content=\"Congo Brazzaville\" \/>\n<meta property=\"article:published_time\" content=\"2023-03-20T09:45:18+00:00\" \/>\n<meta property=\"article:modified_time\" content=\"2023-03-20T10:00:59+00:00\" \/>\n<meta property=\"og:image\" content=\"https:\/\/static.africa-press.net\/congo-brazzaville\/sites\/51\/2023\/03\/postQueueImg_1679292969.66.jpg\" \/>\n\t<meta property=\"og:image:width\" content=\"707\" \/>\n\t<meta property=\"og:image:height\" content=\"432\" \/>\n\t<meta property=\"og:image:type\" content=\"image\/jpeg\" \/>\n<meta name=\"author\" content=\"cfeditorfr\" \/>\n<meta name=\"twitter:card\" content=\"summary_large_image\" \/>\n<meta name=\"twitter:label1\" content=\"\u00c9crit par\" \/>\n\t<meta name=\"twitter:data1\" content=\"cfeditorfr\" \/>\n\t<meta name=\"twitter:label2\" content=\"Dur\u00e9e de lecture estim\u00e9e\" \/>\n\t<meta name=\"twitter:data2\" content=\"1 minute\" \/>\n<script type=\"application\/ld+json\" class=\"yoast-schema-graph\">{\"@context\":\"https:\/\/schema.org\",\"@graph\":[{\"@type\":\"Article\",\"@id\":\"https:\/\/www.africa-press.net\/congo-brazzaville\/politique\/la-cooperation-economique-et-commerciale-en-vue-entre-le-congo-et-les-emirats-arabes-unis#article\",\"isPartOf\":{\"@id\":\"https:\/\/www.africa-press.net\/congo-brazzaville\/politique\/la-cooperation-economique-et-commerciale-en-vue-entre-le-congo-et-les-emirats-arabes-unis\"},\"author\":{\"name\":\"cfeditorfr\",\"@id\":\"https:\/\/www.africa-press.net\/congo-brazzaville\/#\/schema\/person\/2b1cf3cd81a31e3cd26889ca66d677f1\"},\"headline\":\"la coop\u00e9ration \u00e9conomique et commerciale en vue entre le congo et les emirats arabes unis\",\"datePublished\":\"2023-03-20T09:45:18+00:00\",\"dateModified\":\"2023-03-20T10:00:59+00:00\",\"mainEntityOfPage\":{\"@id\":\"https:\/\/www.africa-press.net\/congo-brazzaville\/politique\/la-cooperation-economique-et-commerciale-en-vue-entre-le-congo-et-les-emirats-arabes-unis\"},\"wordCount\":237,\"commentCount\":0,\"image\":{\"@id\":\"https:\/\/www.africa-press.net\/congo-brazzaville\/politique\/la-cooperation-economique-et-commerciale-en-vue-entre-le-congo-et-les-emirats-arabes-unis#primaryimage\"},\"thumbnailUrl\":\"https:\/\/static.africa-press.net\/congo-brazzaville\/sites\/51\/2023\/03\/postQueueImg_1679292969.66.jpg\",\"keywords\":[\"Africa Press\",\"Africa Press-Congo Brazzaville\",\"Congo Brazzaville\"],\"articleSection\":[\"Politique\",\"Toutes les actualit\u00e9s\"],\"inLanguage\":\"fr-FR\",\"potentialAction\":[{\"@type\":\"CommentAction\",\"name\":\"Comment\",\"target\":[\"https:\/\/www.africa-press.net\/congo-brazzaville\/politique\/la-cooperation-economique-et-commerciale-en-vue-entre-le-congo-et-les-emirats-arabes-unis#respond\"]}]},{\"@type\":\"WebPage\",\"@id\":\"https:\/\/www.africa-press.net\/congo-brazzaville\/politique\/la-cooperation-economique-et-commerciale-en-vue-entre-le-congo-et-les-emirats-arabes-unis\",\"url\":\"https:\/\/www.africa-press.net\/congo-brazzaville\/politique\/la-cooperation-economique-et-commerciale-en-vue-entre-le-congo-et-les-emirats-arabes-unis\",\"name\":\"la coop\u00e9ration \u00e9conomique et commerciale en vue entre le congo et les emirats arabes unis - Congo Brazzaville\",\"isPartOf\":{\"@id\":\"https:\/\/www.africa-press.net\/congo-brazzaville\/#website\"},\"primaryImageOfPage\":{\"@id\":\"https:\/\/www.africa-press.net\/congo-brazzaville\/politique\/la-cooperation-economique-et-commerciale-en-vue-entre-le-congo-et-les-emirats-arabes-unis#primaryimage\"},\"image\":{\"@id\":\"https:\/\/www.africa-press.net\/congo-brazzaville\/politique\/la-cooperation-economique-et-commerciale-en-vue-entre-le-congo-et-les-emirats-arabes-unis#primaryimage\"},\"thumbnailUrl\":\"https:\/\/static.africa-press.net\/congo-brazzaville\/sites\/51\/2023\/03\/postQueueImg_1679292969.66.jpg\",\"datePublished\":\"2023-03-20T09:45:18+00:00\",\"dateModified\":\"2023-03-20T10:00:59+00:00\",\"author\":{\"@id\":\"https:\/\/www.africa-press.net\/congo-brazzaville\/#\/schema\/person\/2b1cf3cd81a31e3cd26889ca66d677f1\"},\"description\":\"Le ministre de la Coope\u0301ration internationale et de la promotion du partenariat Public-prive\u0301, Denis Christel Sassou ...\",\"breadcrumb\":{\"@id\":\"https:\/\/www.africa-press.net\/congo-brazzaville\/politique\/la-cooperation-economique-et-commerciale-en-vue-entre-le-congo-et-les-emirats-arabes-unis#breadcrumb\"},\"inLanguage\":\"fr-FR\",\"potentialAction\":[{\"@type\":\"ReadAction\",\"target\":[\"https:\/\/www.africa-press.net\/congo-brazzaville\/politique\/la-cooperation-economique-et-commerciale-en-vue-entre-le-congo-et-les-emirats-arabes-unis\"]}]},{\"@type\":\"ImageObject\",\"inLanguage\":\"fr-FR\",\"@id\":\"https:\/\/www.africa-press.net\/congo-brazzaville\/politique\/la-cooperation-economique-et-commerciale-en-vue-entre-le-congo-et-les-emirats-arabes-unis#primaryimage\",\"url\":\"https:\/\/static.africa-press.net\/congo-brazzaville\/sites\/51\/2023\/03\/postQueueImg_1679292969.66.jpg\",\"contentUrl\":\"https:\/\/static.africa-press.net\/congo-brazzaville\/sites\/51\/2023\/03\/postQueueImg_1679292969.66.jpg\",\"width\":707,\"height\":432,\"caption\":\"la coop\u00e9ration \u00e9conomique et commerciale en vue entre le congo et les emirats arabes unis\"},{\"@type\":\"BreadcrumbList\",\"@id\":\"https:\/\/www.africa-press.net\/congo-brazzaville\/politique\/la-cooperation-economique-et-commerciale-en-vue-entre-le-congo-et-les-emirats-arabes-unis#breadcrumb\",\"itemListElement\":[{\"@type\":\"ListItem\",\"position\":1,\"name\":\"Accueil\",\"item\":\"https:\/\/www.africa-press.net\/congo-brazzaville\/\"},{\"@type\":\"ListItem\",\"position\":2,\"name\":\"la coop\u00e9ration \u00e9conomique et commerciale en vue entre le congo et les emirats arabes unis\"}]},{\"@type\":\"WebSite\",\"@id\":\"https:\/\/www.africa-press.net\/congo-brazzaville\/#website\",\"url\":\"https:\/\/www.africa-press.net\/congo-brazzaville\/\",\"name\":\"Congo Brazzaville\",\"description\":\"Just another Africa News Agency Sites site\",\"potentialAction\":[{\"@type\":\"SearchAction\",\"target\":{\"@type\":\"EntryPoint\",\"urlTemplate\":\"https:\/\/www.africa-press.net\/congo-brazzaville\/?s={search_term_string}\"},\"query-input\":{\"@type\":\"PropertyValueSpecification\",\"valueRequired\":true,\"valueName\":\"search_term_string\"}}],\"inLanguage\":\"fr-FR\"},{\"@type\":\"Person\",\"@id\":\"https:\/\/www.africa-press.net\/congo-brazzaville\/#\/schema\/person\/2b1cf3cd81a31e3cd26889ca66d677f1\",\"name\":\"cfeditorfr\"}]}<\/script>\n<!-- \/ Yoast SEO Premium plugin. -->","yoast_head_json":{"title":"la coop\u00e9ration \u00e9conomique et commerciale en vue entre le congo et les emirats arabes unis - Congo Brazzaville","description":"Le ministre de la Coope\u0301ration internationale et de la promotion du partenariat Public-prive\u0301, Denis Christel Sassou ...","robots":{"index":"index","follow":"follow","max-snippet":"max-snippet:-1","max-image-preview":"max-image-preview:large","max-video-preview":"max-video-preview:-1"},"canonical":"https:\/\/www.africa-press.net\/congo-brazzaville\/politique\/la-cooperation-economique-et-commerciale-en-vue-entre-le-congo-et-les-emirats-arabes-unis","og_locale":"fr_FR","og_type":"article","og_title":"la coop\u00e9ration \u00e9conomique et commerciale en vue entre le congo et les emirats arabes unis","og_description":"Le ministre de la Coope\u0301ration internationale et de la promotion du partenariat Public-prive\u0301, Denis Christel Sassou ...","og_url":"https:\/\/www.africa-press.net\/congo-brazzaville\/politique\/la-cooperation-economique-et-commerciale-en-vue-entre-le-congo-et-les-emirats-arabes-unis","og_site_name":"Congo Brazzaville","article_published_time":"2023-03-20T09:45:18+00:00","article_modified_time":"2023-03-20T10:00:59+00:00","og_image":[{"width":707,"height":432,"url":"https:\/\/static.africa-press.net\/congo-brazzaville\/sites\/51\/2023\/03\/postQueueImg_1679292969.66.jpg","type":"image\/jpeg"}],"author":"cfeditorfr","twitter_card":"summary_large_image","twitter_misc":{"\u00c9crit par":"cfeditorfr","Dur\u00e9e de lecture estim\u00e9e":"1 minute"},"schema":{"@context":"https:\/\/schema.org","@graph":[{"@type":"Article","@id":"https:\/\/www.africa-press.net\/congo-brazzaville\/politique\/la-cooperation-economique-et-commerciale-en-vue-entre-le-congo-et-les-emirats-arabes-unis#article","isPartOf":{"@id":"https:\/\/www.africa-press.net\/congo-brazzaville\/politique\/la-cooperation-economique-et-commerciale-en-vue-entre-le-congo-et-les-emirats-arabes-unis"},"author":{"name":"cfeditorfr","@id":"https:\/\/www.africa-press.net\/congo-brazzaville\/#\/schema\/person\/2b1cf3cd81a31e3cd26889ca66d677f1"},"headline":"la coop\u00e9ration \u00e9conomique et commerciale en vue entre le congo et les emirats arabes unis","datePublished":"2023-03-20T09:45:18+00:00","dateModified":"2023-03-20T10:00:59+00:00","mainEntityOfPage":{"@id":"https:\/\/www.africa-press.net\/congo-brazzaville\/politique\/la-cooperation-economique-et-commerciale-en-vue-entre-le-congo-et-les-emirats-arabes-unis"},"wordCount":237,"commentCount":0,"image":{"@id":"https:\/\/www.africa-press.net\/congo-brazzaville\/politique\/la-cooperation-economique-et-commerciale-en-vue-entre-le-congo-et-les-emirats-arabes-unis#primaryimage"},"thumbnailUrl":"https:\/\/static.africa-press.net\/congo-brazzaville\/sites\/51\/2023\/03\/postQueueImg_1679292969.66.jpg","keywords":["Africa Press","Africa Press-Congo Brazzaville","Congo Brazzaville"],"articleSection":["Politique","Toutes les actualit\u00e9s"],"inLanguage":"fr-FR","potentialAction":[{"@type":"CommentAction","name":"Comment","target":["https:\/\/www.africa-press.net\/congo-brazzaville\/politique\/la-cooperation-economique-et-commerciale-en-vue-entre-le-congo-et-les-emirats-arabes-unis#respond"]}]},{"@type":"WebPage","@id":"https:\/\/www.africa-press.net\/congo-brazzaville\/politique\/la-cooperation-economique-et-commerciale-en-vue-entre-le-congo-et-les-emirats-arabes-unis","url":"https:\/\/www.africa-press.net\/congo-brazzaville\/politique\/la-cooperation-economique-et-commerciale-en-vue-entre-le-congo-et-les-emirats-arabes-unis","name":"la coop\u00e9ration \u00e9conomique et commerciale en vue entre le congo et les emirats arabes unis - Congo Brazzaville","isPartOf":{"@id":"https:\/\/www.africa-press.net\/congo-brazzaville\/#website"},"primaryImageOfPage":{"@id":"https:\/\/www.africa-press.net\/congo-brazzaville\/politique\/la-cooperation-economique-et-commerciale-en-vue-entre-le-congo-et-les-emirats-arabes-unis#primaryimage"},"image":{"@id":"https:\/\/www.africa-press.net\/congo-brazzaville\/politique\/la-cooperation-economique-et-commerciale-en-vue-entre-le-congo-et-les-emirats-arabes-unis#primaryimage"},"thumbnailUrl":"https:\/\/static.africa-press.net\/congo-brazzaville\/sites\/51\/2023\/03\/postQueueImg_1679292969.66.jpg","datePublished":"2023-03-20T09:45:18+00:00","dateModified":"2023-03-20T10:00:59+00:00","author":{"@id":"https:\/\/www.africa-press.net\/congo-brazzaville\/#\/schema\/person\/2b1cf3cd81a31e3cd26889ca66d677f1"},"description":"Le ministre de la Coope\u0301ration internationale et de la promotion du partenariat Public-prive\u0301, Denis Christel Sassou ...","breadcrumb":{"@id":"https:\/\/www.africa-press.net\/congo-brazzaville\/politique\/la-cooperation-economique-et-commerciale-en-vue-entre-le-congo-et-les-emirats-arabes-unis#breadcrumb"},"inLanguage":"fr-FR","potentialAction":[{"@type":"ReadAction","target":["https:\/\/www.africa-press.net\/congo-brazzaville\/politique\/la-cooperation-economique-et-commerciale-en-vue-entre-le-congo-et-les-emirats-arabes-unis"]}]},{"@type":"ImageObject","inLanguage":"fr-FR","@id":"https:\/\/www.africa-press.net\/congo-brazzaville\/politique\/la-cooperation-economique-et-commerciale-en-vue-entre-le-congo-et-les-emirats-arabes-unis#primaryimage","url":"https:\/\/static.africa-press.net\/congo-brazzaville\/sites\/51\/2023\/03\/postQueueImg_1679292969.66.jpg","contentUrl":"https:\/\/static.africa-press.net\/congo-brazzaville\/sites\/51\/2023\/03\/postQueueImg_1679292969.66.jpg","width":707,"height":432,"caption":"la coop\u00e9ration \u00e9conomique et commerciale en vue entre le congo et les emirats arabes unis"},{"@type":"BreadcrumbList","@id":"https:\/\/www.africa-press.net\/congo-brazzaville\/politique\/la-cooperation-economique-et-commerciale-en-vue-entre-le-congo-et-les-emirats-arabes-unis#breadcrumb","itemListElement":[{"@type":"ListItem","position":1,"name":"Accueil","item":"https:\/\/www.africa-press.net\/congo-brazzaville\/"},{"@type":"ListItem","position":2,"name":"la coop\u00e9ration \u00e9conomique et commerciale en vue entre le congo et les emirats arabes unis"}]},{"@type":"WebSite","@id":"https:\/\/www.africa-press.net\/congo-brazzaville\/#website","url":"https:\/\/www.africa-press.net\/congo-brazzaville\/","name":"Congo Brazzaville","description":"Just another Africa News Agency Sites site","potentialAction":[{"@type":"SearchAction","target":{"@type":"EntryPoint","urlTemplate":"https:\/\/www.africa-press.net\/congo-brazzaville\/?s={search_term_string}"},"query-input":{"@type":"PropertyValueSpecification","valueRequired":true,"valueName":"search_term_string"}}],"inLanguage":"fr-FR"},{"@type":"Person","@id":"https:\/\/www.africa-press.net\/congo-brazzaville\/#\/schema\/person\/2b1cf3cd81a31e3cd26889ca66d677f1","name":"cfeditorfr"}]}},"_links":{"self":[{"href":"https:\/\/www.africa-press.net\/congo-brazzaville\/wp-json\/wp\/v2\/posts\/15824","targetHints":{"allow":["GET"]}}],"collection":[{"href":"https:\/\/www.africa-press.net\/congo-brazzaville\/wp-json\/wp\/v2\/posts"}],"about":[{"href":"https:\/\/www.africa-press.net\/congo-brazzaville\/wp-json\/wp\/v2\/types\/post"}],"author":[{"embeddable":true,"href":"https:\/\/www.africa-press.net\/congo-brazzaville\/wp-json\/wp\/v2\/users\/82"}],"replies":[{"embeddable":true,"href":"https:\/\/www.africa-press.net\/congo-brazzaville\/wp-json\/wp\/v2\/comments?post=15824"}],"version-history":[{"count":0,"href":"https:\/\/www.africa-press.net\/congo-brazzaville\/wp-json\/wp\/v2\/posts\/15824\/revisions"}],"wp:featuredmedia":[{"embeddable":true,"href":"https:\/\/www.africa-press.net\/congo-brazzaville\/wp-json\/wp\/v2\/media\/15823"}],"wp:attachment":[{"href":"https:\/\/www.africa-press.net\/congo-brazzaville\/wp-json\/wp\/v2\/media?parent=15824"}],"wp:term":[{"taxonomy":"category","embeddable":true,"href":"https:\/\/www.africa-press.net\/congo-brazzaville\/wp-json\/wp\/v2\/categories?post=15824"},{"taxonomy":"post_tag","embeddable":true,"href":"https:\/\/www.africa-press.net\/congo-brazzaville\/wp-json\/wp\/v2\/tags?post=15824"}],"curies":[{"name":"wp","href":"https:\/\/api.w.org\/{rel}","templated":true}]}}