{"id":15826,"date":"2023-03-20T09:45:34","date_gmt":"2023-03-20T09:45:34","guid":{"rendered":"https:\/\/www.africa-press.net\/congo-brazzaville\/politique\/les-commandants-des-zones-doivent-sapproprier-les-orientations-du-chef-de-letat"},"modified":"2023-03-20T10:01:22","modified_gmt":"2023-03-20T10:01:22","slug":"les-commandants-des-zones-doivent-sapproprier-les-orientations-du-chef-de-letat","status":"publish","type":"post","link":"https:\/\/www.africa-press.net\/congo-brazzaville\/politique\/les-commandants-des-zones-doivent-sapproprier-les-orientations-du-chef-de-letat","title":{"rendered":"les commandants des zones doivent s\u2019approprier les orientations du chef de l\u2019etat"},"content":{"rendered":"<p><span style=\"color: #ff6600\"><strong>Africa-Press &#8211; Congo Brazzaville. <\/strong><\/span><b>Le Chef d\u2019Etat-major ge\u0301ne\u0301ral des Forces arme\u0301es congolaises, le ge\u0301ne\u0301ral Guy Blanchard Okoi\u0308 a appele\u0301 le 16 mars a\u0300 Brazzaville, les commandants organiques et de zones a\u0300 s\u2019approprier les orientations du Pre\u0301sident de la Re\u0301publique, Denis Sassou N\u2019Guesso.<\/b><\/p>\n<p>Outre les instructions du commandant supre\u0302me des Forces arme\u0301es congolaises, les hautes directives du ministre de la De\u0301fense nationale et les instructions du Chef d\u2019Etat-major ge\u0301ne\u0301ral des forces arme\u0301es congolaises, sans oublier la loi portant orientation et programmation de la modernisation de la force publique qui constituent une \u00ab ligne de vie \u00bb pour le commandement militaire, a releve\u0301 le ge\u0301ne\u0301ral, Guy Blanchard Okoi\u0308 lors de la clo\u0302ture de la confe\u0301rence annuelle de planification des activite\u0301s des forces arme\u0301es congolaises.<\/p>\n<p>Il a demande\u0301 d\u2019ores et de\u0301ja\u0300 de finaliser les projets de budgets de l\u2019anne\u0301e 2024 et e\u0301laborer une pre\u0301vision sur trois voire quatre ans pour pouvoir avoir, comme aux e\u0301checs, deux ou trois coups d\u2019avance. D\u2019ou\u0300 l\u2019obligation d\u2019exiger au commandement militaire, l\u2019e\u0301laboration des plans d\u2019actions sur trois ans conse\u0301quemment.<\/p>\n<p>C\u2019est ainsi, a poursuivi le Chef d\u2019Etat-major ge\u0301ne\u0301ral qu\u2019il arriveront a\u0300 imple\u0301menter dans les logiciels de travail les sens me\u0302me de l\u2019anticipation dans les e\u0301tats-majors et dans les comportements des collaborateurs. Gra\u0302ce a\u0300 la planification, le chef militaire n\u2019est plus spectateur ou victime expiatoire, subissant, mais devient proactif, e\u0301loigne et re\u0301duit me\u0302me les surprises strate\u0301giques.<\/p>\n<p>Intervenant a\u0300 cette confe\u0301rence annuelle, le directeur des ope\u0301rations de l\u2019e\u0301tat-major ge\u0301ne\u0301ral des Forces arme\u0301es congolaises, le ge\u0301ne\u0301ral de brigade, Franc\u0327ois Ossele\u0301 a fait savoir que tous les objectifs essentiels ont e\u0301te\u0301 atteints, dans la mesure ou\u0300 toutes les activite\u0301s et les centres d\u2019inte\u0301re\u0302t ont fait l\u2019objet d\u2019un certain nombre de de\u0301veloppement. Et a\u0300 l\u2019issue du traitement de chaque centre d\u2019inte\u0301re\u0302t, ils ont table\u0301 sur les conclusions importantes.<\/p>\n<p>\u00ab Nous avons pu valider ensemble dans un cadre de responsabilite\u0301 partage\u0301e, les instructions, les documents de planification essentiels pour cette anne\u0301e. Il en est de me\u0302me de re\u0301flexions lie\u0301es a\u0300 l\u2019ame\u0301lioration de tout le process de planification et de programmation au sein du ministe\u0300re de la De\u0301fense, pour mettre en cohe\u0301rence tout le processus de programmation budge\u0301taire, avec des proce\u0301dures de planification ope\u0301rationnelle, de sorte que toute la finalite\u0301 ope\u0301rationnelle des forces soit atteinte \u00bb, a-t-il indique\u0301 .<\/p>\n<p>La confe\u0301rence annuelle de planification des activite\u0301s des Forces arme\u0301es congolaises qui s\u2019est tenue du 14 au 16 mars a e\u0301te\u0301 axe\u0301e sur quatre centres d\u2019inte\u0301re\u0302t, a\u0300 savoir, l\u2019appre\u0301ciation du contexte ge\u0301ne\u0301ral et particulier d\u2019exe\u0301cution des activite\u0301s des Forces arme\u0301es congolaises, l\u2019examen et la validation des projets d\u2019instructions particulie\u0300res du Chef d\u2019e\u0301tat-major ge\u0301ne\u0301ral des Forces congolaises, la contribution a\u0300 l\u2019approfondissement du processus de programmation ge\u0301ne\u0301rale des activite\u0301s au sein du ministe\u0300re de la De\u0301fense nationale et enfin le renforcement des connaissances sur des the\u0301matiques en rapport avec la gestion des structures et l\u2019exercice du commandement.<\/p>\n<p><strong>Pour plus d&rsquo;informations et d&rsquo;analyses sur la <a href=\"https:\/\/www.africa-press.net\/congo-brazzaville\">Congo Brazzaville<\/a>, suivez <a href=\"https:\/\/www.africa-press.net\/\">Africa-Press<\/a><\/strong><\/p>\n","protected":false},"excerpt":{"rendered":"<p>Africa-Press &#8211; Congo Brazzaville. Le Chef d\u2019Etat-major ge\u0301ne\u0301ral des Forces arme\u0301es congolaises, le ge\u0301ne\u0301ral Guy Blanchard Okoi\u0308 a appele\u0301 le 16 mars a\u0300 Brazzaville, les commandants organiques et de zones a\u0300 s\u2019approprier les orientations du Pre\u0301sident de la Re\u0301publique, Denis Sassou N\u2019Guesso. Outre les instructions du commandant supre\u0302me des Forces arme\u0301es congolaises, les hautes directives [&hellip;]<\/p>\n","protected":false},"author":82,"featured_media":15825,"comment_status":"open","ping_status":"closed","sticky":false,"template":"","format":"standard","meta":{"footnotes":""},"categories":[2,10],"tags":[36,47,46],"class_list":["post-15826","post","type-post","status-publish","format-standard","has-post-thumbnail","hentry","category-politique","category-toutes-les-actualites","tag-africa-press","tag-africa-press-congo-brazzaville","tag-congo-brazzaville"],"yoast_head":"<!-- This site is optimized with the Yoast SEO Premium plugin v26.1 (Yoast SEO v27.0) - https:\/\/yoast.com\/product\/yoast-seo-premium-wordpress\/ -->\n<title>les commandants des zones doivent s\u2019approprier les orientations du chef de l\u2019etat - Congo Brazzaville<\/title>\n<meta name=\"description\" content=\"Le Chef d\u2019Etat-major ge\u0301ne\u0301ral des Forces arme\u0301es congolaises, le ge\u0301ne\u0301ral Guy Blanchard Okoi\u0308 a appele\u0301 le 16 mars ...\" \/>\n<meta name=\"robots\" content=\"index, follow, max-snippet:-1, max-image-preview:large, max-video-preview:-1\" \/>\n<link rel=\"canonical\" href=\"https:\/\/www.africa-press.net\/congo-brazzaville\/politique\/les-commandants-des-zones-doivent-sapproprier-les-orientations-du-chef-de-letat\" \/>\n<meta property=\"og:locale\" content=\"fr_FR\" \/>\n<meta property=\"og:type\" content=\"article\" \/>\n<meta property=\"og:title\" content=\"les commandants des zones doivent s\u2019approprier les orientations du chef de l\u2019etat\" \/>\n<meta property=\"og:description\" content=\"Le Chef d\u2019Etat-major ge\u0301ne\u0301ral des Forces arme\u0301es congolaises, le ge\u0301ne\u0301ral Guy Blanchard Okoi\u0308 a appele\u0301 le 16 mars ...\" \/>\n<meta property=\"og:url\" content=\"https:\/\/www.africa-press.net\/congo-brazzaville\/politique\/les-commandants-des-zones-doivent-sapproprier-les-orientations-du-chef-de-letat\" \/>\n<meta property=\"og:site_name\" content=\"Congo Brazzaville\" \/>\n<meta property=\"article:published_time\" content=\"2023-03-20T09:45:34+00:00\" \/>\n<meta property=\"article:modified_time\" content=\"2023-03-20T10:01:22+00:00\" \/>\n<meta property=\"og:image\" content=\"https:\/\/static.africa-press.net\/congo-brazzaville\/sites\/51\/2023\/03\/postQueueImg_1679292941.96.jpg\" \/>\n\t<meta property=\"og:image:width\" content=\"933\" \/>\n\t<meta property=\"og:image:height\" content=\"445\" \/>\n\t<meta property=\"og:image:type\" content=\"image\/jpeg\" \/>\n<meta name=\"author\" content=\"cfeditorfr\" \/>\n<meta name=\"twitter:card\" content=\"summary_large_image\" \/>\n<meta name=\"twitter:label1\" content=\"\u00c9crit par\" \/>\n\t<meta name=\"twitter:data1\" content=\"cfeditorfr\" \/>\n\t<meta name=\"twitter:label2\" content=\"Dur\u00e9e de lecture estim\u00e9e\" \/>\n\t<meta name=\"twitter:data2\" content=\"3 minutes\" \/>\n<script type=\"application\/ld+json\" class=\"yoast-schema-graph\">{\"@context\":\"https:\/\/schema.org\",\"@graph\":[{\"@type\":\"Article\",\"@id\":\"https:\/\/www.africa-press.net\/congo-brazzaville\/politique\/les-commandants-des-zones-doivent-sapproprier-les-orientations-du-chef-de-letat#article\",\"isPartOf\":{\"@id\":\"https:\/\/www.africa-press.net\/congo-brazzaville\/politique\/les-commandants-des-zones-doivent-sapproprier-les-orientations-du-chef-de-letat\"},\"author\":{\"name\":\"cfeditorfr\",\"@id\":\"https:\/\/www.africa-press.net\/congo-brazzaville\/#\/schema\/person\/2b1cf3cd81a31e3cd26889ca66d677f1\"},\"headline\":\"les commandants des zones doivent s\u2019approprier les orientations du chef de l\u2019etat\",\"datePublished\":\"2023-03-20T09:45:34+00:00\",\"dateModified\":\"2023-03-20T10:01:22+00:00\",\"mainEntityOfPage\":{\"@id\":\"https:\/\/www.africa-press.net\/congo-brazzaville\/politique\/les-commandants-des-zones-doivent-sapproprier-les-orientations-du-chef-de-letat\"},\"wordCount\":607,\"commentCount\":0,\"image\":{\"@id\":\"https:\/\/www.africa-press.net\/congo-brazzaville\/politique\/les-commandants-des-zones-doivent-sapproprier-les-orientations-du-chef-de-letat#primaryimage\"},\"thumbnailUrl\":\"https:\/\/static.africa-press.net\/congo-brazzaville\/sites\/51\/2023\/03\/postQueueImg_1679292941.96.jpg\",\"keywords\":[\"Africa Press\",\"Africa Press-Congo Brazzaville\",\"Congo Brazzaville\"],\"articleSection\":[\"Politique\",\"Toutes les actualit\u00e9s\"],\"inLanguage\":\"fr-FR\",\"potentialAction\":[{\"@type\":\"CommentAction\",\"name\":\"Comment\",\"target\":[\"https:\/\/www.africa-press.net\/congo-brazzaville\/politique\/les-commandants-des-zones-doivent-sapproprier-les-orientations-du-chef-de-letat#respond\"]}]},{\"@type\":\"WebPage\",\"@id\":\"https:\/\/www.africa-press.net\/congo-brazzaville\/politique\/les-commandants-des-zones-doivent-sapproprier-les-orientations-du-chef-de-letat\",\"url\":\"https:\/\/www.africa-press.net\/congo-brazzaville\/politique\/les-commandants-des-zones-doivent-sapproprier-les-orientations-du-chef-de-letat\",\"name\":\"les commandants des zones doivent s\u2019approprier les orientations du chef de l\u2019etat - Congo Brazzaville\",\"isPartOf\":{\"@id\":\"https:\/\/www.africa-press.net\/congo-brazzaville\/#website\"},\"primaryImageOfPage\":{\"@id\":\"https:\/\/www.africa-press.net\/congo-brazzaville\/politique\/les-commandants-des-zones-doivent-sapproprier-les-orientations-du-chef-de-letat#primaryimage\"},\"image\":{\"@id\":\"https:\/\/www.africa-press.net\/congo-brazzaville\/politique\/les-commandants-des-zones-doivent-sapproprier-les-orientations-du-chef-de-letat#primaryimage\"},\"thumbnailUrl\":\"https:\/\/static.africa-press.net\/congo-brazzaville\/sites\/51\/2023\/03\/postQueueImg_1679292941.96.jpg\",\"datePublished\":\"2023-03-20T09:45:34+00:00\",\"dateModified\":\"2023-03-20T10:01:22+00:00\",\"author\":{\"@id\":\"https:\/\/www.africa-press.net\/congo-brazzaville\/#\/schema\/person\/2b1cf3cd81a31e3cd26889ca66d677f1\"},\"description\":\"Le Chef d\u2019Etat-major ge\u0301ne\u0301ral des Forces arme\u0301es congolaises, le ge\u0301ne\u0301ral Guy Blanchard Okoi\u0308 a appele\u0301 le 16 mars ...\",\"breadcrumb\":{\"@id\":\"https:\/\/www.africa-press.net\/congo-brazzaville\/politique\/les-commandants-des-zones-doivent-sapproprier-les-orientations-du-chef-de-letat#breadcrumb\"},\"inLanguage\":\"fr-FR\",\"potentialAction\":[{\"@type\":\"ReadAction\",\"target\":[\"https:\/\/www.africa-press.net\/congo-brazzaville\/politique\/les-commandants-des-zones-doivent-sapproprier-les-orientations-du-chef-de-letat\"]}]},{\"@type\":\"ImageObject\",\"inLanguage\":\"fr-FR\",\"@id\":\"https:\/\/www.africa-press.net\/congo-brazzaville\/politique\/les-commandants-des-zones-doivent-sapproprier-les-orientations-du-chef-de-letat#primaryimage\",\"url\":\"https:\/\/static.africa-press.net\/congo-brazzaville\/sites\/51\/2023\/03\/postQueueImg_1679292941.96.jpg\",\"contentUrl\":\"https:\/\/static.africa-press.net\/congo-brazzaville\/sites\/51\/2023\/03\/postQueueImg_1679292941.96.jpg\",\"width\":933,\"height\":445,\"caption\":\"les commandants des zones doivent s\u2019approprier les orientations du chef de l\u2019etat\"},{\"@type\":\"BreadcrumbList\",\"@id\":\"https:\/\/www.africa-press.net\/congo-brazzaville\/politique\/les-commandants-des-zones-doivent-sapproprier-les-orientations-du-chef-de-letat#breadcrumb\",\"itemListElement\":[{\"@type\":\"ListItem\",\"position\":1,\"name\":\"Accueil\",\"item\":\"https:\/\/www.africa-press.net\/congo-brazzaville\/\"},{\"@type\":\"ListItem\",\"position\":2,\"name\":\"les commandants des zones doivent s\u2019approprier les orientations du chef de l\u2019etat\"}]},{\"@type\":\"WebSite\",\"@id\":\"https:\/\/www.africa-press.net\/congo-brazzaville\/#website\",\"url\":\"https:\/\/www.africa-press.net\/congo-brazzaville\/\",\"name\":\"Congo Brazzaville\",\"description\":\"Just another Africa News Agency Sites site\",\"potentialAction\":[{\"@type\":\"SearchAction\",\"target\":{\"@type\":\"EntryPoint\",\"urlTemplate\":\"https:\/\/www.africa-press.net\/congo-brazzaville\/?s={search_term_string}\"},\"query-input\":{\"@type\":\"PropertyValueSpecification\",\"valueRequired\":true,\"valueName\":\"search_term_string\"}}],\"inLanguage\":\"fr-FR\"},{\"@type\":\"Person\",\"@id\":\"https:\/\/www.africa-press.net\/congo-brazzaville\/#\/schema\/person\/2b1cf3cd81a31e3cd26889ca66d677f1\",\"name\":\"cfeditorfr\"}]}<\/script>\n<!-- \/ Yoast SEO Premium plugin. -->","yoast_head_json":{"title":"les commandants des zones doivent s\u2019approprier les orientations du chef de l\u2019etat - Congo Brazzaville","description":"Le Chef d\u2019Etat-major ge\u0301ne\u0301ral des Forces arme\u0301es congolaises, le ge\u0301ne\u0301ral Guy Blanchard Okoi\u0308 a appele\u0301 le 16 mars ...","robots":{"index":"index","follow":"follow","max-snippet":"max-snippet:-1","max-image-preview":"max-image-preview:large","max-video-preview":"max-video-preview:-1"},"canonical":"https:\/\/www.africa-press.net\/congo-brazzaville\/politique\/les-commandants-des-zones-doivent-sapproprier-les-orientations-du-chef-de-letat","og_locale":"fr_FR","og_type":"article","og_title":"les commandants des zones doivent s\u2019approprier les orientations du chef de l\u2019etat","og_description":"Le Chef d\u2019Etat-major ge\u0301ne\u0301ral des Forces arme\u0301es congolaises, le ge\u0301ne\u0301ral Guy Blanchard Okoi\u0308 a appele\u0301 le 16 mars ...","og_url":"https:\/\/www.africa-press.net\/congo-brazzaville\/politique\/les-commandants-des-zones-doivent-sapproprier-les-orientations-du-chef-de-letat","og_site_name":"Congo Brazzaville","article_published_time":"2023-03-20T09:45:34+00:00","article_modified_time":"2023-03-20T10:01:22+00:00","og_image":[{"width":933,"height":445,"url":"https:\/\/static.africa-press.net\/congo-brazzaville\/sites\/51\/2023\/03\/postQueueImg_1679292941.96.jpg","type":"image\/jpeg"}],"author":"cfeditorfr","twitter_card":"summary_large_image","twitter_misc":{"\u00c9crit par":"cfeditorfr","Dur\u00e9e de lecture estim\u00e9e":"3 minutes"},"schema":{"@context":"https:\/\/schema.org","@graph":[{"@type":"Article","@id":"https:\/\/www.africa-press.net\/congo-brazzaville\/politique\/les-commandants-des-zones-doivent-sapproprier-les-orientations-du-chef-de-letat#article","isPartOf":{"@id":"https:\/\/www.africa-press.net\/congo-brazzaville\/politique\/les-commandants-des-zones-doivent-sapproprier-les-orientations-du-chef-de-letat"},"author":{"name":"cfeditorfr","@id":"https:\/\/www.africa-press.net\/congo-brazzaville\/#\/schema\/person\/2b1cf3cd81a31e3cd26889ca66d677f1"},"headline":"les commandants des zones doivent s\u2019approprier les orientations du chef de l\u2019etat","datePublished":"2023-03-20T09:45:34+00:00","dateModified":"2023-03-20T10:01:22+00:00","mainEntityOfPage":{"@id":"https:\/\/www.africa-press.net\/congo-brazzaville\/politique\/les-commandants-des-zones-doivent-sapproprier-les-orientations-du-chef-de-letat"},"wordCount":607,"commentCount":0,"image":{"@id":"https:\/\/www.africa-press.net\/congo-brazzaville\/politique\/les-commandants-des-zones-doivent-sapproprier-les-orientations-du-chef-de-letat#primaryimage"},"thumbnailUrl":"https:\/\/static.africa-press.net\/congo-brazzaville\/sites\/51\/2023\/03\/postQueueImg_1679292941.96.jpg","keywords":["Africa Press","Africa Press-Congo Brazzaville","Congo Brazzaville"],"articleSection":["Politique","Toutes les actualit\u00e9s"],"inLanguage":"fr-FR","potentialAction":[{"@type":"CommentAction","name":"Comment","target":["https:\/\/www.africa-press.net\/congo-brazzaville\/politique\/les-commandants-des-zones-doivent-sapproprier-les-orientations-du-chef-de-letat#respond"]}]},{"@type":"WebPage","@id":"https:\/\/www.africa-press.net\/congo-brazzaville\/politique\/les-commandants-des-zones-doivent-sapproprier-les-orientations-du-chef-de-letat","url":"https:\/\/www.africa-press.net\/congo-brazzaville\/politique\/les-commandants-des-zones-doivent-sapproprier-les-orientations-du-chef-de-letat","name":"les commandants des zones doivent s\u2019approprier les orientations du chef de l\u2019etat - Congo Brazzaville","isPartOf":{"@id":"https:\/\/www.africa-press.net\/congo-brazzaville\/#website"},"primaryImageOfPage":{"@id":"https:\/\/www.africa-press.net\/congo-brazzaville\/politique\/les-commandants-des-zones-doivent-sapproprier-les-orientations-du-chef-de-letat#primaryimage"},"image":{"@id":"https:\/\/www.africa-press.net\/congo-brazzaville\/politique\/les-commandants-des-zones-doivent-sapproprier-les-orientations-du-chef-de-letat#primaryimage"},"thumbnailUrl":"https:\/\/static.africa-press.net\/congo-brazzaville\/sites\/51\/2023\/03\/postQueueImg_1679292941.96.jpg","datePublished":"2023-03-20T09:45:34+00:00","dateModified":"2023-03-20T10:01:22+00:00","author":{"@id":"https:\/\/www.africa-press.net\/congo-brazzaville\/#\/schema\/person\/2b1cf3cd81a31e3cd26889ca66d677f1"},"description":"Le Chef d\u2019Etat-major ge\u0301ne\u0301ral des Forces arme\u0301es congolaises, le ge\u0301ne\u0301ral Guy Blanchard Okoi\u0308 a appele\u0301 le 16 mars ...","breadcrumb":{"@id":"https:\/\/www.africa-press.net\/congo-brazzaville\/politique\/les-commandants-des-zones-doivent-sapproprier-les-orientations-du-chef-de-letat#breadcrumb"},"inLanguage":"fr-FR","potentialAction":[{"@type":"ReadAction","target":["https:\/\/www.africa-press.net\/congo-brazzaville\/politique\/les-commandants-des-zones-doivent-sapproprier-les-orientations-du-chef-de-letat"]}]},{"@type":"ImageObject","inLanguage":"fr-FR","@id":"https:\/\/www.africa-press.net\/congo-brazzaville\/politique\/les-commandants-des-zones-doivent-sapproprier-les-orientations-du-chef-de-letat#primaryimage","url":"https:\/\/static.africa-press.net\/congo-brazzaville\/sites\/51\/2023\/03\/postQueueImg_1679292941.96.jpg","contentUrl":"https:\/\/static.africa-press.net\/congo-brazzaville\/sites\/51\/2023\/03\/postQueueImg_1679292941.96.jpg","width":933,"height":445,"caption":"les commandants des zones doivent s\u2019approprier les orientations du chef de l\u2019etat"},{"@type":"BreadcrumbList","@id":"https:\/\/www.africa-press.net\/congo-brazzaville\/politique\/les-commandants-des-zones-doivent-sapproprier-les-orientations-du-chef-de-letat#breadcrumb","itemListElement":[{"@type":"ListItem","position":1,"name":"Accueil","item":"https:\/\/www.africa-press.net\/congo-brazzaville\/"},{"@type":"ListItem","position":2,"name":"les commandants des zones doivent s\u2019approprier les orientations du chef de l\u2019etat"}]},{"@type":"WebSite","@id":"https:\/\/www.africa-press.net\/congo-brazzaville\/#website","url":"https:\/\/www.africa-press.net\/congo-brazzaville\/","name":"Congo Brazzaville","description":"Just another Africa News Agency Sites site","potentialAction":[{"@type":"SearchAction","target":{"@type":"EntryPoint","urlTemplate":"https:\/\/www.africa-press.net\/congo-brazzaville\/?s={search_term_string}"},"query-input":{"@type":"PropertyValueSpecification","valueRequired":true,"valueName":"search_term_string"}}],"inLanguage":"fr-FR"},{"@type":"Person","@id":"https:\/\/www.africa-press.net\/congo-brazzaville\/#\/schema\/person\/2b1cf3cd81a31e3cd26889ca66d677f1","name":"cfeditorfr"}]}},"_links":{"self":[{"href":"https:\/\/www.africa-press.net\/congo-brazzaville\/wp-json\/wp\/v2\/posts\/15826","targetHints":{"allow":["GET"]}}],"collection":[{"href":"https:\/\/www.africa-press.net\/congo-brazzaville\/wp-json\/wp\/v2\/posts"}],"about":[{"href":"https:\/\/www.africa-press.net\/congo-brazzaville\/wp-json\/wp\/v2\/types\/post"}],"author":[{"embeddable":true,"href":"https:\/\/www.africa-press.net\/congo-brazzaville\/wp-json\/wp\/v2\/users\/82"}],"replies":[{"embeddable":true,"href":"https:\/\/www.africa-press.net\/congo-brazzaville\/wp-json\/wp\/v2\/comments?post=15826"}],"version-history":[{"count":0,"href":"https:\/\/www.africa-press.net\/congo-brazzaville\/wp-json\/wp\/v2\/posts\/15826\/revisions"}],"wp:featuredmedia":[{"embeddable":true,"href":"https:\/\/www.africa-press.net\/congo-brazzaville\/wp-json\/wp\/v2\/media\/15825"}],"wp:attachment":[{"href":"https:\/\/www.africa-press.net\/congo-brazzaville\/wp-json\/wp\/v2\/media?parent=15826"}],"wp:term":[{"taxonomy":"category","embeddable":true,"href":"https:\/\/www.africa-press.net\/congo-brazzaville\/wp-json\/wp\/v2\/categories?post=15826"},{"taxonomy":"post_tag","embeddable":true,"href":"https:\/\/www.africa-press.net\/congo-brazzaville\/wp-json\/wp\/v2\/tags?post=15826"}],"curies":[{"name":"wp","href":"https:\/\/api.w.org\/{rel}","templated":true}]}}