{"id":15830,"date":"2023-03-20T09:45:47","date_gmt":"2023-03-20T09:45:47","guid":{"rendered":"https:\/\/www.africa-press.net\/congo-brazzaville\/politique\/lanuarc-annonce-la-mise-en-place-de-la-plateforme-cafe-panafricain"},"modified":"2023-03-20T10:01:44","modified_gmt":"2023-03-20T10:01:44","slug":"lanuarc-annonce-la-mise-en-place-de-la-plateforme-cafe-panafricain","status":"publish","type":"post","link":"https:\/\/www.africa-press.net\/congo-brazzaville\/economie\/lanuarc-annonce-la-mise-en-place-de-la-plateforme-cafe-panafricain","title":{"rendered":"l\u2019anuarc annonce la mise en place de la plateforme \u00ab\u00a0caf\u00e9 panafricain\u00a0\u00bb"},"content":{"rendered":"<p><span style=\"color: #ff6600\"><strong>Africa-Press &#8211; Congo Brazzaville. <\/strong><\/span><b>Le secre\u0301taire charge\u0301 de la promotion du patrimoine socioculturel, historique, touristique national et international de l\u2019Association nationale de l\u2019Union africaine en Re\u0301publique du Congo (ANUARC), Ramse\u0300s Bongolo a annonce\u0301 le 16 mars a\u0300 Brazzaville, la cre\u0301ation, au sein de cette structure, de la plateforme \u00ab Cafe\u0301 panafricain \u00bb. Cet espace dont le lancement officiel aura lieu le 25 du mois en cours vise a\u0300 mener des re\u0301flexions susceptibles de trouver des solutions durables pour l\u2019e\u0301mancipation du continent noir.<\/b><\/p>\n<p>\u00ab l\u2019Association nationale de l\u2019union africaine en Re\u0301publique du Congo a juge\u0301 bon de mettre en place une plateforme de libre expression, de de\u0301bats panafricains, afin que de la force des arguments et du choc des ide\u0301es jaillissent la lumie\u0300re, et qu\u2019e\u0301merge des propositions positives qui pourraient contribuer lentement, mais su\u0302rement a\u0300 l\u2019e\u0301rection de la renaissance africaine \u00bb, a indique\u0301 le secre\u0301taire charge\u0301 de la promotion du patrimoine socioculturel, historique, touristique national et international de l\u2019ANUARC, Ramse\u0300s Bongolo, au cours d\u2019un point de presse.<\/p>\n<p>\u00ab Le cafe\u0301 panafricain permettre de rendre les africains en ge\u0301ne\u0301ral et les congolais en particulier plus conscients de leur africanite\u0301, plus sensibles aux proble\u0300mes de l\u2019Afrique et plus combatifs quand il s\u2019agit de de\u0301fendre leur identite\u0301 culturelle et redorer le blason du continent noir dans les compe\u0301titions sportives, les rencontres culturelles, les milieux scientifiques, le domaine e\u0301conomique et l\u2019univers politique \u00bb, a-t-il ajoute\u0301.<\/p>\n<p>La secre\u0301taire charge\u0301e de l\u2019environnement, des e\u0301nergies nouvelles et renouvelables de de l\u2019Association nationale de l\u2019Union africaine en Re\u0301publique du Congo, Divine Malandila a releve\u0301 que cette association qui \u0153uvre pour la vulgarisation des ide\u0301aux de de\u0301veloppement de l\u2019Union africaine aupre\u0300s des populations, est membre de la fe\u0301de\u0301ration panafricaine des associations et clubs de l\u2019Union africaine, qui regroupe plus d\u2019une quarantaine d\u2019associations dans les diffe\u0301rents pays d\u2019Afrique, a-t-elle conclu.<\/p>\n<p><strong>Pour plus d&rsquo;informations et d&rsquo;analyses sur la <a href=\"https:\/\/www.africa-press.net\/congo-brazzaville\">Congo Brazzaville<\/a>, suivez <a href=\"https:\/\/www.africa-press.net\/\">Africa-Press<\/a><\/strong><\/p>\n","protected":false},"excerpt":{"rendered":"<p>Africa-Press &#8211; Congo Brazzaville. Le secre\u0301taire charge\u0301 de la promotion du patrimoine socioculturel, historique, touristique national et international de l\u2019Association nationale de l\u2019Union africaine en Re\u0301publique du Congo (ANUARC), Ramse\u0300s Bongolo a annonce\u0301 le 16 mars a\u0300 Brazzaville, la cre\u0301ation, au sein de cette structure, de la plateforme \u00ab Cafe\u0301 panafricain \u00bb. Cet espace dont [&hellip;]<\/p>\n","protected":false},"author":82,"featured_media":15829,"comment_status":"open","ping_status":"closed","sticky":false,"template":"","format":"standard","meta":{"footnotes":""},"categories":[3,10],"tags":[36,47,46],"class_list":["post-15830","post","type-post","status-publish","format-standard","has-post-thumbnail","hentry","category-economie","category-toutes-les-actualites","tag-africa-press","tag-africa-press-congo-brazzaville","tag-congo-brazzaville"],"yoast_head":"<!-- This site is optimized with the Yoast SEO Premium plugin v26.1 (Yoast SEO v27.0) - https:\/\/yoast.com\/product\/yoast-seo-premium-wordpress\/ -->\n<title>l\u2019anuarc annonce la mise en place de la plateforme \u00ab\u00a0caf\u00e9 panafricain\u00a0\u00bb - Congo Brazzaville<\/title>\n<meta name=\"description\" content=\"Le secre\u0301taire charge\u0301 de la promotion du patrimoine socioculturel, historique, touristique national et international ...\" \/>\n<meta name=\"robots\" content=\"index, follow, max-snippet:-1, max-image-preview:large, max-video-preview:-1\" \/>\n<link rel=\"canonical\" href=\"https:\/\/www.africa-press.net\/congo-brazzaville\/economie\/lanuarc-annonce-la-mise-en-place-de-la-plateforme-cafe-panafricain\" \/>\n<meta property=\"og:locale\" content=\"fr_FR\" \/>\n<meta property=\"og:type\" content=\"article\" \/>\n<meta property=\"og:title\" content=\"l\u2019anuarc annonce la mise en place de la plateforme \u00ab\u00a0caf\u00e9 panafricain\u00a0\u00bb\" \/>\n<meta property=\"og:description\" content=\"Le secre\u0301taire charge\u0301 de la promotion du patrimoine socioculturel, historique, touristique national et international ...\" \/>\n<meta property=\"og:url\" content=\"https:\/\/www.africa-press.net\/congo-brazzaville\/economie\/lanuarc-annonce-la-mise-en-place-de-la-plateforme-cafe-panafricain\" \/>\n<meta property=\"og:site_name\" content=\"Congo Brazzaville\" \/>\n<meta property=\"article:published_time\" content=\"2023-03-20T09:45:47+00:00\" \/>\n<meta property=\"article:modified_time\" content=\"2023-03-20T10:01:44+00:00\" \/>\n<meta property=\"og:image\" content=\"https:\/\/static.africa-press.net\/congo-brazzaville\/sites\/51\/2023\/03\/postQueueImg_1679292958.16.jpg\" \/>\n\t<meta property=\"og:image:width\" content=\"708\" \/>\n\t<meta property=\"og:image:height\" content=\"441\" \/>\n\t<meta property=\"og:image:type\" content=\"image\/jpeg\" \/>\n<meta name=\"author\" content=\"cfeditorfr\" \/>\n<meta name=\"twitter:card\" content=\"summary_large_image\" \/>\n<meta name=\"twitter:label1\" content=\"\u00c9crit par\" \/>\n\t<meta name=\"twitter:data1\" content=\"cfeditorfr\" \/>\n\t<meta name=\"twitter:label2\" content=\"Dur\u00e9e de lecture estim\u00e9e\" \/>\n\t<meta name=\"twitter:data2\" content=\"2 minutes\" \/>\n<script type=\"application\/ld+json\" class=\"yoast-schema-graph\">{\"@context\":\"https:\/\/schema.org\",\"@graph\":[{\"@type\":\"Article\",\"@id\":\"https:\/\/www.africa-press.net\/congo-brazzaville\/economie\/lanuarc-annonce-la-mise-en-place-de-la-plateforme-cafe-panafricain#article\",\"isPartOf\":{\"@id\":\"https:\/\/www.africa-press.net\/congo-brazzaville\/economie\/lanuarc-annonce-la-mise-en-place-de-la-plateforme-cafe-panafricain\"},\"author\":{\"name\":\"cfeditorfr\",\"@id\":\"https:\/\/www.africa-press.net\/congo-brazzaville\/#\/schema\/person\/2b1cf3cd81a31e3cd26889ca66d677f1\"},\"headline\":\"l\u2019anuarc annonce la mise en place de la plateforme \u00ab\u00a0caf\u00e9 panafricain\u00a0\u00bb\",\"datePublished\":\"2023-03-20T09:45:47+00:00\",\"dateModified\":\"2023-03-20T10:01:44+00:00\",\"mainEntityOfPage\":{\"@id\":\"https:\/\/www.africa-press.net\/congo-brazzaville\/economie\/lanuarc-annonce-la-mise-en-place-de-la-plateforme-cafe-panafricain\"},\"wordCount\":367,\"commentCount\":0,\"image\":{\"@id\":\"https:\/\/www.africa-press.net\/congo-brazzaville\/economie\/lanuarc-annonce-la-mise-en-place-de-la-plateforme-cafe-panafricain#primaryimage\"},\"thumbnailUrl\":\"https:\/\/static.africa-press.net\/congo-brazzaville\/sites\/51\/2023\/03\/postQueueImg_1679292958.16.jpg\",\"keywords\":[\"Africa Press\",\"Africa Press-Congo Brazzaville\",\"Congo Brazzaville\"],\"articleSection\":[\"\u00c9conomie\",\"Toutes les actualit\u00e9s\"],\"inLanguage\":\"fr-FR\",\"potentialAction\":[{\"@type\":\"CommentAction\",\"name\":\"Comment\",\"target\":[\"https:\/\/www.africa-press.net\/congo-brazzaville\/economie\/lanuarc-annonce-la-mise-en-place-de-la-plateforme-cafe-panafricain#respond\"]}]},{\"@type\":\"WebPage\",\"@id\":\"https:\/\/www.africa-press.net\/congo-brazzaville\/economie\/lanuarc-annonce-la-mise-en-place-de-la-plateforme-cafe-panafricain\",\"url\":\"https:\/\/www.africa-press.net\/congo-brazzaville\/economie\/lanuarc-annonce-la-mise-en-place-de-la-plateforme-cafe-panafricain\",\"name\":\"l\u2019anuarc annonce la mise en place de la plateforme \u00ab\u00a0caf\u00e9 panafricain\u00a0\u00bb - Congo Brazzaville\",\"isPartOf\":{\"@id\":\"https:\/\/www.africa-press.net\/congo-brazzaville\/#website\"},\"primaryImageOfPage\":{\"@id\":\"https:\/\/www.africa-press.net\/congo-brazzaville\/economie\/lanuarc-annonce-la-mise-en-place-de-la-plateforme-cafe-panafricain#primaryimage\"},\"image\":{\"@id\":\"https:\/\/www.africa-press.net\/congo-brazzaville\/economie\/lanuarc-annonce-la-mise-en-place-de-la-plateforme-cafe-panafricain#primaryimage\"},\"thumbnailUrl\":\"https:\/\/static.africa-press.net\/congo-brazzaville\/sites\/51\/2023\/03\/postQueueImg_1679292958.16.jpg\",\"datePublished\":\"2023-03-20T09:45:47+00:00\",\"dateModified\":\"2023-03-20T10:01:44+00:00\",\"author\":{\"@id\":\"https:\/\/www.africa-press.net\/congo-brazzaville\/#\/schema\/person\/2b1cf3cd81a31e3cd26889ca66d677f1\"},\"description\":\"Le secre\u0301taire charge\u0301 de la promotion du patrimoine socioculturel, historique, touristique national et international ...\",\"breadcrumb\":{\"@id\":\"https:\/\/www.africa-press.net\/congo-brazzaville\/economie\/lanuarc-annonce-la-mise-en-place-de-la-plateforme-cafe-panafricain#breadcrumb\"},\"inLanguage\":\"fr-FR\",\"potentialAction\":[{\"@type\":\"ReadAction\",\"target\":[\"https:\/\/www.africa-press.net\/congo-brazzaville\/economie\/lanuarc-annonce-la-mise-en-place-de-la-plateforme-cafe-panafricain\"]}]},{\"@type\":\"ImageObject\",\"inLanguage\":\"fr-FR\",\"@id\":\"https:\/\/www.africa-press.net\/congo-brazzaville\/economie\/lanuarc-annonce-la-mise-en-place-de-la-plateforme-cafe-panafricain#primaryimage\",\"url\":\"https:\/\/static.africa-press.net\/congo-brazzaville\/sites\/51\/2023\/03\/postQueueImg_1679292958.16.jpg\",\"contentUrl\":\"https:\/\/static.africa-press.net\/congo-brazzaville\/sites\/51\/2023\/03\/postQueueImg_1679292958.16.jpg\",\"width\":708,\"height\":441,\"caption\":\"l\u2019anuarc annonce la mise en place de la plateforme \u00ab\u00a0caf\u00e9 panafricain\u00a0\u00bb\"},{\"@type\":\"BreadcrumbList\",\"@id\":\"https:\/\/www.africa-press.net\/congo-brazzaville\/economie\/lanuarc-annonce-la-mise-en-place-de-la-plateforme-cafe-panafricain#breadcrumb\",\"itemListElement\":[{\"@type\":\"ListItem\",\"position\":1,\"name\":\"Accueil\",\"item\":\"https:\/\/www.africa-press.net\/congo-brazzaville\/\"},{\"@type\":\"ListItem\",\"position\":2,\"name\":\"l\u2019anuarc annonce la mise en place de la plateforme \u00ab\u00a0caf\u00e9 panafricain\u00a0\u00bb\"}]},{\"@type\":\"WebSite\",\"@id\":\"https:\/\/www.africa-press.net\/congo-brazzaville\/#website\",\"url\":\"https:\/\/www.africa-press.net\/congo-brazzaville\/\",\"name\":\"Congo Brazzaville\",\"description\":\"Just another Africa News Agency Sites site\",\"potentialAction\":[{\"@type\":\"SearchAction\",\"target\":{\"@type\":\"EntryPoint\",\"urlTemplate\":\"https:\/\/www.africa-press.net\/congo-brazzaville\/?s={search_term_string}\"},\"query-input\":{\"@type\":\"PropertyValueSpecification\",\"valueRequired\":true,\"valueName\":\"search_term_string\"}}],\"inLanguage\":\"fr-FR\"},{\"@type\":\"Person\",\"@id\":\"https:\/\/www.africa-press.net\/congo-brazzaville\/#\/schema\/person\/2b1cf3cd81a31e3cd26889ca66d677f1\",\"name\":\"cfeditorfr\"}]}<\/script>\n<!-- \/ Yoast SEO Premium plugin. -->","yoast_head_json":{"title":"l\u2019anuarc annonce la mise en place de la plateforme \u00ab\u00a0caf\u00e9 panafricain\u00a0\u00bb - Congo Brazzaville","description":"Le secre\u0301taire charge\u0301 de la promotion du patrimoine socioculturel, historique, touristique national et international ...","robots":{"index":"index","follow":"follow","max-snippet":"max-snippet:-1","max-image-preview":"max-image-preview:large","max-video-preview":"max-video-preview:-1"},"canonical":"https:\/\/www.africa-press.net\/congo-brazzaville\/economie\/lanuarc-annonce-la-mise-en-place-de-la-plateforme-cafe-panafricain","og_locale":"fr_FR","og_type":"article","og_title":"l\u2019anuarc annonce la mise en place de la plateforme \u00ab\u00a0caf\u00e9 panafricain\u00a0\u00bb","og_description":"Le secre\u0301taire charge\u0301 de la promotion du patrimoine socioculturel, historique, touristique national et international ...","og_url":"https:\/\/www.africa-press.net\/congo-brazzaville\/economie\/lanuarc-annonce-la-mise-en-place-de-la-plateforme-cafe-panafricain","og_site_name":"Congo Brazzaville","article_published_time":"2023-03-20T09:45:47+00:00","article_modified_time":"2023-03-20T10:01:44+00:00","og_image":[{"width":708,"height":441,"url":"https:\/\/static.africa-press.net\/congo-brazzaville\/sites\/51\/2023\/03\/postQueueImg_1679292958.16.jpg","type":"image\/jpeg"}],"author":"cfeditorfr","twitter_card":"summary_large_image","twitter_misc":{"\u00c9crit par":"cfeditorfr","Dur\u00e9e de lecture estim\u00e9e":"2 minutes"},"schema":{"@context":"https:\/\/schema.org","@graph":[{"@type":"Article","@id":"https:\/\/www.africa-press.net\/congo-brazzaville\/economie\/lanuarc-annonce-la-mise-en-place-de-la-plateforme-cafe-panafricain#article","isPartOf":{"@id":"https:\/\/www.africa-press.net\/congo-brazzaville\/economie\/lanuarc-annonce-la-mise-en-place-de-la-plateforme-cafe-panafricain"},"author":{"name":"cfeditorfr","@id":"https:\/\/www.africa-press.net\/congo-brazzaville\/#\/schema\/person\/2b1cf3cd81a31e3cd26889ca66d677f1"},"headline":"l\u2019anuarc annonce la mise en place de la plateforme \u00ab\u00a0caf\u00e9 panafricain\u00a0\u00bb","datePublished":"2023-03-20T09:45:47+00:00","dateModified":"2023-03-20T10:01:44+00:00","mainEntityOfPage":{"@id":"https:\/\/www.africa-press.net\/congo-brazzaville\/economie\/lanuarc-annonce-la-mise-en-place-de-la-plateforme-cafe-panafricain"},"wordCount":367,"commentCount":0,"image":{"@id":"https:\/\/www.africa-press.net\/congo-brazzaville\/economie\/lanuarc-annonce-la-mise-en-place-de-la-plateforme-cafe-panafricain#primaryimage"},"thumbnailUrl":"https:\/\/static.africa-press.net\/congo-brazzaville\/sites\/51\/2023\/03\/postQueueImg_1679292958.16.jpg","keywords":["Africa Press","Africa Press-Congo Brazzaville","Congo Brazzaville"],"articleSection":["\u00c9conomie","Toutes les actualit\u00e9s"],"inLanguage":"fr-FR","potentialAction":[{"@type":"CommentAction","name":"Comment","target":["https:\/\/www.africa-press.net\/congo-brazzaville\/economie\/lanuarc-annonce-la-mise-en-place-de-la-plateforme-cafe-panafricain#respond"]}]},{"@type":"WebPage","@id":"https:\/\/www.africa-press.net\/congo-brazzaville\/economie\/lanuarc-annonce-la-mise-en-place-de-la-plateforme-cafe-panafricain","url":"https:\/\/www.africa-press.net\/congo-brazzaville\/economie\/lanuarc-annonce-la-mise-en-place-de-la-plateforme-cafe-panafricain","name":"l\u2019anuarc annonce la mise en place de la plateforme \u00ab\u00a0caf\u00e9 panafricain\u00a0\u00bb - Congo Brazzaville","isPartOf":{"@id":"https:\/\/www.africa-press.net\/congo-brazzaville\/#website"},"primaryImageOfPage":{"@id":"https:\/\/www.africa-press.net\/congo-brazzaville\/economie\/lanuarc-annonce-la-mise-en-place-de-la-plateforme-cafe-panafricain#primaryimage"},"image":{"@id":"https:\/\/www.africa-press.net\/congo-brazzaville\/economie\/lanuarc-annonce-la-mise-en-place-de-la-plateforme-cafe-panafricain#primaryimage"},"thumbnailUrl":"https:\/\/static.africa-press.net\/congo-brazzaville\/sites\/51\/2023\/03\/postQueueImg_1679292958.16.jpg","datePublished":"2023-03-20T09:45:47+00:00","dateModified":"2023-03-20T10:01:44+00:00","author":{"@id":"https:\/\/www.africa-press.net\/congo-brazzaville\/#\/schema\/person\/2b1cf3cd81a31e3cd26889ca66d677f1"},"description":"Le secre\u0301taire charge\u0301 de la promotion du patrimoine socioculturel, historique, touristique national et international ...","breadcrumb":{"@id":"https:\/\/www.africa-press.net\/congo-brazzaville\/economie\/lanuarc-annonce-la-mise-en-place-de-la-plateforme-cafe-panafricain#breadcrumb"},"inLanguage":"fr-FR","potentialAction":[{"@type":"ReadAction","target":["https:\/\/www.africa-press.net\/congo-brazzaville\/economie\/lanuarc-annonce-la-mise-en-place-de-la-plateforme-cafe-panafricain"]}]},{"@type":"ImageObject","inLanguage":"fr-FR","@id":"https:\/\/www.africa-press.net\/congo-brazzaville\/economie\/lanuarc-annonce-la-mise-en-place-de-la-plateforme-cafe-panafricain#primaryimage","url":"https:\/\/static.africa-press.net\/congo-brazzaville\/sites\/51\/2023\/03\/postQueueImg_1679292958.16.jpg","contentUrl":"https:\/\/static.africa-press.net\/congo-brazzaville\/sites\/51\/2023\/03\/postQueueImg_1679292958.16.jpg","width":708,"height":441,"caption":"l\u2019anuarc annonce la mise en place de la plateforme \u00ab\u00a0caf\u00e9 panafricain\u00a0\u00bb"},{"@type":"BreadcrumbList","@id":"https:\/\/www.africa-press.net\/congo-brazzaville\/economie\/lanuarc-annonce-la-mise-en-place-de-la-plateforme-cafe-panafricain#breadcrumb","itemListElement":[{"@type":"ListItem","position":1,"name":"Accueil","item":"https:\/\/www.africa-press.net\/congo-brazzaville\/"},{"@type":"ListItem","position":2,"name":"l\u2019anuarc annonce la mise en place de la plateforme \u00ab\u00a0caf\u00e9 panafricain\u00a0\u00bb"}]},{"@type":"WebSite","@id":"https:\/\/www.africa-press.net\/congo-brazzaville\/#website","url":"https:\/\/www.africa-press.net\/congo-brazzaville\/","name":"Congo Brazzaville","description":"Just another Africa News Agency Sites site","potentialAction":[{"@type":"SearchAction","target":{"@type":"EntryPoint","urlTemplate":"https:\/\/www.africa-press.net\/congo-brazzaville\/?s={search_term_string}"},"query-input":{"@type":"PropertyValueSpecification","valueRequired":true,"valueName":"search_term_string"}}],"inLanguage":"fr-FR"},{"@type":"Person","@id":"https:\/\/www.africa-press.net\/congo-brazzaville\/#\/schema\/person\/2b1cf3cd81a31e3cd26889ca66d677f1","name":"cfeditorfr"}]}},"_links":{"self":[{"href":"https:\/\/www.africa-press.net\/congo-brazzaville\/wp-json\/wp\/v2\/posts\/15830","targetHints":{"allow":["GET"]}}],"collection":[{"href":"https:\/\/www.africa-press.net\/congo-brazzaville\/wp-json\/wp\/v2\/posts"}],"about":[{"href":"https:\/\/www.africa-press.net\/congo-brazzaville\/wp-json\/wp\/v2\/types\/post"}],"author":[{"embeddable":true,"href":"https:\/\/www.africa-press.net\/congo-brazzaville\/wp-json\/wp\/v2\/users\/82"}],"replies":[{"embeddable":true,"href":"https:\/\/www.africa-press.net\/congo-brazzaville\/wp-json\/wp\/v2\/comments?post=15830"}],"version-history":[{"count":0,"href":"https:\/\/www.africa-press.net\/congo-brazzaville\/wp-json\/wp\/v2\/posts\/15830\/revisions"}],"wp:featuredmedia":[{"embeddable":true,"href":"https:\/\/www.africa-press.net\/congo-brazzaville\/wp-json\/wp\/v2\/media\/15829"}],"wp:attachment":[{"href":"https:\/\/www.africa-press.net\/congo-brazzaville\/wp-json\/wp\/v2\/media?parent=15830"}],"wp:term":[{"taxonomy":"category","embeddable":true,"href":"https:\/\/www.africa-press.net\/congo-brazzaville\/wp-json\/wp\/v2\/categories?post=15830"},{"taxonomy":"post_tag","embeddable":true,"href":"https:\/\/www.africa-press.net\/congo-brazzaville\/wp-json\/wp\/v2\/tags?post=15830"}],"curies":[{"name":"wp","href":"https:\/\/api.w.org\/{rel}","templated":true}]}}