{"id":15834,"date":"2023-03-20T09:46:16","date_gmt":"2023-03-20T09:46:16","guid":{"rendered":"https:\/\/www.africa-press.net\/congo-brazzaville\/politique\/la-population-appelee-a-se-premunir-contre-une-nouvelle-vague-du-coronavirus"},"modified":"2023-03-20T10:02:13","modified_gmt":"2023-03-20T10:02:13","slug":"la-population-appelee-a-se-premunir-contre-une-nouvelle-vague-du-coronavirus","status":"publish","type":"post","link":"https:\/\/www.africa-press.net\/congo-brazzaville\/toutes-les-actualites\/la-population-appelee-a-se-premunir-contre-une-nouvelle-vague-du-coronavirus","title":{"rendered":"la population appel\u00e9e \u00e0 se pr\u00e9munir contre une nouvelle vague du coronavirus"},"content":{"rendered":"<p><span style=\"color: #ff6600\"><strong>Africa-Press &#8211; Congo Brazzaville. <\/strong><\/span><b>Le directeur de l\u2019Hygie\u0300ne et de la promotion de la sante\u0301, Jean Claude Emeka a re\u0301ve\u0301le\u0301 le 17 mars a\u0300 Brazzaville, qu\u2019il e\u0301tait toujours important de se pre\u0301munir contre toutes formes de grippe, afin d\u2019e\u0301viter le risque d\u2019une nouvelle vague de la covid-19.<\/b><\/p>\n<p>\u00ab Nous pouvons toujours e\u0302tre surpris par un variant plus virulent que celui du coronavirus. Il est donc ne\u0301cessaire de redoubler de vigilance et ne pas baisser la garde. La population devrait continuer a\u0300 respecter les mesures barrie\u0300res comme le port de masque, la distanciation physique, et le lavage des mains, afin d\u2019e\u0301viter la grippe et un e\u0301ventuel rebond de la covid-19. Ne\u0301anmoins le meilleur moyen de lutte reste la vaccination \u00bb, a fait savoir le directeur de l\u2019Hygie\u0300ne et de la promotion de la sante\u0301, Jean Claude Emeka, lors d\u2019une interview accorde\u0301e au me\u0301dias Vox<\/p>\n<p>\u00ab La grippe qui se\u0301vit actuellement dans les me\u0301nages est une occasion pour nous agents de la sante\u0301 de poursuivre la riposte contre la covid-19, en mettant a\u0300 la disposition des formations sanitaires et ho\u0302pitaux les tests de diagnostic rapide (TDR) contre le coronavirus ,et nous recommandons au personnel de sante\u0301 de pratiquer ces tests a\u0300 toutes personnes qui se pre\u0301sentent avec des sympto\u0302mes grippaux pour exclure la covid-19 et les traite\u0301s comme les grippes ordinaires \u00bb, a -t-il ajoute\u0301.<\/p>\n<p>Face a\u0300 cette e\u0301pide\u0301mie grippale, le directeur de l\u2019Hygie\u0300ne et de la promotion de la sante\u0301 Jean Claude Emeka a exhorte\u0301 la population a\u0300 prendre des pre\u0301cautions pour se mettre a\u0300 l\u2019abri de toute e\u0301ventualite\u0301. \u00ab Actuellement Brazzaville n\u2019a pas enregistre\u0301 de cas graves de covid, j\u2019invite donc ceux qui pre\u0301sentent des signes grippaux a\u0300 s\u2019assurer qu\u2019il ne s\u2019agit pas du coronavirus. Si tel est le cas, 17 des sites de de\u0301pistages et vaccinations sont disponibles a\u0300 Brazzaville et Pointe-Noire \u00bb, a -t-il pre\u0301cise\u0301.<\/p>\n<p>La grippe chronique et re\u0301currente qui affecte les me\u0301nages, se\u0300me la terreur dans l\u2019esprit d\u2019un bon nombre de personnes.\u00ab Les membres de ma famille de\u0301veloppent tous une toux et une grippe, qui causent des fortes fie\u0300vres, j\u2019ai au de\u0301part eu peur en pensant que c\u2019est une troisie\u0300me vague du coronavirus et par la suite que j\u2019ai compris que plusieurs me\u0301nages e\u0301taient victimes. Cette grippe re\u0301siste me\u0302me aux produits traditionnels \u00bb, a de\u0301clare\u0301 le brazzavillois Philippe.<\/p>\n<p><strong>Pour plus d&rsquo;informations et d&rsquo;analyses sur la <a href=\"https:\/\/www.africa-press.net\/congo-brazzaville\">Congo Brazzaville<\/a>, suivez <a href=\"https:\/\/www.africa-press.net\/\">Africa-Press<\/a><\/strong><\/p>\n","protected":false},"excerpt":{"rendered":"<p>Africa-Press &#8211; Congo Brazzaville. Le directeur de l\u2019Hygie\u0300ne et de la promotion de la sante\u0301, Jean Claude Emeka a re\u0301ve\u0301le\u0301 le 17 mars a\u0300 Brazzaville, qu\u2019il e\u0301tait toujours important de se pre\u0301munir contre toutes formes de grippe, afin d\u2019e\u0301viter le risque d\u2019une nouvelle vague de la covid-19. \u00ab Nous pouvons toujours e\u0302tre surpris par un [&hellip;]<\/p>\n","protected":false},"author":82,"featured_media":15832,"comment_status":"open","ping_status":"closed","sticky":false,"template":"","format":"standard","meta":{"footnotes":""},"categories":[21,10],"tags":[36,47,46],"class_list":["post-15834","post","type-post","status-publish","format-standard","has-post-thumbnail","hentry","category-communaute","category-toutes-les-actualites","tag-africa-press","tag-africa-press-congo-brazzaville","tag-congo-brazzaville"],"yoast_head":"<!-- This site is optimized with the Yoast SEO Premium plugin v26.1 (Yoast SEO v27.0) - https:\/\/yoast.com\/product\/yoast-seo-premium-wordpress\/ -->\n<title>la population appel\u00e9e \u00e0 se pr\u00e9munir contre une nouvelle vague du coronavirus - Congo Brazzaville<\/title>\n<meta name=\"description\" content=\"Le directeur de l\u2019Hygie\u0300ne et de la promotion de la sante\u0301, Jean Claude Emeka a re\u0301ve\u0301le\u0301 le 17 mars a\u0300 Brazzaville, ...\" \/>\n<meta name=\"robots\" content=\"index, follow, max-snippet:-1, max-image-preview:large, max-video-preview:-1\" \/>\n<link rel=\"canonical\" href=\"https:\/\/www.africa-press.net\/congo-brazzaville\/toutes-les-actualites\/la-population-appelee-a-se-premunir-contre-une-nouvelle-vague-du-coronavirus\" \/>\n<meta property=\"og:locale\" content=\"fr_FR\" \/>\n<meta property=\"og:type\" content=\"article\" \/>\n<meta property=\"og:title\" content=\"la population appel\u00e9e \u00e0 se pr\u00e9munir contre une nouvelle vague du coronavirus\" \/>\n<meta property=\"og:description\" content=\"Le directeur de l\u2019Hygie\u0300ne et de la promotion de la sante\u0301, Jean Claude Emeka a re\u0301ve\u0301le\u0301 le 17 mars a\u0300 Brazzaville, ...\" \/>\n<meta property=\"og:url\" content=\"https:\/\/www.africa-press.net\/congo-brazzaville\/toutes-les-actualites\/la-population-appelee-a-se-premunir-contre-une-nouvelle-vague-du-coronavirus\" \/>\n<meta property=\"og:site_name\" content=\"Congo Brazzaville\" \/>\n<meta property=\"article:published_time\" content=\"2023-03-20T09:46:16+00:00\" \/>\n<meta property=\"article:modified_time\" content=\"2023-03-20T10:02:13+00:00\" \/>\n<meta property=\"og:image\" content=\"https:\/\/static.africa-press.net\/congo-brazzaville\/sites\/51\/2023\/03\/postQueueImg_1679293002.48.jpg\" \/>\n\t<meta property=\"og:image:width\" content=\"754\" \/>\n\t<meta property=\"og:image:height\" content=\"443\" \/>\n\t<meta property=\"og:image:type\" content=\"image\/jpeg\" \/>\n<meta name=\"author\" content=\"cfeditorfr\" \/>\n<meta name=\"twitter:card\" content=\"summary_large_image\" \/>\n<meta name=\"twitter:label1\" content=\"\u00c9crit par\" \/>\n\t<meta name=\"twitter:data1\" content=\"cfeditorfr\" \/>\n\t<meta name=\"twitter:label2\" content=\"Dur\u00e9e de lecture estim\u00e9e\" \/>\n\t<meta name=\"twitter:data2\" content=\"2 minutes\" \/>\n<script type=\"application\/ld+json\" class=\"yoast-schema-graph\">{\"@context\":\"https:\/\/schema.org\",\"@graph\":[{\"@type\":\"Article\",\"@id\":\"https:\/\/www.africa-press.net\/congo-brazzaville\/toutes-les-actualites\/la-population-appelee-a-se-premunir-contre-une-nouvelle-vague-du-coronavirus#article\",\"isPartOf\":{\"@id\":\"https:\/\/www.africa-press.net\/congo-brazzaville\/toutes-les-actualites\/la-population-appelee-a-se-premunir-contre-une-nouvelle-vague-du-coronavirus\"},\"author\":{\"name\":\"cfeditorfr\",\"@id\":\"https:\/\/www.africa-press.net\/congo-brazzaville\/#\/schema\/person\/2b1cf3cd81a31e3cd26889ca66d677f1\"},\"headline\":\"la population appel\u00e9e \u00e0 se pr\u00e9munir contre une nouvelle vague du coronavirus\",\"datePublished\":\"2023-03-20T09:46:16+00:00\",\"dateModified\":\"2023-03-20T10:02:13+00:00\",\"mainEntityOfPage\":{\"@id\":\"https:\/\/www.africa-press.net\/congo-brazzaville\/toutes-les-actualites\/la-population-appelee-a-se-premunir-contre-une-nouvelle-vague-du-coronavirus\"},\"wordCount\":459,\"commentCount\":0,\"image\":{\"@id\":\"https:\/\/www.africa-press.net\/congo-brazzaville\/toutes-les-actualites\/la-population-appelee-a-se-premunir-contre-une-nouvelle-vague-du-coronavirus#primaryimage\"},\"thumbnailUrl\":\"https:\/\/static.africa-press.net\/congo-brazzaville\/sites\/51\/2023\/03\/postQueueImg_1679293002.48.jpg\",\"keywords\":[\"Africa Press\",\"Africa Press-Congo Brazzaville\",\"Congo Brazzaville\"],\"articleSection\":[\"Communaut\u00e9\",\"Toutes les actualit\u00e9s\"],\"inLanguage\":\"fr-FR\",\"potentialAction\":[{\"@type\":\"CommentAction\",\"name\":\"Comment\",\"target\":[\"https:\/\/www.africa-press.net\/congo-brazzaville\/toutes-les-actualites\/la-population-appelee-a-se-premunir-contre-une-nouvelle-vague-du-coronavirus#respond\"]}]},{\"@type\":\"WebPage\",\"@id\":\"https:\/\/www.africa-press.net\/congo-brazzaville\/toutes-les-actualites\/la-population-appelee-a-se-premunir-contre-une-nouvelle-vague-du-coronavirus\",\"url\":\"https:\/\/www.africa-press.net\/congo-brazzaville\/toutes-les-actualites\/la-population-appelee-a-se-premunir-contre-une-nouvelle-vague-du-coronavirus\",\"name\":\"la population appel\u00e9e \u00e0 se pr\u00e9munir contre une nouvelle vague du coronavirus - Congo Brazzaville\",\"isPartOf\":{\"@id\":\"https:\/\/www.africa-press.net\/congo-brazzaville\/#website\"},\"primaryImageOfPage\":{\"@id\":\"https:\/\/www.africa-press.net\/congo-brazzaville\/toutes-les-actualites\/la-population-appelee-a-se-premunir-contre-une-nouvelle-vague-du-coronavirus#primaryimage\"},\"image\":{\"@id\":\"https:\/\/www.africa-press.net\/congo-brazzaville\/toutes-les-actualites\/la-population-appelee-a-se-premunir-contre-une-nouvelle-vague-du-coronavirus#primaryimage\"},\"thumbnailUrl\":\"https:\/\/static.africa-press.net\/congo-brazzaville\/sites\/51\/2023\/03\/postQueueImg_1679293002.48.jpg\",\"datePublished\":\"2023-03-20T09:46:16+00:00\",\"dateModified\":\"2023-03-20T10:02:13+00:00\",\"author\":{\"@id\":\"https:\/\/www.africa-press.net\/congo-brazzaville\/#\/schema\/person\/2b1cf3cd81a31e3cd26889ca66d677f1\"},\"description\":\"Le directeur de l\u2019Hygie\u0300ne et de la promotion de la sante\u0301, Jean Claude Emeka a re\u0301ve\u0301le\u0301 le 17 mars a\u0300 Brazzaville, ...\",\"breadcrumb\":{\"@id\":\"https:\/\/www.africa-press.net\/congo-brazzaville\/toutes-les-actualites\/la-population-appelee-a-se-premunir-contre-une-nouvelle-vague-du-coronavirus#breadcrumb\"},\"inLanguage\":\"fr-FR\",\"potentialAction\":[{\"@type\":\"ReadAction\",\"target\":[\"https:\/\/www.africa-press.net\/congo-brazzaville\/toutes-les-actualites\/la-population-appelee-a-se-premunir-contre-une-nouvelle-vague-du-coronavirus\"]}]},{\"@type\":\"ImageObject\",\"inLanguage\":\"fr-FR\",\"@id\":\"https:\/\/www.africa-press.net\/congo-brazzaville\/toutes-les-actualites\/la-population-appelee-a-se-premunir-contre-une-nouvelle-vague-du-coronavirus#primaryimage\",\"url\":\"https:\/\/static.africa-press.net\/congo-brazzaville\/sites\/51\/2023\/03\/postQueueImg_1679293002.48.jpg\",\"contentUrl\":\"https:\/\/static.africa-press.net\/congo-brazzaville\/sites\/51\/2023\/03\/postQueueImg_1679293002.48.jpg\",\"width\":754,\"height\":443,\"caption\":\"la population appel\u00e9e \u00e0 se pr\u00e9munir contre une nouvelle vague du coronavirus\"},{\"@type\":\"BreadcrumbList\",\"@id\":\"https:\/\/www.africa-press.net\/congo-brazzaville\/toutes-les-actualites\/la-population-appelee-a-se-premunir-contre-une-nouvelle-vague-du-coronavirus#breadcrumb\",\"itemListElement\":[{\"@type\":\"ListItem\",\"position\":1,\"name\":\"Accueil\",\"item\":\"https:\/\/www.africa-press.net\/congo-brazzaville\/\"},{\"@type\":\"ListItem\",\"position\":2,\"name\":\"la population appel\u00e9e \u00e0 se pr\u00e9munir contre une nouvelle vague du coronavirus\"}]},{\"@type\":\"WebSite\",\"@id\":\"https:\/\/www.africa-press.net\/congo-brazzaville\/#website\",\"url\":\"https:\/\/www.africa-press.net\/congo-brazzaville\/\",\"name\":\"Congo Brazzaville\",\"description\":\"Just another Africa News Agency Sites site\",\"potentialAction\":[{\"@type\":\"SearchAction\",\"target\":{\"@type\":\"EntryPoint\",\"urlTemplate\":\"https:\/\/www.africa-press.net\/congo-brazzaville\/?s={search_term_string}\"},\"query-input\":{\"@type\":\"PropertyValueSpecification\",\"valueRequired\":true,\"valueName\":\"search_term_string\"}}],\"inLanguage\":\"fr-FR\"},{\"@type\":\"Person\",\"@id\":\"https:\/\/www.africa-press.net\/congo-brazzaville\/#\/schema\/person\/2b1cf3cd81a31e3cd26889ca66d677f1\",\"name\":\"cfeditorfr\"}]}<\/script>\n<!-- \/ Yoast SEO Premium plugin. -->","yoast_head_json":{"title":"la population appel\u00e9e \u00e0 se pr\u00e9munir contre une nouvelle vague du coronavirus - Congo Brazzaville","description":"Le directeur de l\u2019Hygie\u0300ne et de la promotion de la sante\u0301, Jean Claude Emeka a re\u0301ve\u0301le\u0301 le 17 mars a\u0300 Brazzaville, ...","robots":{"index":"index","follow":"follow","max-snippet":"max-snippet:-1","max-image-preview":"max-image-preview:large","max-video-preview":"max-video-preview:-1"},"canonical":"https:\/\/www.africa-press.net\/congo-brazzaville\/toutes-les-actualites\/la-population-appelee-a-se-premunir-contre-une-nouvelle-vague-du-coronavirus","og_locale":"fr_FR","og_type":"article","og_title":"la population appel\u00e9e \u00e0 se pr\u00e9munir contre une nouvelle vague du coronavirus","og_description":"Le directeur de l\u2019Hygie\u0300ne et de la promotion de la sante\u0301, Jean Claude Emeka a re\u0301ve\u0301le\u0301 le 17 mars a\u0300 Brazzaville, ...","og_url":"https:\/\/www.africa-press.net\/congo-brazzaville\/toutes-les-actualites\/la-population-appelee-a-se-premunir-contre-une-nouvelle-vague-du-coronavirus","og_site_name":"Congo Brazzaville","article_published_time":"2023-03-20T09:46:16+00:00","article_modified_time":"2023-03-20T10:02:13+00:00","og_image":[{"width":754,"height":443,"url":"https:\/\/static.africa-press.net\/congo-brazzaville\/sites\/51\/2023\/03\/postQueueImg_1679293002.48.jpg","type":"image\/jpeg"}],"author":"cfeditorfr","twitter_card":"summary_large_image","twitter_misc":{"\u00c9crit par":"cfeditorfr","Dur\u00e9e de lecture estim\u00e9e":"2 minutes"},"schema":{"@context":"https:\/\/schema.org","@graph":[{"@type":"Article","@id":"https:\/\/www.africa-press.net\/congo-brazzaville\/toutes-les-actualites\/la-population-appelee-a-se-premunir-contre-une-nouvelle-vague-du-coronavirus#article","isPartOf":{"@id":"https:\/\/www.africa-press.net\/congo-brazzaville\/toutes-les-actualites\/la-population-appelee-a-se-premunir-contre-une-nouvelle-vague-du-coronavirus"},"author":{"name":"cfeditorfr","@id":"https:\/\/www.africa-press.net\/congo-brazzaville\/#\/schema\/person\/2b1cf3cd81a31e3cd26889ca66d677f1"},"headline":"la population appel\u00e9e \u00e0 se pr\u00e9munir contre une nouvelle vague du coronavirus","datePublished":"2023-03-20T09:46:16+00:00","dateModified":"2023-03-20T10:02:13+00:00","mainEntityOfPage":{"@id":"https:\/\/www.africa-press.net\/congo-brazzaville\/toutes-les-actualites\/la-population-appelee-a-se-premunir-contre-une-nouvelle-vague-du-coronavirus"},"wordCount":459,"commentCount":0,"image":{"@id":"https:\/\/www.africa-press.net\/congo-brazzaville\/toutes-les-actualites\/la-population-appelee-a-se-premunir-contre-une-nouvelle-vague-du-coronavirus#primaryimage"},"thumbnailUrl":"https:\/\/static.africa-press.net\/congo-brazzaville\/sites\/51\/2023\/03\/postQueueImg_1679293002.48.jpg","keywords":["Africa Press","Africa Press-Congo Brazzaville","Congo Brazzaville"],"articleSection":["Communaut\u00e9","Toutes les actualit\u00e9s"],"inLanguage":"fr-FR","potentialAction":[{"@type":"CommentAction","name":"Comment","target":["https:\/\/www.africa-press.net\/congo-brazzaville\/toutes-les-actualites\/la-population-appelee-a-se-premunir-contre-une-nouvelle-vague-du-coronavirus#respond"]}]},{"@type":"WebPage","@id":"https:\/\/www.africa-press.net\/congo-brazzaville\/toutes-les-actualites\/la-population-appelee-a-se-premunir-contre-une-nouvelle-vague-du-coronavirus","url":"https:\/\/www.africa-press.net\/congo-brazzaville\/toutes-les-actualites\/la-population-appelee-a-se-premunir-contre-une-nouvelle-vague-du-coronavirus","name":"la population appel\u00e9e \u00e0 se pr\u00e9munir contre une nouvelle vague du coronavirus - Congo Brazzaville","isPartOf":{"@id":"https:\/\/www.africa-press.net\/congo-brazzaville\/#website"},"primaryImageOfPage":{"@id":"https:\/\/www.africa-press.net\/congo-brazzaville\/toutes-les-actualites\/la-population-appelee-a-se-premunir-contre-une-nouvelle-vague-du-coronavirus#primaryimage"},"image":{"@id":"https:\/\/www.africa-press.net\/congo-brazzaville\/toutes-les-actualites\/la-population-appelee-a-se-premunir-contre-une-nouvelle-vague-du-coronavirus#primaryimage"},"thumbnailUrl":"https:\/\/static.africa-press.net\/congo-brazzaville\/sites\/51\/2023\/03\/postQueueImg_1679293002.48.jpg","datePublished":"2023-03-20T09:46:16+00:00","dateModified":"2023-03-20T10:02:13+00:00","author":{"@id":"https:\/\/www.africa-press.net\/congo-brazzaville\/#\/schema\/person\/2b1cf3cd81a31e3cd26889ca66d677f1"},"description":"Le directeur de l\u2019Hygie\u0300ne et de la promotion de la sante\u0301, Jean Claude Emeka a re\u0301ve\u0301le\u0301 le 17 mars a\u0300 Brazzaville, ...","breadcrumb":{"@id":"https:\/\/www.africa-press.net\/congo-brazzaville\/toutes-les-actualites\/la-population-appelee-a-se-premunir-contre-une-nouvelle-vague-du-coronavirus#breadcrumb"},"inLanguage":"fr-FR","potentialAction":[{"@type":"ReadAction","target":["https:\/\/www.africa-press.net\/congo-brazzaville\/toutes-les-actualites\/la-population-appelee-a-se-premunir-contre-une-nouvelle-vague-du-coronavirus"]}]},{"@type":"ImageObject","inLanguage":"fr-FR","@id":"https:\/\/www.africa-press.net\/congo-brazzaville\/toutes-les-actualites\/la-population-appelee-a-se-premunir-contre-une-nouvelle-vague-du-coronavirus#primaryimage","url":"https:\/\/static.africa-press.net\/congo-brazzaville\/sites\/51\/2023\/03\/postQueueImg_1679293002.48.jpg","contentUrl":"https:\/\/static.africa-press.net\/congo-brazzaville\/sites\/51\/2023\/03\/postQueueImg_1679293002.48.jpg","width":754,"height":443,"caption":"la population appel\u00e9e \u00e0 se pr\u00e9munir contre une nouvelle vague du coronavirus"},{"@type":"BreadcrumbList","@id":"https:\/\/www.africa-press.net\/congo-brazzaville\/toutes-les-actualites\/la-population-appelee-a-se-premunir-contre-une-nouvelle-vague-du-coronavirus#breadcrumb","itemListElement":[{"@type":"ListItem","position":1,"name":"Accueil","item":"https:\/\/www.africa-press.net\/congo-brazzaville\/"},{"@type":"ListItem","position":2,"name":"la population appel\u00e9e \u00e0 se pr\u00e9munir contre une nouvelle vague du coronavirus"}]},{"@type":"WebSite","@id":"https:\/\/www.africa-press.net\/congo-brazzaville\/#website","url":"https:\/\/www.africa-press.net\/congo-brazzaville\/","name":"Congo Brazzaville","description":"Just another Africa News Agency Sites site","potentialAction":[{"@type":"SearchAction","target":{"@type":"EntryPoint","urlTemplate":"https:\/\/www.africa-press.net\/congo-brazzaville\/?s={search_term_string}"},"query-input":{"@type":"PropertyValueSpecification","valueRequired":true,"valueName":"search_term_string"}}],"inLanguage":"fr-FR"},{"@type":"Person","@id":"https:\/\/www.africa-press.net\/congo-brazzaville\/#\/schema\/person\/2b1cf3cd81a31e3cd26889ca66d677f1","name":"cfeditorfr"}]}},"_links":{"self":[{"href":"https:\/\/www.africa-press.net\/congo-brazzaville\/wp-json\/wp\/v2\/posts\/15834","targetHints":{"allow":["GET"]}}],"collection":[{"href":"https:\/\/www.africa-press.net\/congo-brazzaville\/wp-json\/wp\/v2\/posts"}],"about":[{"href":"https:\/\/www.africa-press.net\/congo-brazzaville\/wp-json\/wp\/v2\/types\/post"}],"author":[{"embeddable":true,"href":"https:\/\/www.africa-press.net\/congo-brazzaville\/wp-json\/wp\/v2\/users\/82"}],"replies":[{"embeddable":true,"href":"https:\/\/www.africa-press.net\/congo-brazzaville\/wp-json\/wp\/v2\/comments?post=15834"}],"version-history":[{"count":0,"href":"https:\/\/www.africa-press.net\/congo-brazzaville\/wp-json\/wp\/v2\/posts\/15834\/revisions"}],"wp:featuredmedia":[{"embeddable":true,"href":"https:\/\/www.africa-press.net\/congo-brazzaville\/wp-json\/wp\/v2\/media\/15832"}],"wp:attachment":[{"href":"https:\/\/www.africa-press.net\/congo-brazzaville\/wp-json\/wp\/v2\/media?parent=15834"}],"wp:term":[{"taxonomy":"category","embeddable":true,"href":"https:\/\/www.africa-press.net\/congo-brazzaville\/wp-json\/wp\/v2\/categories?post=15834"},{"taxonomy":"post_tag","embeddable":true,"href":"https:\/\/www.africa-press.net\/congo-brazzaville\/wp-json\/wp\/v2\/tags?post=15834"}],"curies":[{"name":"wp","href":"https:\/\/api.w.org\/{rel}","templated":true}]}}