{"id":15837,"date":"2023-03-20T09:55:56","date_gmt":"2023-03-20T09:55:56","guid":{"rendered":"https:\/\/www.africa-press.net\/congo-brazzaville\/politique\/hommage-marien-ngouabi-46-ans-deja"},"modified":"2023-03-20T10:18:20","modified_gmt":"2023-03-20T10:18:20","slug":"hommage-marien-ngouabi-46-ans-deja","status":"publish","type":"post","link":"https:\/\/www.africa-press.net\/congo-brazzaville\/politique\/hommage-marien-ngouabi-46-ans-deja","title":{"rendered":"Hommage : Marien Ngouabi, 46 ans d\u00e9j\u00e0"},"content":{"rendered":"<p><span style=\"color: #ff6600\"><strong>Africa-Press &#8211; Congo Brazzaville. <\/strong><\/span><b>De\u0301ce\u0301de\u0301 le 18 mars 1977, feu le pre\u0301sident Marien Ngouabi a totalise\u0301, le 18 mars 2023, 46 ans depuis sa disparition tragique. A l\u2019occasion, le Parti congolais du travail (PCT) dont il en est le fondateur, lui a rendu, une fois de plus, un hommage me\u0301rite\u0301 lors d&rsquo;une ce\u0301re\u0301monie organise\u0301e au mausole\u0301e e\u0301rige\u0301 en son honneur.<\/b><\/p>\n<p>Le 46e anniversaire du de\u0301ce\u0300s du pre\u0301sident fondateur du PCT a e\u0301te\u0301 comme\u0301more\u0301 cette anne\u0301e sur le the\u0300me \u00ab Par le travail acharne\u0301, honorons la me\u0301moire du camarde Marien Ngouabi et mobilisons-nous pour les e\u0301lections se\u0301natoriales prochaines \u00bb.<\/p>\n<p>A cet effet, a\u0300 14 heures 30, heure a\u0300 laquelle Marien Ngouabi fut rappele\u0301 a\u0300 Dieu, les dirigeants, cadres, membres et sympathisants du PCT se sont retrouve\u0301s en nombre au mausole\u0301e qui porte son nom ou\u0300 il git pour l\u2019e\u0301ternite\u0301. Une manie\u0300re pour eux de te\u0301moigner a\u0300 leur idole leur amour et leur gratitude pour des loyaux services rendus.<\/p>\n<p>Pour le secre\u0301taire a\u0300 l&rsquo;organisation et a\u0300 la mobilisation du PCT qui a pre\u0301side\u0301 la ce\u0301re\u0301monie, Gabriel Ondongo, \u00ab Marien Ngouabi fut un dirigeant politique exceptionnel\u00bb.<\/p>\n<p>\u00ab Nous nous sommes pre\u0301sente\u0301s ici ce jour pour honorer la me\u0301moire du pre\u0301sident fondateur de notre parti, parce que nous poursuivons son \u0153uvre. D\u2019aucuns pensaient qu\u2019apre\u0300s sa disparition, le PCT devrait mourir avec lui, mais a\u0300 pre\u0301sent, notre formation politique devient plus forte qu\u2019elle ne l\u2019e\u0301tait de son vivant. Marien Ngouabi restera pour nous un mode\u0300le a\u0300 suivre en termes d\u2019humilite\u0301 et de modestie. Il demeurera pour nous une lec\u0327on que nous ne cesserons d\u2019apprendre \u00bb, a souligne\u0301 Gabriel Ondongo.<\/p>\n<p><strong>Pour plus d&rsquo;informations et d&rsquo;analyses sur la <a href=\"https:\/\/www.africa-press.net\/congo-brazzaville\">Congo Brazzaville<\/a>, suivez <a href=\"https:\/\/www.africa-press.net\/\">Africa-Press<\/a><\/strong><\/p>\n","protected":false},"excerpt":{"rendered":"<p>Africa-Press &#8211; Congo Brazzaville. De\u0301ce\u0301de\u0301 le 18 mars 1977, feu le pre\u0301sident Marien Ngouabi a totalise\u0301, le 18 mars 2023, 46 ans depuis sa disparition tragique. A l\u2019occasion, le Parti congolais du travail (PCT) dont il en est le fondateur, lui a rendu, une fois de plus, un hommage me\u0301rite\u0301 lors d&rsquo;une ce\u0301re\u0301monie organise\u0301e au [&hellip;]<\/p>\n","protected":false},"author":82,"featured_media":15836,"comment_status":"open","ping_status":"closed","sticky":false,"template":"","format":"standard","meta":{"footnotes":""},"categories":[2,10],"tags":[36,47,46],"class_list":["post-15837","post","type-post","status-publish","format-standard","has-post-thumbnail","hentry","category-politique","category-toutes-les-actualites","tag-africa-press","tag-africa-press-congo-brazzaville","tag-congo-brazzaville"],"yoast_head":"<!-- This site is optimized with the Yoast SEO Premium plugin v26.1 (Yoast SEO v27.0) - https:\/\/yoast.com\/product\/yoast-seo-premium-wordpress\/ -->\n<title>Hommage : Marien Ngouabi, 46 ans d\u00e9j\u00e0 - Congo Brazzaville<\/title>\n<meta name=\"description\" content=\"De\u0301ce\u0301de\u0301 le 18 mars 1977, feu le pre\u0301sident Marien Ngouabi a totalise\u0301, le 18 mars 2023, 46 ans depuis sa disparitio ...\" \/>\n<meta name=\"robots\" content=\"index, follow, max-snippet:-1, max-image-preview:large, max-video-preview:-1\" \/>\n<link rel=\"canonical\" href=\"https:\/\/www.africa-press.net\/congo-brazzaville\/politique\/hommage-marien-ngouabi-46-ans-deja\" \/>\n<meta property=\"og:locale\" content=\"fr_FR\" \/>\n<meta property=\"og:type\" content=\"article\" \/>\n<meta property=\"og:title\" content=\"Hommage : Marien Ngouabi, 46 ans d\u00e9j\u00e0\" \/>\n<meta property=\"og:description\" content=\"De\u0301ce\u0301de\u0301 le 18 mars 1977, feu le pre\u0301sident Marien Ngouabi a totalise\u0301, le 18 mars 2023, 46 ans depuis sa disparitio ...\" \/>\n<meta property=\"og:url\" content=\"https:\/\/www.africa-press.net\/congo-brazzaville\/politique\/hommage-marien-ngouabi-46-ans-deja\" \/>\n<meta property=\"og:site_name\" content=\"Congo Brazzaville\" \/>\n<meta property=\"article:published_time\" content=\"2023-03-20T09:55:56+00:00\" \/>\n<meta property=\"article:modified_time\" content=\"2023-03-20T10:18:20+00:00\" \/>\n<meta property=\"og:image\" content=\"https:\/\/static.africa-press.net\/congo-brazzaville\/sites\/51\/2023\/03\/postQueueImg_1679293561.15.jpg\" \/>\n\t<meta property=\"og:image:width\" content=\"1669\" \/>\n\t<meta property=\"og:image:height\" content=\"768\" \/>\n\t<meta property=\"og:image:type\" content=\"image\/jpeg\" \/>\n<meta name=\"author\" content=\"cfeditorfr\" \/>\n<meta name=\"twitter:card\" content=\"summary_large_image\" \/>\n<meta name=\"twitter:label1\" content=\"\u00c9crit par\" \/>\n\t<meta name=\"twitter:data1\" content=\"cfeditorfr\" \/>\n\t<meta name=\"twitter:label2\" content=\"Dur\u00e9e de lecture estim\u00e9e\" \/>\n\t<meta name=\"twitter:data2\" content=\"2 minutes\" \/>\n<script type=\"application\/ld+json\" class=\"yoast-schema-graph\">{\"@context\":\"https:\/\/schema.org\",\"@graph\":[{\"@type\":\"Article\",\"@id\":\"https:\/\/www.africa-press.net\/congo-brazzaville\/politique\/hommage-marien-ngouabi-46-ans-deja#article\",\"isPartOf\":{\"@id\":\"https:\/\/www.africa-press.net\/congo-brazzaville\/politique\/hommage-marien-ngouabi-46-ans-deja\"},\"author\":{\"name\":\"cfeditorfr\",\"@id\":\"https:\/\/www.africa-press.net\/congo-brazzaville\/#\/schema\/person\/2b1cf3cd81a31e3cd26889ca66d677f1\"},\"headline\":\"Hommage : Marien Ngouabi, 46 ans d\u00e9j\u00e0\",\"datePublished\":\"2023-03-20T09:55:56+00:00\",\"dateModified\":\"2023-03-20T10:18:20+00:00\",\"mainEntityOfPage\":{\"@id\":\"https:\/\/www.africa-press.net\/congo-brazzaville\/politique\/hommage-marien-ngouabi-46-ans-deja\"},\"wordCount\":318,\"commentCount\":0,\"image\":{\"@id\":\"https:\/\/www.africa-press.net\/congo-brazzaville\/politique\/hommage-marien-ngouabi-46-ans-deja#primaryimage\"},\"thumbnailUrl\":\"https:\/\/static.africa-press.net\/congo-brazzaville\/sites\/51\/2023\/03\/postQueueImg_1679293561.15.jpg\",\"keywords\":[\"Africa Press\",\"Africa Press-Congo Brazzaville\",\"Congo Brazzaville\"],\"articleSection\":[\"Politique\",\"Toutes les actualit\u00e9s\"],\"inLanguage\":\"fr-FR\",\"potentialAction\":[{\"@type\":\"CommentAction\",\"name\":\"Comment\",\"target\":[\"https:\/\/www.africa-press.net\/congo-brazzaville\/politique\/hommage-marien-ngouabi-46-ans-deja#respond\"]}]},{\"@type\":\"WebPage\",\"@id\":\"https:\/\/www.africa-press.net\/congo-brazzaville\/politique\/hommage-marien-ngouabi-46-ans-deja\",\"url\":\"https:\/\/www.africa-press.net\/congo-brazzaville\/politique\/hommage-marien-ngouabi-46-ans-deja\",\"name\":\"Hommage : Marien Ngouabi, 46 ans d\u00e9j\u00e0 - Congo Brazzaville\",\"isPartOf\":{\"@id\":\"https:\/\/www.africa-press.net\/congo-brazzaville\/#website\"},\"primaryImageOfPage\":{\"@id\":\"https:\/\/www.africa-press.net\/congo-brazzaville\/politique\/hommage-marien-ngouabi-46-ans-deja#primaryimage\"},\"image\":{\"@id\":\"https:\/\/www.africa-press.net\/congo-brazzaville\/politique\/hommage-marien-ngouabi-46-ans-deja#primaryimage\"},\"thumbnailUrl\":\"https:\/\/static.africa-press.net\/congo-brazzaville\/sites\/51\/2023\/03\/postQueueImg_1679293561.15.jpg\",\"datePublished\":\"2023-03-20T09:55:56+00:00\",\"dateModified\":\"2023-03-20T10:18:20+00:00\",\"author\":{\"@id\":\"https:\/\/www.africa-press.net\/congo-brazzaville\/#\/schema\/person\/2b1cf3cd81a31e3cd26889ca66d677f1\"},\"description\":\"De\u0301ce\u0301de\u0301 le 18 mars 1977, feu le pre\u0301sident Marien Ngouabi a totalise\u0301, le 18 mars 2023, 46 ans depuis sa disparitio ...\",\"breadcrumb\":{\"@id\":\"https:\/\/www.africa-press.net\/congo-brazzaville\/politique\/hommage-marien-ngouabi-46-ans-deja#breadcrumb\"},\"inLanguage\":\"fr-FR\",\"potentialAction\":[{\"@type\":\"ReadAction\",\"target\":[\"https:\/\/www.africa-press.net\/congo-brazzaville\/politique\/hommage-marien-ngouabi-46-ans-deja\"]}]},{\"@type\":\"ImageObject\",\"inLanguage\":\"fr-FR\",\"@id\":\"https:\/\/www.africa-press.net\/congo-brazzaville\/politique\/hommage-marien-ngouabi-46-ans-deja#primaryimage\",\"url\":\"https:\/\/static.africa-press.net\/congo-brazzaville\/sites\/51\/2023\/03\/postQueueImg_1679293561.15.jpg\",\"contentUrl\":\"https:\/\/static.africa-press.net\/congo-brazzaville\/sites\/51\/2023\/03\/postQueueImg_1679293561.15.jpg\",\"width\":1669,\"height\":768,\"caption\":\"Hommage : Marien Ngouabi, 46 ans d\u00e9j\u00e0\"},{\"@type\":\"BreadcrumbList\",\"@id\":\"https:\/\/www.africa-press.net\/congo-brazzaville\/politique\/hommage-marien-ngouabi-46-ans-deja#breadcrumb\",\"itemListElement\":[{\"@type\":\"ListItem\",\"position\":1,\"name\":\"Accueil\",\"item\":\"https:\/\/www.africa-press.net\/congo-brazzaville\/\"},{\"@type\":\"ListItem\",\"position\":2,\"name\":\"Hommage : Marien Ngouabi, 46 ans d\u00e9j\u00e0\"}]},{\"@type\":\"WebSite\",\"@id\":\"https:\/\/www.africa-press.net\/congo-brazzaville\/#website\",\"url\":\"https:\/\/www.africa-press.net\/congo-brazzaville\/\",\"name\":\"Congo Brazzaville\",\"description\":\"Just another Africa News Agency Sites site\",\"potentialAction\":[{\"@type\":\"SearchAction\",\"target\":{\"@type\":\"EntryPoint\",\"urlTemplate\":\"https:\/\/www.africa-press.net\/congo-brazzaville\/?s={search_term_string}\"},\"query-input\":{\"@type\":\"PropertyValueSpecification\",\"valueRequired\":true,\"valueName\":\"search_term_string\"}}],\"inLanguage\":\"fr-FR\"},{\"@type\":\"Person\",\"@id\":\"https:\/\/www.africa-press.net\/congo-brazzaville\/#\/schema\/person\/2b1cf3cd81a31e3cd26889ca66d677f1\",\"name\":\"cfeditorfr\"}]}<\/script>\n<!-- \/ Yoast SEO Premium plugin. -->","yoast_head_json":{"title":"Hommage : Marien Ngouabi, 46 ans d\u00e9j\u00e0 - Congo Brazzaville","description":"De\u0301ce\u0301de\u0301 le 18 mars 1977, feu le pre\u0301sident Marien Ngouabi a totalise\u0301, le 18 mars 2023, 46 ans depuis sa disparitio ...","robots":{"index":"index","follow":"follow","max-snippet":"max-snippet:-1","max-image-preview":"max-image-preview:large","max-video-preview":"max-video-preview:-1"},"canonical":"https:\/\/www.africa-press.net\/congo-brazzaville\/politique\/hommage-marien-ngouabi-46-ans-deja","og_locale":"fr_FR","og_type":"article","og_title":"Hommage : Marien Ngouabi, 46 ans d\u00e9j\u00e0","og_description":"De\u0301ce\u0301de\u0301 le 18 mars 1977, feu le pre\u0301sident Marien Ngouabi a totalise\u0301, le 18 mars 2023, 46 ans depuis sa disparitio ...","og_url":"https:\/\/www.africa-press.net\/congo-brazzaville\/politique\/hommage-marien-ngouabi-46-ans-deja","og_site_name":"Congo Brazzaville","article_published_time":"2023-03-20T09:55:56+00:00","article_modified_time":"2023-03-20T10:18:20+00:00","og_image":[{"width":1669,"height":768,"url":"https:\/\/static.africa-press.net\/congo-brazzaville\/sites\/51\/2023\/03\/postQueueImg_1679293561.15.jpg","type":"image\/jpeg"}],"author":"cfeditorfr","twitter_card":"summary_large_image","twitter_misc":{"\u00c9crit par":"cfeditorfr","Dur\u00e9e de lecture estim\u00e9e":"2 minutes"},"schema":{"@context":"https:\/\/schema.org","@graph":[{"@type":"Article","@id":"https:\/\/www.africa-press.net\/congo-brazzaville\/politique\/hommage-marien-ngouabi-46-ans-deja#article","isPartOf":{"@id":"https:\/\/www.africa-press.net\/congo-brazzaville\/politique\/hommage-marien-ngouabi-46-ans-deja"},"author":{"name":"cfeditorfr","@id":"https:\/\/www.africa-press.net\/congo-brazzaville\/#\/schema\/person\/2b1cf3cd81a31e3cd26889ca66d677f1"},"headline":"Hommage : Marien Ngouabi, 46 ans d\u00e9j\u00e0","datePublished":"2023-03-20T09:55:56+00:00","dateModified":"2023-03-20T10:18:20+00:00","mainEntityOfPage":{"@id":"https:\/\/www.africa-press.net\/congo-brazzaville\/politique\/hommage-marien-ngouabi-46-ans-deja"},"wordCount":318,"commentCount":0,"image":{"@id":"https:\/\/www.africa-press.net\/congo-brazzaville\/politique\/hommage-marien-ngouabi-46-ans-deja#primaryimage"},"thumbnailUrl":"https:\/\/static.africa-press.net\/congo-brazzaville\/sites\/51\/2023\/03\/postQueueImg_1679293561.15.jpg","keywords":["Africa Press","Africa Press-Congo Brazzaville","Congo Brazzaville"],"articleSection":["Politique","Toutes les actualit\u00e9s"],"inLanguage":"fr-FR","potentialAction":[{"@type":"CommentAction","name":"Comment","target":["https:\/\/www.africa-press.net\/congo-brazzaville\/politique\/hommage-marien-ngouabi-46-ans-deja#respond"]}]},{"@type":"WebPage","@id":"https:\/\/www.africa-press.net\/congo-brazzaville\/politique\/hommage-marien-ngouabi-46-ans-deja","url":"https:\/\/www.africa-press.net\/congo-brazzaville\/politique\/hommage-marien-ngouabi-46-ans-deja","name":"Hommage : Marien Ngouabi, 46 ans d\u00e9j\u00e0 - Congo Brazzaville","isPartOf":{"@id":"https:\/\/www.africa-press.net\/congo-brazzaville\/#website"},"primaryImageOfPage":{"@id":"https:\/\/www.africa-press.net\/congo-brazzaville\/politique\/hommage-marien-ngouabi-46-ans-deja#primaryimage"},"image":{"@id":"https:\/\/www.africa-press.net\/congo-brazzaville\/politique\/hommage-marien-ngouabi-46-ans-deja#primaryimage"},"thumbnailUrl":"https:\/\/static.africa-press.net\/congo-brazzaville\/sites\/51\/2023\/03\/postQueueImg_1679293561.15.jpg","datePublished":"2023-03-20T09:55:56+00:00","dateModified":"2023-03-20T10:18:20+00:00","author":{"@id":"https:\/\/www.africa-press.net\/congo-brazzaville\/#\/schema\/person\/2b1cf3cd81a31e3cd26889ca66d677f1"},"description":"De\u0301ce\u0301de\u0301 le 18 mars 1977, feu le pre\u0301sident Marien Ngouabi a totalise\u0301, le 18 mars 2023, 46 ans depuis sa disparitio ...","breadcrumb":{"@id":"https:\/\/www.africa-press.net\/congo-brazzaville\/politique\/hommage-marien-ngouabi-46-ans-deja#breadcrumb"},"inLanguage":"fr-FR","potentialAction":[{"@type":"ReadAction","target":["https:\/\/www.africa-press.net\/congo-brazzaville\/politique\/hommage-marien-ngouabi-46-ans-deja"]}]},{"@type":"ImageObject","inLanguage":"fr-FR","@id":"https:\/\/www.africa-press.net\/congo-brazzaville\/politique\/hommage-marien-ngouabi-46-ans-deja#primaryimage","url":"https:\/\/static.africa-press.net\/congo-brazzaville\/sites\/51\/2023\/03\/postQueueImg_1679293561.15.jpg","contentUrl":"https:\/\/static.africa-press.net\/congo-brazzaville\/sites\/51\/2023\/03\/postQueueImg_1679293561.15.jpg","width":1669,"height":768,"caption":"Hommage : Marien Ngouabi, 46 ans d\u00e9j\u00e0"},{"@type":"BreadcrumbList","@id":"https:\/\/www.africa-press.net\/congo-brazzaville\/politique\/hommage-marien-ngouabi-46-ans-deja#breadcrumb","itemListElement":[{"@type":"ListItem","position":1,"name":"Accueil","item":"https:\/\/www.africa-press.net\/congo-brazzaville\/"},{"@type":"ListItem","position":2,"name":"Hommage : Marien Ngouabi, 46 ans d\u00e9j\u00e0"}]},{"@type":"WebSite","@id":"https:\/\/www.africa-press.net\/congo-brazzaville\/#website","url":"https:\/\/www.africa-press.net\/congo-brazzaville\/","name":"Congo Brazzaville","description":"Just another Africa News Agency Sites site","potentialAction":[{"@type":"SearchAction","target":{"@type":"EntryPoint","urlTemplate":"https:\/\/www.africa-press.net\/congo-brazzaville\/?s={search_term_string}"},"query-input":{"@type":"PropertyValueSpecification","valueRequired":true,"valueName":"search_term_string"}}],"inLanguage":"fr-FR"},{"@type":"Person","@id":"https:\/\/www.africa-press.net\/congo-brazzaville\/#\/schema\/person\/2b1cf3cd81a31e3cd26889ca66d677f1","name":"cfeditorfr"}]}},"_links":{"self":[{"href":"https:\/\/www.africa-press.net\/congo-brazzaville\/wp-json\/wp\/v2\/posts\/15837","targetHints":{"allow":["GET"]}}],"collection":[{"href":"https:\/\/www.africa-press.net\/congo-brazzaville\/wp-json\/wp\/v2\/posts"}],"about":[{"href":"https:\/\/www.africa-press.net\/congo-brazzaville\/wp-json\/wp\/v2\/types\/post"}],"author":[{"embeddable":true,"href":"https:\/\/www.africa-press.net\/congo-brazzaville\/wp-json\/wp\/v2\/users\/82"}],"replies":[{"embeddable":true,"href":"https:\/\/www.africa-press.net\/congo-brazzaville\/wp-json\/wp\/v2\/comments?post=15837"}],"version-history":[{"count":0,"href":"https:\/\/www.africa-press.net\/congo-brazzaville\/wp-json\/wp\/v2\/posts\/15837\/revisions"}],"wp:featuredmedia":[{"embeddable":true,"href":"https:\/\/www.africa-press.net\/congo-brazzaville\/wp-json\/wp\/v2\/media\/15836"}],"wp:attachment":[{"href":"https:\/\/www.africa-press.net\/congo-brazzaville\/wp-json\/wp\/v2\/media?parent=15837"}],"wp:term":[{"taxonomy":"category","embeddable":true,"href":"https:\/\/www.africa-press.net\/congo-brazzaville\/wp-json\/wp\/v2\/categories?post=15837"},{"taxonomy":"post_tag","embeddable":true,"href":"https:\/\/www.africa-press.net\/congo-brazzaville\/wp-json\/wp\/v2\/tags?post=15837"}],"curies":[{"name":"wp","href":"https:\/\/api.w.org\/{rel}","templated":true}]}}