{"id":15846,"date":"2023-03-20T18:53:17","date_gmt":"2023-03-20T18:53:17","guid":{"rendered":"https:\/\/www.africa-press.net\/congo-brazzaville\/politique\/energie-electrique-du-congo-les-journaliers-reclament-leur-recrutement"},"modified":"2023-03-20T19:58:14","modified_gmt":"2023-03-20T19:58:14","slug":"energie-electrique-du-congo-les-journaliers-reclament-leur-recrutement","status":"publish","type":"post","link":"https:\/\/www.africa-press.net\/congo-brazzaville\/toutes-les-actualites\/energie-electrique-du-congo-les-journaliers-reclament-leur-recrutement","title":{"rendered":"Energie \u00e9lectrique du Congo : les journaliers r\u00e9clament leur recrutement"},"content":{"rendered":"<p><span style=\"color: #ff6600\"><strong>Africa-Press &#8211; Congo Brazzaville. <\/strong><\/span>Au sie\u0300ge de la socie\u0301te\u0301 Energie e\u0301lectrique du Congo (E2C) a\u0300 Brazzaville, la matine\u0301e du 20 mars a e\u0301te\u0301 rythme\u0301e par un concert de casseroles.<\/p>\n<p>\u00ab Nous re\u0301clamons l\u2019embauche. Pas autre chose \u00bb, pouvait-on lire sur la banderole que brandissaient les manifestants qui ne sont autres que les membres du Collectif des journaliers des agences de ladite entreprise.<\/p>\n<p>\u00ab Nous avons travaille\u0301 des anne\u0301es durant au sein de E2C, dix ans pour certains. Notre situation doit e\u0302tre re\u0301gularise\u0301e pour que nous ayons le statut de permanent au sein de l\u2019entreprise \u00bb, a explique\u0301 le secre\u0301taire ge\u0301ne\u0301ral du Collectif des journaliers, Peguy Mandomoyi, en pre\u0301cisant que certains journaliers ont de\u0301ja\u0300 totalise\u0301 plus d\u2019une anne\u0301e au cho\u0302mage.<\/p>\n<p>Le sit-in n\u2019est pas le premier du genre. Le 23 de\u0301cembre dernier, ce Collectif en avait organise\u0301 au me\u0302me endroit pour re\u0301clamer les droits de ses membres. Selon Peguy Mandomoyi, un compromis avait e\u0301te\u0301 trouve\u0301 avec la direction ge\u0301ne\u0301rale de l\u2019entreprise. Seulement, jusque-la\u0300, les pourparlers entame\u0301s n\u2019ont pas eu de suite favorable, a-t-il poursuivi. \u00ab C\u2019est pourquoi aujourd\u2019hui, nous revenons a\u0300 la charge \u00bb, a de\u0301clare\u0301 le secre\u0301taire ge\u0301ne\u0301ral du Collectif des journaliers, qui a, par ailleurs, lance\u0301 un appel aux pouvoirs publics de jouer leur partition pour qu\u2019une solution soit trouve\u0301e.<\/p>\n<p><strong>Pour plus d&rsquo;informations et d&rsquo;analyses sur la <a href=\"https:\/\/www.africa-press.net\/congo-brazzaville\">Congo Brazzaville<\/a>, suivez <a href=\"https:\/\/www.africa-press.net\/\">Africa-Press<\/a><\/strong><\/p>\n","protected":false},"excerpt":{"rendered":"<p>Africa-Press &#8211; Congo Brazzaville. Au sie\u0300ge de la socie\u0301te\u0301 Energie e\u0301lectrique du Congo (E2C) a\u0300 Brazzaville, la matine\u0301e du 20 mars a e\u0301te\u0301 rythme\u0301e par un concert de casseroles. \u00ab Nous re\u0301clamons l\u2019embauche. Pas autre chose \u00bb, pouvait-on lire sur la banderole que brandissaient les manifestants qui ne sont autres que les membres du Collectif [&hellip;]<\/p>\n","protected":false},"author":82,"featured_media":15845,"comment_status":"open","ping_status":"closed","sticky":false,"template":"","format":"standard","meta":{"footnotes":""},"categories":[21,10],"tags":[36,47,46],"class_list":["post-15846","post","type-post","status-publish","format-standard","has-post-thumbnail","hentry","category-communaute","category-toutes-les-actualites","tag-africa-press","tag-africa-press-congo-brazzaville","tag-congo-brazzaville"],"yoast_head":"<!-- This site is optimized with the Yoast SEO Premium plugin v26.1 (Yoast SEO v27.0) - https:\/\/yoast.com\/product\/yoast-seo-premium-wordpress\/ -->\n<title>Energie \u00e9lectrique du Congo : les journaliers r\u00e9clament leur recrutement - Congo Brazzaville<\/title>\n<meta name=\"description\" content=\"Au sie\u0300ge de la socie\u0301te\u0301 Energie e\u0301lectrique du Congo (E2C) a\u0300 Brazzaville, la matine\u0301e du 20 mars a e\u0301te\u0301 rythme\u0301e par ...\" \/>\n<meta name=\"robots\" content=\"index, follow, max-snippet:-1, max-image-preview:large, max-video-preview:-1\" \/>\n<link rel=\"canonical\" href=\"https:\/\/www.africa-press.net\/congo-brazzaville\/toutes-les-actualites\/energie-electrique-du-congo-les-journaliers-reclament-leur-recrutement\" \/>\n<meta property=\"og:locale\" content=\"fr_FR\" \/>\n<meta property=\"og:type\" content=\"article\" \/>\n<meta property=\"og:title\" content=\"Energie \u00e9lectrique du Congo : les journaliers r\u00e9clament leur recrutement\" \/>\n<meta property=\"og:description\" content=\"Au sie\u0300ge de la socie\u0301te\u0301 Energie e\u0301lectrique du Congo (E2C) a\u0300 Brazzaville, la matine\u0301e du 20 mars a e\u0301te\u0301 rythme\u0301e par ...\" \/>\n<meta property=\"og:url\" content=\"https:\/\/www.africa-press.net\/congo-brazzaville\/toutes-les-actualites\/energie-electrique-du-congo-les-journaliers-reclament-leur-recrutement\" \/>\n<meta property=\"og:site_name\" content=\"Congo Brazzaville\" \/>\n<meta property=\"article:published_time\" content=\"2023-03-20T18:53:17+00:00\" \/>\n<meta property=\"article:modified_time\" content=\"2023-03-20T19:58:14+00:00\" \/>\n<meta property=\"og:image\" content=\"https:\/\/static.africa-press.net\/congo-brazzaville\/sites\/51\/2023\/03\/postQueueImg_1679325826.04.jpg\" \/>\n\t<meta property=\"og:image:width\" content=\"1155\" \/>\n\t<meta property=\"og:image:height\" content=\"768\" \/>\n\t<meta property=\"og:image:type\" content=\"image\/jpeg\" \/>\n<meta name=\"author\" content=\"cfeditorfr\" \/>\n<meta name=\"twitter:card\" content=\"summary_large_image\" \/>\n<meta name=\"twitter:label1\" content=\"\u00c9crit par\" \/>\n\t<meta name=\"twitter:data1\" content=\"cfeditorfr\" \/>\n\t<meta name=\"twitter:label2\" content=\"Dur\u00e9e de lecture estim\u00e9e\" \/>\n\t<meta name=\"twitter:data2\" content=\"1 minute\" \/>\n<script type=\"application\/ld+json\" class=\"yoast-schema-graph\">{\"@context\":\"https:\/\/schema.org\",\"@graph\":[{\"@type\":\"Article\",\"@id\":\"https:\/\/www.africa-press.net\/congo-brazzaville\/toutes-les-actualites\/energie-electrique-du-congo-les-journaliers-reclament-leur-recrutement#article\",\"isPartOf\":{\"@id\":\"https:\/\/www.africa-press.net\/congo-brazzaville\/toutes-les-actualites\/energie-electrique-du-congo-les-journaliers-reclament-leur-recrutement\"},\"author\":{\"name\":\"cfeditorfr\",\"@id\":\"https:\/\/www.africa-press.net\/congo-brazzaville\/#\/schema\/person\/2b1cf3cd81a31e3cd26889ca66d677f1\"},\"headline\":\"Energie \u00e9lectrique du Congo : les journaliers r\u00e9clament leur recrutement\",\"datePublished\":\"2023-03-20T18:53:17+00:00\",\"dateModified\":\"2023-03-20T19:58:14+00:00\",\"mainEntityOfPage\":{\"@id\":\"https:\/\/www.africa-press.net\/congo-brazzaville\/toutes-les-actualites\/energie-electrique-du-congo-les-journaliers-reclament-leur-recrutement\"},\"wordCount\":267,\"commentCount\":0,\"image\":{\"@id\":\"https:\/\/www.africa-press.net\/congo-brazzaville\/toutes-les-actualites\/energie-electrique-du-congo-les-journaliers-reclament-leur-recrutement#primaryimage\"},\"thumbnailUrl\":\"https:\/\/static.africa-press.net\/congo-brazzaville\/sites\/51\/2023\/03\/postQueueImg_1679325826.04.jpg\",\"keywords\":[\"Africa Press\",\"Africa Press-Congo Brazzaville\",\"Congo Brazzaville\"],\"articleSection\":[\"Communaut\u00e9\",\"Toutes les actualit\u00e9s\"],\"inLanguage\":\"fr-FR\",\"potentialAction\":[{\"@type\":\"CommentAction\",\"name\":\"Comment\",\"target\":[\"https:\/\/www.africa-press.net\/congo-brazzaville\/toutes-les-actualites\/energie-electrique-du-congo-les-journaliers-reclament-leur-recrutement#respond\"]}]},{\"@type\":\"WebPage\",\"@id\":\"https:\/\/www.africa-press.net\/congo-brazzaville\/toutes-les-actualites\/energie-electrique-du-congo-les-journaliers-reclament-leur-recrutement\",\"url\":\"https:\/\/www.africa-press.net\/congo-brazzaville\/toutes-les-actualites\/energie-electrique-du-congo-les-journaliers-reclament-leur-recrutement\",\"name\":\"Energie \u00e9lectrique du Congo : les journaliers r\u00e9clament leur recrutement - Congo Brazzaville\",\"isPartOf\":{\"@id\":\"https:\/\/www.africa-press.net\/congo-brazzaville\/#website\"},\"primaryImageOfPage\":{\"@id\":\"https:\/\/www.africa-press.net\/congo-brazzaville\/toutes-les-actualites\/energie-electrique-du-congo-les-journaliers-reclament-leur-recrutement#primaryimage\"},\"image\":{\"@id\":\"https:\/\/www.africa-press.net\/congo-brazzaville\/toutes-les-actualites\/energie-electrique-du-congo-les-journaliers-reclament-leur-recrutement#primaryimage\"},\"thumbnailUrl\":\"https:\/\/static.africa-press.net\/congo-brazzaville\/sites\/51\/2023\/03\/postQueueImg_1679325826.04.jpg\",\"datePublished\":\"2023-03-20T18:53:17+00:00\",\"dateModified\":\"2023-03-20T19:58:14+00:00\",\"author\":{\"@id\":\"https:\/\/www.africa-press.net\/congo-brazzaville\/#\/schema\/person\/2b1cf3cd81a31e3cd26889ca66d677f1\"},\"description\":\"Au sie\u0300ge de la socie\u0301te\u0301 Energie e\u0301lectrique du Congo (E2C) a\u0300 Brazzaville, la matine\u0301e du 20 mars a e\u0301te\u0301 rythme\u0301e par ...\",\"breadcrumb\":{\"@id\":\"https:\/\/www.africa-press.net\/congo-brazzaville\/toutes-les-actualites\/energie-electrique-du-congo-les-journaliers-reclament-leur-recrutement#breadcrumb\"},\"inLanguage\":\"fr-FR\",\"potentialAction\":[{\"@type\":\"ReadAction\",\"target\":[\"https:\/\/www.africa-press.net\/congo-brazzaville\/toutes-les-actualites\/energie-electrique-du-congo-les-journaliers-reclament-leur-recrutement\"]}]},{\"@type\":\"ImageObject\",\"inLanguage\":\"fr-FR\",\"@id\":\"https:\/\/www.africa-press.net\/congo-brazzaville\/toutes-les-actualites\/energie-electrique-du-congo-les-journaliers-reclament-leur-recrutement#primaryimage\",\"url\":\"https:\/\/static.africa-press.net\/congo-brazzaville\/sites\/51\/2023\/03\/postQueueImg_1679325826.04.jpg\",\"contentUrl\":\"https:\/\/static.africa-press.net\/congo-brazzaville\/sites\/51\/2023\/03\/postQueueImg_1679325826.04.jpg\",\"width\":1155,\"height\":768,\"caption\":\"Energie \u00e9lectrique du Congo : les journaliers r\u00e9clament leur recrutement\"},{\"@type\":\"BreadcrumbList\",\"@id\":\"https:\/\/www.africa-press.net\/congo-brazzaville\/toutes-les-actualites\/energie-electrique-du-congo-les-journaliers-reclament-leur-recrutement#breadcrumb\",\"itemListElement\":[{\"@type\":\"ListItem\",\"position\":1,\"name\":\"Accueil\",\"item\":\"https:\/\/www.africa-press.net\/congo-brazzaville\/\"},{\"@type\":\"ListItem\",\"position\":2,\"name\":\"Energie \u00e9lectrique du Congo : les journaliers r\u00e9clament leur recrutement\"}]},{\"@type\":\"WebSite\",\"@id\":\"https:\/\/www.africa-press.net\/congo-brazzaville\/#website\",\"url\":\"https:\/\/www.africa-press.net\/congo-brazzaville\/\",\"name\":\"Congo Brazzaville\",\"description\":\"Just another Africa News Agency Sites site\",\"potentialAction\":[{\"@type\":\"SearchAction\",\"target\":{\"@type\":\"EntryPoint\",\"urlTemplate\":\"https:\/\/www.africa-press.net\/congo-brazzaville\/?s={search_term_string}\"},\"query-input\":{\"@type\":\"PropertyValueSpecification\",\"valueRequired\":true,\"valueName\":\"search_term_string\"}}],\"inLanguage\":\"fr-FR\"},{\"@type\":\"Person\",\"@id\":\"https:\/\/www.africa-press.net\/congo-brazzaville\/#\/schema\/person\/2b1cf3cd81a31e3cd26889ca66d677f1\",\"name\":\"cfeditorfr\"}]}<\/script>\n<!-- \/ Yoast SEO Premium plugin. -->","yoast_head_json":{"title":"Energie \u00e9lectrique du Congo : les journaliers r\u00e9clament leur recrutement - Congo Brazzaville","description":"Au sie\u0300ge de la socie\u0301te\u0301 Energie e\u0301lectrique du Congo (E2C) a\u0300 Brazzaville, la matine\u0301e du 20 mars a e\u0301te\u0301 rythme\u0301e par ...","robots":{"index":"index","follow":"follow","max-snippet":"max-snippet:-1","max-image-preview":"max-image-preview:large","max-video-preview":"max-video-preview:-1"},"canonical":"https:\/\/www.africa-press.net\/congo-brazzaville\/toutes-les-actualites\/energie-electrique-du-congo-les-journaliers-reclament-leur-recrutement","og_locale":"fr_FR","og_type":"article","og_title":"Energie \u00e9lectrique du Congo : les journaliers r\u00e9clament leur recrutement","og_description":"Au sie\u0300ge de la socie\u0301te\u0301 Energie e\u0301lectrique du Congo (E2C) a\u0300 Brazzaville, la matine\u0301e du 20 mars a e\u0301te\u0301 rythme\u0301e par ...","og_url":"https:\/\/www.africa-press.net\/congo-brazzaville\/toutes-les-actualites\/energie-electrique-du-congo-les-journaliers-reclament-leur-recrutement","og_site_name":"Congo Brazzaville","article_published_time":"2023-03-20T18:53:17+00:00","article_modified_time":"2023-03-20T19:58:14+00:00","og_image":[{"width":1155,"height":768,"url":"https:\/\/static.africa-press.net\/congo-brazzaville\/sites\/51\/2023\/03\/postQueueImg_1679325826.04.jpg","type":"image\/jpeg"}],"author":"cfeditorfr","twitter_card":"summary_large_image","twitter_misc":{"\u00c9crit par":"cfeditorfr","Dur\u00e9e de lecture estim\u00e9e":"1 minute"},"schema":{"@context":"https:\/\/schema.org","@graph":[{"@type":"Article","@id":"https:\/\/www.africa-press.net\/congo-brazzaville\/toutes-les-actualites\/energie-electrique-du-congo-les-journaliers-reclament-leur-recrutement#article","isPartOf":{"@id":"https:\/\/www.africa-press.net\/congo-brazzaville\/toutes-les-actualites\/energie-electrique-du-congo-les-journaliers-reclament-leur-recrutement"},"author":{"name":"cfeditorfr","@id":"https:\/\/www.africa-press.net\/congo-brazzaville\/#\/schema\/person\/2b1cf3cd81a31e3cd26889ca66d677f1"},"headline":"Energie \u00e9lectrique du Congo : les journaliers r\u00e9clament leur recrutement","datePublished":"2023-03-20T18:53:17+00:00","dateModified":"2023-03-20T19:58:14+00:00","mainEntityOfPage":{"@id":"https:\/\/www.africa-press.net\/congo-brazzaville\/toutes-les-actualites\/energie-electrique-du-congo-les-journaliers-reclament-leur-recrutement"},"wordCount":267,"commentCount":0,"image":{"@id":"https:\/\/www.africa-press.net\/congo-brazzaville\/toutes-les-actualites\/energie-electrique-du-congo-les-journaliers-reclament-leur-recrutement#primaryimage"},"thumbnailUrl":"https:\/\/static.africa-press.net\/congo-brazzaville\/sites\/51\/2023\/03\/postQueueImg_1679325826.04.jpg","keywords":["Africa Press","Africa Press-Congo Brazzaville","Congo Brazzaville"],"articleSection":["Communaut\u00e9","Toutes les actualit\u00e9s"],"inLanguage":"fr-FR","potentialAction":[{"@type":"CommentAction","name":"Comment","target":["https:\/\/www.africa-press.net\/congo-brazzaville\/toutes-les-actualites\/energie-electrique-du-congo-les-journaliers-reclament-leur-recrutement#respond"]}]},{"@type":"WebPage","@id":"https:\/\/www.africa-press.net\/congo-brazzaville\/toutes-les-actualites\/energie-electrique-du-congo-les-journaliers-reclament-leur-recrutement","url":"https:\/\/www.africa-press.net\/congo-brazzaville\/toutes-les-actualites\/energie-electrique-du-congo-les-journaliers-reclament-leur-recrutement","name":"Energie \u00e9lectrique du Congo : les journaliers r\u00e9clament leur recrutement - Congo Brazzaville","isPartOf":{"@id":"https:\/\/www.africa-press.net\/congo-brazzaville\/#website"},"primaryImageOfPage":{"@id":"https:\/\/www.africa-press.net\/congo-brazzaville\/toutes-les-actualites\/energie-electrique-du-congo-les-journaliers-reclament-leur-recrutement#primaryimage"},"image":{"@id":"https:\/\/www.africa-press.net\/congo-brazzaville\/toutes-les-actualites\/energie-electrique-du-congo-les-journaliers-reclament-leur-recrutement#primaryimage"},"thumbnailUrl":"https:\/\/static.africa-press.net\/congo-brazzaville\/sites\/51\/2023\/03\/postQueueImg_1679325826.04.jpg","datePublished":"2023-03-20T18:53:17+00:00","dateModified":"2023-03-20T19:58:14+00:00","author":{"@id":"https:\/\/www.africa-press.net\/congo-brazzaville\/#\/schema\/person\/2b1cf3cd81a31e3cd26889ca66d677f1"},"description":"Au sie\u0300ge de la socie\u0301te\u0301 Energie e\u0301lectrique du Congo (E2C) a\u0300 Brazzaville, la matine\u0301e du 20 mars a e\u0301te\u0301 rythme\u0301e par ...","breadcrumb":{"@id":"https:\/\/www.africa-press.net\/congo-brazzaville\/toutes-les-actualites\/energie-electrique-du-congo-les-journaliers-reclament-leur-recrutement#breadcrumb"},"inLanguage":"fr-FR","potentialAction":[{"@type":"ReadAction","target":["https:\/\/www.africa-press.net\/congo-brazzaville\/toutes-les-actualites\/energie-electrique-du-congo-les-journaliers-reclament-leur-recrutement"]}]},{"@type":"ImageObject","inLanguage":"fr-FR","@id":"https:\/\/www.africa-press.net\/congo-brazzaville\/toutes-les-actualites\/energie-electrique-du-congo-les-journaliers-reclament-leur-recrutement#primaryimage","url":"https:\/\/static.africa-press.net\/congo-brazzaville\/sites\/51\/2023\/03\/postQueueImg_1679325826.04.jpg","contentUrl":"https:\/\/static.africa-press.net\/congo-brazzaville\/sites\/51\/2023\/03\/postQueueImg_1679325826.04.jpg","width":1155,"height":768,"caption":"Energie \u00e9lectrique du Congo : les journaliers r\u00e9clament leur recrutement"},{"@type":"BreadcrumbList","@id":"https:\/\/www.africa-press.net\/congo-brazzaville\/toutes-les-actualites\/energie-electrique-du-congo-les-journaliers-reclament-leur-recrutement#breadcrumb","itemListElement":[{"@type":"ListItem","position":1,"name":"Accueil","item":"https:\/\/www.africa-press.net\/congo-brazzaville\/"},{"@type":"ListItem","position":2,"name":"Energie \u00e9lectrique du Congo : les journaliers r\u00e9clament leur recrutement"}]},{"@type":"WebSite","@id":"https:\/\/www.africa-press.net\/congo-brazzaville\/#website","url":"https:\/\/www.africa-press.net\/congo-brazzaville\/","name":"Congo Brazzaville","description":"Just another Africa News Agency Sites site","potentialAction":[{"@type":"SearchAction","target":{"@type":"EntryPoint","urlTemplate":"https:\/\/www.africa-press.net\/congo-brazzaville\/?s={search_term_string}"},"query-input":{"@type":"PropertyValueSpecification","valueRequired":true,"valueName":"search_term_string"}}],"inLanguage":"fr-FR"},{"@type":"Person","@id":"https:\/\/www.africa-press.net\/congo-brazzaville\/#\/schema\/person\/2b1cf3cd81a31e3cd26889ca66d677f1","name":"cfeditorfr"}]}},"_links":{"self":[{"href":"https:\/\/www.africa-press.net\/congo-brazzaville\/wp-json\/wp\/v2\/posts\/15846","targetHints":{"allow":["GET"]}}],"collection":[{"href":"https:\/\/www.africa-press.net\/congo-brazzaville\/wp-json\/wp\/v2\/posts"}],"about":[{"href":"https:\/\/www.africa-press.net\/congo-brazzaville\/wp-json\/wp\/v2\/types\/post"}],"author":[{"embeddable":true,"href":"https:\/\/www.africa-press.net\/congo-brazzaville\/wp-json\/wp\/v2\/users\/82"}],"replies":[{"embeddable":true,"href":"https:\/\/www.africa-press.net\/congo-brazzaville\/wp-json\/wp\/v2\/comments?post=15846"}],"version-history":[{"count":0,"href":"https:\/\/www.africa-press.net\/congo-brazzaville\/wp-json\/wp\/v2\/posts\/15846\/revisions"}],"wp:featuredmedia":[{"embeddable":true,"href":"https:\/\/www.africa-press.net\/congo-brazzaville\/wp-json\/wp\/v2\/media\/15845"}],"wp:attachment":[{"href":"https:\/\/www.africa-press.net\/congo-brazzaville\/wp-json\/wp\/v2\/media?parent=15846"}],"wp:term":[{"taxonomy":"category","embeddable":true,"href":"https:\/\/www.africa-press.net\/congo-brazzaville\/wp-json\/wp\/v2\/categories?post=15846"},{"taxonomy":"post_tag","embeddable":true,"href":"https:\/\/www.africa-press.net\/congo-brazzaville\/wp-json\/wp\/v2\/tags?post=15846"}],"curies":[{"name":"wp","href":"https:\/\/api.w.org\/{rel}","templated":true}]}}