{"id":15849,"date":"2023-03-20T18:53:53","date_gmt":"2023-03-20T18:53:53","guid":{"rendered":"https:\/\/www.africa-press.net\/congo-brazzaville\/politique\/paix-et-securite-la-ceeac-et-le-systeme-des-nations-unies-renforcent-leur-cooperation"},"modified":"2023-03-20T19:58:33","modified_gmt":"2023-03-20T19:58:33","slug":"paix-et-securite-la-ceeac-et-le-systeme-des-nations-unies-renforcent-leur-cooperation","status":"publish","type":"post","link":"https:\/\/www.africa-press.net\/congo-brazzaville\/politique\/paix-et-securite-la-ceeac-et-le-systeme-des-nations-unies-renforcent-leur-cooperation","title":{"rendered":"Paix et s\u00e9curit\u00e9 :  la CEEAC et le syst\u00e8me des Nations unies renforcent leur coop\u00e9ration"},"content":{"rendered":"<p><span style=\"color: #ff6600\"><strong>Africa-Press &#8211; Congo Brazzaville. <\/strong><\/span><b>Les chefs des entite\u0301s des Nations unies de l\u2019Afrique centrale et la Commission de la Communaute\u0301 e\u0301conomique des Etats de l&rsquo;Afrique centrale (CEEAC) se sont re\u0301unis les 16 et 17 mars a\u0300 Libreville, au Gabon, pour faire le point sur les de\u0301fis e\u0301mergents et persistants en matie\u0300re de paix et de se\u0301curite\u0301 dans la sous-re\u0301gion.<\/b><\/p>\n<p>La re\u0301union annuelle a regroupe\u0301 les repre\u0301sentants et envoye\u0301s spe\u0301ciaux du secre\u0301taire ge\u0301ne\u0301ral des Nations unies, des directeurs re\u0301gionaux et des coordinateurs re\u0301sidents du syste\u0300me des Nations unies en Afrique centrale. Elle a aussi fait le point sur les efforts consentis par les Nations unies pour appuyer les Etats et les re\u0301gions dans la pre\u0301vention des conflits et la consolidation de la paix, conforme\u0301ment au cadre re\u0301gional de pre\u0301vention des conflits en Afrique centrale.<\/p>\n<p>Plusieurs sujets ont e\u0301voque\u0301 au cours des diffe\u0301rentes interventions, a\u0300 savoir le proble\u0300me de gouvernance, les syste\u0300mes e\u0301lectoraux avec leurs lots de litiges post-e\u0301lectoraux, la prolife\u0301ration des discours de haine, l\u2019exacerbation des tensions intercommunautaires et la prolife\u0301ration des groupes arme\u0301s ainsi que celle des armes de petits calibres, etc.<\/p>\n<p>Il a e\u0301te\u0301 releve\u0301 que l\u2019Afrique centrale a enregistre\u0301 des progre\u0300s dans le renforcement de la gouvernance. \u00ab Mais la me\u0301fiance ge\u0301ne\u0301ralise\u0301e a\u0300 l\u2019e\u0301gard des syste\u0300mes e\u0301lectoraux n\u2019augure pas des lendemains meilleurs d\u2019une bonne gouvernance. Cette me\u0301fiance qui se traduit par une faible participation des e\u0301lecteurs, un rejet des institutions e\u0301lectorales et des demandes parfois fallacieuses de ve\u0301rification et de recomptage des re\u0301sultats des e\u0301lections sont autant de facteurs qui handicapent le processus de\u0301mocratique dans la re\u0301gion \u00bb, ont indique\u0301 les participants.<\/p>\n<p>A cela s\u2019ajoute \u00ab l\u2019incapacite\u0301 des E\u0301tats a\u0300 assurer le bien-e\u0302tre a\u0300 la population en de\u0301pit des richesses dont regorgent nos Etats. Une situation qui a exacerbe\u0301 les sentiments de marginalisation et d\u2019exclusion politique et fragilise\u0301 davantage le tissu social. Un pre\u0301texte parfois instrumentalise\u0301 par certains acteurs politiques pour justifier des re\u0301bellions ou des mouvements se\u0301cessionnistes \u00bb.<\/p>\n<p>Par ailleurs, les diffe\u0301rents orateurs ont e\u0301pingle\u0301 l\u2019anne\u0301e 2023 \u00ab comme celle de toutes e\u0301ventualite\u0301s \u00bb. En effet, beaucoup de pays de la re\u0301gion vont se livrer aux joutes e\u0301lectorales. Les cas de la Re\u0301publique centrafricaine, la Re\u0301publique de\u0301mocratique du Congo et la Re\u0301publique gabonaise. Ces diverses e\u0301lections, ont-t-ils indique\u0301, \u00ab pourraient bien e\u0302tre des opportunite\u0301s de consolidation des acquis de\u0301mocratiques en me\u0302me temps que des facteurs de risque de violence politique et\/ou d\u2019instabilite\u0301 institutionnelle \u00bb.<\/p>\n<p>Le pre\u0301sident de la Commission de la CEEAC, Glberto Da Piedade Verissimo, a saisi l\u2019opportunite\u0301 pour rendre compte a\u0300 l\u2019auditoire des grandes conclusions de la XXIIe session ordinaire de la confe\u0301rence des chefs d\u2019Etat et de gouvernement tenue le 25 fe\u0301vrier a\u0300 Kinshasa. Il a insiste\u0301 sur \u00ab la ne\u0301cessite\u0301 pour les pays de la re\u0301gion d\u2019Afrique centrale d\u2019\u0153uvrer ensemble pour enrayer l\u2019inse\u0301curite\u0301, le terrorisme, la circulation des armes de petits calibres \u00bb. Il s\u2019est fe\u0301licite\u0301 de la bonne collaboration entre la Commission de la CEEAC et le Bureau re\u0301gional des Nations unies pour l&rsquo;Afrique centrale et a exprime\u0301 sa \u00ab ferme volonte\u0301 \u00bb d\u2019accroi\u0302tre la coope\u0301ration avec le syste\u0300me des Nations unies.<\/p>\n<p><strong>Pour plus d&rsquo;informations et d&rsquo;analyses sur la <a href=\"https:\/\/www.africa-press.net\/congo-brazzaville\">Congo Brazzaville<\/a>, suivez <a href=\"https:\/\/www.africa-press.net\/\">Africa-Press<\/a><\/strong><\/p>\n","protected":false},"excerpt":{"rendered":"<p>Africa-Press &#8211; Congo Brazzaville. Les chefs des entite\u0301s des Nations unies de l\u2019Afrique centrale et la Commission de la Communaute\u0301 e\u0301conomique des Etats de l&rsquo;Afrique centrale (CEEAC) se sont re\u0301unis les 16 et 17 mars a\u0300 Libreville, au Gabon, pour faire le point sur les de\u0301fis e\u0301mergents et persistants en matie\u0300re de paix et de [&hellip;]<\/p>\n","protected":false},"author":82,"featured_media":15847,"comment_status":"open","ping_status":"closed","sticky":false,"template":"","format":"standard","meta":{"footnotes":""},"categories":[2,10],"tags":[36,47,46],"class_list":["post-15849","post","type-post","status-publish","format-standard","has-post-thumbnail","hentry","category-politique","category-toutes-les-actualites","tag-africa-press","tag-africa-press-congo-brazzaville","tag-congo-brazzaville"],"yoast_head":"<!-- This site is optimized with the Yoast SEO Premium plugin v26.1 (Yoast SEO v27.0) - https:\/\/yoast.com\/product\/yoast-seo-premium-wordpress\/ -->\n<title>Paix et s\u00e9curit\u00e9 : la CEEAC et le syst\u00e8me des Nations unies renforcent leur coop\u00e9ration - Congo Brazzaville<\/title>\n<meta name=\"description\" content=\"Les chefs des entite\u0301s des Nations unies de l\u2019Afrique centrale et la Commission de la Communaute\u0301 e\u0301conomique des Eta ...\" \/>\n<meta name=\"robots\" content=\"index, follow, max-snippet:-1, max-image-preview:large, max-video-preview:-1\" \/>\n<link rel=\"canonical\" href=\"https:\/\/www.africa-press.net\/congo-brazzaville\/politique\/paix-et-securite-la-ceeac-et-le-systeme-des-nations-unies-renforcent-leur-cooperation\" \/>\n<meta property=\"og:locale\" content=\"fr_FR\" \/>\n<meta property=\"og:type\" content=\"article\" \/>\n<meta property=\"og:title\" content=\"Paix et s\u00e9curit\u00e9 : la CEEAC et le syst\u00e8me des Nations unies renforcent leur coop\u00e9ration\" \/>\n<meta property=\"og:description\" content=\"Les chefs des entite\u0301s des Nations unies de l\u2019Afrique centrale et la Commission de la Communaute\u0301 e\u0301conomique des Eta ...\" \/>\n<meta property=\"og:url\" content=\"https:\/\/www.africa-press.net\/congo-brazzaville\/politique\/paix-et-securite-la-ceeac-et-le-systeme-des-nations-unies-renforcent-leur-cooperation\" \/>\n<meta property=\"og:site_name\" content=\"Congo Brazzaville\" \/>\n<meta property=\"article:published_time\" content=\"2023-03-20T18:53:53+00:00\" \/>\n<meta property=\"article:modified_time\" content=\"2023-03-20T19:58:33+00:00\" \/>\n<meta property=\"og:image\" content=\"https:\/\/static.africa-press.net\/congo-brazzaville\/sites\/51\/2023\/03\/postQueueImg_1679325836.74.jpg\" \/>\n\t<meta property=\"og:image:width\" content=\"1023\" \/>\n\t<meta property=\"og:image:height\" content=\"768\" \/>\n\t<meta property=\"og:image:type\" content=\"image\/jpeg\" \/>\n<meta name=\"author\" content=\"cfeditorfr\" \/>\n<meta name=\"twitter:card\" content=\"summary_large_image\" \/>\n<meta name=\"twitter:label1\" content=\"\u00c9crit par\" \/>\n\t<meta name=\"twitter:data1\" content=\"cfeditorfr\" \/>\n\t<meta name=\"twitter:label2\" content=\"Dur\u00e9e de lecture estim\u00e9e\" \/>\n\t<meta name=\"twitter:data2\" content=\"3 minutes\" \/>\n<script type=\"application\/ld+json\" class=\"yoast-schema-graph\">{\"@context\":\"https:\/\/schema.org\",\"@graph\":[{\"@type\":\"Article\",\"@id\":\"https:\/\/www.africa-press.net\/congo-brazzaville\/politique\/paix-et-securite-la-ceeac-et-le-systeme-des-nations-unies-renforcent-leur-cooperation#article\",\"isPartOf\":{\"@id\":\"https:\/\/www.africa-press.net\/congo-brazzaville\/politique\/paix-et-securite-la-ceeac-et-le-systeme-des-nations-unies-renforcent-leur-cooperation\"},\"author\":{\"name\":\"cfeditorfr\",\"@id\":\"https:\/\/www.africa-press.net\/congo-brazzaville\/#\/schema\/person\/2b1cf3cd81a31e3cd26889ca66d677f1\"},\"headline\":\"Paix et s\u00e9curit\u00e9 : la CEEAC et le syst\u00e8me des Nations unies renforcent leur coop\u00e9ration\",\"datePublished\":\"2023-03-20T18:53:53+00:00\",\"dateModified\":\"2023-03-20T19:58:33+00:00\",\"mainEntityOfPage\":{\"@id\":\"https:\/\/www.africa-press.net\/congo-brazzaville\/politique\/paix-et-securite-la-ceeac-et-le-systeme-des-nations-unies-renforcent-leur-cooperation\"},\"wordCount\":628,\"commentCount\":0,\"image\":{\"@id\":\"https:\/\/www.africa-press.net\/congo-brazzaville\/politique\/paix-et-securite-la-ceeac-et-le-systeme-des-nations-unies-renforcent-leur-cooperation#primaryimage\"},\"thumbnailUrl\":\"https:\/\/static.africa-press.net\/congo-brazzaville\/sites\/51\/2023\/03\/postQueueImg_1679325836.74.jpg\",\"keywords\":[\"Africa Press\",\"Africa Press-Congo Brazzaville\",\"Congo Brazzaville\"],\"articleSection\":[\"Politique\",\"Toutes les actualit\u00e9s\"],\"inLanguage\":\"fr-FR\",\"potentialAction\":[{\"@type\":\"CommentAction\",\"name\":\"Comment\",\"target\":[\"https:\/\/www.africa-press.net\/congo-brazzaville\/politique\/paix-et-securite-la-ceeac-et-le-systeme-des-nations-unies-renforcent-leur-cooperation#respond\"]}]},{\"@type\":\"WebPage\",\"@id\":\"https:\/\/www.africa-press.net\/congo-brazzaville\/politique\/paix-et-securite-la-ceeac-et-le-systeme-des-nations-unies-renforcent-leur-cooperation\",\"url\":\"https:\/\/www.africa-press.net\/congo-brazzaville\/politique\/paix-et-securite-la-ceeac-et-le-systeme-des-nations-unies-renforcent-leur-cooperation\",\"name\":\"Paix et s\u00e9curit\u00e9 : la CEEAC et le syst\u00e8me des Nations unies renforcent leur coop\u00e9ration - Congo Brazzaville\",\"isPartOf\":{\"@id\":\"https:\/\/www.africa-press.net\/congo-brazzaville\/#website\"},\"primaryImageOfPage\":{\"@id\":\"https:\/\/www.africa-press.net\/congo-brazzaville\/politique\/paix-et-securite-la-ceeac-et-le-systeme-des-nations-unies-renforcent-leur-cooperation#primaryimage\"},\"image\":{\"@id\":\"https:\/\/www.africa-press.net\/congo-brazzaville\/politique\/paix-et-securite-la-ceeac-et-le-systeme-des-nations-unies-renforcent-leur-cooperation#primaryimage\"},\"thumbnailUrl\":\"https:\/\/static.africa-press.net\/congo-brazzaville\/sites\/51\/2023\/03\/postQueueImg_1679325836.74.jpg\",\"datePublished\":\"2023-03-20T18:53:53+00:00\",\"dateModified\":\"2023-03-20T19:58:33+00:00\",\"author\":{\"@id\":\"https:\/\/www.africa-press.net\/congo-brazzaville\/#\/schema\/person\/2b1cf3cd81a31e3cd26889ca66d677f1\"},\"description\":\"Les chefs des entite\u0301s des Nations unies de l\u2019Afrique centrale et la Commission de la Communaute\u0301 e\u0301conomique des Eta ...\",\"breadcrumb\":{\"@id\":\"https:\/\/www.africa-press.net\/congo-brazzaville\/politique\/paix-et-securite-la-ceeac-et-le-systeme-des-nations-unies-renforcent-leur-cooperation#breadcrumb\"},\"inLanguage\":\"fr-FR\",\"potentialAction\":[{\"@type\":\"ReadAction\",\"target\":[\"https:\/\/www.africa-press.net\/congo-brazzaville\/politique\/paix-et-securite-la-ceeac-et-le-systeme-des-nations-unies-renforcent-leur-cooperation\"]}]},{\"@type\":\"ImageObject\",\"inLanguage\":\"fr-FR\",\"@id\":\"https:\/\/www.africa-press.net\/congo-brazzaville\/politique\/paix-et-securite-la-ceeac-et-le-systeme-des-nations-unies-renforcent-leur-cooperation#primaryimage\",\"url\":\"https:\/\/static.africa-press.net\/congo-brazzaville\/sites\/51\/2023\/03\/postQueueImg_1679325836.74.jpg\",\"contentUrl\":\"https:\/\/static.africa-press.net\/congo-brazzaville\/sites\/51\/2023\/03\/postQueueImg_1679325836.74.jpg\",\"width\":1023,\"height\":768,\"caption\":\"Paix et s\u00e9curit\u00e9 : la CEEAC et le syst\u00e8me des Nations unies renforcent leur coop\u00e9ration\"},{\"@type\":\"BreadcrumbList\",\"@id\":\"https:\/\/www.africa-press.net\/congo-brazzaville\/politique\/paix-et-securite-la-ceeac-et-le-systeme-des-nations-unies-renforcent-leur-cooperation#breadcrumb\",\"itemListElement\":[{\"@type\":\"ListItem\",\"position\":1,\"name\":\"Accueil\",\"item\":\"https:\/\/www.africa-press.net\/congo-brazzaville\/\"},{\"@type\":\"ListItem\",\"position\":2,\"name\":\"Paix et s\u00e9curit\u00e9 : la CEEAC et le syst\u00e8me des Nations unies renforcent leur coop\u00e9ration\"}]},{\"@type\":\"WebSite\",\"@id\":\"https:\/\/www.africa-press.net\/congo-brazzaville\/#website\",\"url\":\"https:\/\/www.africa-press.net\/congo-brazzaville\/\",\"name\":\"Congo Brazzaville\",\"description\":\"Just another Africa News Agency Sites site\",\"potentialAction\":[{\"@type\":\"SearchAction\",\"target\":{\"@type\":\"EntryPoint\",\"urlTemplate\":\"https:\/\/www.africa-press.net\/congo-brazzaville\/?s={search_term_string}\"},\"query-input\":{\"@type\":\"PropertyValueSpecification\",\"valueRequired\":true,\"valueName\":\"search_term_string\"}}],\"inLanguage\":\"fr-FR\"},{\"@type\":\"Person\",\"@id\":\"https:\/\/www.africa-press.net\/congo-brazzaville\/#\/schema\/person\/2b1cf3cd81a31e3cd26889ca66d677f1\",\"name\":\"cfeditorfr\"}]}<\/script>\n<!-- \/ Yoast SEO Premium plugin. -->","yoast_head_json":{"title":"Paix et s\u00e9curit\u00e9 : la CEEAC et le syst\u00e8me des Nations unies renforcent leur coop\u00e9ration - Congo Brazzaville","description":"Les chefs des entite\u0301s des Nations unies de l\u2019Afrique centrale et la Commission de la Communaute\u0301 e\u0301conomique des Eta ...","robots":{"index":"index","follow":"follow","max-snippet":"max-snippet:-1","max-image-preview":"max-image-preview:large","max-video-preview":"max-video-preview:-1"},"canonical":"https:\/\/www.africa-press.net\/congo-brazzaville\/politique\/paix-et-securite-la-ceeac-et-le-systeme-des-nations-unies-renforcent-leur-cooperation","og_locale":"fr_FR","og_type":"article","og_title":"Paix et s\u00e9curit\u00e9 : la CEEAC et le syst\u00e8me des Nations unies renforcent leur coop\u00e9ration","og_description":"Les chefs des entite\u0301s des Nations unies de l\u2019Afrique centrale et la Commission de la Communaute\u0301 e\u0301conomique des Eta ...","og_url":"https:\/\/www.africa-press.net\/congo-brazzaville\/politique\/paix-et-securite-la-ceeac-et-le-systeme-des-nations-unies-renforcent-leur-cooperation","og_site_name":"Congo Brazzaville","article_published_time":"2023-03-20T18:53:53+00:00","article_modified_time":"2023-03-20T19:58:33+00:00","og_image":[{"width":1023,"height":768,"url":"https:\/\/static.africa-press.net\/congo-brazzaville\/sites\/51\/2023\/03\/postQueueImg_1679325836.74.jpg","type":"image\/jpeg"}],"author":"cfeditorfr","twitter_card":"summary_large_image","twitter_misc":{"\u00c9crit par":"cfeditorfr","Dur\u00e9e de lecture estim\u00e9e":"3 minutes"},"schema":{"@context":"https:\/\/schema.org","@graph":[{"@type":"Article","@id":"https:\/\/www.africa-press.net\/congo-brazzaville\/politique\/paix-et-securite-la-ceeac-et-le-systeme-des-nations-unies-renforcent-leur-cooperation#article","isPartOf":{"@id":"https:\/\/www.africa-press.net\/congo-brazzaville\/politique\/paix-et-securite-la-ceeac-et-le-systeme-des-nations-unies-renforcent-leur-cooperation"},"author":{"name":"cfeditorfr","@id":"https:\/\/www.africa-press.net\/congo-brazzaville\/#\/schema\/person\/2b1cf3cd81a31e3cd26889ca66d677f1"},"headline":"Paix et s\u00e9curit\u00e9 : la CEEAC et le syst\u00e8me des Nations unies renforcent leur coop\u00e9ration","datePublished":"2023-03-20T18:53:53+00:00","dateModified":"2023-03-20T19:58:33+00:00","mainEntityOfPage":{"@id":"https:\/\/www.africa-press.net\/congo-brazzaville\/politique\/paix-et-securite-la-ceeac-et-le-systeme-des-nations-unies-renforcent-leur-cooperation"},"wordCount":628,"commentCount":0,"image":{"@id":"https:\/\/www.africa-press.net\/congo-brazzaville\/politique\/paix-et-securite-la-ceeac-et-le-systeme-des-nations-unies-renforcent-leur-cooperation#primaryimage"},"thumbnailUrl":"https:\/\/static.africa-press.net\/congo-brazzaville\/sites\/51\/2023\/03\/postQueueImg_1679325836.74.jpg","keywords":["Africa Press","Africa Press-Congo Brazzaville","Congo Brazzaville"],"articleSection":["Politique","Toutes les actualit\u00e9s"],"inLanguage":"fr-FR","potentialAction":[{"@type":"CommentAction","name":"Comment","target":["https:\/\/www.africa-press.net\/congo-brazzaville\/politique\/paix-et-securite-la-ceeac-et-le-systeme-des-nations-unies-renforcent-leur-cooperation#respond"]}]},{"@type":"WebPage","@id":"https:\/\/www.africa-press.net\/congo-brazzaville\/politique\/paix-et-securite-la-ceeac-et-le-systeme-des-nations-unies-renforcent-leur-cooperation","url":"https:\/\/www.africa-press.net\/congo-brazzaville\/politique\/paix-et-securite-la-ceeac-et-le-systeme-des-nations-unies-renforcent-leur-cooperation","name":"Paix et s\u00e9curit\u00e9 : la CEEAC et le syst\u00e8me des Nations unies renforcent leur coop\u00e9ration - Congo Brazzaville","isPartOf":{"@id":"https:\/\/www.africa-press.net\/congo-brazzaville\/#website"},"primaryImageOfPage":{"@id":"https:\/\/www.africa-press.net\/congo-brazzaville\/politique\/paix-et-securite-la-ceeac-et-le-systeme-des-nations-unies-renforcent-leur-cooperation#primaryimage"},"image":{"@id":"https:\/\/www.africa-press.net\/congo-brazzaville\/politique\/paix-et-securite-la-ceeac-et-le-systeme-des-nations-unies-renforcent-leur-cooperation#primaryimage"},"thumbnailUrl":"https:\/\/static.africa-press.net\/congo-brazzaville\/sites\/51\/2023\/03\/postQueueImg_1679325836.74.jpg","datePublished":"2023-03-20T18:53:53+00:00","dateModified":"2023-03-20T19:58:33+00:00","author":{"@id":"https:\/\/www.africa-press.net\/congo-brazzaville\/#\/schema\/person\/2b1cf3cd81a31e3cd26889ca66d677f1"},"description":"Les chefs des entite\u0301s des Nations unies de l\u2019Afrique centrale et la Commission de la Communaute\u0301 e\u0301conomique des Eta ...","breadcrumb":{"@id":"https:\/\/www.africa-press.net\/congo-brazzaville\/politique\/paix-et-securite-la-ceeac-et-le-systeme-des-nations-unies-renforcent-leur-cooperation#breadcrumb"},"inLanguage":"fr-FR","potentialAction":[{"@type":"ReadAction","target":["https:\/\/www.africa-press.net\/congo-brazzaville\/politique\/paix-et-securite-la-ceeac-et-le-systeme-des-nations-unies-renforcent-leur-cooperation"]}]},{"@type":"ImageObject","inLanguage":"fr-FR","@id":"https:\/\/www.africa-press.net\/congo-brazzaville\/politique\/paix-et-securite-la-ceeac-et-le-systeme-des-nations-unies-renforcent-leur-cooperation#primaryimage","url":"https:\/\/static.africa-press.net\/congo-brazzaville\/sites\/51\/2023\/03\/postQueueImg_1679325836.74.jpg","contentUrl":"https:\/\/static.africa-press.net\/congo-brazzaville\/sites\/51\/2023\/03\/postQueueImg_1679325836.74.jpg","width":1023,"height":768,"caption":"Paix et s\u00e9curit\u00e9 : la CEEAC et le syst\u00e8me des Nations unies renforcent leur coop\u00e9ration"},{"@type":"BreadcrumbList","@id":"https:\/\/www.africa-press.net\/congo-brazzaville\/politique\/paix-et-securite-la-ceeac-et-le-systeme-des-nations-unies-renforcent-leur-cooperation#breadcrumb","itemListElement":[{"@type":"ListItem","position":1,"name":"Accueil","item":"https:\/\/www.africa-press.net\/congo-brazzaville\/"},{"@type":"ListItem","position":2,"name":"Paix et s\u00e9curit\u00e9 : la CEEAC et le syst\u00e8me des Nations unies renforcent leur coop\u00e9ration"}]},{"@type":"WebSite","@id":"https:\/\/www.africa-press.net\/congo-brazzaville\/#website","url":"https:\/\/www.africa-press.net\/congo-brazzaville\/","name":"Congo Brazzaville","description":"Just another Africa News Agency Sites site","potentialAction":[{"@type":"SearchAction","target":{"@type":"EntryPoint","urlTemplate":"https:\/\/www.africa-press.net\/congo-brazzaville\/?s={search_term_string}"},"query-input":{"@type":"PropertyValueSpecification","valueRequired":true,"valueName":"search_term_string"}}],"inLanguage":"fr-FR"},{"@type":"Person","@id":"https:\/\/www.africa-press.net\/congo-brazzaville\/#\/schema\/person\/2b1cf3cd81a31e3cd26889ca66d677f1","name":"cfeditorfr"}]}},"_links":{"self":[{"href":"https:\/\/www.africa-press.net\/congo-brazzaville\/wp-json\/wp\/v2\/posts\/15849","targetHints":{"allow":["GET"]}}],"collection":[{"href":"https:\/\/www.africa-press.net\/congo-brazzaville\/wp-json\/wp\/v2\/posts"}],"about":[{"href":"https:\/\/www.africa-press.net\/congo-brazzaville\/wp-json\/wp\/v2\/types\/post"}],"author":[{"embeddable":true,"href":"https:\/\/www.africa-press.net\/congo-brazzaville\/wp-json\/wp\/v2\/users\/82"}],"replies":[{"embeddable":true,"href":"https:\/\/www.africa-press.net\/congo-brazzaville\/wp-json\/wp\/v2\/comments?post=15849"}],"version-history":[{"count":0,"href":"https:\/\/www.africa-press.net\/congo-brazzaville\/wp-json\/wp\/v2\/posts\/15849\/revisions"}],"wp:featuredmedia":[{"embeddable":true,"href":"https:\/\/www.africa-press.net\/congo-brazzaville\/wp-json\/wp\/v2\/media\/15847"}],"wp:attachment":[{"href":"https:\/\/www.africa-press.net\/congo-brazzaville\/wp-json\/wp\/v2\/media?parent=15849"}],"wp:term":[{"taxonomy":"category","embeddable":true,"href":"https:\/\/www.africa-press.net\/congo-brazzaville\/wp-json\/wp\/v2\/categories?post=15849"},{"taxonomy":"post_tag","embeddable":true,"href":"https:\/\/www.africa-press.net\/congo-brazzaville\/wp-json\/wp\/v2\/tags?post=15849"}],"curies":[{"name":"wp","href":"https:\/\/api.w.org\/{rel}","templated":true}]}}