{"id":15852,"date":"2023-03-20T18:54:10","date_gmt":"2023-03-20T18:54:10","guid":{"rendered":"https:\/\/www.africa-press.net\/congo-brazzaville\/politique\/sante-des-congolais-de-plus-en-plus-souffrant-des-pathologies-oculaires"},"modified":"2023-03-20T19:59:10","modified_gmt":"2023-03-20T19:59:10","slug":"sante-des-congolais-de-plus-en-plus-souffrant-des-pathologies-oculaires","status":"publish","type":"post","link":"https:\/\/www.africa-press.net\/congo-brazzaville\/toutes-les-actualites\/sante-des-congolais-de-plus-en-plus-souffrant-des-pathologies-oculaires","title":{"rendered":"Sant\u00e9 : des Congolais de plus en plus souffrant des pathologies oculaires"},"content":{"rendered":"<p><span style=\"color: #ff6600\"><strong>Africa-Press &#8211; Congo Brazzaville. <\/strong><\/span><b>Le constat a e\u0301te\u0301 fait par les me\u0301decins du Centre me\u0301dical Vida que dirige le Dr Eurydice Geanne Lebondzo Essende, me\u0301decin ophtalmologiste, lors des journe\u0301es portes ouvertes sur les soins ophtalmiques gratuits, organise\u0301s dans le cadre de la ce\u0301le\u0301bration la semaine dernie\u0300re du mois de mars, mois de la femme. <\/b><\/p>\n<p>Les journe\u0301es portes ouvertes consacre\u0301es aux consultations gratuites d\u2019ophtalmologie avaient pour the\u0300me \u00ab Conjonctivite allergique \u00bb. Elles e\u0301taient organise\u0301es pour sensibiliser et e\u0301duquer la population sur certaines pathologies oculaires. \u00ab Nous avons voulu, a\u0300 travers cette campagne organise\u0301e au mois de mars, mois au cours de laquelle la femme revendique et de\u0301fend ses droits, montrer a\u0300 la population que la femme est capable d\u2019entreprendre et de mener a\u0300 bien des actions comme l\u2019e\u0301ducation pour la sante\u0301, tout en e\u0301duquant la population sur certaines pathologies telles que les allergies oculaires. En effet, nous avons constate\u0301 que les allergies deviennent tre\u0300s fre\u0301quentes \u00bb, a de\u0301clare\u0301 un me\u0301decin ophtalmologiste.<\/p>\n<p>Pour le Dr Eurydice Geanne Lebondzo Essende, la population congolaise a vraiment besoin des soins oculaires et surtout la sensibilisation a\u0300 certaines pathologies telles que le glaucome qui est une maladie ce\u0301citale. Nombreux, a-t-elle dit, sont ceux qui en souffrent dans les familles mais n\u2019ont pas l\u2019information et viennent en consultation malheureusement avec des maladies tre\u0300s e\u0301volue\u0301es, tombant pour certains dans la ce\u0301cite\u0301. D\u2019ou\u0300, il faut continuer a\u0300 sensibiliser, e\u0301duquer la population sur des pathologies ce\u0301citales telles que le glaucome, la cataracte, les ame\u0301tropies, la conjonctivite allergique comme cela est le cas aujourd\u2019hui sur les accidents vasculo-cardiaques, sur l\u2019hypertension arte\u0301rielle. La majorite\u0301 des consultations a porte\u0301 sur des conjonctivites allergiques ainsi que la se\u0301cheresse oculaire qui peut e\u0302tre source de beaucoup de maladies en ophtalmologie.<\/p>\n<p><b>Plus d\u2019une centaine des consultations en un laps de temps <\/b><\/p>\n<p>La population a re\u0301pondu positivement a\u0300 cette campagne. En quarante-huit heures, le centre Vida a rec\u0327u environ cent quatre-vingt-dix patients. Environ cent vingt d&rsquo;entre eux avaient des conjonctivites allergiques, the\u0300me choisi pour e\u0301duquer la population sur ces pathologies, notamment sur comment e\u0301viter la conjonctivite allergique, surtout qu\u2019il y a la poussie\u0300re, la fume\u0301e, le soleil, le changement de climat. Elle a e\u0301te\u0301 e\u0301galement sensibilise\u0301e a\u0300 la pre\u0301sence des animaux a\u0300 la maison pour ceux qui en ont, des rideaux qu\u2019on n\u2019a pas lave\u0301 pendant longtemps, des fleurs, certains aliments tels que les cacahoue\u0300tes, les chocolats&#8230; Bref, ils ont sensibilise\u0301 la population aux allergies qui peuvent e\u0302tre la cause de l\u2019allergie oculaire. En dehors de la conjonctivite allergique, il y a eu aussi quelques cas de glaucome, de se\u0301cheresse oculaire, de strabismes, des re\u0301tinites pigmentaires, des ame\u0301tropies (proble\u0300me des lunettes), &#8230;<\/p>\n<p>Parlant du the\u0300me, le Dr Eurydice Geanne Lebondzo Essende a dit qu\u2019il a e\u0301te\u0301 choisi parce qu\u2019il y a une grippe qui se\u0301vit a\u0300 Brazzaville et, par conse\u0301quent, faire comprendre a\u0300 la population que quand elle a l\u2019allergie telle que la grippe, les yeux ne sont pas e\u0301pargne\u0301s.<\/p>\n<p>Au regard de ce constat, le Centre Vida compte organiser la deuxie\u0300me e\u0301dition l\u2019anne\u0301e prochaine afin de continuer a\u0300 e\u0301duquer la population sur les pathologies oculaires, surtout les pathologies ce\u0301citales. \u00ab Le conseil que nous pouvons donner a\u0300 la population congolaise est que si elle sent des maladies au niveau des yeux, il ne faut pas tout de suite courir a\u0300 la pharmacie comme font certains, mais pluto\u0302t venir a\u0300 la consultation ophtalmologique pour un meilleur suivi. La pathologie oculaire peut entrai\u0302ner la baisse de vue et lorsque vous venez apre\u0300s chez l\u2019ophtalmologue, elle peut e\u0302tre de\u0301ja\u0300 avance\u0301e. L\u2019ide\u0301al est que de\u0300s que vous avez une douleur, une baisse de vue, il faut se diriger vers un me\u0301decin ophtalmologiste \u00bb, a conseille\u0301 le Dr Eurydice Geanne Lebondzo Essende.<\/p>\n<p><strong>Pour plus d&rsquo;informations et d&rsquo;analyses sur la <a href=\"https:\/\/www.africa-press.net\/congo-brazzaville\">Congo Brazzaville<\/a>, suivez <a href=\"https:\/\/www.africa-press.net\/\">Africa-Press<\/a><\/strong><\/p>\n","protected":false},"excerpt":{"rendered":"<p>Africa-Press &#8211; Congo Brazzaville. Le constat a e\u0301te\u0301 fait par les me\u0301decins du Centre me\u0301dical Vida que dirige le Dr Eurydice Geanne Lebondzo Essende, me\u0301decin ophtalmologiste, lors des journe\u0301es portes ouvertes sur les soins ophtalmiques gratuits, organise\u0301s dans le cadre de la ce\u0301le\u0301bration la semaine dernie\u0300re du mois de mars, mois de la femme. Les [&hellip;]<\/p>\n","protected":false},"author":82,"featured_media":15851,"comment_status":"open","ping_status":"closed","sticky":false,"template":"","format":"standard","meta":{"footnotes":""},"categories":[21,10],"tags":[36,47,46],"class_list":["post-15852","post","type-post","status-publish","format-standard","has-post-thumbnail","hentry","category-communaute","category-toutes-les-actualites","tag-africa-press","tag-africa-press-congo-brazzaville","tag-congo-brazzaville"],"yoast_head":"<!-- This site is optimized with the Yoast SEO Premium plugin v26.1 (Yoast SEO v27.0) - https:\/\/yoast.com\/product\/yoast-seo-premium-wordpress\/ -->\n<title>Sant\u00e9 : des Congolais de plus en plus souffrant des pathologies oculaires - Congo Brazzaville<\/title>\n<meta name=\"description\" content=\"Le constat a e\u0301te\u0301 fait par les me\u0301decins du Centre me\u0301dical Vida que dirige le Dr Eurydice Geanne Lebondzo Essende, ...\" \/>\n<meta name=\"robots\" content=\"index, follow, max-snippet:-1, max-image-preview:large, max-video-preview:-1\" \/>\n<link rel=\"canonical\" href=\"https:\/\/www.africa-press.net\/congo-brazzaville\/toutes-les-actualites\/sante-des-congolais-de-plus-en-plus-souffrant-des-pathologies-oculaires\" \/>\n<meta property=\"og:locale\" content=\"fr_FR\" \/>\n<meta property=\"og:type\" content=\"article\" \/>\n<meta property=\"og:title\" content=\"Sant\u00e9 : des Congolais de plus en plus souffrant des pathologies oculaires\" \/>\n<meta property=\"og:description\" content=\"Le constat a e\u0301te\u0301 fait par les me\u0301decins du Centre me\u0301dical Vida que dirige le Dr Eurydice Geanne Lebondzo Essende, ...\" \/>\n<meta property=\"og:url\" content=\"https:\/\/www.africa-press.net\/congo-brazzaville\/toutes-les-actualites\/sante-des-congolais-de-plus-en-plus-souffrant-des-pathologies-oculaires\" \/>\n<meta property=\"og:site_name\" content=\"Congo Brazzaville\" \/>\n<meta property=\"article:published_time\" content=\"2023-03-20T18:54:10+00:00\" \/>\n<meta property=\"article:modified_time\" content=\"2023-03-20T19:59:10+00:00\" \/>\n<meta property=\"og:image\" content=\"https:\/\/static.africa-press.net\/congo-brazzaville\/sites\/51\/2023\/03\/postQueueImg_1679325861.17.jpg\" \/>\n\t<meta property=\"og:image:width\" content=\"826\" \/>\n\t<meta property=\"og:image:height\" content=\"601\" \/>\n\t<meta property=\"og:image:type\" content=\"image\/jpeg\" \/>\n<meta name=\"author\" content=\"cfeditorfr\" \/>\n<meta name=\"twitter:card\" content=\"summary_large_image\" \/>\n<meta name=\"twitter:label1\" content=\"\u00c9crit par\" \/>\n\t<meta name=\"twitter:data1\" content=\"cfeditorfr\" \/>\n\t<meta name=\"twitter:label2\" content=\"Dur\u00e9e de lecture estim\u00e9e\" \/>\n\t<meta name=\"twitter:data2\" content=\"4 minutes\" \/>\n<script type=\"application\/ld+json\" class=\"yoast-schema-graph\">{\"@context\":\"https:\/\/schema.org\",\"@graph\":[{\"@type\":\"Article\",\"@id\":\"https:\/\/www.africa-press.net\/congo-brazzaville\/toutes-les-actualites\/sante-des-congolais-de-plus-en-plus-souffrant-des-pathologies-oculaires#article\",\"isPartOf\":{\"@id\":\"https:\/\/www.africa-press.net\/congo-brazzaville\/toutes-les-actualites\/sante-des-congolais-de-plus-en-plus-souffrant-des-pathologies-oculaires\"},\"author\":{\"name\":\"cfeditorfr\",\"@id\":\"https:\/\/www.africa-press.net\/congo-brazzaville\/#\/schema\/person\/2b1cf3cd81a31e3cd26889ca66d677f1\"},\"headline\":\"Sant\u00e9 : des Congolais de plus en plus souffrant des pathologies oculaires\",\"datePublished\":\"2023-03-20T18:54:10+00:00\",\"dateModified\":\"2023-03-20T19:59:10+00:00\",\"mainEntityOfPage\":{\"@id\":\"https:\/\/www.africa-press.net\/congo-brazzaville\/toutes-les-actualites\/sante-des-congolais-de-plus-en-plus-souffrant-des-pathologies-oculaires\"},\"wordCount\":719,\"commentCount\":0,\"image\":{\"@id\":\"https:\/\/www.africa-press.net\/congo-brazzaville\/toutes-les-actualites\/sante-des-congolais-de-plus-en-plus-souffrant-des-pathologies-oculaires#primaryimage\"},\"thumbnailUrl\":\"https:\/\/static.africa-press.net\/congo-brazzaville\/sites\/51\/2023\/03\/postQueueImg_1679325861.17.jpg\",\"keywords\":[\"Africa Press\",\"Africa Press-Congo Brazzaville\",\"Congo Brazzaville\"],\"articleSection\":[\"Communaut\u00e9\",\"Toutes les actualit\u00e9s\"],\"inLanguage\":\"fr-FR\",\"potentialAction\":[{\"@type\":\"CommentAction\",\"name\":\"Comment\",\"target\":[\"https:\/\/www.africa-press.net\/congo-brazzaville\/toutes-les-actualites\/sante-des-congolais-de-plus-en-plus-souffrant-des-pathologies-oculaires#respond\"]}]},{\"@type\":\"WebPage\",\"@id\":\"https:\/\/www.africa-press.net\/congo-brazzaville\/toutes-les-actualites\/sante-des-congolais-de-plus-en-plus-souffrant-des-pathologies-oculaires\",\"url\":\"https:\/\/www.africa-press.net\/congo-brazzaville\/toutes-les-actualites\/sante-des-congolais-de-plus-en-plus-souffrant-des-pathologies-oculaires\",\"name\":\"Sant\u00e9 : des Congolais de plus en plus souffrant des pathologies oculaires - Congo Brazzaville\",\"isPartOf\":{\"@id\":\"https:\/\/www.africa-press.net\/congo-brazzaville\/#website\"},\"primaryImageOfPage\":{\"@id\":\"https:\/\/www.africa-press.net\/congo-brazzaville\/toutes-les-actualites\/sante-des-congolais-de-plus-en-plus-souffrant-des-pathologies-oculaires#primaryimage\"},\"image\":{\"@id\":\"https:\/\/www.africa-press.net\/congo-brazzaville\/toutes-les-actualites\/sante-des-congolais-de-plus-en-plus-souffrant-des-pathologies-oculaires#primaryimage\"},\"thumbnailUrl\":\"https:\/\/static.africa-press.net\/congo-brazzaville\/sites\/51\/2023\/03\/postQueueImg_1679325861.17.jpg\",\"datePublished\":\"2023-03-20T18:54:10+00:00\",\"dateModified\":\"2023-03-20T19:59:10+00:00\",\"author\":{\"@id\":\"https:\/\/www.africa-press.net\/congo-brazzaville\/#\/schema\/person\/2b1cf3cd81a31e3cd26889ca66d677f1\"},\"description\":\"Le constat a e\u0301te\u0301 fait par les me\u0301decins du Centre me\u0301dical Vida que dirige le Dr Eurydice Geanne Lebondzo Essende, ...\",\"breadcrumb\":{\"@id\":\"https:\/\/www.africa-press.net\/congo-brazzaville\/toutes-les-actualites\/sante-des-congolais-de-plus-en-plus-souffrant-des-pathologies-oculaires#breadcrumb\"},\"inLanguage\":\"fr-FR\",\"potentialAction\":[{\"@type\":\"ReadAction\",\"target\":[\"https:\/\/www.africa-press.net\/congo-brazzaville\/toutes-les-actualites\/sante-des-congolais-de-plus-en-plus-souffrant-des-pathologies-oculaires\"]}]},{\"@type\":\"ImageObject\",\"inLanguage\":\"fr-FR\",\"@id\":\"https:\/\/www.africa-press.net\/congo-brazzaville\/toutes-les-actualites\/sante-des-congolais-de-plus-en-plus-souffrant-des-pathologies-oculaires#primaryimage\",\"url\":\"https:\/\/static.africa-press.net\/congo-brazzaville\/sites\/51\/2023\/03\/postQueueImg_1679325861.17.jpg\",\"contentUrl\":\"https:\/\/static.africa-press.net\/congo-brazzaville\/sites\/51\/2023\/03\/postQueueImg_1679325861.17.jpg\",\"width\":826,\"height\":601,\"caption\":\"Sant\u00e9 : des Congolais de plus en plus souffrant des pathologies oculaires\"},{\"@type\":\"BreadcrumbList\",\"@id\":\"https:\/\/www.africa-press.net\/congo-brazzaville\/toutes-les-actualites\/sante-des-congolais-de-plus-en-plus-souffrant-des-pathologies-oculaires#breadcrumb\",\"itemListElement\":[{\"@type\":\"ListItem\",\"position\":1,\"name\":\"Accueil\",\"item\":\"https:\/\/www.africa-press.net\/congo-brazzaville\/\"},{\"@type\":\"ListItem\",\"position\":2,\"name\":\"Sant\u00e9 : des Congolais de plus en plus souffrant des pathologies oculaires\"}]},{\"@type\":\"WebSite\",\"@id\":\"https:\/\/www.africa-press.net\/congo-brazzaville\/#website\",\"url\":\"https:\/\/www.africa-press.net\/congo-brazzaville\/\",\"name\":\"Congo Brazzaville\",\"description\":\"Just another Africa News Agency Sites site\",\"potentialAction\":[{\"@type\":\"SearchAction\",\"target\":{\"@type\":\"EntryPoint\",\"urlTemplate\":\"https:\/\/www.africa-press.net\/congo-brazzaville\/?s={search_term_string}\"},\"query-input\":{\"@type\":\"PropertyValueSpecification\",\"valueRequired\":true,\"valueName\":\"search_term_string\"}}],\"inLanguage\":\"fr-FR\"},{\"@type\":\"Person\",\"@id\":\"https:\/\/www.africa-press.net\/congo-brazzaville\/#\/schema\/person\/2b1cf3cd81a31e3cd26889ca66d677f1\",\"name\":\"cfeditorfr\"}]}<\/script>\n<!-- \/ Yoast SEO Premium plugin. -->","yoast_head_json":{"title":"Sant\u00e9 : des Congolais de plus en plus souffrant des pathologies oculaires - Congo Brazzaville","description":"Le constat a e\u0301te\u0301 fait par les me\u0301decins du Centre me\u0301dical Vida que dirige le Dr Eurydice Geanne Lebondzo Essende, ...","robots":{"index":"index","follow":"follow","max-snippet":"max-snippet:-1","max-image-preview":"max-image-preview:large","max-video-preview":"max-video-preview:-1"},"canonical":"https:\/\/www.africa-press.net\/congo-brazzaville\/toutes-les-actualites\/sante-des-congolais-de-plus-en-plus-souffrant-des-pathologies-oculaires","og_locale":"fr_FR","og_type":"article","og_title":"Sant\u00e9 : des Congolais de plus en plus souffrant des pathologies oculaires","og_description":"Le constat a e\u0301te\u0301 fait par les me\u0301decins du Centre me\u0301dical Vida que dirige le Dr Eurydice Geanne Lebondzo Essende, ...","og_url":"https:\/\/www.africa-press.net\/congo-brazzaville\/toutes-les-actualites\/sante-des-congolais-de-plus-en-plus-souffrant-des-pathologies-oculaires","og_site_name":"Congo Brazzaville","article_published_time":"2023-03-20T18:54:10+00:00","article_modified_time":"2023-03-20T19:59:10+00:00","og_image":[{"width":826,"height":601,"url":"https:\/\/static.africa-press.net\/congo-brazzaville\/sites\/51\/2023\/03\/postQueueImg_1679325861.17.jpg","type":"image\/jpeg"}],"author":"cfeditorfr","twitter_card":"summary_large_image","twitter_misc":{"\u00c9crit par":"cfeditorfr","Dur\u00e9e de lecture estim\u00e9e":"4 minutes"},"schema":{"@context":"https:\/\/schema.org","@graph":[{"@type":"Article","@id":"https:\/\/www.africa-press.net\/congo-brazzaville\/toutes-les-actualites\/sante-des-congolais-de-plus-en-plus-souffrant-des-pathologies-oculaires#article","isPartOf":{"@id":"https:\/\/www.africa-press.net\/congo-brazzaville\/toutes-les-actualites\/sante-des-congolais-de-plus-en-plus-souffrant-des-pathologies-oculaires"},"author":{"name":"cfeditorfr","@id":"https:\/\/www.africa-press.net\/congo-brazzaville\/#\/schema\/person\/2b1cf3cd81a31e3cd26889ca66d677f1"},"headline":"Sant\u00e9 : des Congolais de plus en plus souffrant des pathologies oculaires","datePublished":"2023-03-20T18:54:10+00:00","dateModified":"2023-03-20T19:59:10+00:00","mainEntityOfPage":{"@id":"https:\/\/www.africa-press.net\/congo-brazzaville\/toutes-les-actualites\/sante-des-congolais-de-plus-en-plus-souffrant-des-pathologies-oculaires"},"wordCount":719,"commentCount":0,"image":{"@id":"https:\/\/www.africa-press.net\/congo-brazzaville\/toutes-les-actualites\/sante-des-congolais-de-plus-en-plus-souffrant-des-pathologies-oculaires#primaryimage"},"thumbnailUrl":"https:\/\/static.africa-press.net\/congo-brazzaville\/sites\/51\/2023\/03\/postQueueImg_1679325861.17.jpg","keywords":["Africa Press","Africa Press-Congo Brazzaville","Congo Brazzaville"],"articleSection":["Communaut\u00e9","Toutes les actualit\u00e9s"],"inLanguage":"fr-FR","potentialAction":[{"@type":"CommentAction","name":"Comment","target":["https:\/\/www.africa-press.net\/congo-brazzaville\/toutes-les-actualites\/sante-des-congolais-de-plus-en-plus-souffrant-des-pathologies-oculaires#respond"]}]},{"@type":"WebPage","@id":"https:\/\/www.africa-press.net\/congo-brazzaville\/toutes-les-actualites\/sante-des-congolais-de-plus-en-plus-souffrant-des-pathologies-oculaires","url":"https:\/\/www.africa-press.net\/congo-brazzaville\/toutes-les-actualites\/sante-des-congolais-de-plus-en-plus-souffrant-des-pathologies-oculaires","name":"Sant\u00e9 : des Congolais de plus en plus souffrant des pathologies oculaires - Congo Brazzaville","isPartOf":{"@id":"https:\/\/www.africa-press.net\/congo-brazzaville\/#website"},"primaryImageOfPage":{"@id":"https:\/\/www.africa-press.net\/congo-brazzaville\/toutes-les-actualites\/sante-des-congolais-de-plus-en-plus-souffrant-des-pathologies-oculaires#primaryimage"},"image":{"@id":"https:\/\/www.africa-press.net\/congo-brazzaville\/toutes-les-actualites\/sante-des-congolais-de-plus-en-plus-souffrant-des-pathologies-oculaires#primaryimage"},"thumbnailUrl":"https:\/\/static.africa-press.net\/congo-brazzaville\/sites\/51\/2023\/03\/postQueueImg_1679325861.17.jpg","datePublished":"2023-03-20T18:54:10+00:00","dateModified":"2023-03-20T19:59:10+00:00","author":{"@id":"https:\/\/www.africa-press.net\/congo-brazzaville\/#\/schema\/person\/2b1cf3cd81a31e3cd26889ca66d677f1"},"description":"Le constat a e\u0301te\u0301 fait par les me\u0301decins du Centre me\u0301dical Vida que dirige le Dr Eurydice Geanne Lebondzo Essende, ...","breadcrumb":{"@id":"https:\/\/www.africa-press.net\/congo-brazzaville\/toutes-les-actualites\/sante-des-congolais-de-plus-en-plus-souffrant-des-pathologies-oculaires#breadcrumb"},"inLanguage":"fr-FR","potentialAction":[{"@type":"ReadAction","target":["https:\/\/www.africa-press.net\/congo-brazzaville\/toutes-les-actualites\/sante-des-congolais-de-plus-en-plus-souffrant-des-pathologies-oculaires"]}]},{"@type":"ImageObject","inLanguage":"fr-FR","@id":"https:\/\/www.africa-press.net\/congo-brazzaville\/toutes-les-actualites\/sante-des-congolais-de-plus-en-plus-souffrant-des-pathologies-oculaires#primaryimage","url":"https:\/\/static.africa-press.net\/congo-brazzaville\/sites\/51\/2023\/03\/postQueueImg_1679325861.17.jpg","contentUrl":"https:\/\/static.africa-press.net\/congo-brazzaville\/sites\/51\/2023\/03\/postQueueImg_1679325861.17.jpg","width":826,"height":601,"caption":"Sant\u00e9 : des Congolais de plus en plus souffrant des pathologies oculaires"},{"@type":"BreadcrumbList","@id":"https:\/\/www.africa-press.net\/congo-brazzaville\/toutes-les-actualites\/sante-des-congolais-de-plus-en-plus-souffrant-des-pathologies-oculaires#breadcrumb","itemListElement":[{"@type":"ListItem","position":1,"name":"Accueil","item":"https:\/\/www.africa-press.net\/congo-brazzaville\/"},{"@type":"ListItem","position":2,"name":"Sant\u00e9 : des Congolais de plus en plus souffrant des pathologies oculaires"}]},{"@type":"WebSite","@id":"https:\/\/www.africa-press.net\/congo-brazzaville\/#website","url":"https:\/\/www.africa-press.net\/congo-brazzaville\/","name":"Congo Brazzaville","description":"Just another Africa News Agency Sites site","potentialAction":[{"@type":"SearchAction","target":{"@type":"EntryPoint","urlTemplate":"https:\/\/www.africa-press.net\/congo-brazzaville\/?s={search_term_string}"},"query-input":{"@type":"PropertyValueSpecification","valueRequired":true,"valueName":"search_term_string"}}],"inLanguage":"fr-FR"},{"@type":"Person","@id":"https:\/\/www.africa-press.net\/congo-brazzaville\/#\/schema\/person\/2b1cf3cd81a31e3cd26889ca66d677f1","name":"cfeditorfr"}]}},"_links":{"self":[{"href":"https:\/\/www.africa-press.net\/congo-brazzaville\/wp-json\/wp\/v2\/posts\/15852","targetHints":{"allow":["GET"]}}],"collection":[{"href":"https:\/\/www.africa-press.net\/congo-brazzaville\/wp-json\/wp\/v2\/posts"}],"about":[{"href":"https:\/\/www.africa-press.net\/congo-brazzaville\/wp-json\/wp\/v2\/types\/post"}],"author":[{"embeddable":true,"href":"https:\/\/www.africa-press.net\/congo-brazzaville\/wp-json\/wp\/v2\/users\/82"}],"replies":[{"embeddable":true,"href":"https:\/\/www.africa-press.net\/congo-brazzaville\/wp-json\/wp\/v2\/comments?post=15852"}],"version-history":[{"count":0,"href":"https:\/\/www.africa-press.net\/congo-brazzaville\/wp-json\/wp\/v2\/posts\/15852\/revisions"}],"wp:featuredmedia":[{"embeddable":true,"href":"https:\/\/www.africa-press.net\/congo-brazzaville\/wp-json\/wp\/v2\/media\/15851"}],"wp:attachment":[{"href":"https:\/\/www.africa-press.net\/congo-brazzaville\/wp-json\/wp\/v2\/media?parent=15852"}],"wp:term":[{"taxonomy":"category","embeddable":true,"href":"https:\/\/www.africa-press.net\/congo-brazzaville\/wp-json\/wp\/v2\/categories?post=15852"},{"taxonomy":"post_tag","embeddable":true,"href":"https:\/\/www.africa-press.net\/congo-brazzaville\/wp-json\/wp\/v2\/tags?post=15852"}],"curies":[{"name":"wp","href":"https:\/\/api.w.org\/{rel}","templated":true}]}}