{"id":15870,"date":"2023-03-21T18:27:00","date_gmt":"2023-03-21T18:27:00","guid":{"rendered":"https:\/\/www.africa-press.net\/congo-brazzaville\/politique\/football-didier-deschamps-nomme-kylian-mbappe-capitaine-de-lequipe-de-france"},"modified":"2023-03-21T19:07:24","modified_gmt":"2023-03-21T19:07:24","slug":"football-didier-deschamps-nomme-kylian-mbappe-capitaine-de-lequipe-de-france","status":"publish","type":"post","link":"https:\/\/www.africa-press.net\/congo-brazzaville\/sports\/football-didier-deschamps-nomme-kylian-mbappe-capitaine-de-lequipe-de-france","title":{"rendered":"Football : Didier Deschamps nomme Kylian Mbapp\u00e9 capitaine de l&rsquo;\u00c9quipe de France"},"content":{"rendered":"<p><span style=\"color: #ff6600\"><strong>Africa-Press &#8211; Congo Brazzaville. <\/strong><\/span><b>Plusieurs me\u0301dias ont rapporte\u0301 lundi que Didier Deschamps a de\u0301signe\u0301 Kylian Mbappe\u0301 capitaine de l&rsquo;E\u0301quipe de France de football, en remplacement de Hugo Lloris. Antoine Griezmann, lui, est promu vice-capitaine des Bleus, a\u0300 la place de Raphae\u0308l Varane.<\/b><\/p>\n<p>Kylian Mbappe\u0301 a e\u0301te\u0301 de\u0301signe\u0301 capitaine de l&rsquo;e\u0301quipe de France par le se\u0301lectionneur Didier Deschamps en remplacement de Hugo Lloris, qui a pris sa retraite internationale, a-t-on appris lundi 20 mars de source proche des Bleus, confirmant une information du Figaro et de L&rsquo;E\u0301quipe.<\/p>\n<p>A\u0300 24 ans, Mbappe\u0301 (66 se\u0301lections, 36 buts) a accepte\u0301 cette nouvelle fonction apre\u0300s une discussion lundi soir avec son se\u0301lectionneur, a-t-on appris de me\u0302me source. Deschamps s&rsquo;est e\u0301galement entretenu avec Antoine Griezmann, promu vice-capitaine a\u0300 la place de Raphae\u0308l Varane, qui a e\u0301galement pris sa retraite internationale apre\u0300s le Mondial-2022.<\/p>\n<p>L&rsquo;attaquant du Paris SG, dont la premie\u0300re se\u0301lection en bleu remonte a\u0300 mars 2017, disputera son premier match comme capitaine vendredi (20 h 45) contre les Pays-Bas au Stade de France en ouverture des qualifications a\u0300 l&rsquo;Euro-2024.<\/p>\n<p><b>Pressenti depuis plusieurs semaines<\/b><\/p>\n<p>Champion du monde 2018 et vice-champion du monde 2022, Mbappe\u0301 e\u0301tait pressenti depuis plusieurs semaines pour he\u0301riter du brassard, apre\u0300s avoir guide\u0301 les Bleus vers leur deuxie\u0300me finale de suite au Qatar en de\u0301cembre.<\/p>\n<p>Le Parisien, leader technique et dont la voix porte de plus en plus dans le vestiaire, a marque\u0301 un triple\u0301 contre l&rsquo;Argentine en finale et a re\u0301ussi son tir au but, sans parvenir a\u0300 offrir un troisie\u0300me titre plane\u0301taire aux Tricolores (3-3, 4-2 t.a.b.). Il a e\u0301galement pris de l&rsquo;importance dans la vie de groupe, relanc\u0327ant en 2022 la question du droit a\u0300 l&rsquo;image collectif, qu&rsquo;il souhaite voir re\u0301forme\u0301.<\/p>\n<p>Au premier jour du rassemblement lundi, Didier Deschamps avait laisse\u0301 planer le suspense sur l&rsquo;identite\u0301 du futur capitaine, assurant en confe\u0301rence de presse en de\u0301but d&rsquo;apre\u0300s-midi qu&rsquo;il comptait \u00ab\u00a0utiliser ces premiers jours pour en discuter avec les joueurs concerne\u0301s\u00a0\u00bb. Les discussions se sont finalement tenues lundi soir au centre d&rsquo;entrai\u0302nement de Clairefontaine.<\/p>\n<p>Mbappe\u0301 a la lourde ta\u0302che de remplacer Hugo Lloris, de\u0301tenteur du brassard pendant plus de dix ans, la premie\u0300re fois en 2010. Ce dernier, homme de confiance de Deschamps, avait de larges responsabilite\u0301s, notamment de repre\u0301sentation des Bleus a\u0300 la Fe\u0301de\u0301ration ou aupre\u0300s des me\u0301dias. Il se rendait ainsi en confe\u0301rence de presse a\u0300 la veille de chaque rencontre qu&rsquo;il disputait comme titulaire.<\/p>\n<p>Dans son club, Mbappe\u0301 fait partie des vice-capitaines derrie\u0300re le porteur N.1 du brassard, le Bre\u0301silien Marquinhos. Dimanche, lors de la de\u0301faite du PSG contre Rennes (2-0), il a par exemple e\u0301te\u0301 capitaine en l&rsquo;absence de ce dernier.<\/p>\n<p><strong>Pour plus d&rsquo;informations et d&rsquo;analyses sur la <a href=\"https:\/\/www.africa-press.net\/congo-brazzaville\">Congo Brazzaville<\/a>, suivez <a href=\"https:\/\/www.africa-press.net\/\">Africa-Press<\/a><\/strong><\/p>\n","protected":false},"excerpt":{"rendered":"<p>Africa-Press &#8211; Congo Brazzaville. Plusieurs me\u0301dias ont rapporte\u0301 lundi que Didier Deschamps a de\u0301signe\u0301 Kylian Mbappe\u0301 capitaine de l&rsquo;E\u0301quipe de France de football, en remplacement de Hugo Lloris. Antoine Griezmann, lui, est promu vice-capitaine des Bleus, a\u0300 la place de Raphae\u0308l Varane. Kylian Mbappe\u0301 a e\u0301te\u0301 de\u0301signe\u0301 capitaine de l&rsquo;e\u0301quipe de France par le se\u0301lectionneur [&hellip;]<\/p>\n","protected":false},"author":82,"featured_media":15869,"comment_status":"open","ping_status":"closed","sticky":false,"template":"","format":"standard","meta":{"footnotes":""},"categories":[6,10],"tags":[36,47,46],"class_list":["post-15870","post","type-post","status-publish","format-standard","has-post-thumbnail","hentry","category-sports","category-toutes-les-actualites","tag-africa-press","tag-africa-press-congo-brazzaville","tag-congo-brazzaville"],"yoast_head":"<!-- This site is optimized with the Yoast SEO Premium plugin v26.1 (Yoast SEO v27.0) - https:\/\/yoast.com\/product\/yoast-seo-premium-wordpress\/ -->\n<title>Football : Didier Deschamps nomme Kylian Mbapp\u00e9 capitaine de l&#039;\u00c9quipe de France - Congo Brazzaville<\/title>\n<meta name=\"description\" content=\"Plusieurs me\u0301dias ont rapporte\u0301 lundi que Didier Deschamps a de\u0301signe\u0301 Kylian Mbappe\u0301 capitaine de l&#039;E\u0301quipe de Franc ...\" \/>\n<meta name=\"robots\" content=\"index, follow, max-snippet:-1, max-image-preview:large, max-video-preview:-1\" \/>\n<link rel=\"canonical\" href=\"https:\/\/www.africa-press.net\/congo-brazzaville\/sports\/football-didier-deschamps-nomme-kylian-mbappe-capitaine-de-lequipe-de-france\" \/>\n<meta property=\"og:locale\" content=\"fr_FR\" \/>\n<meta property=\"og:type\" content=\"article\" \/>\n<meta property=\"og:title\" content=\"Football : Didier Deschamps nomme Kylian Mbapp\u00e9 capitaine de l&#039;\u00c9quipe de France\" \/>\n<meta property=\"og:description\" content=\"Plusieurs me\u0301dias ont rapporte\u0301 lundi que Didier Deschamps a de\u0301signe\u0301 Kylian Mbappe\u0301 capitaine de l&#039;E\u0301quipe de Franc ...\" \/>\n<meta property=\"og:url\" content=\"https:\/\/www.africa-press.net\/congo-brazzaville\/sports\/football-didier-deschamps-nomme-kylian-mbappe-capitaine-de-lequipe-de-france\" \/>\n<meta property=\"og:site_name\" content=\"Congo Brazzaville\" \/>\n<meta property=\"article:published_time\" content=\"2023-03-21T18:27:00+00:00\" \/>\n<meta property=\"article:modified_time\" content=\"2023-03-21T19:07:24+00:00\" \/>\n<meta property=\"og:image\" content=\"https:\/\/static.africa-press.net\/congo-brazzaville\/sites\/51\/2023\/03\/postQueueImg_1679410627.00.jpg\" \/>\n\t<meta property=\"og:image:width\" content=\"1808\" \/>\n\t<meta property=\"og:image:height\" content=\"1017\" \/>\n\t<meta property=\"og:image:type\" content=\"image\/jpeg\" \/>\n<meta name=\"author\" content=\"cfeditorfr\" \/>\n<meta name=\"twitter:card\" content=\"summary_large_image\" \/>\n<meta name=\"twitter:label1\" content=\"\u00c9crit par\" \/>\n\t<meta name=\"twitter:data1\" content=\"cfeditorfr\" \/>\n\t<meta name=\"twitter:label2\" content=\"Dur\u00e9e de lecture estim\u00e9e\" \/>\n\t<meta name=\"twitter:data2\" content=\"2 minutes\" \/>\n<script type=\"application\/ld+json\" class=\"yoast-schema-graph\">{\"@context\":\"https:\/\/schema.org\",\"@graph\":[{\"@type\":\"Article\",\"@id\":\"https:\/\/www.africa-press.net\/congo-brazzaville\/sports\/football-didier-deschamps-nomme-kylian-mbappe-capitaine-de-lequipe-de-france#article\",\"isPartOf\":{\"@id\":\"https:\/\/www.africa-press.net\/congo-brazzaville\/sports\/football-didier-deschamps-nomme-kylian-mbappe-capitaine-de-lequipe-de-france\"},\"author\":{\"name\":\"cfeditorfr\",\"@id\":\"https:\/\/www.africa-press.net\/congo-brazzaville\/#\/schema\/person\/2b1cf3cd81a31e3cd26889ca66d677f1\"},\"headline\":\"Football : Didier Deschamps nomme Kylian Mbapp\u00e9 capitaine de l&rsquo;\u00c9quipe de France\",\"datePublished\":\"2023-03-21T18:27:00+00:00\",\"dateModified\":\"2023-03-21T19:07:24+00:00\",\"mainEntityOfPage\":{\"@id\":\"https:\/\/www.africa-press.net\/congo-brazzaville\/sports\/football-didier-deschamps-nomme-kylian-mbappe-capitaine-de-lequipe-de-france\"},\"wordCount\":515,\"commentCount\":0,\"image\":{\"@id\":\"https:\/\/www.africa-press.net\/congo-brazzaville\/sports\/football-didier-deschamps-nomme-kylian-mbappe-capitaine-de-lequipe-de-france#primaryimage\"},\"thumbnailUrl\":\"https:\/\/static.africa-press.net\/congo-brazzaville\/sites\/51\/2023\/03\/postQueueImg_1679410627.00.jpg\",\"keywords\":[\"Africa Press\",\"Africa Press-Congo Brazzaville\",\"Congo Brazzaville\"],\"articleSection\":[\"Sports\",\"Toutes les actualit\u00e9s\"],\"inLanguage\":\"fr-FR\",\"potentialAction\":[{\"@type\":\"CommentAction\",\"name\":\"Comment\",\"target\":[\"https:\/\/www.africa-press.net\/congo-brazzaville\/sports\/football-didier-deschamps-nomme-kylian-mbappe-capitaine-de-lequipe-de-france#respond\"]}]},{\"@type\":\"WebPage\",\"@id\":\"https:\/\/www.africa-press.net\/congo-brazzaville\/sports\/football-didier-deschamps-nomme-kylian-mbappe-capitaine-de-lequipe-de-france\",\"url\":\"https:\/\/www.africa-press.net\/congo-brazzaville\/sports\/football-didier-deschamps-nomme-kylian-mbappe-capitaine-de-lequipe-de-france\",\"name\":\"Football : Didier Deschamps nomme Kylian Mbapp\u00e9 capitaine de l'\u00c9quipe de France - Congo Brazzaville\",\"isPartOf\":{\"@id\":\"https:\/\/www.africa-press.net\/congo-brazzaville\/#website\"},\"primaryImageOfPage\":{\"@id\":\"https:\/\/www.africa-press.net\/congo-brazzaville\/sports\/football-didier-deschamps-nomme-kylian-mbappe-capitaine-de-lequipe-de-france#primaryimage\"},\"image\":{\"@id\":\"https:\/\/www.africa-press.net\/congo-brazzaville\/sports\/football-didier-deschamps-nomme-kylian-mbappe-capitaine-de-lequipe-de-france#primaryimage\"},\"thumbnailUrl\":\"https:\/\/static.africa-press.net\/congo-brazzaville\/sites\/51\/2023\/03\/postQueueImg_1679410627.00.jpg\",\"datePublished\":\"2023-03-21T18:27:00+00:00\",\"dateModified\":\"2023-03-21T19:07:24+00:00\",\"author\":{\"@id\":\"https:\/\/www.africa-press.net\/congo-brazzaville\/#\/schema\/person\/2b1cf3cd81a31e3cd26889ca66d677f1\"},\"description\":\"Plusieurs me\u0301dias ont rapporte\u0301 lundi que Didier Deschamps a de\u0301signe\u0301 Kylian Mbappe\u0301 capitaine de l'E\u0301quipe de Franc ...\",\"breadcrumb\":{\"@id\":\"https:\/\/www.africa-press.net\/congo-brazzaville\/sports\/football-didier-deschamps-nomme-kylian-mbappe-capitaine-de-lequipe-de-france#breadcrumb\"},\"inLanguage\":\"fr-FR\",\"potentialAction\":[{\"@type\":\"ReadAction\",\"target\":[\"https:\/\/www.africa-press.net\/congo-brazzaville\/sports\/football-didier-deschamps-nomme-kylian-mbappe-capitaine-de-lequipe-de-france\"]}]},{\"@type\":\"ImageObject\",\"inLanguage\":\"fr-FR\",\"@id\":\"https:\/\/www.africa-press.net\/congo-brazzaville\/sports\/football-didier-deschamps-nomme-kylian-mbappe-capitaine-de-lequipe-de-france#primaryimage\",\"url\":\"https:\/\/static.africa-press.net\/congo-brazzaville\/sites\/51\/2023\/03\/postQueueImg_1679410627.00.jpg\",\"contentUrl\":\"https:\/\/static.africa-press.net\/congo-brazzaville\/sites\/51\/2023\/03\/postQueueImg_1679410627.00.jpg\",\"width\":1808,\"height\":1017,\"caption\":\"Football : Didier Deschamps nomme Kylian Mbapp\u00e9 capitaine de l'\u00c9quipe de France\"},{\"@type\":\"BreadcrumbList\",\"@id\":\"https:\/\/www.africa-press.net\/congo-brazzaville\/sports\/football-didier-deschamps-nomme-kylian-mbappe-capitaine-de-lequipe-de-france#breadcrumb\",\"itemListElement\":[{\"@type\":\"ListItem\",\"position\":1,\"name\":\"Accueil\",\"item\":\"https:\/\/www.africa-press.net\/congo-brazzaville\/\"},{\"@type\":\"ListItem\",\"position\":2,\"name\":\"Football : Didier Deschamps nomme Kylian Mbapp\u00e9 capitaine de l&rsquo;\u00c9quipe de France\"}]},{\"@type\":\"WebSite\",\"@id\":\"https:\/\/www.africa-press.net\/congo-brazzaville\/#website\",\"url\":\"https:\/\/www.africa-press.net\/congo-brazzaville\/\",\"name\":\"Congo Brazzaville\",\"description\":\"Just another Africa News Agency Sites site\",\"potentialAction\":[{\"@type\":\"SearchAction\",\"target\":{\"@type\":\"EntryPoint\",\"urlTemplate\":\"https:\/\/www.africa-press.net\/congo-brazzaville\/?s={search_term_string}\"},\"query-input\":{\"@type\":\"PropertyValueSpecification\",\"valueRequired\":true,\"valueName\":\"search_term_string\"}}],\"inLanguage\":\"fr-FR\"},{\"@type\":\"Person\",\"@id\":\"https:\/\/www.africa-press.net\/congo-brazzaville\/#\/schema\/person\/2b1cf3cd81a31e3cd26889ca66d677f1\",\"name\":\"cfeditorfr\"}]}<\/script>\n<!-- \/ Yoast SEO Premium plugin. -->","yoast_head_json":{"title":"Football : Didier Deschamps nomme Kylian Mbapp\u00e9 capitaine de l'\u00c9quipe de France - Congo Brazzaville","description":"Plusieurs me\u0301dias ont rapporte\u0301 lundi que Didier Deschamps a de\u0301signe\u0301 Kylian Mbappe\u0301 capitaine de l'E\u0301quipe de Franc ...","robots":{"index":"index","follow":"follow","max-snippet":"max-snippet:-1","max-image-preview":"max-image-preview:large","max-video-preview":"max-video-preview:-1"},"canonical":"https:\/\/www.africa-press.net\/congo-brazzaville\/sports\/football-didier-deschamps-nomme-kylian-mbappe-capitaine-de-lequipe-de-france","og_locale":"fr_FR","og_type":"article","og_title":"Football : Didier Deschamps nomme Kylian Mbapp\u00e9 capitaine de l'\u00c9quipe de France","og_description":"Plusieurs me\u0301dias ont rapporte\u0301 lundi que Didier Deschamps a de\u0301signe\u0301 Kylian Mbappe\u0301 capitaine de l'E\u0301quipe de Franc ...","og_url":"https:\/\/www.africa-press.net\/congo-brazzaville\/sports\/football-didier-deschamps-nomme-kylian-mbappe-capitaine-de-lequipe-de-france","og_site_name":"Congo Brazzaville","article_published_time":"2023-03-21T18:27:00+00:00","article_modified_time":"2023-03-21T19:07:24+00:00","og_image":[{"width":1808,"height":1017,"url":"https:\/\/static.africa-press.net\/congo-brazzaville\/sites\/51\/2023\/03\/postQueueImg_1679410627.00.jpg","type":"image\/jpeg"}],"author":"cfeditorfr","twitter_card":"summary_large_image","twitter_misc":{"\u00c9crit par":"cfeditorfr","Dur\u00e9e de lecture estim\u00e9e":"2 minutes"},"schema":{"@context":"https:\/\/schema.org","@graph":[{"@type":"Article","@id":"https:\/\/www.africa-press.net\/congo-brazzaville\/sports\/football-didier-deschamps-nomme-kylian-mbappe-capitaine-de-lequipe-de-france#article","isPartOf":{"@id":"https:\/\/www.africa-press.net\/congo-brazzaville\/sports\/football-didier-deschamps-nomme-kylian-mbappe-capitaine-de-lequipe-de-france"},"author":{"name":"cfeditorfr","@id":"https:\/\/www.africa-press.net\/congo-brazzaville\/#\/schema\/person\/2b1cf3cd81a31e3cd26889ca66d677f1"},"headline":"Football : Didier Deschamps nomme Kylian Mbapp\u00e9 capitaine de l&rsquo;\u00c9quipe de France","datePublished":"2023-03-21T18:27:00+00:00","dateModified":"2023-03-21T19:07:24+00:00","mainEntityOfPage":{"@id":"https:\/\/www.africa-press.net\/congo-brazzaville\/sports\/football-didier-deschamps-nomme-kylian-mbappe-capitaine-de-lequipe-de-france"},"wordCount":515,"commentCount":0,"image":{"@id":"https:\/\/www.africa-press.net\/congo-brazzaville\/sports\/football-didier-deschamps-nomme-kylian-mbappe-capitaine-de-lequipe-de-france#primaryimage"},"thumbnailUrl":"https:\/\/static.africa-press.net\/congo-brazzaville\/sites\/51\/2023\/03\/postQueueImg_1679410627.00.jpg","keywords":["Africa Press","Africa Press-Congo Brazzaville","Congo Brazzaville"],"articleSection":["Sports","Toutes les actualit\u00e9s"],"inLanguage":"fr-FR","potentialAction":[{"@type":"CommentAction","name":"Comment","target":["https:\/\/www.africa-press.net\/congo-brazzaville\/sports\/football-didier-deschamps-nomme-kylian-mbappe-capitaine-de-lequipe-de-france#respond"]}]},{"@type":"WebPage","@id":"https:\/\/www.africa-press.net\/congo-brazzaville\/sports\/football-didier-deschamps-nomme-kylian-mbappe-capitaine-de-lequipe-de-france","url":"https:\/\/www.africa-press.net\/congo-brazzaville\/sports\/football-didier-deschamps-nomme-kylian-mbappe-capitaine-de-lequipe-de-france","name":"Football : Didier Deschamps nomme Kylian Mbapp\u00e9 capitaine de l'\u00c9quipe de France - Congo Brazzaville","isPartOf":{"@id":"https:\/\/www.africa-press.net\/congo-brazzaville\/#website"},"primaryImageOfPage":{"@id":"https:\/\/www.africa-press.net\/congo-brazzaville\/sports\/football-didier-deschamps-nomme-kylian-mbappe-capitaine-de-lequipe-de-france#primaryimage"},"image":{"@id":"https:\/\/www.africa-press.net\/congo-brazzaville\/sports\/football-didier-deschamps-nomme-kylian-mbappe-capitaine-de-lequipe-de-france#primaryimage"},"thumbnailUrl":"https:\/\/static.africa-press.net\/congo-brazzaville\/sites\/51\/2023\/03\/postQueueImg_1679410627.00.jpg","datePublished":"2023-03-21T18:27:00+00:00","dateModified":"2023-03-21T19:07:24+00:00","author":{"@id":"https:\/\/www.africa-press.net\/congo-brazzaville\/#\/schema\/person\/2b1cf3cd81a31e3cd26889ca66d677f1"},"description":"Plusieurs me\u0301dias ont rapporte\u0301 lundi que Didier Deschamps a de\u0301signe\u0301 Kylian Mbappe\u0301 capitaine de l'E\u0301quipe de Franc ...","breadcrumb":{"@id":"https:\/\/www.africa-press.net\/congo-brazzaville\/sports\/football-didier-deschamps-nomme-kylian-mbappe-capitaine-de-lequipe-de-france#breadcrumb"},"inLanguage":"fr-FR","potentialAction":[{"@type":"ReadAction","target":["https:\/\/www.africa-press.net\/congo-brazzaville\/sports\/football-didier-deschamps-nomme-kylian-mbappe-capitaine-de-lequipe-de-france"]}]},{"@type":"ImageObject","inLanguage":"fr-FR","@id":"https:\/\/www.africa-press.net\/congo-brazzaville\/sports\/football-didier-deschamps-nomme-kylian-mbappe-capitaine-de-lequipe-de-france#primaryimage","url":"https:\/\/static.africa-press.net\/congo-brazzaville\/sites\/51\/2023\/03\/postQueueImg_1679410627.00.jpg","contentUrl":"https:\/\/static.africa-press.net\/congo-brazzaville\/sites\/51\/2023\/03\/postQueueImg_1679410627.00.jpg","width":1808,"height":1017,"caption":"Football : Didier Deschamps nomme Kylian Mbapp\u00e9 capitaine de l'\u00c9quipe de France"},{"@type":"BreadcrumbList","@id":"https:\/\/www.africa-press.net\/congo-brazzaville\/sports\/football-didier-deschamps-nomme-kylian-mbappe-capitaine-de-lequipe-de-france#breadcrumb","itemListElement":[{"@type":"ListItem","position":1,"name":"Accueil","item":"https:\/\/www.africa-press.net\/congo-brazzaville\/"},{"@type":"ListItem","position":2,"name":"Football : Didier Deschamps nomme Kylian Mbapp\u00e9 capitaine de l&rsquo;\u00c9quipe de France"}]},{"@type":"WebSite","@id":"https:\/\/www.africa-press.net\/congo-brazzaville\/#website","url":"https:\/\/www.africa-press.net\/congo-brazzaville\/","name":"Congo Brazzaville","description":"Just another Africa News Agency Sites site","potentialAction":[{"@type":"SearchAction","target":{"@type":"EntryPoint","urlTemplate":"https:\/\/www.africa-press.net\/congo-brazzaville\/?s={search_term_string}"},"query-input":{"@type":"PropertyValueSpecification","valueRequired":true,"valueName":"search_term_string"}}],"inLanguage":"fr-FR"},{"@type":"Person","@id":"https:\/\/www.africa-press.net\/congo-brazzaville\/#\/schema\/person\/2b1cf3cd81a31e3cd26889ca66d677f1","name":"cfeditorfr"}]}},"_links":{"self":[{"href":"https:\/\/www.africa-press.net\/congo-brazzaville\/wp-json\/wp\/v2\/posts\/15870","targetHints":{"allow":["GET"]}}],"collection":[{"href":"https:\/\/www.africa-press.net\/congo-brazzaville\/wp-json\/wp\/v2\/posts"}],"about":[{"href":"https:\/\/www.africa-press.net\/congo-brazzaville\/wp-json\/wp\/v2\/types\/post"}],"author":[{"embeddable":true,"href":"https:\/\/www.africa-press.net\/congo-brazzaville\/wp-json\/wp\/v2\/users\/82"}],"replies":[{"embeddable":true,"href":"https:\/\/www.africa-press.net\/congo-brazzaville\/wp-json\/wp\/v2\/comments?post=15870"}],"version-history":[{"count":0,"href":"https:\/\/www.africa-press.net\/congo-brazzaville\/wp-json\/wp\/v2\/posts\/15870\/revisions"}],"wp:featuredmedia":[{"embeddable":true,"href":"https:\/\/www.africa-press.net\/congo-brazzaville\/wp-json\/wp\/v2\/media\/15869"}],"wp:attachment":[{"href":"https:\/\/www.africa-press.net\/congo-brazzaville\/wp-json\/wp\/v2\/media?parent=15870"}],"wp:term":[{"taxonomy":"category","embeddable":true,"href":"https:\/\/www.africa-press.net\/congo-brazzaville\/wp-json\/wp\/v2\/categories?post=15870"},{"taxonomy":"post_tag","embeddable":true,"href":"https:\/\/www.africa-press.net\/congo-brazzaville\/wp-json\/wp\/v2\/tags?post=15870"}],"curies":[{"name":"wp","href":"https:\/\/api.w.org\/{rel}","templated":true}]}}