{"id":1704,"date":"2021-12-13T19:02:18","date_gmt":"2021-12-13T19:02:18","guid":{"rendered":"https:\/\/www.africa-press.net\/congo-brazzaville\/politique\/a-brazzaville-on-soigne-la-peau-des-albinos"},"modified":"2021-12-13T20:56:30","modified_gmt":"2021-12-13T20:56:30","slug":"a-brazzaville-on-soigne-la-peau-des-albinos","status":"publish","type":"post","link":"https:\/\/www.africa-press.net\/congo-brazzaville\/toutes-les-actualites\/a-brazzaville-on-soigne-la-peau-des-albinos","title":{"rendered":"A Brazzaville, on soigne la peau des albinos"},"content":{"rendered":"<p><span style=\"color: #ff6600\"><strong>Africa-Press &#8211; Congo Brazzaville. <\/strong><\/span>Souvent discrimin\u00e9s, attaqu\u00e9s, voire sacrifi\u00e9s dans d&rsquo;obscurs rites de sorcellerie, les albinos sont aussi tr\u00e8s vuln\u00e9rables \u00e0 de terribles cancers de la peau, qu&rsquo;une clinique de Brazzaville s&#8217;emploie \u00e0 pr\u00e9venir autant que possible.<br \/>\n\u00ab\u00a0Un albinos est un \u00eatre comme tout autre\u00a0\u00bb, d\u00e9clare \u00e0 l&rsquo;AFP Reine Balounga, 19 ans, qui attend d&rsquo;\u00eatre trait\u00e9e contre les taches parsemant son corps depuis l&rsquo;enfance.<\/p>\n<p>\u00ab\u00a0Dans ma famille on m\u2019aime, mais dans le quartier, il y a d\u2019autres personnes qui m\u2019aiment pas du tout\u00a0\u00bb, constate la jeune fille, en d\u00e9plorant que \u00ab\u00a0certaines personnes provoquent les albinos dans la rue\u00a0\u00bb.<\/p>\n<p>La clinique o\u00f9 se fait soigner Reine est op\u00e9rationnelle depuis 2013.<\/p>\n<p>Elle est une propri\u00e9t\u00e9 de l\u2019Association Johny Chancel pour les albinos (Ajca), dirig\u00e9e par Johny Chancel Ngamouana, un philanthrope de 39 ans lui-m\u00eame albinos.<\/p>\n<p>Ce dernier assure que le cancer de la peau repr\u00e9sente la premi\u00e8re cause de mortalit\u00e9 chez cette minorit\u00e9 qui, au Congo, fort heureusement dit-il, n\u2019est pas victime de crimes rituels comme dans certains pays africains, tels le Gabon voisin ou encore la Tanzanie. Bien que stigmatis\u00e9s parfois, les albinos y fr\u00e9quentent les m\u00eames \u00e9coles, publiques comme priv\u00e9es, que les autres enfants.<\/p>\n<p>Depuis janvier, l\u2019Ajca, qui pr\u00e9side le R\u00e9seau des organisations des personnes atteintes d\u2019albinisme d\u2019Afrique centrale (Ropac), m\u00e8ne une campagne de d\u00e9pistage et de traitement du cancer de la peau. A ce jour, plus de 460 albinos, tous \u00e2ges confondus, ont b\u00e9n\u00e9fici\u00e9 de soins gratuits, selon le personnel soignant.<\/p>\n<p>Une autre image<\/p>\n<p>Gr\u00e2ce \u00e0 des partenariats, quatre m\u00e9decins russes et un autre venu de la R\u00e9publique d\u00e9mocratique du Congo toute proche interviennent d\u00e9sormais dans cette campagne.<\/p>\n<p>\u00ab\u00a0Nous avons fait venir des experts de Russie, des sp\u00e9cialistes en albinisme, pour traiter et aussi former des m\u00e9decins (locaux) qui sont dans notre clinique\u00a0\u00bb, explique Johny Chancel Ngamouana. \u00ab\u00a0De temps en temps nous avons besoin d\u2019autres exp\u00e9riences, pour que la condition des personnes atteintes d\u2019albinisme au Congo soit am\u00e9lior\u00e9e\u00a0\u00bb, esp\u00e8re-t-il.<\/p>\n<p>L&rsquo;albinisme est une maladie g\u00e9n\u00e9tique rare, h\u00e9r\u00e9ditaire et non contagieuse, qui se traduit par un d\u00e9ficit dans la production de m\u00e9lanine entra\u00eenant une absence compl\u00e8te ou partielle de pigments dans la peau, les cheveux et les yeux.<\/p>\n<p>Pour sa premi\u00e8re exp\u00e9rience sur le continent africain, l\u2019oncologue russe Igor Samoylenko est d\u2019avis que \u00ab\u00a0les albinos du Congo pr\u00e9sentent plus de pathologies qu\u2019ailleurs\u00a0\u00bb. \u00ab\u00a0Ils ont trop de probl\u00e8mes de vue, parce qu\u2019ils se prot\u00e8gent de moins en moins contre le soleil. Et le cancer de la peau est un r\u00e9el probl\u00e8me\u00a0\u00bb, souligne-t-il.<\/p>\n<p>Souvent en Afrique, les albinos n&rsquo;ont pas les moyens de s&rsquo;acheter des lunettes ou des cr\u00e8mes solaires efficaces. Selon l\u2019ONU, dans certaines parties du monde, environ 90% d\u2019albinos meurent entre 30 et 40 ans.<\/p>\n<p>Gemard Mougani, 31 ans, qui souffre d&rsquo;infections sur le visage et la nuque, fonde de grands espoirs sur la campagne en cours. \u00ab\u00a0J\u2019attends d\u2019avoir la gu\u00e9rison pour mes plaies\u00a0\u00bb. Et, en g\u00e9n\u00e9ral, \u00ab\u00a0j\u2019attends une autre image des albinos, parce que la plupart d\u2019entre eux ont des taches et une figure vraiment abim\u00e9e\u00a0\u00bb, dit-il.<\/p>\n<p>El\u00e8ve en Terminale litt\u00e9raire au lyc\u00e9e Thomas Sankara de Brazzaville, Tr\u00e9sor Bokatola, 18 ans, se pr\u00e9sente quant \u00e0 lui comme \u00ab\u00a0un homme extraordinaire\u00a0\u00bb. Parce qu'\u00a0\u00bbil y a des albinos dans chaque continent, mais pas dans chaque maison\u00a0\u00bb.<\/p>\n<p>L&rsquo;albinisme existe dans le monde entier, mais sa pr\u00e9valence varie d&rsquo;une r\u00e9gion \u00e0 l&rsquo;autre. En Afrique subsaharienne, o\u00f9 il est plus r\u00e9pandu, les estimations de l&rsquo;Organisation mondiale de la sant\u00e9 (OMS) oscillent entre 1 cas sur 5.000 et 1 cas sur 15.000.<\/p>\n<p><strong>Pour plus d&rsquo;informations et d&rsquo;analyses sur la <a href=\"https:\/\/www.africa-press.net\/congo-brazzaville\">Congo Brazzaville<\/a>, suivez <a href=\"https:\/\/www.africa-press.net\/\">Africa-Press<\/a><\/strong><\/p>\n","protected":false},"excerpt":{"rendered":"<p>Africa-Press &#8211; Congo Brazzaville. Souvent discrimin\u00e9s, attaqu\u00e9s, voire sacrifi\u00e9s dans d&rsquo;obscurs rites de sorcellerie, les albinos sont aussi tr\u00e8s vuln\u00e9rables \u00e0 de terribles cancers de la peau, qu&rsquo;une clinique de Brazzaville s&#8217;emploie \u00e0 pr\u00e9venir autant que possible. \u00ab\u00a0Un albinos est un \u00eatre comme tout autre\u00a0\u00bb, d\u00e9clare \u00e0 l&rsquo;AFP Reine Balounga, 19 ans, qui attend d&rsquo;\u00eatre [&hellip;]<\/p>\n","protected":false},"author":82,"featured_media":1703,"comment_status":"open","ping_status":"closed","sticky":false,"template":"","format":"standard","meta":{"footnotes":""},"categories":[21,11,10],"tags":[36,47,46],"class_list":["post-1704","post","type-post","status-publish","format-standard","has-post-thumbnail","hentry","category-communaute","category-homepage-french","category-toutes-les-actualites","tag-africa-press","tag-africa-press-congo-brazzaville","tag-congo-brazzaville"],"yoast_head":"<!-- This site is optimized with the Yoast SEO Premium plugin v26.1 (Yoast SEO v27.0) - https:\/\/yoast.com\/product\/yoast-seo-premium-wordpress\/ -->\n<title>A Brazzaville, on soigne la peau des albinos - Congo Brazzaville<\/title>\n<meta name=\"description\" content=\"Souvent discrimin\u00e9s, attaqu\u00e9s, voire sacrifi\u00e9s dans d&#039;obscurs rites de sorcellerie, les albinos sont aussi tr\u00e8s vuln\u00e9rab ...\" \/>\n<meta name=\"robots\" content=\"index, follow, max-snippet:-1, max-image-preview:large, max-video-preview:-1\" \/>\n<link rel=\"canonical\" href=\"https:\/\/www.africa-press.net\/congo-brazzaville\/toutes-les-actualites\/a-brazzaville-on-soigne-la-peau-des-albinos\" \/>\n<meta property=\"og:locale\" content=\"fr_FR\" \/>\n<meta property=\"og:type\" content=\"article\" \/>\n<meta property=\"og:title\" content=\"A Brazzaville, on soigne la peau des albinos\" \/>\n<meta property=\"og:description\" content=\"Souvent discrimin\u00e9s, attaqu\u00e9s, voire sacrifi\u00e9s dans d&#039;obscurs rites de sorcellerie, les albinos sont aussi tr\u00e8s vuln\u00e9rab ...\" \/>\n<meta property=\"og:url\" content=\"https:\/\/www.africa-press.net\/congo-brazzaville\/toutes-les-actualites\/a-brazzaville-on-soigne-la-peau-des-albinos\" \/>\n<meta property=\"og:site_name\" content=\"Congo Brazzaville\" \/>\n<meta property=\"article:published_time\" content=\"2021-12-13T19:02:18+00:00\" \/>\n<meta property=\"article:modified_time\" content=\"2021-12-13T20:56:30+00:00\" \/>\n<meta property=\"og:image\" content=\"https:\/\/static.africa-press.net\/centrafricaine\/sites\/51\/2021\/12\/img-61b7b3687f59b.jpg\" \/>\n\t<meta property=\"og:image:width\" content=\"791\" \/>\n\t<meta property=\"og:image:height\" content=\"390\" \/>\n\t<meta property=\"og:image:type\" content=\"image\/jpeg\" \/>\n<meta name=\"author\" content=\"cfeditorfr\" \/>\n<meta name=\"twitter:card\" content=\"summary_large_image\" \/>\n<meta name=\"twitter:label1\" content=\"\u00c9crit par\" \/>\n\t<meta name=\"twitter:data1\" content=\"cfeditorfr\" \/>\n\t<meta name=\"twitter:label2\" content=\"Dur\u00e9e de lecture estim\u00e9e\" \/>\n\t<meta name=\"twitter:data2\" content=\"3 minutes\" \/>\n<script type=\"application\/ld+json\" class=\"yoast-schema-graph\">{\"@context\":\"https:\/\/schema.org\",\"@graph\":[{\"@type\":\"Article\",\"@id\":\"https:\/\/www.africa-press.net\/congo-brazzaville\/toutes-les-actualites\/a-brazzaville-on-soigne-la-peau-des-albinos#article\",\"isPartOf\":{\"@id\":\"https:\/\/www.africa-press.net\/congo-brazzaville\/toutes-les-actualites\/a-brazzaville-on-soigne-la-peau-des-albinos\"},\"author\":{\"name\":\"cfeditorfr\",\"@id\":\"https:\/\/www.africa-press.net\/congo-brazzaville\/#\/schema\/person\/2b1cf3cd81a31e3cd26889ca66d677f1\"},\"headline\":\"A Brazzaville, on soigne la peau des albinos\",\"datePublished\":\"2021-12-13T19:02:18+00:00\",\"dateModified\":\"2021-12-13T20:56:30+00:00\",\"mainEntityOfPage\":{\"@id\":\"https:\/\/www.africa-press.net\/congo-brazzaville\/toutes-les-actualites\/a-brazzaville-on-soigne-la-peau-des-albinos\"},\"wordCount\":677,\"commentCount\":0,\"image\":{\"@id\":\"https:\/\/www.africa-press.net\/congo-brazzaville\/toutes-les-actualites\/a-brazzaville-on-soigne-la-peau-des-albinos#primaryimage\"},\"thumbnailUrl\":\"https:\/\/static.africa-press.net\/centrafricaine\/sites\/51\/2021\/12\/img-61b7b3687f59b.jpg\",\"keywords\":[\"Africa Press\",\"Africa Press-Congo Brazzaville\",\"Congo Brazzaville\"],\"articleSection\":[\"Communaut\u00e9\",\"homepage-french\",\"Toutes les actualit\u00e9s\"],\"inLanguage\":\"fr-FR\",\"potentialAction\":[{\"@type\":\"CommentAction\",\"name\":\"Comment\",\"target\":[\"https:\/\/www.africa-press.net\/congo-brazzaville\/toutes-les-actualites\/a-brazzaville-on-soigne-la-peau-des-albinos#respond\"]}]},{\"@type\":\"WebPage\",\"@id\":\"https:\/\/www.africa-press.net\/congo-brazzaville\/toutes-les-actualites\/a-brazzaville-on-soigne-la-peau-des-albinos\",\"url\":\"https:\/\/www.africa-press.net\/congo-brazzaville\/toutes-les-actualites\/a-brazzaville-on-soigne-la-peau-des-albinos\",\"name\":\"A Brazzaville, on soigne la peau des albinos - Congo Brazzaville\",\"isPartOf\":{\"@id\":\"https:\/\/www.africa-press.net\/congo-brazzaville\/#website\"},\"primaryImageOfPage\":{\"@id\":\"https:\/\/www.africa-press.net\/congo-brazzaville\/toutes-les-actualites\/a-brazzaville-on-soigne-la-peau-des-albinos#primaryimage\"},\"image\":{\"@id\":\"https:\/\/www.africa-press.net\/congo-brazzaville\/toutes-les-actualites\/a-brazzaville-on-soigne-la-peau-des-albinos#primaryimage\"},\"thumbnailUrl\":\"https:\/\/static.africa-press.net\/centrafricaine\/sites\/51\/2021\/12\/img-61b7b3687f59b.jpg\",\"datePublished\":\"2021-12-13T19:02:18+00:00\",\"dateModified\":\"2021-12-13T20:56:30+00:00\",\"author\":{\"@id\":\"https:\/\/www.africa-press.net\/congo-brazzaville\/#\/schema\/person\/2b1cf3cd81a31e3cd26889ca66d677f1\"},\"description\":\"Souvent discrimin\u00e9s, attaqu\u00e9s, voire sacrifi\u00e9s dans d'obscurs rites de sorcellerie, les albinos sont aussi tr\u00e8s vuln\u00e9rab ...\",\"breadcrumb\":{\"@id\":\"https:\/\/www.africa-press.net\/congo-brazzaville\/toutes-les-actualites\/a-brazzaville-on-soigne-la-peau-des-albinos#breadcrumb\"},\"inLanguage\":\"fr-FR\",\"potentialAction\":[{\"@type\":\"ReadAction\",\"target\":[\"https:\/\/www.africa-press.net\/congo-brazzaville\/toutes-les-actualites\/a-brazzaville-on-soigne-la-peau-des-albinos\"]}]},{\"@type\":\"ImageObject\",\"inLanguage\":\"fr-FR\",\"@id\":\"https:\/\/www.africa-press.net\/congo-brazzaville\/toutes-les-actualites\/a-brazzaville-on-soigne-la-peau-des-albinos#primaryimage\",\"url\":\"https:\/\/static.africa-press.net\/centrafricaine\/sites\/51\/2021\/12\/img-61b7b3687f59b.jpg\",\"contentUrl\":\"https:\/\/static.africa-press.net\/centrafricaine\/sites\/51\/2021\/12\/img-61b7b3687f59b.jpg\",\"width\":791,\"height\":390,\"caption\":\"A Brazzaville, on soigne la peau des albinos\"},{\"@type\":\"BreadcrumbList\",\"@id\":\"https:\/\/www.africa-press.net\/congo-brazzaville\/toutes-les-actualites\/a-brazzaville-on-soigne-la-peau-des-albinos#breadcrumb\",\"itemListElement\":[{\"@type\":\"ListItem\",\"position\":1,\"name\":\"Accueil\",\"item\":\"https:\/\/www.africa-press.net\/congo-brazzaville\/\"},{\"@type\":\"ListItem\",\"position\":2,\"name\":\"A Brazzaville, on soigne la peau des albinos\"}]},{\"@type\":\"WebSite\",\"@id\":\"https:\/\/www.africa-press.net\/congo-brazzaville\/#website\",\"url\":\"https:\/\/www.africa-press.net\/congo-brazzaville\/\",\"name\":\"Congo Brazzaville\",\"description\":\"Just another Africa News Agency Sites site\",\"potentialAction\":[{\"@type\":\"SearchAction\",\"target\":{\"@type\":\"EntryPoint\",\"urlTemplate\":\"https:\/\/www.africa-press.net\/congo-brazzaville\/?s={search_term_string}\"},\"query-input\":{\"@type\":\"PropertyValueSpecification\",\"valueRequired\":true,\"valueName\":\"search_term_string\"}}],\"inLanguage\":\"fr-FR\"},{\"@type\":\"Person\",\"@id\":\"https:\/\/www.africa-press.net\/congo-brazzaville\/#\/schema\/person\/2b1cf3cd81a31e3cd26889ca66d677f1\",\"name\":\"cfeditorfr\"}]}<\/script>\n<!-- \/ Yoast SEO Premium plugin. -->","yoast_head_json":{"title":"A Brazzaville, on soigne la peau des albinos - Congo Brazzaville","description":"Souvent discrimin\u00e9s, attaqu\u00e9s, voire sacrifi\u00e9s dans d'obscurs rites de sorcellerie, les albinos sont aussi tr\u00e8s vuln\u00e9rab ...","robots":{"index":"index","follow":"follow","max-snippet":"max-snippet:-1","max-image-preview":"max-image-preview:large","max-video-preview":"max-video-preview:-1"},"canonical":"https:\/\/www.africa-press.net\/congo-brazzaville\/toutes-les-actualites\/a-brazzaville-on-soigne-la-peau-des-albinos","og_locale":"fr_FR","og_type":"article","og_title":"A Brazzaville, on soigne la peau des albinos","og_description":"Souvent discrimin\u00e9s, attaqu\u00e9s, voire sacrifi\u00e9s dans d'obscurs rites de sorcellerie, les albinos sont aussi tr\u00e8s vuln\u00e9rab ...","og_url":"https:\/\/www.africa-press.net\/congo-brazzaville\/toutes-les-actualites\/a-brazzaville-on-soigne-la-peau-des-albinos","og_site_name":"Congo Brazzaville","article_published_time":"2021-12-13T19:02:18+00:00","article_modified_time":"2021-12-13T20:56:30+00:00","og_image":[{"width":791,"height":390,"url":"https:\/\/static.africa-press.net\/centrafricaine\/sites\/51\/2021\/12\/img-61b7b3687f59b.jpg","type":"image\/jpeg"}],"author":"cfeditorfr","twitter_card":"summary_large_image","twitter_misc":{"\u00c9crit par":"cfeditorfr","Dur\u00e9e de lecture estim\u00e9e":"3 minutes"},"schema":{"@context":"https:\/\/schema.org","@graph":[{"@type":"Article","@id":"https:\/\/www.africa-press.net\/congo-brazzaville\/toutes-les-actualites\/a-brazzaville-on-soigne-la-peau-des-albinos#article","isPartOf":{"@id":"https:\/\/www.africa-press.net\/congo-brazzaville\/toutes-les-actualites\/a-brazzaville-on-soigne-la-peau-des-albinos"},"author":{"name":"cfeditorfr","@id":"https:\/\/www.africa-press.net\/congo-brazzaville\/#\/schema\/person\/2b1cf3cd81a31e3cd26889ca66d677f1"},"headline":"A Brazzaville, on soigne la peau des albinos","datePublished":"2021-12-13T19:02:18+00:00","dateModified":"2021-12-13T20:56:30+00:00","mainEntityOfPage":{"@id":"https:\/\/www.africa-press.net\/congo-brazzaville\/toutes-les-actualites\/a-brazzaville-on-soigne-la-peau-des-albinos"},"wordCount":677,"commentCount":0,"image":{"@id":"https:\/\/www.africa-press.net\/congo-brazzaville\/toutes-les-actualites\/a-brazzaville-on-soigne-la-peau-des-albinos#primaryimage"},"thumbnailUrl":"https:\/\/static.africa-press.net\/centrafricaine\/sites\/51\/2021\/12\/img-61b7b3687f59b.jpg","keywords":["Africa Press","Africa Press-Congo Brazzaville","Congo Brazzaville"],"articleSection":["Communaut\u00e9","homepage-french","Toutes les actualit\u00e9s"],"inLanguage":"fr-FR","potentialAction":[{"@type":"CommentAction","name":"Comment","target":["https:\/\/www.africa-press.net\/congo-brazzaville\/toutes-les-actualites\/a-brazzaville-on-soigne-la-peau-des-albinos#respond"]}]},{"@type":"WebPage","@id":"https:\/\/www.africa-press.net\/congo-brazzaville\/toutes-les-actualites\/a-brazzaville-on-soigne-la-peau-des-albinos","url":"https:\/\/www.africa-press.net\/congo-brazzaville\/toutes-les-actualites\/a-brazzaville-on-soigne-la-peau-des-albinos","name":"A Brazzaville, on soigne la peau des albinos - Congo Brazzaville","isPartOf":{"@id":"https:\/\/www.africa-press.net\/congo-brazzaville\/#website"},"primaryImageOfPage":{"@id":"https:\/\/www.africa-press.net\/congo-brazzaville\/toutes-les-actualites\/a-brazzaville-on-soigne-la-peau-des-albinos#primaryimage"},"image":{"@id":"https:\/\/www.africa-press.net\/congo-brazzaville\/toutes-les-actualites\/a-brazzaville-on-soigne-la-peau-des-albinos#primaryimage"},"thumbnailUrl":"https:\/\/static.africa-press.net\/centrafricaine\/sites\/51\/2021\/12\/img-61b7b3687f59b.jpg","datePublished":"2021-12-13T19:02:18+00:00","dateModified":"2021-12-13T20:56:30+00:00","author":{"@id":"https:\/\/www.africa-press.net\/congo-brazzaville\/#\/schema\/person\/2b1cf3cd81a31e3cd26889ca66d677f1"},"description":"Souvent discrimin\u00e9s, attaqu\u00e9s, voire sacrifi\u00e9s dans d'obscurs rites de sorcellerie, les albinos sont aussi tr\u00e8s vuln\u00e9rab ...","breadcrumb":{"@id":"https:\/\/www.africa-press.net\/congo-brazzaville\/toutes-les-actualites\/a-brazzaville-on-soigne-la-peau-des-albinos#breadcrumb"},"inLanguage":"fr-FR","potentialAction":[{"@type":"ReadAction","target":["https:\/\/www.africa-press.net\/congo-brazzaville\/toutes-les-actualites\/a-brazzaville-on-soigne-la-peau-des-albinos"]}]},{"@type":"ImageObject","inLanguage":"fr-FR","@id":"https:\/\/www.africa-press.net\/congo-brazzaville\/toutes-les-actualites\/a-brazzaville-on-soigne-la-peau-des-albinos#primaryimage","url":"https:\/\/static.africa-press.net\/centrafricaine\/sites\/51\/2021\/12\/img-61b7b3687f59b.jpg","contentUrl":"https:\/\/static.africa-press.net\/centrafricaine\/sites\/51\/2021\/12\/img-61b7b3687f59b.jpg","width":791,"height":390,"caption":"A Brazzaville, on soigne la peau des albinos"},{"@type":"BreadcrumbList","@id":"https:\/\/www.africa-press.net\/congo-brazzaville\/toutes-les-actualites\/a-brazzaville-on-soigne-la-peau-des-albinos#breadcrumb","itemListElement":[{"@type":"ListItem","position":1,"name":"Accueil","item":"https:\/\/www.africa-press.net\/congo-brazzaville\/"},{"@type":"ListItem","position":2,"name":"A Brazzaville, on soigne la peau des albinos"}]},{"@type":"WebSite","@id":"https:\/\/www.africa-press.net\/congo-brazzaville\/#website","url":"https:\/\/www.africa-press.net\/congo-brazzaville\/","name":"Congo Brazzaville","description":"Just another Africa News Agency Sites site","potentialAction":[{"@type":"SearchAction","target":{"@type":"EntryPoint","urlTemplate":"https:\/\/www.africa-press.net\/congo-brazzaville\/?s={search_term_string}"},"query-input":{"@type":"PropertyValueSpecification","valueRequired":true,"valueName":"search_term_string"}}],"inLanguage":"fr-FR"},{"@type":"Person","@id":"https:\/\/www.africa-press.net\/congo-brazzaville\/#\/schema\/person\/2b1cf3cd81a31e3cd26889ca66d677f1","name":"cfeditorfr"}]}},"_links":{"self":[{"href":"https:\/\/www.africa-press.net\/congo-brazzaville\/wp-json\/wp\/v2\/posts\/1704","targetHints":{"allow":["GET"]}}],"collection":[{"href":"https:\/\/www.africa-press.net\/congo-brazzaville\/wp-json\/wp\/v2\/posts"}],"about":[{"href":"https:\/\/www.africa-press.net\/congo-brazzaville\/wp-json\/wp\/v2\/types\/post"}],"author":[{"embeddable":true,"href":"https:\/\/www.africa-press.net\/congo-brazzaville\/wp-json\/wp\/v2\/users\/82"}],"replies":[{"embeddable":true,"href":"https:\/\/www.africa-press.net\/congo-brazzaville\/wp-json\/wp\/v2\/comments?post=1704"}],"version-history":[{"count":0,"href":"https:\/\/www.africa-press.net\/congo-brazzaville\/wp-json\/wp\/v2\/posts\/1704\/revisions"}],"wp:featuredmedia":[{"embeddable":true,"href":"https:\/\/www.africa-press.net\/congo-brazzaville\/wp-json\/wp\/v2\/media\/1703"}],"wp:attachment":[{"href":"https:\/\/www.africa-press.net\/congo-brazzaville\/wp-json\/wp\/v2\/media?parent=1704"}],"wp:term":[{"taxonomy":"category","embeddable":true,"href":"https:\/\/www.africa-press.net\/congo-brazzaville\/wp-json\/wp\/v2\/categories?post=1704"},{"taxonomy":"post_tag","embeddable":true,"href":"https:\/\/www.africa-press.net\/congo-brazzaville\/wp-json\/wp\/v2\/tags?post=1704"}],"curies":[{"name":"wp","href":"https:\/\/api.w.org\/{rel}","templated":true}]}}