{"id":1707,"date":"2021-12-07T19:17:38","date_gmt":"2021-12-07T19:17:38","guid":{"rendered":"https:\/\/www.africa-press.net\/congo-brazzaville\/politique\/brazzaville-et-kinshasa-signent-un-accord-de-cooperation-energetique"},"modified":"2021-12-13T20:57:07","modified_gmt":"2021-12-13T20:57:07","slug":"brazzaville-et-kinshasa-signent-un-accord-de-cooperation-energetique","status":"publish","type":"post","link":"https:\/\/www.africa-press.net\/congo-brazzaville\/economie\/brazzaville-et-kinshasa-signent-un-accord-de-cooperation-energetique","title":{"rendered":"Brazzaville et Kinshasa signent un accord de coop\u00e9ration \u00e9nerg\u00e9tique"},"content":{"rendered":"<p><span style=\"color: #ff6600\"><strong>Africa-Press &#8211; Congo Brazzaville. <\/strong><\/span>Le potentiel est grand mais l&rsquo;\u00e9lectricit\u00e9 manque&#8230; Pour augmenter sa production, Brazzaville et Kinshasa ont conclu lundi un accord en vue de r\u00e9aliser un grand projet \u00e9nerg\u00e9tique entre les deux pays.<\/p>\n<p>L\u2019accord vise \u00e0 concr\u00e9tiser le projet d\u00e9nomm\u00e9 \u00ab\u00a0Boucle de l\u2019amiti\u00e9 \u00e9nerg\u00e9tique\u00a0\u00bb entre le Congo-Brazzaville et la R\u00e9publique d\u00e9mocratique du Congo, selon les termes.<\/p>\n<p>\u00ab\u00a0Une premi\u00e8re phase consistera \u00e0 renforcer les capacit\u00e9s de transport des lignes entre la Centrale \u00e9lectrique du Congo de Pointe-Noire et la Centrale hydro\u00e9lectrique d\u2019Inga en RDC via Brazzaville\u00a0\u00bb, pr\u00e9cise le document.<\/p>\n<p>Suivront \u00ab\u00a0plusieurs phases d\u2019augmentation de capacit\u00e9 de production d\u2019\u00e9nergie \u00e9lectrique et de construction de lignes de transport associ\u00e9es\u00a0\u00bb, indique encore le protocole d\u2019accord, sign\u00e9 en pr\u00e9sence des pr\u00e9sidents Denis Sassou Nguesso du Congo-Brazzaville et F\u00e9lix Tshisekedi de la RDC.<\/p>\n<p>La capacit\u00e9 de production de la Centrale \u00e9lectrique du Congo (\u00e0 Pointe-Noire) devrait alors passer de 484 \u00e0 750 m\u00e9gawatts, puis 1.000 m\u00e9gawatts gr\u00e2ce au gaz produit par la soci\u00e9t\u00e9 italienne Eni.<\/p>\n<p>Malgr\u00e9 les investissements consentis dans le secteur et l&rsquo;augmentation ces 20 derni\u00e8res ann\u00e9es de la puissance install\u00e9e, pass\u00e9e de 89 \u00e0 plus de 800 m\u00e9gawatts, les coupures et les d\u00e9lestages sont quotidiens \u00e0 Brazzaville et Pointe-Noire.<\/p>\n<p>M\u00eame constat en RDC, qui cherche elle aussi des solutions.<\/p>\n<p>Selon les signataires, la boucle alimentera plusieurs lignes \u00e0 haute et tr\u00e8s haute tension destin\u00e9es \u00e0 fournir de l\u2019\u00e9nergie, notamment aux industries mini\u00e8res en RDC, singuli\u00e8rement dans le Katanga.<\/p>\n<p>L\u2019accord a \u00e9t\u00e9 conclu pour une dur\u00e9e ind\u00e9termin\u00e9e et devra faire l\u2019objet d\u2019une \u00e9valuation tous les cinq ans. Mais aucune indication n\u2019a \u00e9t\u00e9 donn\u00e9e sur le co\u00fbt de financement du projet.<\/p>\n<p>Dans une d\u00e9claration conjointe, les pr\u00e9sidents des deux Congo ont invit\u00e9 les autres pays de la sous-r\u00e9gion \u00e0 se joindre \u00e0 ce \u00ab\u00a0projet int\u00e9grateur\u00a0\u00bb.<\/p>\n<p><strong>Pour plus d&rsquo;informations et d&rsquo;analyses sur la <a href=\"https:\/\/www.africa-press.net\/congo-brazzaville\">Congo Brazzaville<\/a>, suivez <a href=\"https:\/\/www.africa-press.net\/\">Africa-Press<\/a><\/strong><\/p>\n","protected":false},"excerpt":{"rendered":"<p>Africa-Press &#8211; Congo Brazzaville. Le potentiel est grand mais l&rsquo;\u00e9lectricit\u00e9 manque&#8230; Pour augmenter sa production, Brazzaville et Kinshasa ont conclu lundi un accord en vue de r\u00e9aliser un grand projet \u00e9nerg\u00e9tique entre les deux pays. L\u2019accord vise \u00e0 concr\u00e9tiser le projet d\u00e9nomm\u00e9 \u00ab\u00a0Boucle de l\u2019amiti\u00e9 \u00e9nerg\u00e9tique\u00a0\u00bb entre le Congo-Brazzaville et la R\u00e9publique d\u00e9mocratique du Congo, [&hellip;]<\/p>\n","protected":false},"author":82,"featured_media":1706,"comment_status":"open","ping_status":"closed","sticky":false,"template":"","format":"standard","meta":{"footnotes":""},"categories":[7,3,11,10],"tags":[36,47,46],"class_list":["post-1707","post","type-post","status-publish","format-standard","has-post-thumbnail","hentry","category-dossiers","category-economie","category-homepage-french","category-toutes-les-actualites","tag-africa-press","tag-africa-press-congo-brazzaville","tag-congo-brazzaville"],"yoast_head":"<!-- This site is optimized with the Yoast SEO Premium plugin v26.1 (Yoast SEO v27.0) - https:\/\/yoast.com\/product\/yoast-seo-premium-wordpress\/ -->\n<title>Brazzaville et Kinshasa signent un accord de coop\u00e9ration \u00e9nerg\u00e9tique - Congo Brazzaville<\/title>\n<meta name=\"description\" content=\"Le potentiel est grand mais l&#039;\u00e9lectricit\u00e9 manque... Pour augmenter sa production, Brazzaville et Kinshasa ont conclu lun ...\" \/>\n<meta name=\"robots\" content=\"index, follow, max-snippet:-1, max-image-preview:large, max-video-preview:-1\" \/>\n<link rel=\"canonical\" href=\"https:\/\/www.africa-press.net\/congo-brazzaville\/economie\/brazzaville-et-kinshasa-signent-un-accord-de-cooperation-energetique\" \/>\n<meta property=\"og:locale\" content=\"fr_FR\" \/>\n<meta property=\"og:type\" content=\"article\" \/>\n<meta property=\"og:title\" content=\"Brazzaville et Kinshasa signent un accord de coop\u00e9ration \u00e9nerg\u00e9tique\" \/>\n<meta property=\"og:description\" content=\"Le potentiel est grand mais l&#039;\u00e9lectricit\u00e9 manque... Pour augmenter sa production, Brazzaville et Kinshasa ont conclu lun ...\" \/>\n<meta property=\"og:url\" content=\"https:\/\/www.africa-press.net\/congo-brazzaville\/economie\/brazzaville-et-kinshasa-signent-un-accord-de-cooperation-energetique\" \/>\n<meta property=\"og:site_name\" content=\"Congo Brazzaville\" \/>\n<meta property=\"article:published_time\" content=\"2021-12-07T19:17:38+00:00\" \/>\n<meta property=\"article:modified_time\" content=\"2021-12-13T20:57:07+00:00\" \/>\n<meta property=\"og:image\" content=\"https:\/\/static.africa-press.net\/centrafricaine\/sites\/51\/2021\/12\/img-61b7b38cefea9.jpg\" \/>\n\t<meta property=\"og:image:width\" content=\"794\" \/>\n\t<meta property=\"og:image:height\" content=\"395\" \/>\n\t<meta property=\"og:image:type\" content=\"image\/jpeg\" \/>\n<meta name=\"author\" content=\"cfeditorfr\" \/>\n<meta name=\"twitter:card\" content=\"summary_large_image\" \/>\n<meta name=\"twitter:label1\" content=\"\u00c9crit par\" \/>\n\t<meta name=\"twitter:data1\" content=\"cfeditorfr\" \/>\n\t<meta name=\"twitter:label2\" content=\"Dur\u00e9e de lecture estim\u00e9e\" \/>\n\t<meta name=\"twitter:data2\" content=\"2 minutes\" \/>\n<script type=\"application\/ld+json\" class=\"yoast-schema-graph\">{\"@context\":\"https:\/\/schema.org\",\"@graph\":[{\"@type\":\"Article\",\"@id\":\"https:\/\/www.africa-press.net\/congo-brazzaville\/economie\/brazzaville-et-kinshasa-signent-un-accord-de-cooperation-energetique#article\",\"isPartOf\":{\"@id\":\"https:\/\/www.africa-press.net\/congo-brazzaville\/economie\/brazzaville-et-kinshasa-signent-un-accord-de-cooperation-energetique\"},\"author\":{\"name\":\"cfeditorfr\",\"@id\":\"https:\/\/www.africa-press.net\/congo-brazzaville\/#\/schema\/person\/2b1cf3cd81a31e3cd26889ca66d677f1\"},\"headline\":\"Brazzaville et Kinshasa signent un accord de coop\u00e9ration \u00e9nerg\u00e9tique\",\"datePublished\":\"2021-12-07T19:17:38+00:00\",\"dateModified\":\"2021-12-13T20:57:07+00:00\",\"mainEntityOfPage\":{\"@id\":\"https:\/\/www.africa-press.net\/congo-brazzaville\/economie\/brazzaville-et-kinshasa-signent-un-accord-de-cooperation-energetique\"},\"wordCount\":351,\"commentCount\":0,\"image\":{\"@id\":\"https:\/\/www.africa-press.net\/congo-brazzaville\/economie\/brazzaville-et-kinshasa-signent-un-accord-de-cooperation-energetique#primaryimage\"},\"thumbnailUrl\":\"https:\/\/static.africa-press.net\/centrafricaine\/sites\/51\/2021\/12\/img-61b7b38cefea9.jpg\",\"keywords\":[\"Africa Press\",\"Africa Press-Congo Brazzaville\",\"Congo Brazzaville\"],\"articleSection\":[\"Dossiers\",\"\u00c9conomie\",\"homepage-french\",\"Toutes les actualit\u00e9s\"],\"inLanguage\":\"fr-FR\",\"potentialAction\":[{\"@type\":\"CommentAction\",\"name\":\"Comment\",\"target\":[\"https:\/\/www.africa-press.net\/congo-brazzaville\/economie\/brazzaville-et-kinshasa-signent-un-accord-de-cooperation-energetique#respond\"]}]},{\"@type\":\"WebPage\",\"@id\":\"https:\/\/www.africa-press.net\/congo-brazzaville\/economie\/brazzaville-et-kinshasa-signent-un-accord-de-cooperation-energetique\",\"url\":\"https:\/\/www.africa-press.net\/congo-brazzaville\/economie\/brazzaville-et-kinshasa-signent-un-accord-de-cooperation-energetique\",\"name\":\"Brazzaville et Kinshasa signent un accord de coop\u00e9ration \u00e9nerg\u00e9tique - Congo Brazzaville\",\"isPartOf\":{\"@id\":\"https:\/\/www.africa-press.net\/congo-brazzaville\/#website\"},\"primaryImageOfPage\":{\"@id\":\"https:\/\/www.africa-press.net\/congo-brazzaville\/economie\/brazzaville-et-kinshasa-signent-un-accord-de-cooperation-energetique#primaryimage\"},\"image\":{\"@id\":\"https:\/\/www.africa-press.net\/congo-brazzaville\/economie\/brazzaville-et-kinshasa-signent-un-accord-de-cooperation-energetique#primaryimage\"},\"thumbnailUrl\":\"https:\/\/static.africa-press.net\/centrafricaine\/sites\/51\/2021\/12\/img-61b7b38cefea9.jpg\",\"datePublished\":\"2021-12-07T19:17:38+00:00\",\"dateModified\":\"2021-12-13T20:57:07+00:00\",\"author\":{\"@id\":\"https:\/\/www.africa-press.net\/congo-brazzaville\/#\/schema\/person\/2b1cf3cd81a31e3cd26889ca66d677f1\"},\"description\":\"Le potentiel est grand mais l'\u00e9lectricit\u00e9 manque... Pour augmenter sa production, Brazzaville et Kinshasa ont conclu lun ...\",\"breadcrumb\":{\"@id\":\"https:\/\/www.africa-press.net\/congo-brazzaville\/economie\/brazzaville-et-kinshasa-signent-un-accord-de-cooperation-energetique#breadcrumb\"},\"inLanguage\":\"fr-FR\",\"potentialAction\":[{\"@type\":\"ReadAction\",\"target\":[\"https:\/\/www.africa-press.net\/congo-brazzaville\/economie\/brazzaville-et-kinshasa-signent-un-accord-de-cooperation-energetique\"]}]},{\"@type\":\"ImageObject\",\"inLanguage\":\"fr-FR\",\"@id\":\"https:\/\/www.africa-press.net\/congo-brazzaville\/economie\/brazzaville-et-kinshasa-signent-un-accord-de-cooperation-energetique#primaryimage\",\"url\":\"https:\/\/static.africa-press.net\/centrafricaine\/sites\/51\/2021\/12\/img-61b7b38cefea9.jpg\",\"contentUrl\":\"https:\/\/static.africa-press.net\/centrafricaine\/sites\/51\/2021\/12\/img-61b7b38cefea9.jpg\",\"width\":794,\"height\":395,\"caption\":\"Brazzaville et Kinshasa signent un accord de coop\u00e9ration \u00e9nerg\u00e9tique\"},{\"@type\":\"BreadcrumbList\",\"@id\":\"https:\/\/www.africa-press.net\/congo-brazzaville\/economie\/brazzaville-et-kinshasa-signent-un-accord-de-cooperation-energetique#breadcrumb\",\"itemListElement\":[{\"@type\":\"ListItem\",\"position\":1,\"name\":\"Accueil\",\"item\":\"https:\/\/www.africa-press.net\/congo-brazzaville\/\"},{\"@type\":\"ListItem\",\"position\":2,\"name\":\"Brazzaville et Kinshasa signent un accord de coop\u00e9ration \u00e9nerg\u00e9tique\"}]},{\"@type\":\"WebSite\",\"@id\":\"https:\/\/www.africa-press.net\/congo-brazzaville\/#website\",\"url\":\"https:\/\/www.africa-press.net\/congo-brazzaville\/\",\"name\":\"Congo Brazzaville\",\"description\":\"Just another Africa News Agency Sites site\",\"potentialAction\":[{\"@type\":\"SearchAction\",\"target\":{\"@type\":\"EntryPoint\",\"urlTemplate\":\"https:\/\/www.africa-press.net\/congo-brazzaville\/?s={search_term_string}\"},\"query-input\":{\"@type\":\"PropertyValueSpecification\",\"valueRequired\":true,\"valueName\":\"search_term_string\"}}],\"inLanguage\":\"fr-FR\"},{\"@type\":\"Person\",\"@id\":\"https:\/\/www.africa-press.net\/congo-brazzaville\/#\/schema\/person\/2b1cf3cd81a31e3cd26889ca66d677f1\",\"name\":\"cfeditorfr\"}]}<\/script>\n<!-- \/ Yoast SEO Premium plugin. -->","yoast_head_json":{"title":"Brazzaville et Kinshasa signent un accord de coop\u00e9ration \u00e9nerg\u00e9tique - Congo Brazzaville","description":"Le potentiel est grand mais l'\u00e9lectricit\u00e9 manque... Pour augmenter sa production, Brazzaville et Kinshasa ont conclu lun ...","robots":{"index":"index","follow":"follow","max-snippet":"max-snippet:-1","max-image-preview":"max-image-preview:large","max-video-preview":"max-video-preview:-1"},"canonical":"https:\/\/www.africa-press.net\/congo-brazzaville\/economie\/brazzaville-et-kinshasa-signent-un-accord-de-cooperation-energetique","og_locale":"fr_FR","og_type":"article","og_title":"Brazzaville et Kinshasa signent un accord de coop\u00e9ration \u00e9nerg\u00e9tique","og_description":"Le potentiel est grand mais l'\u00e9lectricit\u00e9 manque... Pour augmenter sa production, Brazzaville et Kinshasa ont conclu lun ...","og_url":"https:\/\/www.africa-press.net\/congo-brazzaville\/economie\/brazzaville-et-kinshasa-signent-un-accord-de-cooperation-energetique","og_site_name":"Congo Brazzaville","article_published_time":"2021-12-07T19:17:38+00:00","article_modified_time":"2021-12-13T20:57:07+00:00","og_image":[{"width":794,"height":395,"url":"https:\/\/static.africa-press.net\/centrafricaine\/sites\/51\/2021\/12\/img-61b7b38cefea9.jpg","type":"image\/jpeg"}],"author":"cfeditorfr","twitter_card":"summary_large_image","twitter_misc":{"\u00c9crit par":"cfeditorfr","Dur\u00e9e de lecture estim\u00e9e":"2 minutes"},"schema":{"@context":"https:\/\/schema.org","@graph":[{"@type":"Article","@id":"https:\/\/www.africa-press.net\/congo-brazzaville\/economie\/brazzaville-et-kinshasa-signent-un-accord-de-cooperation-energetique#article","isPartOf":{"@id":"https:\/\/www.africa-press.net\/congo-brazzaville\/economie\/brazzaville-et-kinshasa-signent-un-accord-de-cooperation-energetique"},"author":{"name":"cfeditorfr","@id":"https:\/\/www.africa-press.net\/congo-brazzaville\/#\/schema\/person\/2b1cf3cd81a31e3cd26889ca66d677f1"},"headline":"Brazzaville et Kinshasa signent un accord de coop\u00e9ration \u00e9nerg\u00e9tique","datePublished":"2021-12-07T19:17:38+00:00","dateModified":"2021-12-13T20:57:07+00:00","mainEntityOfPage":{"@id":"https:\/\/www.africa-press.net\/congo-brazzaville\/economie\/brazzaville-et-kinshasa-signent-un-accord-de-cooperation-energetique"},"wordCount":351,"commentCount":0,"image":{"@id":"https:\/\/www.africa-press.net\/congo-brazzaville\/economie\/brazzaville-et-kinshasa-signent-un-accord-de-cooperation-energetique#primaryimage"},"thumbnailUrl":"https:\/\/static.africa-press.net\/centrafricaine\/sites\/51\/2021\/12\/img-61b7b38cefea9.jpg","keywords":["Africa Press","Africa Press-Congo Brazzaville","Congo Brazzaville"],"articleSection":["Dossiers","\u00c9conomie","homepage-french","Toutes les actualit\u00e9s"],"inLanguage":"fr-FR","potentialAction":[{"@type":"CommentAction","name":"Comment","target":["https:\/\/www.africa-press.net\/congo-brazzaville\/economie\/brazzaville-et-kinshasa-signent-un-accord-de-cooperation-energetique#respond"]}]},{"@type":"WebPage","@id":"https:\/\/www.africa-press.net\/congo-brazzaville\/economie\/brazzaville-et-kinshasa-signent-un-accord-de-cooperation-energetique","url":"https:\/\/www.africa-press.net\/congo-brazzaville\/economie\/brazzaville-et-kinshasa-signent-un-accord-de-cooperation-energetique","name":"Brazzaville et Kinshasa signent un accord de coop\u00e9ration \u00e9nerg\u00e9tique - Congo Brazzaville","isPartOf":{"@id":"https:\/\/www.africa-press.net\/congo-brazzaville\/#website"},"primaryImageOfPage":{"@id":"https:\/\/www.africa-press.net\/congo-brazzaville\/economie\/brazzaville-et-kinshasa-signent-un-accord-de-cooperation-energetique#primaryimage"},"image":{"@id":"https:\/\/www.africa-press.net\/congo-brazzaville\/economie\/brazzaville-et-kinshasa-signent-un-accord-de-cooperation-energetique#primaryimage"},"thumbnailUrl":"https:\/\/static.africa-press.net\/centrafricaine\/sites\/51\/2021\/12\/img-61b7b38cefea9.jpg","datePublished":"2021-12-07T19:17:38+00:00","dateModified":"2021-12-13T20:57:07+00:00","author":{"@id":"https:\/\/www.africa-press.net\/congo-brazzaville\/#\/schema\/person\/2b1cf3cd81a31e3cd26889ca66d677f1"},"description":"Le potentiel est grand mais l'\u00e9lectricit\u00e9 manque... Pour augmenter sa production, Brazzaville et Kinshasa ont conclu lun ...","breadcrumb":{"@id":"https:\/\/www.africa-press.net\/congo-brazzaville\/economie\/brazzaville-et-kinshasa-signent-un-accord-de-cooperation-energetique#breadcrumb"},"inLanguage":"fr-FR","potentialAction":[{"@type":"ReadAction","target":["https:\/\/www.africa-press.net\/congo-brazzaville\/economie\/brazzaville-et-kinshasa-signent-un-accord-de-cooperation-energetique"]}]},{"@type":"ImageObject","inLanguage":"fr-FR","@id":"https:\/\/www.africa-press.net\/congo-brazzaville\/economie\/brazzaville-et-kinshasa-signent-un-accord-de-cooperation-energetique#primaryimage","url":"https:\/\/static.africa-press.net\/centrafricaine\/sites\/51\/2021\/12\/img-61b7b38cefea9.jpg","contentUrl":"https:\/\/static.africa-press.net\/centrafricaine\/sites\/51\/2021\/12\/img-61b7b38cefea9.jpg","width":794,"height":395,"caption":"Brazzaville et Kinshasa signent un accord de coop\u00e9ration \u00e9nerg\u00e9tique"},{"@type":"BreadcrumbList","@id":"https:\/\/www.africa-press.net\/congo-brazzaville\/economie\/brazzaville-et-kinshasa-signent-un-accord-de-cooperation-energetique#breadcrumb","itemListElement":[{"@type":"ListItem","position":1,"name":"Accueil","item":"https:\/\/www.africa-press.net\/congo-brazzaville\/"},{"@type":"ListItem","position":2,"name":"Brazzaville et Kinshasa signent un accord de coop\u00e9ration \u00e9nerg\u00e9tique"}]},{"@type":"WebSite","@id":"https:\/\/www.africa-press.net\/congo-brazzaville\/#website","url":"https:\/\/www.africa-press.net\/congo-brazzaville\/","name":"Congo Brazzaville","description":"Just another Africa News Agency Sites site","potentialAction":[{"@type":"SearchAction","target":{"@type":"EntryPoint","urlTemplate":"https:\/\/www.africa-press.net\/congo-brazzaville\/?s={search_term_string}"},"query-input":{"@type":"PropertyValueSpecification","valueRequired":true,"valueName":"search_term_string"}}],"inLanguage":"fr-FR"},{"@type":"Person","@id":"https:\/\/www.africa-press.net\/congo-brazzaville\/#\/schema\/person\/2b1cf3cd81a31e3cd26889ca66d677f1","name":"cfeditorfr"}]}},"_links":{"self":[{"href":"https:\/\/www.africa-press.net\/congo-brazzaville\/wp-json\/wp\/v2\/posts\/1707","targetHints":{"allow":["GET"]}}],"collection":[{"href":"https:\/\/www.africa-press.net\/congo-brazzaville\/wp-json\/wp\/v2\/posts"}],"about":[{"href":"https:\/\/www.africa-press.net\/congo-brazzaville\/wp-json\/wp\/v2\/types\/post"}],"author":[{"embeddable":true,"href":"https:\/\/www.africa-press.net\/congo-brazzaville\/wp-json\/wp\/v2\/users\/82"}],"replies":[{"embeddable":true,"href":"https:\/\/www.africa-press.net\/congo-brazzaville\/wp-json\/wp\/v2\/comments?post=1707"}],"version-history":[{"count":0,"href":"https:\/\/www.africa-press.net\/congo-brazzaville\/wp-json\/wp\/v2\/posts\/1707\/revisions"}],"wp:featuredmedia":[{"embeddable":true,"href":"https:\/\/www.africa-press.net\/congo-brazzaville\/wp-json\/wp\/v2\/media\/1706"}],"wp:attachment":[{"href":"https:\/\/www.africa-press.net\/congo-brazzaville\/wp-json\/wp\/v2\/media?parent=1707"}],"wp:term":[{"taxonomy":"category","embeddable":true,"href":"https:\/\/www.africa-press.net\/congo-brazzaville\/wp-json\/wp\/v2\/categories?post=1707"},{"taxonomy":"post_tag","embeddable":true,"href":"https:\/\/www.africa-press.net\/congo-brazzaville\/wp-json\/wp\/v2\/tags?post=1707"}],"curies":[{"name":"wp","href":"https:\/\/api.w.org\/{rel}","templated":true}]}}