{"id":1710,"date":"2021-12-13T19:25:41","date_gmt":"2021-12-13T19:25:41","guid":{"rendered":"https:\/\/www.africa-press.net\/congo-brazzaville\/politique\/congo-emirats-arabes-unis-les-deux-pays-renforcent-leurs-relations-bilaterales"},"modified":"2021-12-13T20:57:44","modified_gmt":"2021-12-13T20:57:44","slug":"congo-emirats-arabes-unis-les-deux-pays-renforcent-leurs-relations-bilaterales","status":"publish","type":"post","link":"https:\/\/www.africa-press.net\/congo-brazzaville\/economie\/congo-emirats-arabes-unis-les-deux-pays-renforcent-leurs-relations-bilaterales","title":{"rendered":"Congo\/ Emirats Arabes Unis : Les deux pays renforcent leurs relations bilat\u00e9rales"},"content":{"rendered":"<p><span style=\"color: #ff6600\"><strong>Africa-Press &#8211; Congo Brazzaville. <\/strong><\/span><br \/>\nLe ministre de la Coop\u00e9ration internationale et de la promotion du partenariat public priv\u00e9, M. Denis Christel Sassou-N\u2019Guesso, a conf\u00e9r\u00e9 le 12 d\u00e9cembre \u00e0 Duba\u00ef, aux Emirats arabes unis, avec le ministre d\u2019Etat \u00e9mirati en charge de l\u2019Entrepreneuriat et des Pme, M. Ahmad Belhoul, sur le renforcement des relations bilat\u00e9rales entre les deux pays.<\/p>\n<p>Cette rencontre a permis aux deux personnalit\u00e9s d\u2019identifier les actions \u00e0 mener pour une meilleure coop\u00e9ration.<\/p>\n<p>Au cours de cet entretien, M. Denis Christel Sassou-N\u2019Guesso, a exprim\u00e9 sa gratitude \u00e0 son homologue et aux autorit\u00e9s \u00e9miraties pour leur implication, lors de la pr\u00e9sentation des opportunit\u00e9s qu\u2019offrent le Congo dans les secteurs de l\u2019agriculture, des infrastructures, des mines et de l\u2019\u00e9nergie.<\/p>\n<p>Cette rencontre a \u00e9t\u00e9 organis\u00e9e par le minist\u00e8re congolais en charge de la Coop\u00e9ration internationale, en vue d\u2019inviter les acteurs \u00e9conomiques des Emirats arabes unis \u00e0 investir au Congo, a-t-on rappel\u00e9.<\/p>\n<p><strong>Pour plus d&rsquo;informations et d&rsquo;analyses sur la <a href=\"https:\/\/www.africa-press.net\/congo-brazzaville\">Congo Brazzaville<\/a>, suivez <a href=\"https:\/\/www.africa-press.net\/\">Africa-Press<\/a><\/strong><\/p>\n","protected":false},"excerpt":{"rendered":"<p>Africa-Press &#8211; Congo Brazzaville. Le ministre de la Coop\u00e9ration internationale et de la promotion du partenariat public priv\u00e9, M. Denis Christel Sassou-N\u2019Guesso, a conf\u00e9r\u00e9 le 12 d\u00e9cembre \u00e0 Duba\u00ef, aux Emirats arabes unis, avec le ministre d\u2019Etat \u00e9mirati en charge de l\u2019Entrepreneuriat et des Pme, M. Ahmad Belhoul, sur le renforcement des relations bilat\u00e9rales entre [&hellip;]<\/p>\n","protected":false},"author":82,"featured_media":1709,"comment_status":"open","ping_status":"closed","sticky":false,"template":"","format":"standard","meta":{"footnotes":""},"categories":[3,11,10],"tags":[36,47,46],"class_list":["post-1710","post","type-post","status-publish","format-standard","has-post-thumbnail","hentry","category-economie","category-homepage-french","category-toutes-les-actualites","tag-africa-press","tag-africa-press-congo-brazzaville","tag-congo-brazzaville"],"yoast_head":"<!-- This site is optimized with the Yoast SEO Premium plugin v26.1 (Yoast SEO v27.0) - https:\/\/yoast.com\/product\/yoast-seo-premium-wordpress\/ -->\n<title>Congo\/ Emirats Arabes Unis : Les deux pays renforcent leurs relations bilat\u00e9rales - Congo Brazzaville<\/title>\n<meta name=\"description\" content=\"Le ministre de la Coop\u00e9ration internationale et de la promotion du partenariat public priv\u00e9, M. Denis Christel Sassou-N ...\" \/>\n<meta name=\"robots\" content=\"index, follow, max-snippet:-1, max-image-preview:large, max-video-preview:-1\" \/>\n<link rel=\"canonical\" href=\"https:\/\/www.africa-press.net\/congo-brazzaville\/economie\/congo-emirats-arabes-unis-les-deux-pays-renforcent-leurs-relations-bilaterales\" \/>\n<meta property=\"og:locale\" content=\"fr_FR\" \/>\n<meta property=\"og:type\" content=\"article\" \/>\n<meta property=\"og:title\" content=\"Congo\/ Emirats Arabes Unis : Les deux pays renforcent leurs relations bilat\u00e9rales\" \/>\n<meta property=\"og:description\" content=\"Le ministre de la Coop\u00e9ration internationale et de la promotion du partenariat public priv\u00e9, M. Denis Christel Sassou-N ...\" \/>\n<meta property=\"og:url\" content=\"https:\/\/www.africa-press.net\/congo-brazzaville\/economie\/congo-emirats-arabes-unis-les-deux-pays-renforcent-leurs-relations-bilaterales\" \/>\n<meta property=\"og:site_name\" content=\"Congo Brazzaville\" \/>\n<meta property=\"article:published_time\" content=\"2021-12-13T19:25:41+00:00\" \/>\n<meta property=\"article:modified_time\" content=\"2021-12-13T20:57:44+00:00\" \/>\n<meta property=\"og:image\" content=\"https:\/\/static.africa-press.net\/centrafricaine\/sites\/51\/2021\/12\/img-61b7b3b032f9f.jpg\" \/>\n\t<meta property=\"og:image:width\" content=\"1066\" \/>\n\t<meta property=\"og:image:height\" content=\"710\" \/>\n\t<meta property=\"og:image:type\" content=\"image\/jpeg\" \/>\n<meta name=\"author\" content=\"cfeditorfr\" \/>\n<meta name=\"twitter:card\" content=\"summary_large_image\" \/>\n<meta name=\"twitter:label1\" content=\"\u00c9crit par\" \/>\n\t<meta name=\"twitter:data1\" content=\"cfeditorfr\" \/>\n\t<meta name=\"twitter:label2\" content=\"Dur\u00e9e de lecture estim\u00e9e\" \/>\n\t<meta name=\"twitter:data2\" content=\"1 minute\" \/>\n<script type=\"application\/ld+json\" class=\"yoast-schema-graph\">{\"@context\":\"https:\/\/schema.org\",\"@graph\":[{\"@type\":\"Article\",\"@id\":\"https:\/\/www.africa-press.net\/congo-brazzaville\/economie\/congo-emirats-arabes-unis-les-deux-pays-renforcent-leurs-relations-bilaterales#article\",\"isPartOf\":{\"@id\":\"https:\/\/www.africa-press.net\/congo-brazzaville\/economie\/congo-emirats-arabes-unis-les-deux-pays-renforcent-leurs-relations-bilaterales\"},\"author\":{\"name\":\"cfeditorfr\",\"@id\":\"https:\/\/www.africa-press.net\/congo-brazzaville\/#\/schema\/person\/2b1cf3cd81a31e3cd26889ca66d677f1\"},\"headline\":\"Congo\/ Emirats Arabes Unis : Les deux pays renforcent leurs relations bilat\u00e9rales\",\"datePublished\":\"2021-12-13T19:25:41+00:00\",\"dateModified\":\"2021-12-13T20:57:44+00:00\",\"mainEntityOfPage\":{\"@id\":\"https:\/\/www.africa-press.net\/congo-brazzaville\/economie\/congo-emirats-arabes-unis-les-deux-pays-renforcent-leurs-relations-bilaterales\"},\"wordCount\":190,\"commentCount\":0,\"image\":{\"@id\":\"https:\/\/www.africa-press.net\/congo-brazzaville\/economie\/congo-emirats-arabes-unis-les-deux-pays-renforcent-leurs-relations-bilaterales#primaryimage\"},\"thumbnailUrl\":\"https:\/\/static.africa-press.net\/centrafricaine\/sites\/51\/2021\/12\/img-61b7b3b032f9f.jpg\",\"keywords\":[\"Africa Press\",\"Africa Press-Congo Brazzaville\",\"Congo Brazzaville\"],\"articleSection\":[\"\u00c9conomie\",\"homepage-french\",\"Toutes les actualit\u00e9s\"],\"inLanguage\":\"fr-FR\",\"potentialAction\":[{\"@type\":\"CommentAction\",\"name\":\"Comment\",\"target\":[\"https:\/\/www.africa-press.net\/congo-brazzaville\/economie\/congo-emirats-arabes-unis-les-deux-pays-renforcent-leurs-relations-bilaterales#respond\"]}]},{\"@type\":\"WebPage\",\"@id\":\"https:\/\/www.africa-press.net\/congo-brazzaville\/economie\/congo-emirats-arabes-unis-les-deux-pays-renforcent-leurs-relations-bilaterales\",\"url\":\"https:\/\/www.africa-press.net\/congo-brazzaville\/economie\/congo-emirats-arabes-unis-les-deux-pays-renforcent-leurs-relations-bilaterales\",\"name\":\"Congo\/ Emirats Arabes Unis : Les deux pays renforcent leurs relations bilat\u00e9rales - Congo Brazzaville\",\"isPartOf\":{\"@id\":\"https:\/\/www.africa-press.net\/congo-brazzaville\/#website\"},\"primaryImageOfPage\":{\"@id\":\"https:\/\/www.africa-press.net\/congo-brazzaville\/economie\/congo-emirats-arabes-unis-les-deux-pays-renforcent-leurs-relations-bilaterales#primaryimage\"},\"image\":{\"@id\":\"https:\/\/www.africa-press.net\/congo-brazzaville\/economie\/congo-emirats-arabes-unis-les-deux-pays-renforcent-leurs-relations-bilaterales#primaryimage\"},\"thumbnailUrl\":\"https:\/\/static.africa-press.net\/centrafricaine\/sites\/51\/2021\/12\/img-61b7b3b032f9f.jpg\",\"datePublished\":\"2021-12-13T19:25:41+00:00\",\"dateModified\":\"2021-12-13T20:57:44+00:00\",\"author\":{\"@id\":\"https:\/\/www.africa-press.net\/congo-brazzaville\/#\/schema\/person\/2b1cf3cd81a31e3cd26889ca66d677f1\"},\"description\":\"Le ministre de la Coop\u00e9ration internationale et de la promotion du partenariat public priv\u00e9, M. Denis Christel Sassou-N ...\",\"breadcrumb\":{\"@id\":\"https:\/\/www.africa-press.net\/congo-brazzaville\/economie\/congo-emirats-arabes-unis-les-deux-pays-renforcent-leurs-relations-bilaterales#breadcrumb\"},\"inLanguage\":\"fr-FR\",\"potentialAction\":[{\"@type\":\"ReadAction\",\"target\":[\"https:\/\/www.africa-press.net\/congo-brazzaville\/economie\/congo-emirats-arabes-unis-les-deux-pays-renforcent-leurs-relations-bilaterales\"]}]},{\"@type\":\"ImageObject\",\"inLanguage\":\"fr-FR\",\"@id\":\"https:\/\/www.africa-press.net\/congo-brazzaville\/economie\/congo-emirats-arabes-unis-les-deux-pays-renforcent-leurs-relations-bilaterales#primaryimage\",\"url\":\"https:\/\/static.africa-press.net\/centrafricaine\/sites\/51\/2021\/12\/img-61b7b3b032f9f.jpg\",\"contentUrl\":\"https:\/\/static.africa-press.net\/centrafricaine\/sites\/51\/2021\/12\/img-61b7b3b032f9f.jpg\",\"width\":1066,\"height\":710,\"caption\":\"Congo\/ Emirats Arabes Unis : Les deux pays renforcent leurs relations bilat\u00e9rales\"},{\"@type\":\"BreadcrumbList\",\"@id\":\"https:\/\/www.africa-press.net\/congo-brazzaville\/economie\/congo-emirats-arabes-unis-les-deux-pays-renforcent-leurs-relations-bilaterales#breadcrumb\",\"itemListElement\":[{\"@type\":\"ListItem\",\"position\":1,\"name\":\"Accueil\",\"item\":\"https:\/\/www.africa-press.net\/congo-brazzaville\/\"},{\"@type\":\"ListItem\",\"position\":2,\"name\":\"Congo\/ Emirats Arabes Unis : Les deux pays renforcent leurs relations bilat\u00e9rales\"}]},{\"@type\":\"WebSite\",\"@id\":\"https:\/\/www.africa-press.net\/congo-brazzaville\/#website\",\"url\":\"https:\/\/www.africa-press.net\/congo-brazzaville\/\",\"name\":\"Congo Brazzaville\",\"description\":\"Just another Africa News Agency Sites site\",\"potentialAction\":[{\"@type\":\"SearchAction\",\"target\":{\"@type\":\"EntryPoint\",\"urlTemplate\":\"https:\/\/www.africa-press.net\/congo-brazzaville\/?s={search_term_string}\"},\"query-input\":{\"@type\":\"PropertyValueSpecification\",\"valueRequired\":true,\"valueName\":\"search_term_string\"}}],\"inLanguage\":\"fr-FR\"},{\"@type\":\"Person\",\"@id\":\"https:\/\/www.africa-press.net\/congo-brazzaville\/#\/schema\/person\/2b1cf3cd81a31e3cd26889ca66d677f1\",\"name\":\"cfeditorfr\"}]}<\/script>\n<!-- \/ Yoast SEO Premium plugin. -->","yoast_head_json":{"title":"Congo\/ Emirats Arabes Unis : Les deux pays renforcent leurs relations bilat\u00e9rales - Congo Brazzaville","description":"Le ministre de la Coop\u00e9ration internationale et de la promotion du partenariat public priv\u00e9, M. Denis Christel Sassou-N ...","robots":{"index":"index","follow":"follow","max-snippet":"max-snippet:-1","max-image-preview":"max-image-preview:large","max-video-preview":"max-video-preview:-1"},"canonical":"https:\/\/www.africa-press.net\/congo-brazzaville\/economie\/congo-emirats-arabes-unis-les-deux-pays-renforcent-leurs-relations-bilaterales","og_locale":"fr_FR","og_type":"article","og_title":"Congo\/ Emirats Arabes Unis : Les deux pays renforcent leurs relations bilat\u00e9rales","og_description":"Le ministre de la Coop\u00e9ration internationale et de la promotion du partenariat public priv\u00e9, M. Denis Christel Sassou-N ...","og_url":"https:\/\/www.africa-press.net\/congo-brazzaville\/economie\/congo-emirats-arabes-unis-les-deux-pays-renforcent-leurs-relations-bilaterales","og_site_name":"Congo Brazzaville","article_published_time":"2021-12-13T19:25:41+00:00","article_modified_time":"2021-12-13T20:57:44+00:00","og_image":[{"width":1066,"height":710,"url":"https:\/\/static.africa-press.net\/centrafricaine\/sites\/51\/2021\/12\/img-61b7b3b032f9f.jpg","type":"image\/jpeg"}],"author":"cfeditorfr","twitter_card":"summary_large_image","twitter_misc":{"\u00c9crit par":"cfeditorfr","Dur\u00e9e de lecture estim\u00e9e":"1 minute"},"schema":{"@context":"https:\/\/schema.org","@graph":[{"@type":"Article","@id":"https:\/\/www.africa-press.net\/congo-brazzaville\/economie\/congo-emirats-arabes-unis-les-deux-pays-renforcent-leurs-relations-bilaterales#article","isPartOf":{"@id":"https:\/\/www.africa-press.net\/congo-brazzaville\/economie\/congo-emirats-arabes-unis-les-deux-pays-renforcent-leurs-relations-bilaterales"},"author":{"name":"cfeditorfr","@id":"https:\/\/www.africa-press.net\/congo-brazzaville\/#\/schema\/person\/2b1cf3cd81a31e3cd26889ca66d677f1"},"headline":"Congo\/ Emirats Arabes Unis : Les deux pays renforcent leurs relations bilat\u00e9rales","datePublished":"2021-12-13T19:25:41+00:00","dateModified":"2021-12-13T20:57:44+00:00","mainEntityOfPage":{"@id":"https:\/\/www.africa-press.net\/congo-brazzaville\/economie\/congo-emirats-arabes-unis-les-deux-pays-renforcent-leurs-relations-bilaterales"},"wordCount":190,"commentCount":0,"image":{"@id":"https:\/\/www.africa-press.net\/congo-brazzaville\/economie\/congo-emirats-arabes-unis-les-deux-pays-renforcent-leurs-relations-bilaterales#primaryimage"},"thumbnailUrl":"https:\/\/static.africa-press.net\/centrafricaine\/sites\/51\/2021\/12\/img-61b7b3b032f9f.jpg","keywords":["Africa Press","Africa Press-Congo Brazzaville","Congo Brazzaville"],"articleSection":["\u00c9conomie","homepage-french","Toutes les actualit\u00e9s"],"inLanguage":"fr-FR","potentialAction":[{"@type":"CommentAction","name":"Comment","target":["https:\/\/www.africa-press.net\/congo-brazzaville\/economie\/congo-emirats-arabes-unis-les-deux-pays-renforcent-leurs-relations-bilaterales#respond"]}]},{"@type":"WebPage","@id":"https:\/\/www.africa-press.net\/congo-brazzaville\/economie\/congo-emirats-arabes-unis-les-deux-pays-renforcent-leurs-relations-bilaterales","url":"https:\/\/www.africa-press.net\/congo-brazzaville\/economie\/congo-emirats-arabes-unis-les-deux-pays-renforcent-leurs-relations-bilaterales","name":"Congo\/ Emirats Arabes Unis : Les deux pays renforcent leurs relations bilat\u00e9rales - Congo Brazzaville","isPartOf":{"@id":"https:\/\/www.africa-press.net\/congo-brazzaville\/#website"},"primaryImageOfPage":{"@id":"https:\/\/www.africa-press.net\/congo-brazzaville\/economie\/congo-emirats-arabes-unis-les-deux-pays-renforcent-leurs-relations-bilaterales#primaryimage"},"image":{"@id":"https:\/\/www.africa-press.net\/congo-brazzaville\/economie\/congo-emirats-arabes-unis-les-deux-pays-renforcent-leurs-relations-bilaterales#primaryimage"},"thumbnailUrl":"https:\/\/static.africa-press.net\/centrafricaine\/sites\/51\/2021\/12\/img-61b7b3b032f9f.jpg","datePublished":"2021-12-13T19:25:41+00:00","dateModified":"2021-12-13T20:57:44+00:00","author":{"@id":"https:\/\/www.africa-press.net\/congo-brazzaville\/#\/schema\/person\/2b1cf3cd81a31e3cd26889ca66d677f1"},"description":"Le ministre de la Coop\u00e9ration internationale et de la promotion du partenariat public priv\u00e9, M. Denis Christel Sassou-N ...","breadcrumb":{"@id":"https:\/\/www.africa-press.net\/congo-brazzaville\/economie\/congo-emirats-arabes-unis-les-deux-pays-renforcent-leurs-relations-bilaterales#breadcrumb"},"inLanguage":"fr-FR","potentialAction":[{"@type":"ReadAction","target":["https:\/\/www.africa-press.net\/congo-brazzaville\/economie\/congo-emirats-arabes-unis-les-deux-pays-renforcent-leurs-relations-bilaterales"]}]},{"@type":"ImageObject","inLanguage":"fr-FR","@id":"https:\/\/www.africa-press.net\/congo-brazzaville\/economie\/congo-emirats-arabes-unis-les-deux-pays-renforcent-leurs-relations-bilaterales#primaryimage","url":"https:\/\/static.africa-press.net\/centrafricaine\/sites\/51\/2021\/12\/img-61b7b3b032f9f.jpg","contentUrl":"https:\/\/static.africa-press.net\/centrafricaine\/sites\/51\/2021\/12\/img-61b7b3b032f9f.jpg","width":1066,"height":710,"caption":"Congo\/ Emirats Arabes Unis : Les deux pays renforcent leurs relations bilat\u00e9rales"},{"@type":"BreadcrumbList","@id":"https:\/\/www.africa-press.net\/congo-brazzaville\/economie\/congo-emirats-arabes-unis-les-deux-pays-renforcent-leurs-relations-bilaterales#breadcrumb","itemListElement":[{"@type":"ListItem","position":1,"name":"Accueil","item":"https:\/\/www.africa-press.net\/congo-brazzaville\/"},{"@type":"ListItem","position":2,"name":"Congo\/ Emirats Arabes Unis : Les deux pays renforcent leurs relations bilat\u00e9rales"}]},{"@type":"WebSite","@id":"https:\/\/www.africa-press.net\/congo-brazzaville\/#website","url":"https:\/\/www.africa-press.net\/congo-brazzaville\/","name":"Congo Brazzaville","description":"Just another Africa News Agency Sites site","potentialAction":[{"@type":"SearchAction","target":{"@type":"EntryPoint","urlTemplate":"https:\/\/www.africa-press.net\/congo-brazzaville\/?s={search_term_string}"},"query-input":{"@type":"PropertyValueSpecification","valueRequired":true,"valueName":"search_term_string"}}],"inLanguage":"fr-FR"},{"@type":"Person","@id":"https:\/\/www.africa-press.net\/congo-brazzaville\/#\/schema\/person\/2b1cf3cd81a31e3cd26889ca66d677f1","name":"cfeditorfr"}]}},"_links":{"self":[{"href":"https:\/\/www.africa-press.net\/congo-brazzaville\/wp-json\/wp\/v2\/posts\/1710","targetHints":{"allow":["GET"]}}],"collection":[{"href":"https:\/\/www.africa-press.net\/congo-brazzaville\/wp-json\/wp\/v2\/posts"}],"about":[{"href":"https:\/\/www.africa-press.net\/congo-brazzaville\/wp-json\/wp\/v2\/types\/post"}],"author":[{"embeddable":true,"href":"https:\/\/www.africa-press.net\/congo-brazzaville\/wp-json\/wp\/v2\/users\/82"}],"replies":[{"embeddable":true,"href":"https:\/\/www.africa-press.net\/congo-brazzaville\/wp-json\/wp\/v2\/comments?post=1710"}],"version-history":[{"count":0,"href":"https:\/\/www.africa-press.net\/congo-brazzaville\/wp-json\/wp\/v2\/posts\/1710\/revisions"}],"wp:featuredmedia":[{"embeddable":true,"href":"https:\/\/www.africa-press.net\/congo-brazzaville\/wp-json\/wp\/v2\/media\/1709"}],"wp:attachment":[{"href":"https:\/\/www.africa-press.net\/congo-brazzaville\/wp-json\/wp\/v2\/media?parent=1710"}],"wp:term":[{"taxonomy":"category","embeddable":true,"href":"https:\/\/www.africa-press.net\/congo-brazzaville\/wp-json\/wp\/v2\/categories?post=1710"},{"taxonomy":"post_tag","embeddable":true,"href":"https:\/\/www.africa-press.net\/congo-brazzaville\/wp-json\/wp\/v2\/tags?post=1710"}],"curies":[{"name":"wp","href":"https:\/\/api.w.org\/{rel}","templated":true}]}}