{"id":1731,"date":"2021-12-13T22:08:49","date_gmt":"2021-12-13T22:08:49","guid":{"rendered":"https:\/\/www.africa-press.net\/congo-brazzaville\/?p=1731"},"modified":"2021-12-13T22:04:13","modified_gmt":"2021-12-13T22:04:13","slug":"taekwondo-les-champions-des-departements-se-mettent-en-jambe","status":"publish","type":"post","link":"https:\/\/www.africa-press.net\/congo-brazzaville\/sports\/taekwondo-les-champions-des-departements-se-mettent-en-jambe","title":{"rendered":"Taekwondo : les champions des d\u00e9partements se mettent en jambe"},"content":{"rendered":"<p><span style=\"color: #ff6600\"><strong>Africa-Press &#8211; Congo Brazzaville. <\/strong><\/span><b>La F\u00e9d\u00e9ration congolaise de taekwondo (F\u00e9cotae) organise, depuis le 11 d\u00e9cembre, des test-matches au profit des meilleurs taekwondo\u00efnes des diff\u00e9rentes ligues d\u00e9partementales.<\/b><\/p>\n<p>La comp\u00e9tition sert d\u2019essai et de pr\u00e9paration pour les athl\u00e8tes et a commenc\u00e9 le 11 d\u00e9cembre, \u00e0 Brazzaville et Pointe-Noire. Elle a pris fin dans ces deux d\u00e9partements phares du taekwondo congolais, le jour suivant, avant de s\u2019encha\u00eener simultan\u00e9ment dans les autres d\u00e9partements, comme le Niari, le Pool et la Cuvette.<\/p>\n<p>L\u2019objectif principal consiste \u00e0 tester le niveau de r\u00e9silience des athl\u00e8tes, apr\u00e8s plusieurs mois d\u2019hibernation, \u00e0 cause de la pand\u00e9mie de coronavirus. La comp\u00e9tition permettra \u00e9galement \u00e0 la F\u00e9cotae de constituer l\u2019ossature des diff\u00e9rentes cat\u00e9gories des Diables rouges de la discipline.<\/p>\n<p>Selon Me Yhosthan Taboula, secr\u00e9taire g\u00e9n\u00e9ral adjoint de la f\u00e9d\u00e9ration, ces retrouvailles marquent la reprise des comp\u00e9titions nationales. \u00ab Etant donn\u00e9 que nous n\u2019avons pas organis\u00e9 le championnat national \u00e0 cause de la pand\u00e9mie, la f\u00e9d\u00e9ration a jug\u00e9 bon d\u2019initier ces test-matches, afin de mettre aux prises les champions de chaque d\u00e9partement. Cela nous permet de voir les d\u00e9chets de chacun et constituer la s\u00e9lection des \u00e9quipes nationales dans toutes les cat\u00e9gories \u00bb, a-t-il indiqu\u00e9.<\/p>\n<p>Notons que les membres du bureau ex\u00e9cutif f\u00e9d\u00e9ral profitent de cette comp\u00e9tition pour mettre en \u0153uvre le projet African youth taekwondo, une initiative de World taekwondo qui met en exergue le talent des jeunes pratiquants.<\/p>\n\r\n                <style type=\"text\/css\">\r\n                    \r\n                    #td_uid_1_69f50b93e505e  .td-doubleSlider-2 .td-item1 {\r\n                        background: url(https:\/\/static.africa-press.net\/centrafricaine\/sites\/51\/2021\/12\/img-61b7c32e6ab1c-80x60.jpg) 0 0 no-repeat;\r\n                    }\r\n                <\/style>\r\n\r\n                <div id=\"td_uid_1_69f50b93e505e\" class=\"td-gallery td-slide-on-2-columns\">\r\n                    <div class=\"post_td_gallery\">\r\n                        <div class=\"td-gallery-slide-top\">\r\n                           <div class=\"td-gallery-title\"><\/div>\r\n\r\n                            <div class=\"td-gallery-controls-wrapper\">\r\n                                <div class=\"td-gallery-slide-count\"><span class=\"td-gallery-slide-item-focus\">1<\/span> de 2<\/div>\r\n                                <div class=\"td-gallery-slide-prev-next-but\">\r\n                                    <i class = \"td-icon-left doubleSliderPrevButton\"><\/i>\r\n                                    <i class = \"td-icon-right doubleSliderNextButton\"><\/i>\r\n                                <\/div>\r\n                            <\/div>\r\n                        <\/div>\r\n\r\n                        <div class = \"td-doubleSlider-1 \">\r\n                            <div class = \"td-slider\">\r\n                                \r\n                    <div class = \"td-slide-item td-item1\">\r\n                        <figure class=\"td-slide-galery-figure td-slide-popup-gallery\">\r\n                            <a class=\"slide-gallery-image-link\" href=\"https:\/\/static.africa-press.net\/centrafricaine\/sites\/51\/2021\/12\/img-61b7c32e6ab1c.jpg\" title=\"img-61b7c32e6ab1c\"  data-caption=\"\"  data-description=\"\">\r\n                                <img decoding=\"async\" src=\"https:\/\/static.africa-press.net\/centrafricaine\/sites\/51\/2021\/12\/img-61b7c32e6ab1c.jpg\" srcset=\"https:\/\/static.africa-press.net\/congo-brazzaville\/sites\/51\/2021\/12\/img-61b7c32e6ab1c.jpg 1155w, https:\/\/static.africa-press.net\/congo-brazzaville\/sites\/51\/2021\/12\/img-61b7c32e6ab1c-300x199.jpg 300w, https:\/\/static.africa-press.net\/congo-brazzaville\/sites\/51\/2021\/12\/img-61b7c32e6ab1c-1024x681.jpg 1024w, https:\/\/static.africa-press.net\/congo-brazzaville\/sites\/51\/2021\/12\/img-61b7c32e6ab1c-768x511.jpg 768w\" sizes=\"(max-width: 1155px) 100vw, 1155px\" alt=\"\">\r\n                            <\/a>\r\n                            \r\n                        <\/figure>\r\n                    <\/div>\r\n                            <\/div>\r\n                        <\/div>\r\n\r\n                        <div class = \"td-doubleSlider-2\">\r\n                            <div class = \"td-slider\">\r\n                                \r\n                    <div class = \"td-button td-item1\">\r\n                        <div class = \"td-border\"><\/div>\r\n                    <\/div>\r\n                            <\/div>\r\n                        <\/div>\r\n\r\n                    <\/div>\r\n\r\n                <\/div>\r\n                \n<p><strong>Pour plus d&rsquo;informations et d&rsquo;analyses sur la <a href=\"https:\/\/www.africa-press.net\/congo-brazzaville\">Congo Brazzaville<\/a>, suivez <a href=\"https:\/\/www.africa-press.net\/\">Africa-Press<\/a><\/strong><\/p>\n","protected":false},"excerpt":{"rendered":"<p>Africa-Press &#8211; Congo Brazzaville. La F\u00e9d\u00e9ration congolaise de taekwondo (F\u00e9cotae) organise, depuis le 11 d\u00e9cembre, des test-matches au profit des meilleurs taekwondo\u00efnes des diff\u00e9rentes ligues d\u00e9partementales. La comp\u00e9tition sert d\u2019essai et de pr\u00e9paration pour les athl\u00e8tes et a commenc\u00e9 le 11 d\u00e9cembre, \u00e0 Brazzaville et Pointe-Noire. Elle a pris fin dans ces deux d\u00e9partements phares [&hellip;]<\/p>\n","protected":false},"author":82,"featured_media":1730,"comment_status":"open","ping_status":"closed","sticky":false,"template":"","format":"standard","meta":{"footnotes":""},"categories":[11,8,6,10],"tags":[36,47,46],"class_list":["post-1731","post","type-post","status-publish","format-standard","has-post-thumbnail","hentry","category-homepage-french","category-photo","category-sports","category-toutes-les-actualites","tag-africa-press","tag-africa-press-congo-brazzaville","tag-congo-brazzaville"],"yoast_head":"<!-- This site is optimized with the Yoast SEO Premium plugin v26.1 (Yoast SEO v27.0) - https:\/\/yoast.com\/product\/yoast-seo-premium-wordpress\/ -->\n<title>Taekwondo : les champions des d\u00e9partements se mettent en jambe - Congo Brazzaville<\/title>\n<meta name=\"description\" content=\"La F\u00e9d\u00e9ration congolaise de taekwondo (F\u00e9cotae) organise, depuis le 11 d\u00e9cembre, des test-matches au profit des meill ...\" \/>\n<meta name=\"robots\" content=\"index, follow, max-snippet:-1, max-image-preview:large, max-video-preview:-1\" \/>\n<link rel=\"canonical\" href=\"https:\/\/www.africa-press.net\/congo-brazzaville\/sports\/taekwondo-les-champions-des-departements-se-mettent-en-jambe\" \/>\n<meta property=\"og:locale\" content=\"fr_FR\" \/>\n<meta property=\"og:type\" content=\"article\" \/>\n<meta property=\"og:title\" content=\"Taekwondo : les champions des d\u00e9partements se mettent en jambe\" \/>\n<meta property=\"og:description\" content=\"La F\u00e9d\u00e9ration congolaise de taekwondo (F\u00e9cotae) organise, depuis le 11 d\u00e9cembre, des test-matches au profit des meill ...\" \/>\n<meta property=\"og:url\" content=\"https:\/\/www.africa-press.net\/congo-brazzaville\/sports\/taekwondo-les-champions-des-departements-se-mettent-en-jambe\" \/>\n<meta property=\"og:site_name\" content=\"Congo Brazzaville\" \/>\n<meta property=\"article:published_time\" content=\"2021-12-13T22:08:49+00:00\" \/>\n<meta property=\"og:image\" content=\"https:\/\/static.africa-press.net\/centrafricaine\/sites\/51\/2021\/12\/img-61b7c338907ca.jpg\" \/>\n\t<meta property=\"og:image:width\" content=\"1155\" \/>\n\t<meta property=\"og:image:height\" content=\"768\" \/>\n\t<meta property=\"og:image:type\" content=\"image\/jpeg\" \/>\n<meta name=\"author\" content=\"cfeditorfr\" \/>\n<meta name=\"twitter:card\" content=\"summary_large_image\" \/>\n<meta name=\"twitter:label1\" content=\"\u00c9crit par\" \/>\n\t<meta name=\"twitter:data1\" content=\"cfeditorfr\" \/>\n\t<meta name=\"twitter:label2\" content=\"Dur\u00e9e de lecture estim\u00e9e\" \/>\n\t<meta name=\"twitter:data2\" content=\"1 minute\" \/>\n<script type=\"application\/ld+json\" class=\"yoast-schema-graph\">{\"@context\":\"https:\/\/schema.org\",\"@graph\":[{\"@type\":\"Article\",\"@id\":\"https:\/\/www.africa-press.net\/congo-brazzaville\/sports\/taekwondo-les-champions-des-departements-se-mettent-en-jambe#article\",\"isPartOf\":{\"@id\":\"https:\/\/www.africa-press.net\/congo-brazzaville\/sports\/taekwondo-les-champions-des-departements-se-mettent-en-jambe\"},\"author\":{\"name\":\"cfeditorfr\",\"@id\":\"https:\/\/www.africa-press.net\/congo-brazzaville\/#\/schema\/person\/2b1cf3cd81a31e3cd26889ca66d677f1\"},\"headline\":\"Taekwondo : les champions des d\u00e9partements se mettent en jambe\",\"datePublished\":\"2021-12-13T22:08:49+00:00\",\"mainEntityOfPage\":{\"@id\":\"https:\/\/www.africa-press.net\/congo-brazzaville\/sports\/taekwondo-les-champions-des-departements-se-mettent-en-jambe\"},\"wordCount\":299,\"commentCount\":0,\"image\":{\"@id\":\"https:\/\/www.africa-press.net\/congo-brazzaville\/sports\/taekwondo-les-champions-des-departements-se-mettent-en-jambe#primaryimage\"},\"thumbnailUrl\":\"https:\/\/static.africa-press.net\/centrafricaine\/sites\/51\/2021\/12\/img-61b7c338907ca.jpg\",\"keywords\":[\"Africa Press\",\"Africa Press-Congo Brazzaville\",\"Congo Brazzaville\"],\"articleSection\":[\"homepage-french\",\"Photo\",\"Sports\",\"Toutes les actualit\u00e9s\"],\"inLanguage\":\"fr-FR\",\"potentialAction\":[{\"@type\":\"CommentAction\",\"name\":\"Comment\",\"target\":[\"https:\/\/www.africa-press.net\/congo-brazzaville\/sports\/taekwondo-les-champions-des-departements-se-mettent-en-jambe#respond\"]}]},{\"@type\":\"WebPage\",\"@id\":\"https:\/\/www.africa-press.net\/congo-brazzaville\/sports\/taekwondo-les-champions-des-departements-se-mettent-en-jambe\",\"url\":\"https:\/\/www.africa-press.net\/congo-brazzaville\/sports\/taekwondo-les-champions-des-departements-se-mettent-en-jambe\",\"name\":\"Taekwondo : les champions des d\u00e9partements se mettent en jambe - Congo Brazzaville\",\"isPartOf\":{\"@id\":\"https:\/\/www.africa-press.net\/congo-brazzaville\/#website\"},\"primaryImageOfPage\":{\"@id\":\"https:\/\/www.africa-press.net\/congo-brazzaville\/sports\/taekwondo-les-champions-des-departements-se-mettent-en-jambe#primaryimage\"},\"image\":{\"@id\":\"https:\/\/www.africa-press.net\/congo-brazzaville\/sports\/taekwondo-les-champions-des-departements-se-mettent-en-jambe#primaryimage\"},\"thumbnailUrl\":\"https:\/\/static.africa-press.net\/centrafricaine\/sites\/51\/2021\/12\/img-61b7c338907ca.jpg\",\"datePublished\":\"2021-12-13T22:08:49+00:00\",\"author\":{\"@id\":\"https:\/\/www.africa-press.net\/congo-brazzaville\/#\/schema\/person\/2b1cf3cd81a31e3cd26889ca66d677f1\"},\"description\":\"La F\u00e9d\u00e9ration congolaise de taekwondo (F\u00e9cotae) organise, depuis le 11 d\u00e9cembre, des test-matches au profit des meill ...\",\"breadcrumb\":{\"@id\":\"https:\/\/www.africa-press.net\/congo-brazzaville\/sports\/taekwondo-les-champions-des-departements-se-mettent-en-jambe#breadcrumb\"},\"inLanguage\":\"fr-FR\",\"potentialAction\":[{\"@type\":\"ReadAction\",\"target\":[\"https:\/\/www.africa-press.net\/congo-brazzaville\/sports\/taekwondo-les-champions-des-departements-se-mettent-en-jambe\"]}]},{\"@type\":\"ImageObject\",\"inLanguage\":\"fr-FR\",\"@id\":\"https:\/\/www.africa-press.net\/congo-brazzaville\/sports\/taekwondo-les-champions-des-departements-se-mettent-en-jambe#primaryimage\",\"url\":\"https:\/\/static.africa-press.net\/centrafricaine\/sites\/51\/2021\/12\/img-61b7c338907ca.jpg\",\"contentUrl\":\"https:\/\/static.africa-press.net\/centrafricaine\/sites\/51\/2021\/12\/img-61b7c338907ca.jpg\",\"width\":1155,\"height\":768,\"caption\":\"Taekwondo : les champions des d\u00e9partements se mettent en jambe\"},{\"@type\":\"BreadcrumbList\",\"@id\":\"https:\/\/www.africa-press.net\/congo-brazzaville\/sports\/taekwondo-les-champions-des-departements-se-mettent-en-jambe#breadcrumb\",\"itemListElement\":[{\"@type\":\"ListItem\",\"position\":1,\"name\":\"Accueil\",\"item\":\"https:\/\/www.africa-press.net\/congo-brazzaville\/\"},{\"@type\":\"ListItem\",\"position\":2,\"name\":\"Taekwondo : les champions des d\u00e9partements se mettent en jambe\"}]},{\"@type\":\"WebSite\",\"@id\":\"https:\/\/www.africa-press.net\/congo-brazzaville\/#website\",\"url\":\"https:\/\/www.africa-press.net\/congo-brazzaville\/\",\"name\":\"Congo Brazzaville\",\"description\":\"Just another Africa News Agency Sites site\",\"potentialAction\":[{\"@type\":\"SearchAction\",\"target\":{\"@type\":\"EntryPoint\",\"urlTemplate\":\"https:\/\/www.africa-press.net\/congo-brazzaville\/?s={search_term_string}\"},\"query-input\":{\"@type\":\"PropertyValueSpecification\",\"valueRequired\":true,\"valueName\":\"search_term_string\"}}],\"inLanguage\":\"fr-FR\"},{\"@type\":\"Person\",\"@id\":\"https:\/\/www.africa-press.net\/congo-brazzaville\/#\/schema\/person\/2b1cf3cd81a31e3cd26889ca66d677f1\",\"name\":\"cfeditorfr\"}]}<\/script>\n<!-- \/ Yoast SEO Premium plugin. -->","yoast_head_json":{"title":"Taekwondo : les champions des d\u00e9partements se mettent en jambe - Congo Brazzaville","description":"La F\u00e9d\u00e9ration congolaise de taekwondo (F\u00e9cotae) organise, depuis le 11 d\u00e9cembre, des test-matches au profit des meill ...","robots":{"index":"index","follow":"follow","max-snippet":"max-snippet:-1","max-image-preview":"max-image-preview:large","max-video-preview":"max-video-preview:-1"},"canonical":"https:\/\/www.africa-press.net\/congo-brazzaville\/sports\/taekwondo-les-champions-des-departements-se-mettent-en-jambe","og_locale":"fr_FR","og_type":"article","og_title":"Taekwondo : les champions des d\u00e9partements se mettent en jambe","og_description":"La F\u00e9d\u00e9ration congolaise de taekwondo (F\u00e9cotae) organise, depuis le 11 d\u00e9cembre, des test-matches au profit des meill ...","og_url":"https:\/\/www.africa-press.net\/congo-brazzaville\/sports\/taekwondo-les-champions-des-departements-se-mettent-en-jambe","og_site_name":"Congo Brazzaville","article_published_time":"2021-12-13T22:08:49+00:00","og_image":[{"width":1155,"height":768,"url":"https:\/\/static.africa-press.net\/centrafricaine\/sites\/51\/2021\/12\/img-61b7c338907ca.jpg","type":"image\/jpeg"}],"author":"cfeditorfr","twitter_card":"summary_large_image","twitter_misc":{"\u00c9crit par":"cfeditorfr","Dur\u00e9e de lecture estim\u00e9e":"1 minute"},"schema":{"@context":"https:\/\/schema.org","@graph":[{"@type":"Article","@id":"https:\/\/www.africa-press.net\/congo-brazzaville\/sports\/taekwondo-les-champions-des-departements-se-mettent-en-jambe#article","isPartOf":{"@id":"https:\/\/www.africa-press.net\/congo-brazzaville\/sports\/taekwondo-les-champions-des-departements-se-mettent-en-jambe"},"author":{"name":"cfeditorfr","@id":"https:\/\/www.africa-press.net\/congo-brazzaville\/#\/schema\/person\/2b1cf3cd81a31e3cd26889ca66d677f1"},"headline":"Taekwondo : les champions des d\u00e9partements se mettent en jambe","datePublished":"2021-12-13T22:08:49+00:00","mainEntityOfPage":{"@id":"https:\/\/www.africa-press.net\/congo-brazzaville\/sports\/taekwondo-les-champions-des-departements-se-mettent-en-jambe"},"wordCount":299,"commentCount":0,"image":{"@id":"https:\/\/www.africa-press.net\/congo-brazzaville\/sports\/taekwondo-les-champions-des-departements-se-mettent-en-jambe#primaryimage"},"thumbnailUrl":"https:\/\/static.africa-press.net\/centrafricaine\/sites\/51\/2021\/12\/img-61b7c338907ca.jpg","keywords":["Africa Press","Africa Press-Congo Brazzaville","Congo Brazzaville"],"articleSection":["homepage-french","Photo","Sports","Toutes les actualit\u00e9s"],"inLanguage":"fr-FR","potentialAction":[{"@type":"CommentAction","name":"Comment","target":["https:\/\/www.africa-press.net\/congo-brazzaville\/sports\/taekwondo-les-champions-des-departements-se-mettent-en-jambe#respond"]}]},{"@type":"WebPage","@id":"https:\/\/www.africa-press.net\/congo-brazzaville\/sports\/taekwondo-les-champions-des-departements-se-mettent-en-jambe","url":"https:\/\/www.africa-press.net\/congo-brazzaville\/sports\/taekwondo-les-champions-des-departements-se-mettent-en-jambe","name":"Taekwondo : les champions des d\u00e9partements se mettent en jambe - Congo Brazzaville","isPartOf":{"@id":"https:\/\/www.africa-press.net\/congo-brazzaville\/#website"},"primaryImageOfPage":{"@id":"https:\/\/www.africa-press.net\/congo-brazzaville\/sports\/taekwondo-les-champions-des-departements-se-mettent-en-jambe#primaryimage"},"image":{"@id":"https:\/\/www.africa-press.net\/congo-brazzaville\/sports\/taekwondo-les-champions-des-departements-se-mettent-en-jambe#primaryimage"},"thumbnailUrl":"https:\/\/static.africa-press.net\/centrafricaine\/sites\/51\/2021\/12\/img-61b7c338907ca.jpg","datePublished":"2021-12-13T22:08:49+00:00","author":{"@id":"https:\/\/www.africa-press.net\/congo-brazzaville\/#\/schema\/person\/2b1cf3cd81a31e3cd26889ca66d677f1"},"description":"La F\u00e9d\u00e9ration congolaise de taekwondo (F\u00e9cotae) organise, depuis le 11 d\u00e9cembre, des test-matches au profit des meill ...","breadcrumb":{"@id":"https:\/\/www.africa-press.net\/congo-brazzaville\/sports\/taekwondo-les-champions-des-departements-se-mettent-en-jambe#breadcrumb"},"inLanguage":"fr-FR","potentialAction":[{"@type":"ReadAction","target":["https:\/\/www.africa-press.net\/congo-brazzaville\/sports\/taekwondo-les-champions-des-departements-se-mettent-en-jambe"]}]},{"@type":"ImageObject","inLanguage":"fr-FR","@id":"https:\/\/www.africa-press.net\/congo-brazzaville\/sports\/taekwondo-les-champions-des-departements-se-mettent-en-jambe#primaryimage","url":"https:\/\/static.africa-press.net\/centrafricaine\/sites\/51\/2021\/12\/img-61b7c338907ca.jpg","contentUrl":"https:\/\/static.africa-press.net\/centrafricaine\/sites\/51\/2021\/12\/img-61b7c338907ca.jpg","width":1155,"height":768,"caption":"Taekwondo : les champions des d\u00e9partements se mettent en jambe"},{"@type":"BreadcrumbList","@id":"https:\/\/www.africa-press.net\/congo-brazzaville\/sports\/taekwondo-les-champions-des-departements-se-mettent-en-jambe#breadcrumb","itemListElement":[{"@type":"ListItem","position":1,"name":"Accueil","item":"https:\/\/www.africa-press.net\/congo-brazzaville\/"},{"@type":"ListItem","position":2,"name":"Taekwondo : les champions des d\u00e9partements se mettent en jambe"}]},{"@type":"WebSite","@id":"https:\/\/www.africa-press.net\/congo-brazzaville\/#website","url":"https:\/\/www.africa-press.net\/congo-brazzaville\/","name":"Congo Brazzaville","description":"Just another Africa News Agency Sites site","potentialAction":[{"@type":"SearchAction","target":{"@type":"EntryPoint","urlTemplate":"https:\/\/www.africa-press.net\/congo-brazzaville\/?s={search_term_string}"},"query-input":{"@type":"PropertyValueSpecification","valueRequired":true,"valueName":"search_term_string"}}],"inLanguage":"fr-FR"},{"@type":"Person","@id":"https:\/\/www.africa-press.net\/congo-brazzaville\/#\/schema\/person\/2b1cf3cd81a31e3cd26889ca66d677f1","name":"cfeditorfr"}]}},"_links":{"self":[{"href":"https:\/\/www.africa-press.net\/congo-brazzaville\/wp-json\/wp\/v2\/posts\/1731","targetHints":{"allow":["GET"]}}],"collection":[{"href":"https:\/\/www.africa-press.net\/congo-brazzaville\/wp-json\/wp\/v2\/posts"}],"about":[{"href":"https:\/\/www.africa-press.net\/congo-brazzaville\/wp-json\/wp\/v2\/types\/post"}],"author":[{"embeddable":true,"href":"https:\/\/www.africa-press.net\/congo-brazzaville\/wp-json\/wp\/v2\/users\/82"}],"replies":[{"embeddable":true,"href":"https:\/\/www.africa-press.net\/congo-brazzaville\/wp-json\/wp\/v2\/comments?post=1731"}],"version-history":[{"count":0,"href":"https:\/\/www.africa-press.net\/congo-brazzaville\/wp-json\/wp\/v2\/posts\/1731\/revisions"}],"wp:featuredmedia":[{"embeddable":true,"href":"https:\/\/www.africa-press.net\/congo-brazzaville\/wp-json\/wp\/v2\/media\/1730"}],"wp:attachment":[{"href":"https:\/\/www.africa-press.net\/congo-brazzaville\/wp-json\/wp\/v2\/media?parent=1731"}],"wp:term":[{"taxonomy":"category","embeddable":true,"href":"https:\/\/www.africa-press.net\/congo-brazzaville\/wp-json\/wp\/v2\/categories?post=1731"},{"taxonomy":"post_tag","embeddable":true,"href":"https:\/\/www.africa-press.net\/congo-brazzaville\/wp-json\/wp\/v2\/tags?post=1731"}],"curies":[{"name":"wp","href":"https:\/\/api.w.org\/{rel}","templated":true}]}}