{"id":1744,"date":"2021-12-13T22:58:18","date_gmt":"2021-12-13T22:58:18","guid":{"rendered":"https:\/\/www.africa-press.net\/congo-brazzaville\/?p=1744"},"modified":"2021-12-13T22:33:30","modified_gmt":"2021-12-13T22:33:30","slug":"justice-une-caravane-pour-vulgariser-les-droits-de-lhomme","status":"publish","type":"post","link":"https:\/\/www.africa-press.net\/congo-brazzaville\/photo\/justice-une-caravane-pour-vulgariser-les-droits-de-lhomme","title":{"rendered":"Justice : une caravane pour vulgariser les droits de l\u2019homme"},"content":{"rendered":"<p><span style=\"color: #ff6600\"><strong>Africa-Press &#8211; Congo Brazzaville. <\/strong><\/span><b>A l\u2019occasion de la c\u00e9l\u00e9bration de la 73e Journ\u00e9e internationale des droits de l&rsquo;homme, le 10 d\u00e9cembre \u00e0 Brazzaville, le ministre de la Justice, des droits humains et de la Promotion des peuples autochtones, Aim\u00e9 Ange Wilfried Bininga, a lanc\u00e9 une caravane de vulgarisation des droits de l\u2019homme pour que l\u2019engagement populaire soit en ad\u00e9quation avec l\u2019action des pouvoirs publics en la mati\u00e8re.<\/b><\/p>\n<p>Le long de la caravane, dix mille exemplaires de la D\u00e9claration universelle des droits de l\u2019homme ont \u00e9t\u00e9 distribu\u00e9s \u00e0 travers la capitale, a expliqu\u00e9 le secr\u00e9taire permanent du Conseil consultatif de la soci\u00e9t\u00e9 civile et des organisations non gouvernementales, C\u00e9phas Germain Ewangi. Une mani\u00e8re de permettre \u00e0 une grande partie de la population de comprendre les enjeux y relatifs, de s\u2019engager au c\u00f4t\u00e9 des pouvoirs publics et de la soci\u00e9t\u00e9 civile pour relever ensemble les d\u00e9fis en la mati\u00e8re. \u00ab Le but est de faire en sorte que le pays soit toujours \u00e0 la hauteur de ses engagements internationaux \u00bb, a-t-il d\u00e9clar\u00e9, saluant la dynamique de travail entre le gouvernement et la soci\u00e9t\u00e9 civile.<\/p>\n<p>Pour sa part, le ministre de la Justice, des Droits humains et de la Promotion des peuples autochtones, Aim\u00e9 Ange Wilfried Bininga, qui avait d\u00e9j\u00e0 fait la d\u00e9claration du gouvernement la veille de la c\u00e9l\u00e9bration, a soulign\u00e9 que la l\u00e9gislation au Congo, en mati\u00e8re des droits de l\u2019homme, est conforme aux standards internationaux et que la politique du gouvernement est ex\u00e9cut\u00e9e de sorte que les Congolais aient acc\u00e8s \u00e0 une justice \u00e9quitable.<\/p>\n<p>Par ailleurs, le coordonnateur des agences du syst\u00e8me des Nations unies au Congo, Chris Mburu, a indiqu\u00e9 que les structures onusiennes sont dispos\u00e9es \u00e0 accompagner le pays pour relever d\u2019autres d\u00e9fis qui l\u2019attendent en mati\u00e8re des droits de l\u2019homme.<\/p>\n\r\n                <style type=\"text\/css\">\r\n                    \r\n                    #td_uid_1_69f50b952e9d3  .td-doubleSlider-2 .td-item1 {\r\n                        background: url(https:\/\/static.africa-press.net\/centrafricaine\/sites\/51\/2021\/12\/img-61b7ca1b1c927-80x60.jpg) 0 0 no-repeat;\r\n                    }\r\n                <\/style>\r\n\r\n                <div id=\"td_uid_1_69f50b952e9d3\" class=\"td-gallery td-slide-on-2-columns\">\r\n                    <div class=\"post_td_gallery\">\r\n                        <div class=\"td-gallery-slide-top\">\r\n                           <div class=\"td-gallery-title\"><\/div>\r\n\r\n                            <div class=\"td-gallery-controls-wrapper\">\r\n                                <div class=\"td-gallery-slide-count\"><span class=\"td-gallery-slide-item-focus\">1<\/span> de 2<\/div>\r\n                                <div class=\"td-gallery-slide-prev-next-but\">\r\n                                    <i class = \"td-icon-left doubleSliderPrevButton\"><\/i>\r\n                                    <i class = \"td-icon-right doubleSliderNextButton\"><\/i>\r\n                                <\/div>\r\n                            <\/div>\r\n                        <\/div>\r\n\r\n                        <div class = \"td-doubleSlider-1 \">\r\n                            <div class = \"td-slider\">\r\n                                \r\n                    <div class = \"td-slide-item td-item1\">\r\n                        <figure class=\"td-slide-galery-figure td-slide-popup-gallery\">\r\n                            <a class=\"slide-gallery-image-link\" href=\"https:\/\/static.africa-press.net\/centrafricaine\/sites\/51\/2021\/12\/img-61b7ca1b1c927.jpg\" title=\"img-61b7ca1b1c927\"  data-caption=\"\"  data-description=\"\">\r\n                                <img decoding=\"async\" src=\"https:\/\/static.africa-press.net\/centrafricaine\/sites\/51\/2021\/12\/img-61b7ca1b1c927.jpg\" srcset=\"https:\/\/static.africa-press.net\/congo-brazzaville\/sites\/51\/2021\/12\/img-61b7ca1b1c927.jpg 1155w, https:\/\/static.africa-press.net\/congo-brazzaville\/sites\/51\/2021\/12\/img-61b7ca1b1c927-300x199.jpg 300w, https:\/\/static.africa-press.net\/congo-brazzaville\/sites\/51\/2021\/12\/img-61b7ca1b1c927-1024x681.jpg 1024w, https:\/\/static.africa-press.net\/congo-brazzaville\/sites\/51\/2021\/12\/img-61b7ca1b1c927-768x511.jpg 768w\" sizes=\"(max-width: 1155px) 100vw, 1155px\" alt=\"\">\r\n                            <\/a>\r\n                            \r\n                        <\/figure>\r\n                    <\/div>\r\n                            <\/div>\r\n                        <\/div>\r\n\r\n                        <div class = \"td-doubleSlider-2\">\r\n                            <div class = \"td-slider\">\r\n                                \r\n                    <div class = \"td-button td-item1\">\r\n                        <div class = \"td-border\"><\/div>\r\n                    <\/div>\r\n                            <\/div>\r\n                        <\/div>\r\n\r\n                    <\/div>\r\n\r\n                <\/div>\r\n                \n<p><strong>Pour plus d&rsquo;informations et d&rsquo;analyses sur la <a href=\"https:\/\/www.africa-press.net\/congo-brazzaville\">Congo Brazzaville<\/a>, suivez <a href=\"https:\/\/www.africa-press.net\/\">Africa-Press<\/a><\/strong><\/p>\n","protected":false},"excerpt":{"rendered":"<p>Africa-Press &#8211; Congo Brazzaville. A l\u2019occasion de la c\u00e9l\u00e9bration de la 73e Journ\u00e9e internationale des droits de l&rsquo;homme, le 10 d\u00e9cembre \u00e0 Brazzaville, le ministre de la Justice, des droits humains et de la Promotion des peuples autochtones, Aim\u00e9 Ange Wilfried Bininga, a lanc\u00e9 une caravane de vulgarisation des droits de l\u2019homme pour que l\u2019engagement [&hellip;]<\/p>\n","protected":false},"author":82,"featured_media":1743,"comment_status":"open","ping_status":"closed","sticky":false,"template":"","format":"standard","meta":{"footnotes":""},"categories":[21,11,8,10],"tags":[36,47,46],"class_list":["post-1744","post","type-post","status-publish","format-standard","has-post-thumbnail","hentry","category-communaute","category-homepage-french","category-photo","category-toutes-les-actualites","tag-africa-press","tag-africa-press-congo-brazzaville","tag-congo-brazzaville"],"yoast_head":"<!-- This site is optimized with the Yoast SEO Premium plugin v26.1 (Yoast SEO v27.0) - https:\/\/yoast.com\/product\/yoast-seo-premium-wordpress\/ -->\n<title>Justice : une caravane pour vulgariser les droits de l\u2019homme - Congo Brazzaville<\/title>\n<meta name=\"description\" content=\"A l\u2019occasion de la c\u00e9l\u00e9bration de la 73e Journ\u00e9e internationale des droits de l&#039;homme, le 10 d\u00e9cembre \u00e0 Brazzaville, ...\" \/>\n<meta name=\"robots\" content=\"index, follow, max-snippet:-1, max-image-preview:large, max-video-preview:-1\" \/>\n<link rel=\"canonical\" href=\"https:\/\/www.africa-press.net\/congo-brazzaville\/photo\/justice-une-caravane-pour-vulgariser-les-droits-de-lhomme\" \/>\n<meta property=\"og:locale\" content=\"fr_FR\" \/>\n<meta property=\"og:type\" content=\"article\" \/>\n<meta property=\"og:title\" content=\"Justice : une caravane pour vulgariser les droits de l\u2019homme\" \/>\n<meta property=\"og:description\" content=\"A l\u2019occasion de la c\u00e9l\u00e9bration de la 73e Journ\u00e9e internationale des droits de l&#039;homme, le 10 d\u00e9cembre \u00e0 Brazzaville, ...\" \/>\n<meta property=\"og:url\" content=\"https:\/\/www.africa-press.net\/congo-brazzaville\/photo\/justice-une-caravane-pour-vulgariser-les-droits-de-lhomme\" \/>\n<meta property=\"og:site_name\" content=\"Congo Brazzaville\" \/>\n<meta property=\"article:published_time\" content=\"2021-12-13T22:58:18+00:00\" \/>\n<meta property=\"og:image\" content=\"https:\/\/static.africa-press.net\/centrafricaine\/sites\/51\/2021\/12\/img-61b7ca245b551.jpg\" \/>\n\t<meta property=\"og:image:width\" content=\"1155\" \/>\n\t<meta property=\"og:image:height\" content=\"768\" \/>\n\t<meta property=\"og:image:type\" content=\"image\/jpeg\" \/>\n<meta name=\"author\" content=\"cfeditorfr\" \/>\n<meta name=\"twitter:card\" content=\"summary_large_image\" \/>\n<meta name=\"twitter:label1\" content=\"\u00c9crit par\" \/>\n\t<meta name=\"twitter:data1\" content=\"cfeditorfr\" \/>\n\t<meta name=\"twitter:label2\" content=\"Dur\u00e9e de lecture estim\u00e9e\" \/>\n\t<meta name=\"twitter:data2\" content=\"2 minutes\" \/>\n<script type=\"application\/ld+json\" class=\"yoast-schema-graph\">{\"@context\":\"https:\/\/schema.org\",\"@graph\":[{\"@type\":\"Article\",\"@id\":\"https:\/\/www.africa-press.net\/congo-brazzaville\/photo\/justice-une-caravane-pour-vulgariser-les-droits-de-lhomme#article\",\"isPartOf\":{\"@id\":\"https:\/\/www.africa-press.net\/congo-brazzaville\/photo\/justice-une-caravane-pour-vulgariser-les-droits-de-lhomme\"},\"author\":{\"name\":\"cfeditorfr\",\"@id\":\"https:\/\/www.africa-press.net\/congo-brazzaville\/#\/schema\/person\/2b1cf3cd81a31e3cd26889ca66d677f1\"},\"headline\":\"Justice : une caravane pour vulgariser les droits de l\u2019homme\",\"datePublished\":\"2021-12-13T22:58:18+00:00\",\"mainEntityOfPage\":{\"@id\":\"https:\/\/www.africa-press.net\/congo-brazzaville\/photo\/justice-une-caravane-pour-vulgariser-les-droits-de-lhomme\"},\"wordCount\":359,\"commentCount\":0,\"image\":{\"@id\":\"https:\/\/www.africa-press.net\/congo-brazzaville\/photo\/justice-une-caravane-pour-vulgariser-les-droits-de-lhomme#primaryimage\"},\"thumbnailUrl\":\"https:\/\/static.africa-press.net\/centrafricaine\/sites\/51\/2021\/12\/img-61b7ca245b551.jpg\",\"keywords\":[\"Africa Press\",\"Africa Press-Congo Brazzaville\",\"Congo Brazzaville\"],\"articleSection\":[\"Communaut\u00e9\",\"homepage-french\",\"Photo\",\"Toutes les actualit\u00e9s\"],\"inLanguage\":\"fr-FR\",\"potentialAction\":[{\"@type\":\"CommentAction\",\"name\":\"Comment\",\"target\":[\"https:\/\/www.africa-press.net\/congo-brazzaville\/photo\/justice-une-caravane-pour-vulgariser-les-droits-de-lhomme#respond\"]}]},{\"@type\":\"WebPage\",\"@id\":\"https:\/\/www.africa-press.net\/congo-brazzaville\/photo\/justice-une-caravane-pour-vulgariser-les-droits-de-lhomme\",\"url\":\"https:\/\/www.africa-press.net\/congo-brazzaville\/photo\/justice-une-caravane-pour-vulgariser-les-droits-de-lhomme\",\"name\":\"Justice : une caravane pour vulgariser les droits de l\u2019homme - Congo Brazzaville\",\"isPartOf\":{\"@id\":\"https:\/\/www.africa-press.net\/congo-brazzaville\/#website\"},\"primaryImageOfPage\":{\"@id\":\"https:\/\/www.africa-press.net\/congo-brazzaville\/photo\/justice-une-caravane-pour-vulgariser-les-droits-de-lhomme#primaryimage\"},\"image\":{\"@id\":\"https:\/\/www.africa-press.net\/congo-brazzaville\/photo\/justice-une-caravane-pour-vulgariser-les-droits-de-lhomme#primaryimage\"},\"thumbnailUrl\":\"https:\/\/static.africa-press.net\/centrafricaine\/sites\/51\/2021\/12\/img-61b7ca245b551.jpg\",\"datePublished\":\"2021-12-13T22:58:18+00:00\",\"author\":{\"@id\":\"https:\/\/www.africa-press.net\/congo-brazzaville\/#\/schema\/person\/2b1cf3cd81a31e3cd26889ca66d677f1\"},\"description\":\"A l\u2019occasion de la c\u00e9l\u00e9bration de la 73e Journ\u00e9e internationale des droits de l'homme, le 10 d\u00e9cembre \u00e0 Brazzaville, ...\",\"breadcrumb\":{\"@id\":\"https:\/\/www.africa-press.net\/congo-brazzaville\/photo\/justice-une-caravane-pour-vulgariser-les-droits-de-lhomme#breadcrumb\"},\"inLanguage\":\"fr-FR\",\"potentialAction\":[{\"@type\":\"ReadAction\",\"target\":[\"https:\/\/www.africa-press.net\/congo-brazzaville\/photo\/justice-une-caravane-pour-vulgariser-les-droits-de-lhomme\"]}]},{\"@type\":\"ImageObject\",\"inLanguage\":\"fr-FR\",\"@id\":\"https:\/\/www.africa-press.net\/congo-brazzaville\/photo\/justice-une-caravane-pour-vulgariser-les-droits-de-lhomme#primaryimage\",\"url\":\"https:\/\/static.africa-press.net\/centrafricaine\/sites\/51\/2021\/12\/img-61b7ca245b551.jpg\",\"contentUrl\":\"https:\/\/static.africa-press.net\/centrafricaine\/sites\/51\/2021\/12\/img-61b7ca245b551.jpg\",\"width\":1155,\"height\":768,\"caption\":\"Justice : une caravane pour vulgariser les droits de l\u2019homme\"},{\"@type\":\"BreadcrumbList\",\"@id\":\"https:\/\/www.africa-press.net\/congo-brazzaville\/photo\/justice-une-caravane-pour-vulgariser-les-droits-de-lhomme#breadcrumb\",\"itemListElement\":[{\"@type\":\"ListItem\",\"position\":1,\"name\":\"Accueil\",\"item\":\"https:\/\/www.africa-press.net\/congo-brazzaville\/\"},{\"@type\":\"ListItem\",\"position\":2,\"name\":\"Justice : une caravane pour vulgariser les droits de l\u2019homme\"}]},{\"@type\":\"WebSite\",\"@id\":\"https:\/\/www.africa-press.net\/congo-brazzaville\/#website\",\"url\":\"https:\/\/www.africa-press.net\/congo-brazzaville\/\",\"name\":\"Congo Brazzaville\",\"description\":\"Just another Africa News Agency Sites site\",\"potentialAction\":[{\"@type\":\"SearchAction\",\"target\":{\"@type\":\"EntryPoint\",\"urlTemplate\":\"https:\/\/www.africa-press.net\/congo-brazzaville\/?s={search_term_string}\"},\"query-input\":{\"@type\":\"PropertyValueSpecification\",\"valueRequired\":true,\"valueName\":\"search_term_string\"}}],\"inLanguage\":\"fr-FR\"},{\"@type\":\"Person\",\"@id\":\"https:\/\/www.africa-press.net\/congo-brazzaville\/#\/schema\/person\/2b1cf3cd81a31e3cd26889ca66d677f1\",\"name\":\"cfeditorfr\"}]}<\/script>\n<!-- \/ Yoast SEO Premium plugin. -->","yoast_head_json":{"title":"Justice : une caravane pour vulgariser les droits de l\u2019homme - Congo Brazzaville","description":"A l\u2019occasion de la c\u00e9l\u00e9bration de la 73e Journ\u00e9e internationale des droits de l'homme, le 10 d\u00e9cembre \u00e0 Brazzaville, ...","robots":{"index":"index","follow":"follow","max-snippet":"max-snippet:-1","max-image-preview":"max-image-preview:large","max-video-preview":"max-video-preview:-1"},"canonical":"https:\/\/www.africa-press.net\/congo-brazzaville\/photo\/justice-une-caravane-pour-vulgariser-les-droits-de-lhomme","og_locale":"fr_FR","og_type":"article","og_title":"Justice : une caravane pour vulgariser les droits de l\u2019homme","og_description":"A l\u2019occasion de la c\u00e9l\u00e9bration de la 73e Journ\u00e9e internationale des droits de l'homme, le 10 d\u00e9cembre \u00e0 Brazzaville, ...","og_url":"https:\/\/www.africa-press.net\/congo-brazzaville\/photo\/justice-une-caravane-pour-vulgariser-les-droits-de-lhomme","og_site_name":"Congo Brazzaville","article_published_time":"2021-12-13T22:58:18+00:00","og_image":[{"width":1155,"height":768,"url":"https:\/\/static.africa-press.net\/centrafricaine\/sites\/51\/2021\/12\/img-61b7ca245b551.jpg","type":"image\/jpeg"}],"author":"cfeditorfr","twitter_card":"summary_large_image","twitter_misc":{"\u00c9crit par":"cfeditorfr","Dur\u00e9e de lecture estim\u00e9e":"2 minutes"},"schema":{"@context":"https:\/\/schema.org","@graph":[{"@type":"Article","@id":"https:\/\/www.africa-press.net\/congo-brazzaville\/photo\/justice-une-caravane-pour-vulgariser-les-droits-de-lhomme#article","isPartOf":{"@id":"https:\/\/www.africa-press.net\/congo-brazzaville\/photo\/justice-une-caravane-pour-vulgariser-les-droits-de-lhomme"},"author":{"name":"cfeditorfr","@id":"https:\/\/www.africa-press.net\/congo-brazzaville\/#\/schema\/person\/2b1cf3cd81a31e3cd26889ca66d677f1"},"headline":"Justice : une caravane pour vulgariser les droits de l\u2019homme","datePublished":"2021-12-13T22:58:18+00:00","mainEntityOfPage":{"@id":"https:\/\/www.africa-press.net\/congo-brazzaville\/photo\/justice-une-caravane-pour-vulgariser-les-droits-de-lhomme"},"wordCount":359,"commentCount":0,"image":{"@id":"https:\/\/www.africa-press.net\/congo-brazzaville\/photo\/justice-une-caravane-pour-vulgariser-les-droits-de-lhomme#primaryimage"},"thumbnailUrl":"https:\/\/static.africa-press.net\/centrafricaine\/sites\/51\/2021\/12\/img-61b7ca245b551.jpg","keywords":["Africa Press","Africa Press-Congo Brazzaville","Congo Brazzaville"],"articleSection":["Communaut\u00e9","homepage-french","Photo","Toutes les actualit\u00e9s"],"inLanguage":"fr-FR","potentialAction":[{"@type":"CommentAction","name":"Comment","target":["https:\/\/www.africa-press.net\/congo-brazzaville\/photo\/justice-une-caravane-pour-vulgariser-les-droits-de-lhomme#respond"]}]},{"@type":"WebPage","@id":"https:\/\/www.africa-press.net\/congo-brazzaville\/photo\/justice-une-caravane-pour-vulgariser-les-droits-de-lhomme","url":"https:\/\/www.africa-press.net\/congo-brazzaville\/photo\/justice-une-caravane-pour-vulgariser-les-droits-de-lhomme","name":"Justice : une caravane pour vulgariser les droits de l\u2019homme - Congo Brazzaville","isPartOf":{"@id":"https:\/\/www.africa-press.net\/congo-brazzaville\/#website"},"primaryImageOfPage":{"@id":"https:\/\/www.africa-press.net\/congo-brazzaville\/photo\/justice-une-caravane-pour-vulgariser-les-droits-de-lhomme#primaryimage"},"image":{"@id":"https:\/\/www.africa-press.net\/congo-brazzaville\/photo\/justice-une-caravane-pour-vulgariser-les-droits-de-lhomme#primaryimage"},"thumbnailUrl":"https:\/\/static.africa-press.net\/centrafricaine\/sites\/51\/2021\/12\/img-61b7ca245b551.jpg","datePublished":"2021-12-13T22:58:18+00:00","author":{"@id":"https:\/\/www.africa-press.net\/congo-brazzaville\/#\/schema\/person\/2b1cf3cd81a31e3cd26889ca66d677f1"},"description":"A l\u2019occasion de la c\u00e9l\u00e9bration de la 73e Journ\u00e9e internationale des droits de l'homme, le 10 d\u00e9cembre \u00e0 Brazzaville, ...","breadcrumb":{"@id":"https:\/\/www.africa-press.net\/congo-brazzaville\/photo\/justice-une-caravane-pour-vulgariser-les-droits-de-lhomme#breadcrumb"},"inLanguage":"fr-FR","potentialAction":[{"@type":"ReadAction","target":["https:\/\/www.africa-press.net\/congo-brazzaville\/photo\/justice-une-caravane-pour-vulgariser-les-droits-de-lhomme"]}]},{"@type":"ImageObject","inLanguage":"fr-FR","@id":"https:\/\/www.africa-press.net\/congo-brazzaville\/photo\/justice-une-caravane-pour-vulgariser-les-droits-de-lhomme#primaryimage","url":"https:\/\/static.africa-press.net\/centrafricaine\/sites\/51\/2021\/12\/img-61b7ca245b551.jpg","contentUrl":"https:\/\/static.africa-press.net\/centrafricaine\/sites\/51\/2021\/12\/img-61b7ca245b551.jpg","width":1155,"height":768,"caption":"Justice : une caravane pour vulgariser les droits de l\u2019homme"},{"@type":"BreadcrumbList","@id":"https:\/\/www.africa-press.net\/congo-brazzaville\/photo\/justice-une-caravane-pour-vulgariser-les-droits-de-lhomme#breadcrumb","itemListElement":[{"@type":"ListItem","position":1,"name":"Accueil","item":"https:\/\/www.africa-press.net\/congo-brazzaville\/"},{"@type":"ListItem","position":2,"name":"Justice : une caravane pour vulgariser les droits de l\u2019homme"}]},{"@type":"WebSite","@id":"https:\/\/www.africa-press.net\/congo-brazzaville\/#website","url":"https:\/\/www.africa-press.net\/congo-brazzaville\/","name":"Congo Brazzaville","description":"Just another Africa News Agency Sites site","potentialAction":[{"@type":"SearchAction","target":{"@type":"EntryPoint","urlTemplate":"https:\/\/www.africa-press.net\/congo-brazzaville\/?s={search_term_string}"},"query-input":{"@type":"PropertyValueSpecification","valueRequired":true,"valueName":"search_term_string"}}],"inLanguage":"fr-FR"},{"@type":"Person","@id":"https:\/\/www.africa-press.net\/congo-brazzaville\/#\/schema\/person\/2b1cf3cd81a31e3cd26889ca66d677f1","name":"cfeditorfr"}]}},"_links":{"self":[{"href":"https:\/\/www.africa-press.net\/congo-brazzaville\/wp-json\/wp\/v2\/posts\/1744","targetHints":{"allow":["GET"]}}],"collection":[{"href":"https:\/\/www.africa-press.net\/congo-brazzaville\/wp-json\/wp\/v2\/posts"}],"about":[{"href":"https:\/\/www.africa-press.net\/congo-brazzaville\/wp-json\/wp\/v2\/types\/post"}],"author":[{"embeddable":true,"href":"https:\/\/www.africa-press.net\/congo-brazzaville\/wp-json\/wp\/v2\/users\/82"}],"replies":[{"embeddable":true,"href":"https:\/\/www.africa-press.net\/congo-brazzaville\/wp-json\/wp\/v2\/comments?post=1744"}],"version-history":[{"count":0,"href":"https:\/\/www.africa-press.net\/congo-brazzaville\/wp-json\/wp\/v2\/posts\/1744\/revisions"}],"wp:featuredmedia":[{"embeddable":true,"href":"https:\/\/www.africa-press.net\/congo-brazzaville\/wp-json\/wp\/v2\/media\/1743"}],"wp:attachment":[{"href":"https:\/\/www.africa-press.net\/congo-brazzaville\/wp-json\/wp\/v2\/media?parent=1744"}],"wp:term":[{"taxonomy":"category","embeddable":true,"href":"https:\/\/www.africa-press.net\/congo-brazzaville\/wp-json\/wp\/v2\/categories?post=1744"},{"taxonomy":"post_tag","embeddable":true,"href":"https:\/\/www.africa-press.net\/congo-brazzaville\/wp-json\/wp\/v2\/tags?post=1744"}],"curies":[{"name":"wp","href":"https:\/\/api.w.org\/{rel}","templated":true}]}}