{"id":1747,"date":"2021-12-13T23:03:48","date_gmt":"2021-12-13T23:03:48","guid":{"rendered":"https:\/\/www.africa-press.net\/congo-brazzaville\/?p=1747"},"modified":"2021-12-13T22:34:04","modified_gmt":"2021-12-13T22:34:04","slug":"coordination-covid-19-des-assouplissements-a-lapproche-des-fetes-de-fin-dannee","status":"publish","type":"post","link":"https:\/\/www.africa-press.net\/congo-brazzaville\/photo\/coordination-covid-19-des-assouplissements-a-lapproche-des-fetes-de-fin-dannee","title":{"rendered":"Coordination covid-19. Des assouplissements \u00e0 l&rsquo;approche des f\u00eates de fin d&rsquo;ann\u00e9e"},"content":{"rendered":"<p><span style=\"color: #ff6600\"><strong>Africa-Press &#8211; Congo Brazzaville. <\/strong><\/span>Le couvre-feu fix\u00e9 d\u00e9sormais de 23 heures \u00e0 5 heures du matin y compris les jours f\u00e9ri\u00e9s, les march\u00e9s domaniaux ouverts six jours sur sept et non plus seulement sur cinq jours, les c\u00e9r\u00e9monies de mariage \u00e0 nouveau autoris\u00e9es, les f\u00eates de la Nativit\u00e9 et de la Saint-Sylvestre envisag\u00e9es sans des restrictions particuli\u00e8res, les derni\u00e8res mesures annonc\u00e9es par la coordination de lutte contre la pand\u00e9mie de covid-19 et ent\u00e9rin\u00e9es par le Conseil des ministres, le 10 d\u00e9cembre, vont soulager les Congolais et particuli\u00e8rement les Brazzavillois et les Pont\u00e9n\u00e9grins.<\/p>\n<p>En raison des contaminations demeur\u00e9es en hausse des mois durant dans les deux principales villes du Congo, des dispositions en lien avec le nouveau corona virus restreignaient les d\u00e9placements \u00e0 Brazzaville et Pointe-Noire. La coordination note que \u00ab la tendance des cas confirm\u00e9s est \u00e0 la baisse, passant de 446 cas le 18 octobre \u00e0 50 cas le 06 d\u00e9cembre 2021 \u00bb et se f\u00e9licite de l\u2019 \u00ab am\u00e9lioration de la prise en charge des malades \u00bb. Le gouvernement a d\u00e9cid\u00e9 de la prorogation de l\u2019\u00e9tat d\u2019urgence sanitaire pour 20 jours suppl\u00e9mentaires et conseille aux Congolais de continuer \u00e0 observer les gestes barri\u00e8res.<\/p>\n\n<p><strong>Pour plus d&rsquo;informations et d&rsquo;analyses sur la <a href=\"https:\/\/www.africa-press.net\/congo-brazzaville\">Congo Brazzaville<\/a>, suivez <a href=\"https:\/\/www.africa-press.net\/\">Africa-Press<\/a><\/strong><\/p>\n","protected":false},"excerpt":{"rendered":"<p>Africa-Press &#8211; Congo Brazzaville. Le couvre-feu fix\u00e9 d\u00e9sormais de 23 heures \u00e0 5 heures du matin y compris les jours f\u00e9ri\u00e9s, les march\u00e9s domaniaux ouverts six jours sur sept et non plus seulement sur cinq jours, les c\u00e9r\u00e9monies de mariage \u00e0 nouveau autoris\u00e9es, les f\u00eates de la Nativit\u00e9 et de la Saint-Sylvestre envisag\u00e9es sans des [&hellip;]<\/p>\n","protected":false},"author":82,"featured_media":1746,"comment_status":"open","ping_status":"closed","sticky":false,"template":"","format":"standard","meta":{"footnotes":""},"categories":[21,11,8,20,10],"tags":[36,47,46],"class_list":["post-1747","post","type-post","status-publish","format-standard","has-post-thumbnail","hentry","category-communaute","category-homepage-french","category-photo","category-top-nouvelles","category-toutes-les-actualites","tag-africa-press","tag-africa-press-congo-brazzaville","tag-congo-brazzaville"],"yoast_head":"<!-- This site is optimized with the Yoast SEO Premium plugin v26.1 (Yoast SEO v27.0) - https:\/\/yoast.com\/product\/yoast-seo-premium-wordpress\/ -->\n<title>Coordination covid-19. Des assouplissements \u00e0 l&#039;approche des f\u00eates de fin d&#039;ann\u00e9e - Congo Brazzaville<\/title>\n<meta name=\"description\" content=\"Le couvre-feu fix\u00e9 d\u00e9sormais de 23 heures \u00e0 5 heures du matin y compris les jours f\u00e9ri\u00e9s, les march\u00e9s domaniaux ouverts ...\" \/>\n<meta name=\"robots\" content=\"index, follow, max-snippet:-1, max-image-preview:large, max-video-preview:-1\" \/>\n<link rel=\"canonical\" href=\"https:\/\/www.africa-press.net\/congo-brazzaville\/photo\/coordination-covid-19-des-assouplissements-a-lapproche-des-fetes-de-fin-dannee\" \/>\n<meta property=\"og:locale\" content=\"fr_FR\" \/>\n<meta property=\"og:type\" content=\"article\" \/>\n<meta property=\"og:title\" content=\"Coordination covid-19. Des assouplissements \u00e0 l&#039;approche des f\u00eates de fin d&#039;ann\u00e9e\" \/>\n<meta property=\"og:description\" content=\"Le couvre-feu fix\u00e9 d\u00e9sormais de 23 heures \u00e0 5 heures du matin y compris les jours f\u00e9ri\u00e9s, les march\u00e9s domaniaux ouverts ...\" \/>\n<meta property=\"og:url\" content=\"https:\/\/www.africa-press.net\/congo-brazzaville\/photo\/coordination-covid-19-des-assouplissements-a-lapproche-des-fetes-de-fin-dannee\" \/>\n<meta property=\"og:site_name\" content=\"Congo Brazzaville\" \/>\n<meta property=\"article:published_time\" content=\"2021-12-13T23:03:48+00:00\" \/>\n<meta property=\"og:image\" content=\"https:\/\/static.africa-press.net\/centrafricaine\/sites\/51\/2021\/12\/img-61b7ca41b3d2c.jpg\" \/>\n\t<meta property=\"og:image:width\" content=\"1155\" \/>\n\t<meta property=\"og:image:height\" content=\"768\" \/>\n\t<meta property=\"og:image:type\" content=\"image\/jpeg\" \/>\n<meta name=\"author\" content=\"cfeditorfr\" \/>\n<meta name=\"twitter:card\" content=\"summary_large_image\" \/>\n<meta name=\"twitter:label1\" content=\"\u00c9crit par\" \/>\n\t<meta name=\"twitter:data1\" content=\"cfeditorfr\" \/>\n\t<meta name=\"twitter:label2\" content=\"Dur\u00e9e de lecture estim\u00e9e\" \/>\n\t<meta name=\"twitter:data2\" content=\"1 minute\" \/>\n<script type=\"application\/ld+json\" class=\"yoast-schema-graph\">{\"@context\":\"https:\/\/schema.org\",\"@graph\":[{\"@type\":\"Article\",\"@id\":\"https:\/\/www.africa-press.net\/congo-brazzaville\/photo\/coordination-covid-19-des-assouplissements-a-lapproche-des-fetes-de-fin-dannee#article\",\"isPartOf\":{\"@id\":\"https:\/\/www.africa-press.net\/congo-brazzaville\/photo\/coordination-covid-19-des-assouplissements-a-lapproche-des-fetes-de-fin-dannee\"},\"author\":{\"name\":\"cfeditorfr\",\"@id\":\"https:\/\/www.africa-press.net\/congo-brazzaville\/#\/schema\/person\/2b1cf3cd81a31e3cd26889ca66d677f1\"},\"headline\":\"Coordination covid-19. Des assouplissements \u00e0 l&rsquo;approche des f\u00eates de fin d&rsquo;ann\u00e9e\",\"datePublished\":\"2021-12-13T23:03:48+00:00\",\"mainEntityOfPage\":{\"@id\":\"https:\/\/www.africa-press.net\/congo-brazzaville\/photo\/coordination-covid-19-des-assouplissements-a-lapproche-des-fetes-de-fin-dannee\"},\"wordCount\":243,\"commentCount\":0,\"image\":{\"@id\":\"https:\/\/www.africa-press.net\/congo-brazzaville\/photo\/coordination-covid-19-des-assouplissements-a-lapproche-des-fetes-de-fin-dannee#primaryimage\"},\"thumbnailUrl\":\"https:\/\/static.africa-press.net\/centrafricaine\/sites\/51\/2021\/12\/img-61b7ca41b3d2c.jpg\",\"keywords\":[\"Africa Press\",\"Africa Press-Congo Brazzaville\",\"Congo Brazzaville\"],\"articleSection\":[\"Communaut\u00e9\",\"homepage-french\",\"Photo\",\"Top Nouvelles\",\"Toutes les actualit\u00e9s\"],\"inLanguage\":\"fr-FR\",\"potentialAction\":[{\"@type\":\"CommentAction\",\"name\":\"Comment\",\"target\":[\"https:\/\/www.africa-press.net\/congo-brazzaville\/photo\/coordination-covid-19-des-assouplissements-a-lapproche-des-fetes-de-fin-dannee#respond\"]}]},{\"@type\":\"WebPage\",\"@id\":\"https:\/\/www.africa-press.net\/congo-brazzaville\/photo\/coordination-covid-19-des-assouplissements-a-lapproche-des-fetes-de-fin-dannee\",\"url\":\"https:\/\/www.africa-press.net\/congo-brazzaville\/photo\/coordination-covid-19-des-assouplissements-a-lapproche-des-fetes-de-fin-dannee\",\"name\":\"Coordination covid-19. Des assouplissements \u00e0 l'approche des f\u00eates de fin d'ann\u00e9e - Congo Brazzaville\",\"isPartOf\":{\"@id\":\"https:\/\/www.africa-press.net\/congo-brazzaville\/#website\"},\"primaryImageOfPage\":{\"@id\":\"https:\/\/www.africa-press.net\/congo-brazzaville\/photo\/coordination-covid-19-des-assouplissements-a-lapproche-des-fetes-de-fin-dannee#primaryimage\"},\"image\":{\"@id\":\"https:\/\/www.africa-press.net\/congo-brazzaville\/photo\/coordination-covid-19-des-assouplissements-a-lapproche-des-fetes-de-fin-dannee#primaryimage\"},\"thumbnailUrl\":\"https:\/\/static.africa-press.net\/centrafricaine\/sites\/51\/2021\/12\/img-61b7ca41b3d2c.jpg\",\"datePublished\":\"2021-12-13T23:03:48+00:00\",\"author\":{\"@id\":\"https:\/\/www.africa-press.net\/congo-brazzaville\/#\/schema\/person\/2b1cf3cd81a31e3cd26889ca66d677f1\"},\"description\":\"Le couvre-feu fix\u00e9 d\u00e9sormais de 23 heures \u00e0 5 heures du matin y compris les jours f\u00e9ri\u00e9s, les march\u00e9s domaniaux ouverts ...\",\"breadcrumb\":{\"@id\":\"https:\/\/www.africa-press.net\/congo-brazzaville\/photo\/coordination-covid-19-des-assouplissements-a-lapproche-des-fetes-de-fin-dannee#breadcrumb\"},\"inLanguage\":\"fr-FR\",\"potentialAction\":[{\"@type\":\"ReadAction\",\"target\":[\"https:\/\/www.africa-press.net\/congo-brazzaville\/photo\/coordination-covid-19-des-assouplissements-a-lapproche-des-fetes-de-fin-dannee\"]}]},{\"@type\":\"ImageObject\",\"inLanguage\":\"fr-FR\",\"@id\":\"https:\/\/www.africa-press.net\/congo-brazzaville\/photo\/coordination-covid-19-des-assouplissements-a-lapproche-des-fetes-de-fin-dannee#primaryimage\",\"url\":\"https:\/\/static.africa-press.net\/centrafricaine\/sites\/51\/2021\/12\/img-61b7ca41b3d2c.jpg\",\"contentUrl\":\"https:\/\/static.africa-press.net\/centrafricaine\/sites\/51\/2021\/12\/img-61b7ca41b3d2c.jpg\",\"width\":1155,\"height\":768,\"caption\":\"Coordination covid-19. Des assouplissements \u00e0 l'approche des f\u00eates de fin d'ann\u00e9e\"},{\"@type\":\"BreadcrumbList\",\"@id\":\"https:\/\/www.africa-press.net\/congo-brazzaville\/photo\/coordination-covid-19-des-assouplissements-a-lapproche-des-fetes-de-fin-dannee#breadcrumb\",\"itemListElement\":[{\"@type\":\"ListItem\",\"position\":1,\"name\":\"Accueil\",\"item\":\"https:\/\/www.africa-press.net\/congo-brazzaville\/\"},{\"@type\":\"ListItem\",\"position\":2,\"name\":\"Coordination covid-19. Des assouplissements \u00e0 l&#8217;approche des f\u00eates de fin d&#8217;ann\u00e9e\"}]},{\"@type\":\"WebSite\",\"@id\":\"https:\/\/www.africa-press.net\/congo-brazzaville\/#website\",\"url\":\"https:\/\/www.africa-press.net\/congo-brazzaville\/\",\"name\":\"Congo Brazzaville\",\"description\":\"Just another Africa News Agency Sites site\",\"potentialAction\":[{\"@type\":\"SearchAction\",\"target\":{\"@type\":\"EntryPoint\",\"urlTemplate\":\"https:\/\/www.africa-press.net\/congo-brazzaville\/?s={search_term_string}\"},\"query-input\":{\"@type\":\"PropertyValueSpecification\",\"valueRequired\":true,\"valueName\":\"search_term_string\"}}],\"inLanguage\":\"fr-FR\"},{\"@type\":\"Person\",\"@id\":\"https:\/\/www.africa-press.net\/congo-brazzaville\/#\/schema\/person\/2b1cf3cd81a31e3cd26889ca66d677f1\",\"name\":\"cfeditorfr\"}]}<\/script>\n<!-- \/ Yoast SEO Premium plugin. -->","yoast_head_json":{"title":"Coordination covid-19. Des assouplissements \u00e0 l'approche des f\u00eates de fin d'ann\u00e9e - Congo Brazzaville","description":"Le couvre-feu fix\u00e9 d\u00e9sormais de 23 heures \u00e0 5 heures du matin y compris les jours f\u00e9ri\u00e9s, les march\u00e9s domaniaux ouverts ...","robots":{"index":"index","follow":"follow","max-snippet":"max-snippet:-1","max-image-preview":"max-image-preview:large","max-video-preview":"max-video-preview:-1"},"canonical":"https:\/\/www.africa-press.net\/congo-brazzaville\/photo\/coordination-covid-19-des-assouplissements-a-lapproche-des-fetes-de-fin-dannee","og_locale":"fr_FR","og_type":"article","og_title":"Coordination covid-19. Des assouplissements \u00e0 l'approche des f\u00eates de fin d'ann\u00e9e","og_description":"Le couvre-feu fix\u00e9 d\u00e9sormais de 23 heures \u00e0 5 heures du matin y compris les jours f\u00e9ri\u00e9s, les march\u00e9s domaniaux ouverts ...","og_url":"https:\/\/www.africa-press.net\/congo-brazzaville\/photo\/coordination-covid-19-des-assouplissements-a-lapproche-des-fetes-de-fin-dannee","og_site_name":"Congo Brazzaville","article_published_time":"2021-12-13T23:03:48+00:00","og_image":[{"width":1155,"height":768,"url":"https:\/\/static.africa-press.net\/centrafricaine\/sites\/51\/2021\/12\/img-61b7ca41b3d2c.jpg","type":"image\/jpeg"}],"author":"cfeditorfr","twitter_card":"summary_large_image","twitter_misc":{"\u00c9crit par":"cfeditorfr","Dur\u00e9e de lecture estim\u00e9e":"1 minute"},"schema":{"@context":"https:\/\/schema.org","@graph":[{"@type":"Article","@id":"https:\/\/www.africa-press.net\/congo-brazzaville\/photo\/coordination-covid-19-des-assouplissements-a-lapproche-des-fetes-de-fin-dannee#article","isPartOf":{"@id":"https:\/\/www.africa-press.net\/congo-brazzaville\/photo\/coordination-covid-19-des-assouplissements-a-lapproche-des-fetes-de-fin-dannee"},"author":{"name":"cfeditorfr","@id":"https:\/\/www.africa-press.net\/congo-brazzaville\/#\/schema\/person\/2b1cf3cd81a31e3cd26889ca66d677f1"},"headline":"Coordination covid-19. Des assouplissements \u00e0 l&rsquo;approche des f\u00eates de fin d&rsquo;ann\u00e9e","datePublished":"2021-12-13T23:03:48+00:00","mainEntityOfPage":{"@id":"https:\/\/www.africa-press.net\/congo-brazzaville\/photo\/coordination-covid-19-des-assouplissements-a-lapproche-des-fetes-de-fin-dannee"},"wordCount":243,"commentCount":0,"image":{"@id":"https:\/\/www.africa-press.net\/congo-brazzaville\/photo\/coordination-covid-19-des-assouplissements-a-lapproche-des-fetes-de-fin-dannee#primaryimage"},"thumbnailUrl":"https:\/\/static.africa-press.net\/centrafricaine\/sites\/51\/2021\/12\/img-61b7ca41b3d2c.jpg","keywords":["Africa Press","Africa Press-Congo Brazzaville","Congo Brazzaville"],"articleSection":["Communaut\u00e9","homepage-french","Photo","Top Nouvelles","Toutes les actualit\u00e9s"],"inLanguage":"fr-FR","potentialAction":[{"@type":"CommentAction","name":"Comment","target":["https:\/\/www.africa-press.net\/congo-brazzaville\/photo\/coordination-covid-19-des-assouplissements-a-lapproche-des-fetes-de-fin-dannee#respond"]}]},{"@type":"WebPage","@id":"https:\/\/www.africa-press.net\/congo-brazzaville\/photo\/coordination-covid-19-des-assouplissements-a-lapproche-des-fetes-de-fin-dannee","url":"https:\/\/www.africa-press.net\/congo-brazzaville\/photo\/coordination-covid-19-des-assouplissements-a-lapproche-des-fetes-de-fin-dannee","name":"Coordination covid-19. Des assouplissements \u00e0 l'approche des f\u00eates de fin d'ann\u00e9e - Congo Brazzaville","isPartOf":{"@id":"https:\/\/www.africa-press.net\/congo-brazzaville\/#website"},"primaryImageOfPage":{"@id":"https:\/\/www.africa-press.net\/congo-brazzaville\/photo\/coordination-covid-19-des-assouplissements-a-lapproche-des-fetes-de-fin-dannee#primaryimage"},"image":{"@id":"https:\/\/www.africa-press.net\/congo-brazzaville\/photo\/coordination-covid-19-des-assouplissements-a-lapproche-des-fetes-de-fin-dannee#primaryimage"},"thumbnailUrl":"https:\/\/static.africa-press.net\/centrafricaine\/sites\/51\/2021\/12\/img-61b7ca41b3d2c.jpg","datePublished":"2021-12-13T23:03:48+00:00","author":{"@id":"https:\/\/www.africa-press.net\/congo-brazzaville\/#\/schema\/person\/2b1cf3cd81a31e3cd26889ca66d677f1"},"description":"Le couvre-feu fix\u00e9 d\u00e9sormais de 23 heures \u00e0 5 heures du matin y compris les jours f\u00e9ri\u00e9s, les march\u00e9s domaniaux ouverts ...","breadcrumb":{"@id":"https:\/\/www.africa-press.net\/congo-brazzaville\/photo\/coordination-covid-19-des-assouplissements-a-lapproche-des-fetes-de-fin-dannee#breadcrumb"},"inLanguage":"fr-FR","potentialAction":[{"@type":"ReadAction","target":["https:\/\/www.africa-press.net\/congo-brazzaville\/photo\/coordination-covid-19-des-assouplissements-a-lapproche-des-fetes-de-fin-dannee"]}]},{"@type":"ImageObject","inLanguage":"fr-FR","@id":"https:\/\/www.africa-press.net\/congo-brazzaville\/photo\/coordination-covid-19-des-assouplissements-a-lapproche-des-fetes-de-fin-dannee#primaryimage","url":"https:\/\/static.africa-press.net\/centrafricaine\/sites\/51\/2021\/12\/img-61b7ca41b3d2c.jpg","contentUrl":"https:\/\/static.africa-press.net\/centrafricaine\/sites\/51\/2021\/12\/img-61b7ca41b3d2c.jpg","width":1155,"height":768,"caption":"Coordination covid-19. Des assouplissements \u00e0 l'approche des f\u00eates de fin d'ann\u00e9e"},{"@type":"BreadcrumbList","@id":"https:\/\/www.africa-press.net\/congo-brazzaville\/photo\/coordination-covid-19-des-assouplissements-a-lapproche-des-fetes-de-fin-dannee#breadcrumb","itemListElement":[{"@type":"ListItem","position":1,"name":"Accueil","item":"https:\/\/www.africa-press.net\/congo-brazzaville\/"},{"@type":"ListItem","position":2,"name":"Coordination covid-19. Des assouplissements \u00e0 l&#8217;approche des f\u00eates de fin d&#8217;ann\u00e9e"}]},{"@type":"WebSite","@id":"https:\/\/www.africa-press.net\/congo-brazzaville\/#website","url":"https:\/\/www.africa-press.net\/congo-brazzaville\/","name":"Congo Brazzaville","description":"Just another Africa News Agency Sites site","potentialAction":[{"@type":"SearchAction","target":{"@type":"EntryPoint","urlTemplate":"https:\/\/www.africa-press.net\/congo-brazzaville\/?s={search_term_string}"},"query-input":{"@type":"PropertyValueSpecification","valueRequired":true,"valueName":"search_term_string"}}],"inLanguage":"fr-FR"},{"@type":"Person","@id":"https:\/\/www.africa-press.net\/congo-brazzaville\/#\/schema\/person\/2b1cf3cd81a31e3cd26889ca66d677f1","name":"cfeditorfr"}]}},"_links":{"self":[{"href":"https:\/\/www.africa-press.net\/congo-brazzaville\/wp-json\/wp\/v2\/posts\/1747","targetHints":{"allow":["GET"]}}],"collection":[{"href":"https:\/\/www.africa-press.net\/congo-brazzaville\/wp-json\/wp\/v2\/posts"}],"about":[{"href":"https:\/\/www.africa-press.net\/congo-brazzaville\/wp-json\/wp\/v2\/types\/post"}],"author":[{"embeddable":true,"href":"https:\/\/www.africa-press.net\/congo-brazzaville\/wp-json\/wp\/v2\/users\/82"}],"replies":[{"embeddable":true,"href":"https:\/\/www.africa-press.net\/congo-brazzaville\/wp-json\/wp\/v2\/comments?post=1747"}],"version-history":[{"count":0,"href":"https:\/\/www.africa-press.net\/congo-brazzaville\/wp-json\/wp\/v2\/posts\/1747\/revisions"}],"wp:featuredmedia":[{"embeddable":true,"href":"https:\/\/www.africa-press.net\/congo-brazzaville\/wp-json\/wp\/v2\/media\/1746"}],"wp:attachment":[{"href":"https:\/\/www.africa-press.net\/congo-brazzaville\/wp-json\/wp\/v2\/media?parent=1747"}],"wp:term":[{"taxonomy":"category","embeddable":true,"href":"https:\/\/www.africa-press.net\/congo-brazzaville\/wp-json\/wp\/v2\/categories?post=1747"},{"taxonomy":"post_tag","embeddable":true,"href":"https:\/\/www.africa-press.net\/congo-brazzaville\/wp-json\/wp\/v2\/tags?post=1747"}],"curies":[{"name":"wp","href":"https:\/\/api.w.org\/{rel}","templated":true}]}}