{"id":1752,"date":"2021-12-13T23:13:46","date_gmt":"2021-12-13T23:13:46","guid":{"rendered":"https:\/\/www.africa-press.net\/congo-brazzaville\/?p=1752"},"modified":"2021-12-13T22:34:59","modified_gmt":"2021-12-13T22:34:59","slug":"sante-publique-lambert-chakirou-invite-la-population-a-frequenter-lhopital-adolphe-sice","status":"publish","type":"post","link":"https:\/\/www.africa-press.net\/congo-brazzaville\/photo\/sante-publique-lambert-chakirou-invite-la-population-a-frequenter-lhopital-adolphe-sice","title":{"rendered":"Sant\u00e9 publique: Lambert Chakirou invite la population \u00e0 fr\u00e9quenter l\u2019h\u00f4pital Adolphe-Sic\u00e9"},"content":{"rendered":"<p><span style=\"color: #ff6600\"><strong>Africa-Press &#8211; Congo Brazzaville. <\/strong><\/span><b>Quatre mois apr\u00e8s sa prise de fonctions comme directeur g\u00e9n\u00e9ral de l\u2019H\u00f4pital g\u00e9n\u00e9ral Adolphe-Sic\u00e9 de Pointe-Noire, Lambert Chakirou a anim\u00e9, le 10 d\u00e9cembre, une conf\u00e9rence de presse sur le fonctionnement de cette structure sanitaire et \u00e9clair\u00e9 l\u2019opinion sur les fausses informations qui circulent sur la toile concernant cet h\u00f4pital, le plus grand de la ville en termes d\u2019offres de services et de soins.<\/b><\/p>\n<p>D&#8217;embl\u00e9e, Lambert Chakirou a pr\u00e9sent\u00e9 l&rsquo;h\u00f4pital g\u00e9n\u00e9ral Adolphe-Sic\u00e9 cr\u00e9\u00e9 en 1931 et qui compte actuellement trente-cinq b\u00e2timents, huit cent quarante agents dont cinquante-deux sp\u00e9cialistes. Parmi ce personnel, quatorze sont en formation de sp\u00e9cialit\u00e9 dans le pays et \u00e0 l&rsquo;\u00e9tarnger. Le reste \u00e9tant constitu\u00e9 du personnel param\u00e9dical, a t-il dit.<\/p>\n<p>Quand au plateau technique, il est constitu\u00e9 des services tels la chirurgie, la neuro-chirurgie, la neurologie (deux nouveaux services), la traumatologie, le service des maladies respiratoires, bref l&rsquo;HGAS compte toutes les sp\u00e9cialit\u00e9s pour un h\u00f4pital digne de ce nom. \u00ab\u00a0&#8230; nous avons \u00e9galement des sp\u00e9cialit\u00e9s telles que l&rsquo;imaginerie m\u00e9dicale, le laboratoire d&rsquo;analyses m\u00e9dicales&#8230; Nous pouvons dire que l&rsquo;h\u00f4pital g\u00e9n\u00e9ral A.Sic\u00e9 a de la comp\u00e9tence pour agir en cas ou en pr\u00e9sence de certaines maladies\u00a0\u00bb, a t-il dit.<\/p>\n<p>Le directeur g\u00e9n\u00e9ral a ajout\u00e9: \u00ab\u00a0Depuis un certain temps, il circule sur la toile, notamment sur les r\u00e9seaux sociaux, des documents audiovisuels faisant \u00e9tat d&rsquo;un agent qui s&rsquo;enorgueillit en donnant d\u00e9lib\u00e9rement la mort aux patients. Une autre information fausse fait \u00e9tat d&rsquo;une dame qui aurait donn\u00e9 la mort \u00e0 vingt-six personnes \u00e0 raison de 300 000 F CFA la personne tu\u00e9e et se serait r\u00e9tir\u00e9e dans une \u00e9glise de la place apr\u00e8s ses forfaits. C&rsquo;est quand m\u00eame une aberration pour qu&rsquo;on ne mette pas la main sur cet individu et qu&rsquo;il ne soit pas d\u00e9nonc\u00e9\u00a0\u00bb.<\/p>\n<p>Une autre information qui circule sur la toile fait \u00e9tat d&rsquo;un r\u00e9seau de pr\u00e9l\u00e8vement d&rsquo;organes (coeur et reins notamment) \u00e0 A.Sic\u00e9, avec l&rsquo;aide des sujets \u00e9trangers, et que l&rsquo;h\u00f4pital aurait sign\u00e9 un contrat avec la morgue. Son directeur g\u00e9n\u00e9ral d\u00e9ment avec fermet\u00e9. \u00a0\u00bb Le pr\u00e9l\u00e8vement d&rsquo;un organe ob\u00e9\u00eft \u00e0 un certain nombre de m\u00e9canismes. On ne peut pr\u00e9lever un organe qu&rsquo; \u00e0 une personne qui a fait un accident et quand on est certain qu&rsquo;elle ne va pas survivre, on demande l&rsquo;avis de ses parents pour chercher \u00e0 sauver une autre vie. Au moment o\u00f9 l&rsquo;on fait le pr\u00e9l\u00e8vement, il y a toute une logistique qui est mise en place car quand on commence le pr\u00e9l\u00e8vement, il faudra aussi faire l&rsquo;intervention chirurgicale de l&rsquo;autre c\u00f4t\u00e9. Un avion m\u00e9dicalis\u00e9 est affr\u00eat\u00e9 pour venir chercher l&rsquo;organe que l&rsquo;on am\u00e8ne imm\u00e9diatement au bloc op\u00e9ratoire. Je ne pense que cela soit possible ici dans les conditions qui sont les n\u00f4tres\u00a0\u00bb,a t-il pr\u00e9cis\u00e9.<\/p>\n<p>Concernant le contrat qui serait sign\u00e9 avec la morgue, il a expliqu\u00e9: \u00a0\u00bb Jamais on fait la m\u00e9decine pour apprendre comment tuer les gens mais on apprend plut\u00f4t comment sauver les vies humaines. Ce qui est s\u00fbr, c&rsquo;est qu&rsquo;il y a des intellectuels qui comprennent que cela n&rsquo;est pas possible, cependant on peut regretter qu&rsquo;\u00e0 c\u00f4t\u00e9, il y ait des profanes qui croient que c&rsquo;est la v\u00e9rit\u00e9\u00a0\u00bb.<\/p>\n<p>Selon lui, ce sont toutes ces raisons aussi qui font que la l\u00e9thalit\u00e9 soit \u00e9lev\u00e9e \u00e0 Adolphe-Sic\u00e9. \u00ab\u00a0Nous avons des chiffres \u00e0 propos: Concernant les corps en d\u00e9p\u00f4t, c&rsquo;est-\u00e0-dire des gens qui \u00e9taient malades ailleurs et qu&rsquo;on am\u00e8ne \u00e0 A. Sic\u00e9 dans un \u00e9tat desesper\u00e9, en 2018, on a identifi\u00e9 1188 corps en d\u00e9p\u00f4t, 1406 en 2019&#8230; Ce sont bien entendu des chiffres \u00e9normes. A d\u00e9faut des corps en d\u00e9p\u00f4t, il y a des d\u00e9c\u00e9d\u00e9s ici et ce ne sont pas toujours des malades primaires de l&rsquo;h\u00f4pital A.Sic\u00e9 mais aussi des malades qui reviennent pour la plupart des cas, des autres formations sanitaires, dans un \u00e9tat d\u00e9j\u00e0 tr\u00e8s avanc\u00e9&#8230; Les causes de d\u00e9c\u00e8s \u00e9tant multiples, la rumeur sur la seringue qui se promenerait \u00e0 l&rsquo;h\u00f4pital et qui tuerait les patients n&rsquo;est qu&rsquo;une information erronn\u00e9e et sans fondement\u00a0\u00bb, a t-il martel\u00e9.<\/p>\n<p><b>\u00ab\u00a0Nous sommes conscients que beaucoup d&rsquo;appareils manquent \u00e0 l&rsquo;h\u00f4pital g\u00e9n\u00e9ral Adolphe-Sic\u00e9 tels le scanner, l&rsquo;IRM, par exemple des outils importants pour am\u00e9liorer la qualit\u00e9 des soins, nous nous \u00e9vertuons toujours \u00e0 donner satisafaction \u00e0 la population avec les moyens \u00e0 notre disposition, voil\u00e0 pourquoi nous sollicitons \u00e0 tout moment l&rsquo;apport et l&rsquo;appui des partenaires. Chaque jour, nous travaillons pour que les conditions d&rsquo;accueil s&rsquo;am\u00e9liorent, cela passe par le changement de la mentalit\u00e9 des agents issus de plusieurs horizons. Nous travaillons quotidinnement pour que les conditions d&rsquo;accueil soient humanis\u00e9es\u00a0\u00bb,<\/b><\/p>\n<p>a assur\u00e9 Lambert Chakirou.<\/p>\n<p>Apr\u00e8s la recudescence de la vague de la pand\u00e9mie enregistr\u00e9e ces derniers temps, l&rsquo;h\u00f4pital a pris la mesure des choses \u00e0 son unit\u00e9 covid 19 qui ne compte \u00e0 ce jour que six malades pris en charge.\u00a0\u00bb Toutes les rumeurs, les informations diffus\u00e9es ces derniers jours sur les r\u00e9seaux socaiux, ne sont que des Fake news. C&rsquo;est pourquoi nous demandons \u00e0 la population de renouer avec son h\u00f4pital parceque les services, les agents n&rsquo;ont aucun probl\u00e8me avec elle. Nous sommes un h\u00f4pital public et recevons tous les malades de partout, \u00e0 qui nous donnons des tratiments selon la pathologie de chacun\u00a0\u00bb, a conclu le directeur g\u00e9n\u00e9ral d&rsquo;Adolphe-Ciss\u00e9.<\/p>\n\r\n                <style type=\"text\/css\">\r\n                    \r\n                    #td_uid_1_69f50b94ad9b0  .td-doubleSlider-2 .td-item1 {\r\n                        background: url(https:\/\/static.africa-press.net\/centrafricaine\/sites\/51\/2021\/12\/img-61b7ca694382a-80x60.jpg) 0 0 no-repeat;\r\n                    }\r\n                    #td_uid_1_69f50b94ad9b0  .td-doubleSlider-2 .td-item2 {\r\n                        background: url(https:\/\/static.africa-press.net\/centrafricaine\/sites\/51\/2021\/12\/img-61b7ca74ecad1-80x60.jpg) 0 0 no-repeat;\r\n                    }\r\n                <\/style>\r\n\r\n                <div id=\"td_uid_1_69f50b94ad9b0\" class=\"td-gallery td-slide-on-2-columns\">\r\n                    <div class=\"post_td_gallery\">\r\n                        <div class=\"td-gallery-slide-top\">\r\n                           <div class=\"td-gallery-title\"><\/div>\r\n\r\n                            <div class=\"td-gallery-controls-wrapper\">\r\n                                <div class=\"td-gallery-slide-count\"><span class=\"td-gallery-slide-item-focus\">1<\/span> de 3<\/div>\r\n                                <div class=\"td-gallery-slide-prev-next-but\">\r\n                                    <i class = \"td-icon-left doubleSliderPrevButton\"><\/i>\r\n                                    <i class = \"td-icon-right doubleSliderNextButton\"><\/i>\r\n                                <\/div>\r\n                            <\/div>\r\n                        <\/div>\r\n\r\n                        <div class = \"td-doubleSlider-1 \">\r\n                            <div class = \"td-slider\">\r\n                                \r\n                    <div class = \"td-slide-item td-item1\">\r\n                        <figure class=\"td-slide-galery-figure td-slide-popup-gallery\">\r\n                            <a class=\"slide-gallery-image-link\" href=\"https:\/\/static.africa-press.net\/centrafricaine\/sites\/51\/2021\/12\/img-61b7ca694382a.jpg\" title=\"img-61b7ca694382a\"  data-caption=\"\"  data-description=\"\">\r\n                                <img decoding=\"async\" src=\"https:\/\/static.africa-press.net\/centrafricaine\/sites\/51\/2021\/12\/img-61b7ca694382a.jpg\" srcset=\"https:\/\/static.africa-press.net\/congo-brazzaville\/sites\/51\/2021\/12\/img-61b7ca694382a.jpg 1024w, https:\/\/static.africa-press.net\/congo-brazzaville\/sites\/51\/2021\/12\/img-61b7ca694382a-300x225.jpg 300w, https:\/\/static.africa-press.net\/congo-brazzaville\/sites\/51\/2021\/12\/img-61b7ca694382a-768x576.jpg 768w, https:\/\/static.africa-press.net\/congo-brazzaville\/sites\/51\/2021\/12\/img-61b7ca694382a-80x60.jpg 80w\" sizes=\"(max-width: 1024px) 100vw, 1024px\" alt=\"\">\r\n                            <\/a>\r\n                            \r\n                        <\/figure>\r\n                    <\/div>\r\n                    <div class = \"td-slide-item td-item2\">\r\n                        <figure class=\"td-slide-galery-figure td-slide-popup-gallery\">\r\n                            <a class=\"slide-gallery-image-link\" href=\"https:\/\/static.africa-press.net\/centrafricaine\/sites\/51\/2021\/12\/img-61b7ca74ecad1.jpg\" title=\"img-61b7ca74ecad1\"  data-caption=\"\"  data-description=\"\">\r\n                                <img decoding=\"async\" src=\"https:\/\/static.africa-press.net\/centrafricaine\/sites\/51\/2021\/12\/img-61b7ca74ecad1.jpg\" srcset=\"https:\/\/static.africa-press.net\/congo-brazzaville\/sites\/51\/2021\/12\/img-61b7ca74ecad1.jpg 1024w, https:\/\/static.africa-press.net\/congo-brazzaville\/sites\/51\/2021\/12\/img-61b7ca74ecad1-300x225.jpg 300w, https:\/\/static.africa-press.net\/congo-brazzaville\/sites\/51\/2021\/12\/img-61b7ca74ecad1-768x576.jpg 768w, https:\/\/static.africa-press.net\/congo-brazzaville\/sites\/51\/2021\/12\/img-61b7ca74ecad1-80x60.jpg 80w\" sizes=\"(max-width: 1024px) 100vw, 1024px\" alt=\"\">\r\n                            <\/a>\r\n                            \r\n                        <\/figure>\r\n                    <\/div>\r\n                            <\/div>\r\n                        <\/div>\r\n\r\n                        <div class = \"td-doubleSlider-2\">\r\n                            <div class = \"td-slider\">\r\n                                \r\n                    <div class = \"td-button td-item1\">\r\n                        <div class = \"td-border\"><\/div>\r\n                    <\/div>\r\n                    <div class = \"td-button td-item2\">\r\n                        <div class = \"td-border\"><\/div>\r\n                    <\/div>\r\n                            <\/div>\r\n                        <\/div>\r\n\r\n                    <\/div>\r\n\r\n                <\/div>\r\n                \n<p><strong>Pour plus d&rsquo;informations et d&rsquo;analyses sur la <a href=\"https:\/\/www.africa-press.net\/congo-brazzaville\">Congo Brazzaville<\/a>, suivez <a href=\"https:\/\/www.africa-press.net\/\">Africa-Press<\/a><\/strong><\/p>\n","protected":false},"excerpt":{"rendered":"<p>Africa-Press &#8211; Congo Brazzaville. Quatre mois apr\u00e8s sa prise de fonctions comme directeur g\u00e9n\u00e9ral de l\u2019H\u00f4pital g\u00e9n\u00e9ral Adolphe-Sic\u00e9 de Pointe-Noire, Lambert Chakirou a anim\u00e9, le 10 d\u00e9cembre, une conf\u00e9rence de presse sur le fonctionnement de cette structure sanitaire et \u00e9clair\u00e9 l\u2019opinion sur les fausses informations qui circulent sur la toile concernant cet h\u00f4pital, le plus [&hellip;]<\/p>\n","protected":false},"author":82,"featured_media":1751,"comment_status":"open","ping_status":"closed","sticky":false,"template":"","format":"standard","meta":{"footnotes":""},"categories":[21,11,8,10],"tags":[36,47,46],"class_list":["post-1752","post","type-post","status-publish","format-standard","has-post-thumbnail","hentry","category-communaute","category-homepage-french","category-photo","category-toutes-les-actualites","tag-africa-press","tag-africa-press-congo-brazzaville","tag-congo-brazzaville"],"yoast_head":"<!-- This site is optimized with the Yoast SEO Premium plugin v26.1 (Yoast SEO v27.0) - https:\/\/yoast.com\/product\/yoast-seo-premium-wordpress\/ -->\n<title>Sant\u00e9 publique: Lambert Chakirou invite la population \u00e0 fr\u00e9quenter l\u2019h\u00f4pital Adolphe-Sic\u00e9 - Congo Brazzaville<\/title>\n<meta name=\"description\" content=\"Quatre mois apr\u00e8s sa prise de fonctions comme directeur g\u00e9n\u00e9ral de l\u2019H\u00f4pital g\u00e9n\u00e9ral Adolphe-Sic\u00e9 de Pointe-Noire, La ...\" \/>\n<meta name=\"robots\" content=\"index, follow, max-snippet:-1, max-image-preview:large, max-video-preview:-1\" \/>\n<link rel=\"canonical\" href=\"https:\/\/www.africa-press.net\/congo-brazzaville\/photo\/sante-publique-lambert-chakirou-invite-la-population-a-frequenter-lhopital-adolphe-sice\" \/>\n<meta property=\"og:locale\" content=\"fr_FR\" \/>\n<meta property=\"og:type\" content=\"article\" \/>\n<meta property=\"og:title\" content=\"Sant\u00e9 publique: Lambert Chakirou invite la population \u00e0 fr\u00e9quenter l\u2019h\u00f4pital Adolphe-Sic\u00e9\" \/>\n<meta property=\"og:description\" content=\"Quatre mois apr\u00e8s sa prise de fonctions comme directeur g\u00e9n\u00e9ral de l\u2019H\u00f4pital g\u00e9n\u00e9ral Adolphe-Sic\u00e9 de Pointe-Noire, La ...\" \/>\n<meta property=\"og:url\" content=\"https:\/\/www.africa-press.net\/congo-brazzaville\/photo\/sante-publique-lambert-chakirou-invite-la-population-a-frequenter-lhopital-adolphe-sice\" \/>\n<meta property=\"og:site_name\" content=\"Congo Brazzaville\" \/>\n<meta property=\"article:published_time\" content=\"2021-12-13T23:13:46+00:00\" \/>\n<meta property=\"og:image\" content=\"https:\/\/static.africa-press.net\/centrafricaine\/sites\/51\/2021\/12\/img-61b7ca7d2ffd8.jpg\" \/>\n\t<meta property=\"og:image:width\" content=\"1024\" \/>\n\t<meta property=\"og:image:height\" content=\"768\" \/>\n\t<meta property=\"og:image:type\" content=\"image\/jpeg\" \/>\n<meta name=\"author\" content=\"cfeditorfr\" \/>\n<meta name=\"twitter:card\" content=\"summary_large_image\" \/>\n<meta name=\"twitter:label1\" content=\"\u00c9crit par\" \/>\n\t<meta name=\"twitter:data1\" content=\"cfeditorfr\" \/>\n\t<meta name=\"twitter:label2\" content=\"Dur\u00e9e de lecture estim\u00e9e\" \/>\n\t<meta name=\"twitter:data2\" content=\"5 minutes\" \/>\n<script type=\"application\/ld+json\" class=\"yoast-schema-graph\">{\"@context\":\"https:\/\/schema.org\",\"@graph\":[{\"@type\":\"Article\",\"@id\":\"https:\/\/www.africa-press.net\/congo-brazzaville\/photo\/sante-publique-lambert-chakirou-invite-la-population-a-frequenter-lhopital-adolphe-sice#article\",\"isPartOf\":{\"@id\":\"https:\/\/www.africa-press.net\/congo-brazzaville\/photo\/sante-publique-lambert-chakirou-invite-la-population-a-frequenter-lhopital-adolphe-sice\"},\"author\":{\"name\":\"cfeditorfr\",\"@id\":\"https:\/\/www.africa-press.net\/congo-brazzaville\/#\/schema\/person\/2b1cf3cd81a31e3cd26889ca66d677f1\"},\"headline\":\"Sant\u00e9 publique: Lambert Chakirou invite la population \u00e0 fr\u00e9quenter l\u2019h\u00f4pital Adolphe-Sic\u00e9\",\"datePublished\":\"2021-12-13T23:13:46+00:00\",\"mainEntityOfPage\":{\"@id\":\"https:\/\/www.africa-press.net\/congo-brazzaville\/photo\/sante-publique-lambert-chakirou-invite-la-population-a-frequenter-lhopital-adolphe-sice\"},\"wordCount\":1018,\"commentCount\":0,\"image\":{\"@id\":\"https:\/\/www.africa-press.net\/congo-brazzaville\/photo\/sante-publique-lambert-chakirou-invite-la-population-a-frequenter-lhopital-adolphe-sice#primaryimage\"},\"thumbnailUrl\":\"https:\/\/static.africa-press.net\/centrafricaine\/sites\/51\/2021\/12\/img-61b7ca7d2ffd8.jpg\",\"keywords\":[\"Africa Press\",\"Africa Press-Congo Brazzaville\",\"Congo Brazzaville\"],\"articleSection\":[\"Communaut\u00e9\",\"homepage-french\",\"Photo\",\"Toutes les actualit\u00e9s\"],\"inLanguage\":\"fr-FR\",\"potentialAction\":[{\"@type\":\"CommentAction\",\"name\":\"Comment\",\"target\":[\"https:\/\/www.africa-press.net\/congo-brazzaville\/photo\/sante-publique-lambert-chakirou-invite-la-population-a-frequenter-lhopital-adolphe-sice#respond\"]}]},{\"@type\":\"WebPage\",\"@id\":\"https:\/\/www.africa-press.net\/congo-brazzaville\/photo\/sante-publique-lambert-chakirou-invite-la-population-a-frequenter-lhopital-adolphe-sice\",\"url\":\"https:\/\/www.africa-press.net\/congo-brazzaville\/photo\/sante-publique-lambert-chakirou-invite-la-population-a-frequenter-lhopital-adolphe-sice\",\"name\":\"Sant\u00e9 publique: Lambert Chakirou invite la population \u00e0 fr\u00e9quenter l\u2019h\u00f4pital Adolphe-Sic\u00e9 - Congo Brazzaville\",\"isPartOf\":{\"@id\":\"https:\/\/www.africa-press.net\/congo-brazzaville\/#website\"},\"primaryImageOfPage\":{\"@id\":\"https:\/\/www.africa-press.net\/congo-brazzaville\/photo\/sante-publique-lambert-chakirou-invite-la-population-a-frequenter-lhopital-adolphe-sice#primaryimage\"},\"image\":{\"@id\":\"https:\/\/www.africa-press.net\/congo-brazzaville\/photo\/sante-publique-lambert-chakirou-invite-la-population-a-frequenter-lhopital-adolphe-sice#primaryimage\"},\"thumbnailUrl\":\"https:\/\/static.africa-press.net\/centrafricaine\/sites\/51\/2021\/12\/img-61b7ca7d2ffd8.jpg\",\"datePublished\":\"2021-12-13T23:13:46+00:00\",\"author\":{\"@id\":\"https:\/\/www.africa-press.net\/congo-brazzaville\/#\/schema\/person\/2b1cf3cd81a31e3cd26889ca66d677f1\"},\"description\":\"Quatre mois apr\u00e8s sa prise de fonctions comme directeur g\u00e9n\u00e9ral de l\u2019H\u00f4pital g\u00e9n\u00e9ral Adolphe-Sic\u00e9 de Pointe-Noire, La ...\",\"breadcrumb\":{\"@id\":\"https:\/\/www.africa-press.net\/congo-brazzaville\/photo\/sante-publique-lambert-chakirou-invite-la-population-a-frequenter-lhopital-adolphe-sice#breadcrumb\"},\"inLanguage\":\"fr-FR\",\"potentialAction\":[{\"@type\":\"ReadAction\",\"target\":[\"https:\/\/www.africa-press.net\/congo-brazzaville\/photo\/sante-publique-lambert-chakirou-invite-la-population-a-frequenter-lhopital-adolphe-sice\"]}]},{\"@type\":\"ImageObject\",\"inLanguage\":\"fr-FR\",\"@id\":\"https:\/\/www.africa-press.net\/congo-brazzaville\/photo\/sante-publique-lambert-chakirou-invite-la-population-a-frequenter-lhopital-adolphe-sice#primaryimage\",\"url\":\"https:\/\/static.africa-press.net\/centrafricaine\/sites\/51\/2021\/12\/img-61b7ca7d2ffd8.jpg\",\"contentUrl\":\"https:\/\/static.africa-press.net\/centrafricaine\/sites\/51\/2021\/12\/img-61b7ca7d2ffd8.jpg\",\"width\":1024,\"height\":768,\"caption\":\"Sant\u00e9 publique: Lambert Chakirou invite la population \u00e0 fr\u00e9quenter l\u2019h\u00f4pital Adolphe-Sic\u00e9\"},{\"@type\":\"BreadcrumbList\",\"@id\":\"https:\/\/www.africa-press.net\/congo-brazzaville\/photo\/sante-publique-lambert-chakirou-invite-la-population-a-frequenter-lhopital-adolphe-sice#breadcrumb\",\"itemListElement\":[{\"@type\":\"ListItem\",\"position\":1,\"name\":\"Accueil\",\"item\":\"https:\/\/www.africa-press.net\/congo-brazzaville\/\"},{\"@type\":\"ListItem\",\"position\":2,\"name\":\"Sant\u00e9 publique: Lambert Chakirou invite la population \u00e0 fr\u00e9quenter l\u2019h\u00f4pital Adolphe-Sic\u00e9\"}]},{\"@type\":\"WebSite\",\"@id\":\"https:\/\/www.africa-press.net\/congo-brazzaville\/#website\",\"url\":\"https:\/\/www.africa-press.net\/congo-brazzaville\/\",\"name\":\"Congo Brazzaville\",\"description\":\"Just another Africa News Agency Sites site\",\"potentialAction\":[{\"@type\":\"SearchAction\",\"target\":{\"@type\":\"EntryPoint\",\"urlTemplate\":\"https:\/\/www.africa-press.net\/congo-brazzaville\/?s={search_term_string}\"},\"query-input\":{\"@type\":\"PropertyValueSpecification\",\"valueRequired\":true,\"valueName\":\"search_term_string\"}}],\"inLanguage\":\"fr-FR\"},{\"@type\":\"Person\",\"@id\":\"https:\/\/www.africa-press.net\/congo-brazzaville\/#\/schema\/person\/2b1cf3cd81a31e3cd26889ca66d677f1\",\"name\":\"cfeditorfr\"}]}<\/script>\n<!-- \/ Yoast SEO Premium plugin. -->","yoast_head_json":{"title":"Sant\u00e9 publique: Lambert Chakirou invite la population \u00e0 fr\u00e9quenter l\u2019h\u00f4pital Adolphe-Sic\u00e9 - Congo Brazzaville","description":"Quatre mois apr\u00e8s sa prise de fonctions comme directeur g\u00e9n\u00e9ral de l\u2019H\u00f4pital g\u00e9n\u00e9ral Adolphe-Sic\u00e9 de Pointe-Noire, La ...","robots":{"index":"index","follow":"follow","max-snippet":"max-snippet:-1","max-image-preview":"max-image-preview:large","max-video-preview":"max-video-preview:-1"},"canonical":"https:\/\/www.africa-press.net\/congo-brazzaville\/photo\/sante-publique-lambert-chakirou-invite-la-population-a-frequenter-lhopital-adolphe-sice","og_locale":"fr_FR","og_type":"article","og_title":"Sant\u00e9 publique: Lambert Chakirou invite la population \u00e0 fr\u00e9quenter l\u2019h\u00f4pital Adolphe-Sic\u00e9","og_description":"Quatre mois apr\u00e8s sa prise de fonctions comme directeur g\u00e9n\u00e9ral de l\u2019H\u00f4pital g\u00e9n\u00e9ral Adolphe-Sic\u00e9 de Pointe-Noire, La ...","og_url":"https:\/\/www.africa-press.net\/congo-brazzaville\/photo\/sante-publique-lambert-chakirou-invite-la-population-a-frequenter-lhopital-adolphe-sice","og_site_name":"Congo Brazzaville","article_published_time":"2021-12-13T23:13:46+00:00","og_image":[{"width":1024,"height":768,"url":"https:\/\/static.africa-press.net\/centrafricaine\/sites\/51\/2021\/12\/img-61b7ca7d2ffd8.jpg","type":"image\/jpeg"}],"author":"cfeditorfr","twitter_card":"summary_large_image","twitter_misc":{"\u00c9crit par":"cfeditorfr","Dur\u00e9e de lecture estim\u00e9e":"5 minutes"},"schema":{"@context":"https:\/\/schema.org","@graph":[{"@type":"Article","@id":"https:\/\/www.africa-press.net\/congo-brazzaville\/photo\/sante-publique-lambert-chakirou-invite-la-population-a-frequenter-lhopital-adolphe-sice#article","isPartOf":{"@id":"https:\/\/www.africa-press.net\/congo-brazzaville\/photo\/sante-publique-lambert-chakirou-invite-la-population-a-frequenter-lhopital-adolphe-sice"},"author":{"name":"cfeditorfr","@id":"https:\/\/www.africa-press.net\/congo-brazzaville\/#\/schema\/person\/2b1cf3cd81a31e3cd26889ca66d677f1"},"headline":"Sant\u00e9 publique: Lambert Chakirou invite la population \u00e0 fr\u00e9quenter l\u2019h\u00f4pital Adolphe-Sic\u00e9","datePublished":"2021-12-13T23:13:46+00:00","mainEntityOfPage":{"@id":"https:\/\/www.africa-press.net\/congo-brazzaville\/photo\/sante-publique-lambert-chakirou-invite-la-population-a-frequenter-lhopital-adolphe-sice"},"wordCount":1018,"commentCount":0,"image":{"@id":"https:\/\/www.africa-press.net\/congo-brazzaville\/photo\/sante-publique-lambert-chakirou-invite-la-population-a-frequenter-lhopital-adolphe-sice#primaryimage"},"thumbnailUrl":"https:\/\/static.africa-press.net\/centrafricaine\/sites\/51\/2021\/12\/img-61b7ca7d2ffd8.jpg","keywords":["Africa Press","Africa Press-Congo Brazzaville","Congo Brazzaville"],"articleSection":["Communaut\u00e9","homepage-french","Photo","Toutes les actualit\u00e9s"],"inLanguage":"fr-FR","potentialAction":[{"@type":"CommentAction","name":"Comment","target":["https:\/\/www.africa-press.net\/congo-brazzaville\/photo\/sante-publique-lambert-chakirou-invite-la-population-a-frequenter-lhopital-adolphe-sice#respond"]}]},{"@type":"WebPage","@id":"https:\/\/www.africa-press.net\/congo-brazzaville\/photo\/sante-publique-lambert-chakirou-invite-la-population-a-frequenter-lhopital-adolphe-sice","url":"https:\/\/www.africa-press.net\/congo-brazzaville\/photo\/sante-publique-lambert-chakirou-invite-la-population-a-frequenter-lhopital-adolphe-sice","name":"Sant\u00e9 publique: Lambert Chakirou invite la population \u00e0 fr\u00e9quenter l\u2019h\u00f4pital Adolphe-Sic\u00e9 - Congo Brazzaville","isPartOf":{"@id":"https:\/\/www.africa-press.net\/congo-brazzaville\/#website"},"primaryImageOfPage":{"@id":"https:\/\/www.africa-press.net\/congo-brazzaville\/photo\/sante-publique-lambert-chakirou-invite-la-population-a-frequenter-lhopital-adolphe-sice#primaryimage"},"image":{"@id":"https:\/\/www.africa-press.net\/congo-brazzaville\/photo\/sante-publique-lambert-chakirou-invite-la-population-a-frequenter-lhopital-adolphe-sice#primaryimage"},"thumbnailUrl":"https:\/\/static.africa-press.net\/centrafricaine\/sites\/51\/2021\/12\/img-61b7ca7d2ffd8.jpg","datePublished":"2021-12-13T23:13:46+00:00","author":{"@id":"https:\/\/www.africa-press.net\/congo-brazzaville\/#\/schema\/person\/2b1cf3cd81a31e3cd26889ca66d677f1"},"description":"Quatre mois apr\u00e8s sa prise de fonctions comme directeur g\u00e9n\u00e9ral de l\u2019H\u00f4pital g\u00e9n\u00e9ral Adolphe-Sic\u00e9 de Pointe-Noire, La ...","breadcrumb":{"@id":"https:\/\/www.africa-press.net\/congo-brazzaville\/photo\/sante-publique-lambert-chakirou-invite-la-population-a-frequenter-lhopital-adolphe-sice#breadcrumb"},"inLanguage":"fr-FR","potentialAction":[{"@type":"ReadAction","target":["https:\/\/www.africa-press.net\/congo-brazzaville\/photo\/sante-publique-lambert-chakirou-invite-la-population-a-frequenter-lhopital-adolphe-sice"]}]},{"@type":"ImageObject","inLanguage":"fr-FR","@id":"https:\/\/www.africa-press.net\/congo-brazzaville\/photo\/sante-publique-lambert-chakirou-invite-la-population-a-frequenter-lhopital-adolphe-sice#primaryimage","url":"https:\/\/static.africa-press.net\/centrafricaine\/sites\/51\/2021\/12\/img-61b7ca7d2ffd8.jpg","contentUrl":"https:\/\/static.africa-press.net\/centrafricaine\/sites\/51\/2021\/12\/img-61b7ca7d2ffd8.jpg","width":1024,"height":768,"caption":"Sant\u00e9 publique: Lambert Chakirou invite la population \u00e0 fr\u00e9quenter l\u2019h\u00f4pital Adolphe-Sic\u00e9"},{"@type":"BreadcrumbList","@id":"https:\/\/www.africa-press.net\/congo-brazzaville\/photo\/sante-publique-lambert-chakirou-invite-la-population-a-frequenter-lhopital-adolphe-sice#breadcrumb","itemListElement":[{"@type":"ListItem","position":1,"name":"Accueil","item":"https:\/\/www.africa-press.net\/congo-brazzaville\/"},{"@type":"ListItem","position":2,"name":"Sant\u00e9 publique: Lambert Chakirou invite la population \u00e0 fr\u00e9quenter l\u2019h\u00f4pital Adolphe-Sic\u00e9"}]},{"@type":"WebSite","@id":"https:\/\/www.africa-press.net\/congo-brazzaville\/#website","url":"https:\/\/www.africa-press.net\/congo-brazzaville\/","name":"Congo Brazzaville","description":"Just another Africa News Agency Sites site","potentialAction":[{"@type":"SearchAction","target":{"@type":"EntryPoint","urlTemplate":"https:\/\/www.africa-press.net\/congo-brazzaville\/?s={search_term_string}"},"query-input":{"@type":"PropertyValueSpecification","valueRequired":true,"valueName":"search_term_string"}}],"inLanguage":"fr-FR"},{"@type":"Person","@id":"https:\/\/www.africa-press.net\/congo-brazzaville\/#\/schema\/person\/2b1cf3cd81a31e3cd26889ca66d677f1","name":"cfeditorfr"}]}},"_links":{"self":[{"href":"https:\/\/www.africa-press.net\/congo-brazzaville\/wp-json\/wp\/v2\/posts\/1752","targetHints":{"allow":["GET"]}}],"collection":[{"href":"https:\/\/www.africa-press.net\/congo-brazzaville\/wp-json\/wp\/v2\/posts"}],"about":[{"href":"https:\/\/www.africa-press.net\/congo-brazzaville\/wp-json\/wp\/v2\/types\/post"}],"author":[{"embeddable":true,"href":"https:\/\/www.africa-press.net\/congo-brazzaville\/wp-json\/wp\/v2\/users\/82"}],"replies":[{"embeddable":true,"href":"https:\/\/www.africa-press.net\/congo-brazzaville\/wp-json\/wp\/v2\/comments?post=1752"}],"version-history":[{"count":0,"href":"https:\/\/www.africa-press.net\/congo-brazzaville\/wp-json\/wp\/v2\/posts\/1752\/revisions"}],"wp:featuredmedia":[{"embeddable":true,"href":"https:\/\/www.africa-press.net\/congo-brazzaville\/wp-json\/wp\/v2\/media\/1751"}],"wp:attachment":[{"href":"https:\/\/www.africa-press.net\/congo-brazzaville\/wp-json\/wp\/v2\/media?parent=1752"}],"wp:term":[{"taxonomy":"category","embeddable":true,"href":"https:\/\/www.africa-press.net\/congo-brazzaville\/wp-json\/wp\/v2\/categories?post=1752"},{"taxonomy":"post_tag","embeddable":true,"href":"https:\/\/www.africa-press.net\/congo-brazzaville\/wp-json\/wp\/v2\/tags?post=1752"}],"curies":[{"name":"wp","href":"https:\/\/api.w.org\/{rel}","templated":true}]}}