{"id":1756,"date":"2021-12-13T23:18:29","date_gmt":"2021-12-13T23:18:29","guid":{"rendered":"https:\/\/www.africa-press.net\/congo-brazzaville\/?p=1756"},"modified":"2021-12-13T22:35:41","modified_gmt":"2021-12-13T22:35:41","slug":"covid-19-le-cout-du-test-pcr-a-maya-maya-fait-grincer-les-dents","status":"publish","type":"post","link":"https:\/\/www.africa-press.net\/congo-brazzaville\/photo\/covid-19-le-cout-du-test-pcr-a-maya-maya-fait-grincer-les-dents","title":{"rendered":"Covid-19 : le co\u00fbt du test PCR \u00e0 Maya-Maya fait grincer les dents"},"content":{"rendered":"<p><span style=\"color: #ff6600\"><strong>Africa-Press &#8211; Congo Brazzaville. <\/strong><\/span><b>L\u2019une des mesures prises par la Coordination nationale de gestion de la pand\u00e9mie de covid-19 pour contrer sa propagation et ses variants, le test PCR exig\u00e9 \u00e0 tous les passagers entrant et sortant du Congo cause frustration et indignation chez les voyageurs. Ils pointent son co\u00fbt jug\u00e9 tr\u00e8s \u00e9lev\u00e9 \u00e0 l\u2019a\u00e9roport Maya-Maya, contrairement au prix pratiqu\u00e9 par le Laboratoire national.<\/b><\/p>\n<p>\u00ab (\u2026) Il est fait obligation de pr\u00e9senter un test-RT-PCR \u00e0 tous les passagers en provenance de l\u2019\u00e9tranger ou en partance du pays \u00bb, peut-on lire dans le communiqu\u00e9 de la Coordination nationale de gestion de la pand\u00e9mie de coronavirus lors de sa 29e r\u00e9union tenue le 30 octobre dernier.<\/p>\n<p>Suivie d\u2019effet aussit\u00f4t son annonce, cette mesure qui s\u2019applique aussi bien en Afrique qu\u2019ailleurs fait jazzer, pour la simple raison qu\u2019elle s\u2019apparente, pour nombre des voyageurs, \u00e0 de l\u2019arnaque, notamment au niveau de l\u2019a\u00e9roport Maya-Maya o\u00f9 sa d\u00e9livrance est assujettie au paiement de 40 000 FCFA chez le priv\u00e9 DEL Bio, alors qu\u2019il est de moiti\u00e9 dans les services publics.<\/p>\n<p>Pr\u00e9occupante, la situation a fait r\u00e9agir les d\u00e9put\u00e9s qui ont interpell\u00e9, sans suite \u00e0 ce jour, le gouvernement aupr\u00e8s de qui ils souhaitaient voir statuer sur le sujet afin, avaient-ils dit, d\u2019harmoniser les tarifs dans les diff\u00e9rentes structures d\u00e9di\u00e9es. Ce qui \u00e9viterait, faisaient entendre les d\u00e9putes, une \u00ab grogne sociale \u00bb.<\/p>\n<p><b>\u00ab Pendant que le pays fait face \u00e0 la pand\u00e9mie de covid-19, pour quelles raisons doit-on imposer aux Congolais des tests PCR \u00e0 des prix \u00e9lev\u00e9s ? \u00bb<\/b><\/p>\n<p>, s\u2019interrogeait un d\u00e9put\u00e9 lors d\u2019une s\u00e9ance des questions orales avec d\u00e9bat au gouvernement.<\/p>\n<p>Exprimant, \u00e0 l\u2019occasion, son m\u00e9contentement, il en appelait les autorit\u00e9s sanitaires \u00e0 revoir \u00e0 la baisse les prix fix\u00e9s, \u00e0 rendre gratuit le test PCR, au mieux de d\u00e9localiser les services du Laboratoire national dans les a\u00e9roports, en lieu et place des services priv\u00e9s qui ne semblent pas tenir compte de la situation financi\u00e8re difficile que conna\u00eet le pays, avec lui l\u2019ensemble de la population.<\/p>\n<p><b>\u00ab Pendant que le pays fait face \u00e0 la pand\u00e9mie de covid-19, pour quelles raisons doit-on imposer aux Congolais des tests PCR \u00e0 des prix \u00e9lev\u00e9s ? \u00bb<\/b><\/p>\n<p>, se demandaient les d\u00e9put\u00e9s qui proposaient l\u2019affectation des structures du Laboratoire national \u00e0 ces points strat\u00e9giques afin que ce prix soit revu \u00e0 la baisse.<\/p>\n<p>L\u2019avis des parlementaires est partag\u00e9 aussi bien par des partis politiques, \u00e0 l\u2019instar de l\u2019Union panafricaine pour la d\u00e9mocratie sociale (Upads), que par des citoyens lambda, notamment ceux qui voyagent ou envisagent voyager<\/p>\n<p>Dans la d\u00e9claration rendue publique le 8 novembre par son porte-parole, Sidoine Romaric Moukoukou, l\u2019Upads estimait que la pand\u00e9mie de covid-19 \u00e9tant devenue une question de sant\u00e9 publique et devrait en r\u00e9alit\u00e9 b\u00e9n\u00e9ficier de la gratuit\u00e9 des soins et autres interventions m\u00e9dicales comme l\u2019est le VIH\/sida.<\/p>\n<p>Du c\u00f4t\u00e9 de la population, notamment les voyageurs, aussi bien \u00e9trangers que Congolais en partance ou en provenance du pays, l\u2019indignation est totale concernant les co\u00fbts du test PCR, surtout pour ceux voyageant en famille. Ceux-ci en appellent \u00e9galement le gouvernement \u00e0 d\u00e9centraliser les services du Laboratoire national o\u00f9 l\u2019attente est tr\u00e8s longue.<\/p>\n<p><b>\u00ab On se rend compte que rien n&rsquo;est gratuit dans cette affaire. D\u00e9bourser 20 ou 40 000 FCFA, c\u2019est \u00e9norme pour un document qui ne sert que 72 h. En plus, je me pose la question de savoir o\u00f9 va cette masse d\u2019argent qui rentre au laboratoire alors que le personnel cumule des arri\u00e9r\u00e9s de salaires impay\u00e9s \u00bb<\/b><\/p>\n<p>, s\u2019est indign\u00e9 un passager \u00e0 l\u2019a\u00e9roport de Maya-Maya.<\/p>\n<p>De leur c\u00f4t\u00e9, les agents non vaccin\u00e9s de la Fonction publique jugent impopulaire l\u2019obligation qui leur est faite de pr\u00e9senter, chaque semaine, un test PCR dont le co\u00fbt est tr\u00e8s \u00e9lev\u00e9.<\/p>\n<p>A ce jour, la coordination qui a de nouveau reconduit l\u2019exigence de la pr\u00e9sentation, \u00e0 la fronti\u00e8re, d\u2019un test RT-PCR n\u00e9gatif de moins de 72h au plus pour tous les passagers au d\u00e9part et \u00e0 l\u2019entr\u00e9e du Congo, ne s\u2019est pas officiellement prononc\u00e9 sur cette question.<\/p>\n\r\n                <style type=\"text\/css\">\r\n                    \r\n                    #td_uid_1_69f50b93e5f9f  .td-doubleSlider-2 .td-item1 {\r\n                        background: url(https:\/\/static.africa-press.net\/centrafricaine\/sites\/51\/2021\/12\/img-61b7ca9df3d66-80x60.jpg) 0 0 no-repeat;\r\n                    }\r\n                <\/style>\r\n\r\n                <div id=\"td_uid_1_69f50b93e5f9f\" class=\"td-gallery td-slide-on-2-columns\">\r\n                    <div class=\"post_td_gallery\">\r\n                        <div class=\"td-gallery-slide-top\">\r\n                           <div class=\"td-gallery-title\"><\/div>\r\n\r\n                            <div class=\"td-gallery-controls-wrapper\">\r\n                                <div class=\"td-gallery-slide-count\"><span class=\"td-gallery-slide-item-focus\">1<\/span> de 2<\/div>\r\n                                <div class=\"td-gallery-slide-prev-next-but\">\r\n                                    <i class = \"td-icon-left doubleSliderPrevButton\"><\/i>\r\n                                    <i class = \"td-icon-right doubleSliderNextButton\"><\/i>\r\n                                <\/div>\r\n                            <\/div>\r\n                        <\/div>\r\n\r\n                        <div class = \"td-doubleSlider-1 \">\r\n                            <div class = \"td-slider\">\r\n                                \r\n                    <div class = \"td-slide-item td-item1\">\r\n                        <figure class=\"td-slide-galery-figure td-slide-popup-gallery\">\r\n                            <a class=\"slide-gallery-image-link\" href=\"https:\/\/static.africa-press.net\/centrafricaine\/sites\/51\/2021\/12\/img-61b7ca9df3d66.jpg\" title=\"img-61b7ca9df3d66\"  data-caption=\"\"  data-description=\"\">\r\n                                <img decoding=\"async\" src=\"https:\/\/static.africa-press.net\/centrafricaine\/sites\/51\/2021\/12\/img-61b7ca9df3d66.jpg\" srcset=\"https:\/\/static.africa-press.net\/congo-brazzaville\/sites\/51\/2021\/12\/img-61b7ca9df3d66.jpg 1024w, https:\/\/static.africa-press.net\/congo-brazzaville\/sites\/51\/2021\/12\/img-61b7ca9df3d66-203x300.jpg 203w, https:\/\/static.africa-press.net\/congo-brazzaville\/sites\/51\/2021\/12\/img-61b7ca9df3d66-694x1024.jpg 694w, https:\/\/static.africa-press.net\/congo-brazzaville\/sites\/51\/2021\/12\/img-61b7ca9df3d66-768x1134.jpg 768w\" sizes=\"(max-width: 1024px) 100vw, 1024px\" alt=\"\">\r\n                            <\/a>\r\n                            \r\n                        <\/figure>\r\n                    <\/div>\r\n                            <\/div>\r\n                        <\/div>\r\n\r\n                        <div class = \"td-doubleSlider-2\">\r\n                            <div class = \"td-slider\">\r\n                                \r\n                    <div class = \"td-button td-item1\">\r\n                        <div class = \"td-border\"><\/div>\r\n                    <\/div>\r\n                            <\/div>\r\n                        <\/div>\r\n\r\n                    <\/div>\r\n\r\n                <\/div>\r\n                \n<p><strong>Pour plus d&rsquo;informations et d&rsquo;analyses sur la <a href=\"https:\/\/www.africa-press.net\/congo-brazzaville\">Congo Brazzaville<\/a>, suivez <a href=\"https:\/\/www.africa-press.net\/\">Africa-Press<\/a><\/strong><\/p>\n","protected":false},"excerpt":{"rendered":"<p>Africa-Press &#8211; Congo Brazzaville. L\u2019une des mesures prises par la Coordination nationale de gestion de la pand\u00e9mie de covid-19 pour contrer sa propagation et ses variants, le test PCR exig\u00e9 \u00e0 tous les passagers entrant et sortant du Congo cause frustration et indignation chez les voyageurs. Ils pointent son co\u00fbt jug\u00e9 tr\u00e8s \u00e9lev\u00e9 \u00e0 l\u2019a\u00e9roport [&hellip;]<\/p>\n","protected":false},"author":82,"featured_media":1755,"comment_status":"open","ping_status":"closed","sticky":false,"template":"","format":"standard","meta":{"footnotes":""},"categories":[21,11,8,10],"tags":[36,47,46],"class_list":["post-1756","post","type-post","status-publish","format-standard","has-post-thumbnail","hentry","category-communaute","category-homepage-french","category-photo","category-toutes-les-actualites","tag-africa-press","tag-africa-press-congo-brazzaville","tag-congo-brazzaville"],"yoast_head":"<!-- This site is optimized with the Yoast SEO Premium plugin v26.1 (Yoast SEO v27.0) - https:\/\/yoast.com\/product\/yoast-seo-premium-wordpress\/ -->\n<title>Covid-19 : le co\u00fbt du test PCR \u00e0 Maya-Maya fait grincer les dents - Congo Brazzaville<\/title>\n<meta name=\"description\" content=\"L\u2019une des mesures prises par la Coordination nationale de gestion de la pand\u00e9mie de covid-19 pour contrer sa propagat ...\" \/>\n<meta name=\"robots\" content=\"index, follow, max-snippet:-1, max-image-preview:large, max-video-preview:-1\" \/>\n<link rel=\"canonical\" href=\"https:\/\/www.africa-press.net\/congo-brazzaville\/photo\/covid-19-le-cout-du-test-pcr-a-maya-maya-fait-grincer-les-dents\" \/>\n<meta property=\"og:locale\" content=\"fr_FR\" \/>\n<meta property=\"og:type\" content=\"article\" \/>\n<meta property=\"og:title\" content=\"Covid-19 : le co\u00fbt du test PCR \u00e0 Maya-Maya fait grincer les dents\" \/>\n<meta property=\"og:description\" content=\"L\u2019une des mesures prises par la Coordination nationale de gestion de la pand\u00e9mie de covid-19 pour contrer sa propagat ...\" \/>\n<meta property=\"og:url\" content=\"https:\/\/www.africa-press.net\/congo-brazzaville\/photo\/covid-19-le-cout-du-test-pcr-a-maya-maya-fait-grincer-les-dents\" \/>\n<meta property=\"og:site_name\" content=\"Congo Brazzaville\" \/>\n<meta property=\"article:published_time\" content=\"2021-12-13T23:18:29+00:00\" \/>\n<meta property=\"og:image\" content=\"https:\/\/static.africa-press.net\/centrafricaine\/sites\/51\/2021\/12\/img-61b7caa77b74b.jpg\" \/>\n\t<meta property=\"og:image:width\" content=\"1024\" \/>\n\t<meta property=\"og:image:height\" content=\"1512\" \/>\n\t<meta property=\"og:image:type\" content=\"image\/jpeg\" \/>\n<meta name=\"author\" content=\"cfeditorfr\" \/>\n<meta name=\"twitter:card\" content=\"summary_large_image\" \/>\n<meta name=\"twitter:label1\" content=\"\u00c9crit par\" \/>\n\t<meta name=\"twitter:data1\" content=\"cfeditorfr\" \/>\n\t<meta name=\"twitter:label2\" content=\"Dur\u00e9e de lecture estim\u00e9e\" \/>\n\t<meta name=\"twitter:data2\" content=\"4 minutes\" \/>\n<script type=\"application\/ld+json\" class=\"yoast-schema-graph\">{\"@context\":\"https:\/\/schema.org\",\"@graph\":[{\"@type\":\"Article\",\"@id\":\"https:\/\/www.africa-press.net\/congo-brazzaville\/photo\/covid-19-le-cout-du-test-pcr-a-maya-maya-fait-grincer-les-dents#article\",\"isPartOf\":{\"@id\":\"https:\/\/www.africa-press.net\/congo-brazzaville\/photo\/covid-19-le-cout-du-test-pcr-a-maya-maya-fait-grincer-les-dents\"},\"author\":{\"name\":\"cfeditorfr\",\"@id\":\"https:\/\/www.africa-press.net\/congo-brazzaville\/#\/schema\/person\/2b1cf3cd81a31e3cd26889ca66d677f1\"},\"headline\":\"Covid-19 : le co\u00fbt du test PCR \u00e0 Maya-Maya fait grincer les dents\",\"datePublished\":\"2021-12-13T23:18:29+00:00\",\"mainEntityOfPage\":{\"@id\":\"https:\/\/www.africa-press.net\/congo-brazzaville\/photo\/covid-19-le-cout-du-test-pcr-a-maya-maya-fait-grincer-les-dents\"},\"wordCount\":751,\"commentCount\":0,\"image\":{\"@id\":\"https:\/\/www.africa-press.net\/congo-brazzaville\/photo\/covid-19-le-cout-du-test-pcr-a-maya-maya-fait-grincer-les-dents#primaryimage\"},\"thumbnailUrl\":\"https:\/\/static.africa-press.net\/centrafricaine\/sites\/51\/2021\/12\/img-61b7caa77b74b.jpg\",\"keywords\":[\"Africa Press\",\"Africa Press-Congo Brazzaville\",\"Congo Brazzaville\"],\"articleSection\":[\"Communaut\u00e9\",\"homepage-french\",\"Photo\",\"Toutes les actualit\u00e9s\"],\"inLanguage\":\"fr-FR\",\"potentialAction\":[{\"@type\":\"CommentAction\",\"name\":\"Comment\",\"target\":[\"https:\/\/www.africa-press.net\/congo-brazzaville\/photo\/covid-19-le-cout-du-test-pcr-a-maya-maya-fait-grincer-les-dents#respond\"]}]},{\"@type\":\"WebPage\",\"@id\":\"https:\/\/www.africa-press.net\/congo-brazzaville\/photo\/covid-19-le-cout-du-test-pcr-a-maya-maya-fait-grincer-les-dents\",\"url\":\"https:\/\/www.africa-press.net\/congo-brazzaville\/photo\/covid-19-le-cout-du-test-pcr-a-maya-maya-fait-grincer-les-dents\",\"name\":\"Covid-19 : le co\u00fbt du test PCR \u00e0 Maya-Maya fait grincer les dents - Congo Brazzaville\",\"isPartOf\":{\"@id\":\"https:\/\/www.africa-press.net\/congo-brazzaville\/#website\"},\"primaryImageOfPage\":{\"@id\":\"https:\/\/www.africa-press.net\/congo-brazzaville\/photo\/covid-19-le-cout-du-test-pcr-a-maya-maya-fait-grincer-les-dents#primaryimage\"},\"image\":{\"@id\":\"https:\/\/www.africa-press.net\/congo-brazzaville\/photo\/covid-19-le-cout-du-test-pcr-a-maya-maya-fait-grincer-les-dents#primaryimage\"},\"thumbnailUrl\":\"https:\/\/static.africa-press.net\/centrafricaine\/sites\/51\/2021\/12\/img-61b7caa77b74b.jpg\",\"datePublished\":\"2021-12-13T23:18:29+00:00\",\"author\":{\"@id\":\"https:\/\/www.africa-press.net\/congo-brazzaville\/#\/schema\/person\/2b1cf3cd81a31e3cd26889ca66d677f1\"},\"description\":\"L\u2019une des mesures prises par la Coordination nationale de gestion de la pand\u00e9mie de covid-19 pour contrer sa propagat ...\",\"breadcrumb\":{\"@id\":\"https:\/\/www.africa-press.net\/congo-brazzaville\/photo\/covid-19-le-cout-du-test-pcr-a-maya-maya-fait-grincer-les-dents#breadcrumb\"},\"inLanguage\":\"fr-FR\",\"potentialAction\":[{\"@type\":\"ReadAction\",\"target\":[\"https:\/\/www.africa-press.net\/congo-brazzaville\/photo\/covid-19-le-cout-du-test-pcr-a-maya-maya-fait-grincer-les-dents\"]}]},{\"@type\":\"ImageObject\",\"inLanguage\":\"fr-FR\",\"@id\":\"https:\/\/www.africa-press.net\/congo-brazzaville\/photo\/covid-19-le-cout-du-test-pcr-a-maya-maya-fait-grincer-les-dents#primaryimage\",\"url\":\"https:\/\/static.africa-press.net\/centrafricaine\/sites\/51\/2021\/12\/img-61b7caa77b74b.jpg\",\"contentUrl\":\"https:\/\/static.africa-press.net\/centrafricaine\/sites\/51\/2021\/12\/img-61b7caa77b74b.jpg\",\"width\":1024,\"height\":1512,\"caption\":\"Covid-19 : le co\u00fbt du test PCR \u00e0 Maya-Maya fait grincer les dents\"},{\"@type\":\"BreadcrumbList\",\"@id\":\"https:\/\/www.africa-press.net\/congo-brazzaville\/photo\/covid-19-le-cout-du-test-pcr-a-maya-maya-fait-grincer-les-dents#breadcrumb\",\"itemListElement\":[{\"@type\":\"ListItem\",\"position\":1,\"name\":\"Accueil\",\"item\":\"https:\/\/www.africa-press.net\/congo-brazzaville\/\"},{\"@type\":\"ListItem\",\"position\":2,\"name\":\"Covid-19 : le co\u00fbt du test PCR \u00e0 Maya-Maya fait grincer les dents\"}]},{\"@type\":\"WebSite\",\"@id\":\"https:\/\/www.africa-press.net\/congo-brazzaville\/#website\",\"url\":\"https:\/\/www.africa-press.net\/congo-brazzaville\/\",\"name\":\"Congo Brazzaville\",\"description\":\"Just another Africa News Agency Sites site\",\"potentialAction\":[{\"@type\":\"SearchAction\",\"target\":{\"@type\":\"EntryPoint\",\"urlTemplate\":\"https:\/\/www.africa-press.net\/congo-brazzaville\/?s={search_term_string}\"},\"query-input\":{\"@type\":\"PropertyValueSpecification\",\"valueRequired\":true,\"valueName\":\"search_term_string\"}}],\"inLanguage\":\"fr-FR\"},{\"@type\":\"Person\",\"@id\":\"https:\/\/www.africa-press.net\/congo-brazzaville\/#\/schema\/person\/2b1cf3cd81a31e3cd26889ca66d677f1\",\"name\":\"cfeditorfr\"}]}<\/script>\n<!-- \/ Yoast SEO Premium plugin. -->","yoast_head_json":{"title":"Covid-19 : le co\u00fbt du test PCR \u00e0 Maya-Maya fait grincer les dents - Congo Brazzaville","description":"L\u2019une des mesures prises par la Coordination nationale de gestion de la pand\u00e9mie de covid-19 pour contrer sa propagat ...","robots":{"index":"index","follow":"follow","max-snippet":"max-snippet:-1","max-image-preview":"max-image-preview:large","max-video-preview":"max-video-preview:-1"},"canonical":"https:\/\/www.africa-press.net\/congo-brazzaville\/photo\/covid-19-le-cout-du-test-pcr-a-maya-maya-fait-grincer-les-dents","og_locale":"fr_FR","og_type":"article","og_title":"Covid-19 : le co\u00fbt du test PCR \u00e0 Maya-Maya fait grincer les dents","og_description":"L\u2019une des mesures prises par la Coordination nationale de gestion de la pand\u00e9mie de covid-19 pour contrer sa propagat ...","og_url":"https:\/\/www.africa-press.net\/congo-brazzaville\/photo\/covid-19-le-cout-du-test-pcr-a-maya-maya-fait-grincer-les-dents","og_site_name":"Congo Brazzaville","article_published_time":"2021-12-13T23:18:29+00:00","og_image":[{"width":1024,"height":1512,"url":"https:\/\/static.africa-press.net\/centrafricaine\/sites\/51\/2021\/12\/img-61b7caa77b74b.jpg","type":"image\/jpeg"}],"author":"cfeditorfr","twitter_card":"summary_large_image","twitter_misc":{"\u00c9crit par":"cfeditorfr","Dur\u00e9e de lecture estim\u00e9e":"4 minutes"},"schema":{"@context":"https:\/\/schema.org","@graph":[{"@type":"Article","@id":"https:\/\/www.africa-press.net\/congo-brazzaville\/photo\/covid-19-le-cout-du-test-pcr-a-maya-maya-fait-grincer-les-dents#article","isPartOf":{"@id":"https:\/\/www.africa-press.net\/congo-brazzaville\/photo\/covid-19-le-cout-du-test-pcr-a-maya-maya-fait-grincer-les-dents"},"author":{"name":"cfeditorfr","@id":"https:\/\/www.africa-press.net\/congo-brazzaville\/#\/schema\/person\/2b1cf3cd81a31e3cd26889ca66d677f1"},"headline":"Covid-19 : le co\u00fbt du test PCR \u00e0 Maya-Maya fait grincer les dents","datePublished":"2021-12-13T23:18:29+00:00","mainEntityOfPage":{"@id":"https:\/\/www.africa-press.net\/congo-brazzaville\/photo\/covid-19-le-cout-du-test-pcr-a-maya-maya-fait-grincer-les-dents"},"wordCount":751,"commentCount":0,"image":{"@id":"https:\/\/www.africa-press.net\/congo-brazzaville\/photo\/covid-19-le-cout-du-test-pcr-a-maya-maya-fait-grincer-les-dents#primaryimage"},"thumbnailUrl":"https:\/\/static.africa-press.net\/centrafricaine\/sites\/51\/2021\/12\/img-61b7caa77b74b.jpg","keywords":["Africa Press","Africa Press-Congo Brazzaville","Congo Brazzaville"],"articleSection":["Communaut\u00e9","homepage-french","Photo","Toutes les actualit\u00e9s"],"inLanguage":"fr-FR","potentialAction":[{"@type":"CommentAction","name":"Comment","target":["https:\/\/www.africa-press.net\/congo-brazzaville\/photo\/covid-19-le-cout-du-test-pcr-a-maya-maya-fait-grincer-les-dents#respond"]}]},{"@type":"WebPage","@id":"https:\/\/www.africa-press.net\/congo-brazzaville\/photo\/covid-19-le-cout-du-test-pcr-a-maya-maya-fait-grincer-les-dents","url":"https:\/\/www.africa-press.net\/congo-brazzaville\/photo\/covid-19-le-cout-du-test-pcr-a-maya-maya-fait-grincer-les-dents","name":"Covid-19 : le co\u00fbt du test PCR \u00e0 Maya-Maya fait grincer les dents - Congo Brazzaville","isPartOf":{"@id":"https:\/\/www.africa-press.net\/congo-brazzaville\/#website"},"primaryImageOfPage":{"@id":"https:\/\/www.africa-press.net\/congo-brazzaville\/photo\/covid-19-le-cout-du-test-pcr-a-maya-maya-fait-grincer-les-dents#primaryimage"},"image":{"@id":"https:\/\/www.africa-press.net\/congo-brazzaville\/photo\/covid-19-le-cout-du-test-pcr-a-maya-maya-fait-grincer-les-dents#primaryimage"},"thumbnailUrl":"https:\/\/static.africa-press.net\/centrafricaine\/sites\/51\/2021\/12\/img-61b7caa77b74b.jpg","datePublished":"2021-12-13T23:18:29+00:00","author":{"@id":"https:\/\/www.africa-press.net\/congo-brazzaville\/#\/schema\/person\/2b1cf3cd81a31e3cd26889ca66d677f1"},"description":"L\u2019une des mesures prises par la Coordination nationale de gestion de la pand\u00e9mie de covid-19 pour contrer sa propagat ...","breadcrumb":{"@id":"https:\/\/www.africa-press.net\/congo-brazzaville\/photo\/covid-19-le-cout-du-test-pcr-a-maya-maya-fait-grincer-les-dents#breadcrumb"},"inLanguage":"fr-FR","potentialAction":[{"@type":"ReadAction","target":["https:\/\/www.africa-press.net\/congo-brazzaville\/photo\/covid-19-le-cout-du-test-pcr-a-maya-maya-fait-grincer-les-dents"]}]},{"@type":"ImageObject","inLanguage":"fr-FR","@id":"https:\/\/www.africa-press.net\/congo-brazzaville\/photo\/covid-19-le-cout-du-test-pcr-a-maya-maya-fait-grincer-les-dents#primaryimage","url":"https:\/\/static.africa-press.net\/centrafricaine\/sites\/51\/2021\/12\/img-61b7caa77b74b.jpg","contentUrl":"https:\/\/static.africa-press.net\/centrafricaine\/sites\/51\/2021\/12\/img-61b7caa77b74b.jpg","width":1024,"height":1512,"caption":"Covid-19 : le co\u00fbt du test PCR \u00e0 Maya-Maya fait grincer les dents"},{"@type":"BreadcrumbList","@id":"https:\/\/www.africa-press.net\/congo-brazzaville\/photo\/covid-19-le-cout-du-test-pcr-a-maya-maya-fait-grincer-les-dents#breadcrumb","itemListElement":[{"@type":"ListItem","position":1,"name":"Accueil","item":"https:\/\/www.africa-press.net\/congo-brazzaville\/"},{"@type":"ListItem","position":2,"name":"Covid-19 : le co\u00fbt du test PCR \u00e0 Maya-Maya fait grincer les dents"}]},{"@type":"WebSite","@id":"https:\/\/www.africa-press.net\/congo-brazzaville\/#website","url":"https:\/\/www.africa-press.net\/congo-brazzaville\/","name":"Congo Brazzaville","description":"Just another Africa News Agency Sites site","potentialAction":[{"@type":"SearchAction","target":{"@type":"EntryPoint","urlTemplate":"https:\/\/www.africa-press.net\/congo-brazzaville\/?s={search_term_string}"},"query-input":{"@type":"PropertyValueSpecification","valueRequired":true,"valueName":"search_term_string"}}],"inLanguage":"fr-FR"},{"@type":"Person","@id":"https:\/\/www.africa-press.net\/congo-brazzaville\/#\/schema\/person\/2b1cf3cd81a31e3cd26889ca66d677f1","name":"cfeditorfr"}]}},"_links":{"self":[{"href":"https:\/\/www.africa-press.net\/congo-brazzaville\/wp-json\/wp\/v2\/posts\/1756","targetHints":{"allow":["GET"]}}],"collection":[{"href":"https:\/\/www.africa-press.net\/congo-brazzaville\/wp-json\/wp\/v2\/posts"}],"about":[{"href":"https:\/\/www.africa-press.net\/congo-brazzaville\/wp-json\/wp\/v2\/types\/post"}],"author":[{"embeddable":true,"href":"https:\/\/www.africa-press.net\/congo-brazzaville\/wp-json\/wp\/v2\/users\/82"}],"replies":[{"embeddable":true,"href":"https:\/\/www.africa-press.net\/congo-brazzaville\/wp-json\/wp\/v2\/comments?post=1756"}],"version-history":[{"count":0,"href":"https:\/\/www.africa-press.net\/congo-brazzaville\/wp-json\/wp\/v2\/posts\/1756\/revisions"}],"wp:featuredmedia":[{"embeddable":true,"href":"https:\/\/www.africa-press.net\/congo-brazzaville\/wp-json\/wp\/v2\/media\/1755"}],"wp:attachment":[{"href":"https:\/\/www.africa-press.net\/congo-brazzaville\/wp-json\/wp\/v2\/media?parent=1756"}],"wp:term":[{"taxonomy":"category","embeddable":true,"href":"https:\/\/www.africa-press.net\/congo-brazzaville\/wp-json\/wp\/v2\/categories?post=1756"},{"taxonomy":"post_tag","embeddable":true,"href":"https:\/\/www.africa-press.net\/congo-brazzaville\/wp-json\/wp\/v2\/tags?post=1756"}],"curies":[{"name":"wp","href":"https:\/\/api.w.org\/{rel}","templated":true}]}}