{"id":1760,"date":"2021-12-13T23:27:14","date_gmt":"2021-12-13T23:27:14","guid":{"rendered":"https:\/\/www.africa-press.net\/congo-brazzaville\/?p=1760"},"modified":"2021-12-13T22:36:28","modified_gmt":"2021-12-13T22:36:28","slug":"oeuvres-sociales-des-kits-alimentaires-pour-des-handicapes-a-brazzaville","status":"publish","type":"post","link":"https:\/\/www.africa-press.net\/congo-brazzaville\/photo\/oeuvres-sociales-des-kits-alimentaires-pour-des-handicapes-a-brazzaville","title":{"rendered":"\u0152uvres sociales : des kits alimentaires pour des handicap\u00e9s  \u00e0 Brazzaville"},"content":{"rendered":"<p><span style=\"color: #ff6600\"><strong>Africa-Press &#8211; Congo Brazzaville. <\/strong><\/span><b>L\u2019association communautaire pour le d\u00e9veloppement des quartiers, pr\u00e9sid\u00e9e par Alban Kaki, en collaboration avec l\u2019Union nationale des personnes handicap\u00e9es du Congo que dirige Castard Dzaou Pambou, a remis, le 10 d\u00e9cembre \u00e0 Brazzaville, des kits alimentaires aux personnes vivant avec handicap.<\/b><\/p>\n<p>La donation a \u00e9t\u00e9 faite dans le cadre de la comm\u00e9moration en diff\u00e9r\u00e9 de la Journ\u00e9e internationale des personnes handicap\u00e9es.<\/p>\n<p><b>\u00ab Nous \u0153uvrons depuis cinq ans pour le d\u00e9veloppement communautaire. Nous avons un plan pr\u00e9cis pour accompagner les personnes handicap\u00e9es \u00bb,<\/b><\/p>\n<p>a dit Alban Kaki, pr\u00e9sident de l\u2019Association communautaire pour le d\u00e9veloppement des quartiers.<\/p>\n<p>Au terme de la r\u00e9ception du don, l\u2019Union nationale des personnes handicap\u00e9es du Congo et ses membres ont remerci\u00e9 le donateur, implorant l\u2019aide des autres humanistes nationaux.<\/p>\n<p>Signalons que la journ\u00e9e internationale des personnes handicap\u00e9es est c\u00e9l\u00e9br\u00e9e chaque ann\u00e9e le 3 d\u00e9cembre depuis 1992, \u00e0 l\u2019initiative de l\u2019Organisation des Nations unies. Elle vise \u00e0 promouvoir la compr\u00e9hension des questions de handicap et \u00e0 mobiliser le soutien pour la dignit\u00e9, le droit et le bien-\u00eatre des personnes handicap\u00e9es.<\/p>\n\r\n                <style type=\"text\/css\">\r\n                    \r\n                    #td_uid_1_69f50b94279eb  .td-doubleSlider-2 .td-item1 {\r\n                        background: url(https:\/\/static.africa-press.net\/centrafricaine\/sites\/51\/2021\/12\/img-61b7cac8a1166-80x60.jpg) 0 0 no-repeat;\r\n                    }\r\n                <\/style>\r\n\r\n                <div id=\"td_uid_1_69f50b94279eb\" class=\"td-gallery td-slide-on-2-columns\">\r\n                    <div class=\"post_td_gallery\">\r\n                        <div class=\"td-gallery-slide-top\">\r\n                           <div class=\"td-gallery-title\"><\/div>\r\n\r\n                            <div class=\"td-gallery-controls-wrapper\">\r\n                                <div class=\"td-gallery-slide-count\"><span class=\"td-gallery-slide-item-focus\">1<\/span> de 2<\/div>\r\n                                <div class=\"td-gallery-slide-prev-next-but\">\r\n                                    <i class = \"td-icon-left doubleSliderPrevButton\"><\/i>\r\n                                    <i class = \"td-icon-right doubleSliderNextButton\"><\/i>\r\n                                <\/div>\r\n                            <\/div>\r\n                        <\/div>\r\n\r\n                        <div class = \"td-doubleSlider-1 \">\r\n                            <div class = \"td-slider\">\r\n                                \r\n                    <div class = \"td-slide-item td-item1\">\r\n                        <figure class=\"td-slide-galery-figure td-slide-popup-gallery\">\r\n                            <a class=\"slide-gallery-image-link\" href=\"https:\/\/static.africa-press.net\/centrafricaine\/sites\/51\/2021\/12\/img-61b7cac8a1166.jpg\" title=\"img-61b7cac8a1166\"  data-caption=\"\"  data-description=\"\">\r\n                                <img decoding=\"async\" src=\"https:\/\/static.africa-press.net\/centrafricaine\/sites\/51\/2021\/12\/img-61b7cac8a1166.jpg\" srcset=\"https:\/\/static.africa-press.net\/congo-brazzaville\/sites\/51\/2021\/12\/img-61b7cac8a1166.jpg 1600w, https:\/\/static.africa-press.net\/congo-brazzaville\/sites\/51\/2021\/12\/img-61b7cac8a1166-300x225.jpg 300w, https:\/\/static.africa-press.net\/congo-brazzaville\/sites\/51\/2021\/12\/img-61b7cac8a1166-1024x768.jpg 1024w, https:\/\/static.africa-press.net\/congo-brazzaville\/sites\/51\/2021\/12\/img-61b7cac8a1166-768x576.jpg 768w, https:\/\/static.africa-press.net\/congo-brazzaville\/sites\/51\/2021\/12\/img-61b7cac8a1166-1536x1152.jpg 1536w, https:\/\/static.africa-press.net\/congo-brazzaville\/sites\/51\/2021\/12\/img-61b7cac8a1166-80x60.jpg 80w\" sizes=\"(max-width: 1600px) 100vw, 1600px\" alt=\"\">\r\n                            <\/a>\r\n                            \r\n                        <\/figure>\r\n                    <\/div>\r\n                            <\/div>\r\n                        <\/div>\r\n\r\n                        <div class = \"td-doubleSlider-2\">\r\n                            <div class = \"td-slider\">\r\n                                \r\n                    <div class = \"td-button td-item1\">\r\n                        <div class = \"td-border\"><\/div>\r\n                    <\/div>\r\n                            <\/div>\r\n                        <\/div>\r\n\r\n                    <\/div>\r\n\r\n                <\/div>\r\n                \n<p><strong>Pour plus d&rsquo;informations et d&rsquo;analyses sur la <a href=\"https:\/\/www.africa-press.net\/congo-brazzaville\">Congo Brazzaville<\/a>, suivez <a href=\"https:\/\/www.africa-press.net\/\">Africa-Press<\/a><\/strong><\/p>\n","protected":false},"excerpt":{"rendered":"<p>Africa-Press &#8211; Congo Brazzaville. L\u2019association communautaire pour le d\u00e9veloppement des quartiers, pr\u00e9sid\u00e9e par Alban Kaki, en collaboration avec l\u2019Union nationale des personnes handicap\u00e9es du Congo que dirige Castard Dzaou Pambou, a remis, le 10 d\u00e9cembre \u00e0 Brazzaville, des kits alimentaires aux personnes vivant avec handicap. La donation a \u00e9t\u00e9 faite dans le cadre de la [&hellip;]<\/p>\n","protected":false},"author":82,"featured_media":1759,"comment_status":"open","ping_status":"closed","sticky":false,"template":"","format":"standard","meta":{"footnotes":""},"categories":[21,11,8,10],"tags":[36,47,46],"class_list":["post-1760","post","type-post","status-publish","format-standard","has-post-thumbnail","hentry","category-communaute","category-homepage-french","category-photo","category-toutes-les-actualites","tag-africa-press","tag-africa-press-congo-brazzaville","tag-congo-brazzaville"],"yoast_head":"<!-- This site is optimized with the Yoast SEO Premium plugin v26.1 (Yoast SEO v27.0) - https:\/\/yoast.com\/product\/yoast-seo-premium-wordpress\/ -->\n<title>\u0152uvres sociales : des kits alimentaires pour des handicap\u00e9s \u00e0 Brazzaville - Congo Brazzaville<\/title>\n<meta name=\"description\" content=\"L\u2019association communautaire pour le d\u00e9veloppement des quartiers, pr\u00e9sid\u00e9e par Alban Kaki, en collaboration avec l\u2019Uni ...\" \/>\n<meta name=\"robots\" content=\"index, follow, max-snippet:-1, max-image-preview:large, max-video-preview:-1\" \/>\n<link rel=\"canonical\" href=\"https:\/\/www.africa-press.net\/congo-brazzaville\/photo\/oeuvres-sociales-des-kits-alimentaires-pour-des-handicapes-a-brazzaville\" \/>\n<meta property=\"og:locale\" content=\"fr_FR\" \/>\n<meta property=\"og:type\" content=\"article\" \/>\n<meta property=\"og:title\" content=\"\u0152uvres sociales : des kits alimentaires pour des handicap\u00e9s \u00e0 Brazzaville\" \/>\n<meta property=\"og:description\" content=\"L\u2019association communautaire pour le d\u00e9veloppement des quartiers, pr\u00e9sid\u00e9e par Alban Kaki, en collaboration avec l\u2019Uni ...\" \/>\n<meta property=\"og:url\" content=\"https:\/\/www.africa-press.net\/congo-brazzaville\/photo\/oeuvres-sociales-des-kits-alimentaires-pour-des-handicapes-a-brazzaville\" \/>\n<meta property=\"og:site_name\" content=\"Congo Brazzaville\" \/>\n<meta property=\"article:published_time\" content=\"2021-12-13T23:27:14+00:00\" \/>\n<meta property=\"og:image\" content=\"https:\/\/static.africa-press.net\/centrafricaine\/sites\/51\/2021\/12\/img-61b7cad323536.jpg\" \/>\n\t<meta property=\"og:image:width\" content=\"1600\" \/>\n\t<meta property=\"og:image:height\" content=\"1200\" \/>\n\t<meta property=\"og:image:type\" content=\"image\/jpeg\" \/>\n<meta name=\"author\" content=\"cfeditorfr\" \/>\n<meta name=\"twitter:card\" content=\"summary_large_image\" \/>\n<meta name=\"twitter:label1\" content=\"\u00c9crit par\" \/>\n\t<meta name=\"twitter:data1\" content=\"cfeditorfr\" \/>\n\t<meta name=\"twitter:label2\" content=\"Dur\u00e9e de lecture estim\u00e9e\" \/>\n\t<meta name=\"twitter:data2\" content=\"1 minute\" \/>\n<script type=\"application\/ld+json\" class=\"yoast-schema-graph\">{\"@context\":\"https:\/\/schema.org\",\"@graph\":[{\"@type\":\"Article\",\"@id\":\"https:\/\/www.africa-press.net\/congo-brazzaville\/photo\/oeuvres-sociales-des-kits-alimentaires-pour-des-handicapes-a-brazzaville#article\",\"isPartOf\":{\"@id\":\"https:\/\/www.africa-press.net\/congo-brazzaville\/photo\/oeuvres-sociales-des-kits-alimentaires-pour-des-handicapes-a-brazzaville\"},\"author\":{\"name\":\"cfeditorfr\",\"@id\":\"https:\/\/www.africa-press.net\/congo-brazzaville\/#\/schema\/person\/2b1cf3cd81a31e3cd26889ca66d677f1\"},\"headline\":\"\u0152uvres sociales : des kits alimentaires pour des handicap\u00e9s \u00e0 Brazzaville\",\"datePublished\":\"2021-12-13T23:27:14+00:00\",\"mainEntityOfPage\":{\"@id\":\"https:\/\/www.africa-press.net\/congo-brazzaville\/photo\/oeuvres-sociales-des-kits-alimentaires-pour-des-handicapes-a-brazzaville\"},\"wordCount\":233,\"commentCount\":0,\"image\":{\"@id\":\"https:\/\/www.africa-press.net\/congo-brazzaville\/photo\/oeuvres-sociales-des-kits-alimentaires-pour-des-handicapes-a-brazzaville#primaryimage\"},\"thumbnailUrl\":\"https:\/\/static.africa-press.net\/centrafricaine\/sites\/51\/2021\/12\/img-61b7cad323536.jpg\",\"keywords\":[\"Africa Press\",\"Africa Press-Congo Brazzaville\",\"Congo Brazzaville\"],\"articleSection\":[\"Communaut\u00e9\",\"homepage-french\",\"Photo\",\"Toutes les actualit\u00e9s\"],\"inLanguage\":\"fr-FR\",\"potentialAction\":[{\"@type\":\"CommentAction\",\"name\":\"Comment\",\"target\":[\"https:\/\/www.africa-press.net\/congo-brazzaville\/photo\/oeuvres-sociales-des-kits-alimentaires-pour-des-handicapes-a-brazzaville#respond\"]}]},{\"@type\":\"WebPage\",\"@id\":\"https:\/\/www.africa-press.net\/congo-brazzaville\/photo\/oeuvres-sociales-des-kits-alimentaires-pour-des-handicapes-a-brazzaville\",\"url\":\"https:\/\/www.africa-press.net\/congo-brazzaville\/photo\/oeuvres-sociales-des-kits-alimentaires-pour-des-handicapes-a-brazzaville\",\"name\":\"\u0152uvres sociales : des kits alimentaires pour des handicap\u00e9s \u00e0 Brazzaville - Congo Brazzaville\",\"isPartOf\":{\"@id\":\"https:\/\/www.africa-press.net\/congo-brazzaville\/#website\"},\"primaryImageOfPage\":{\"@id\":\"https:\/\/www.africa-press.net\/congo-brazzaville\/photo\/oeuvres-sociales-des-kits-alimentaires-pour-des-handicapes-a-brazzaville#primaryimage\"},\"image\":{\"@id\":\"https:\/\/www.africa-press.net\/congo-brazzaville\/photo\/oeuvres-sociales-des-kits-alimentaires-pour-des-handicapes-a-brazzaville#primaryimage\"},\"thumbnailUrl\":\"https:\/\/static.africa-press.net\/centrafricaine\/sites\/51\/2021\/12\/img-61b7cad323536.jpg\",\"datePublished\":\"2021-12-13T23:27:14+00:00\",\"author\":{\"@id\":\"https:\/\/www.africa-press.net\/congo-brazzaville\/#\/schema\/person\/2b1cf3cd81a31e3cd26889ca66d677f1\"},\"description\":\"L\u2019association communautaire pour le d\u00e9veloppement des quartiers, pr\u00e9sid\u00e9e par Alban Kaki, en collaboration avec l\u2019Uni ...\",\"breadcrumb\":{\"@id\":\"https:\/\/www.africa-press.net\/congo-brazzaville\/photo\/oeuvres-sociales-des-kits-alimentaires-pour-des-handicapes-a-brazzaville#breadcrumb\"},\"inLanguage\":\"fr-FR\",\"potentialAction\":[{\"@type\":\"ReadAction\",\"target\":[\"https:\/\/www.africa-press.net\/congo-brazzaville\/photo\/oeuvres-sociales-des-kits-alimentaires-pour-des-handicapes-a-brazzaville\"]}]},{\"@type\":\"ImageObject\",\"inLanguage\":\"fr-FR\",\"@id\":\"https:\/\/www.africa-press.net\/congo-brazzaville\/photo\/oeuvres-sociales-des-kits-alimentaires-pour-des-handicapes-a-brazzaville#primaryimage\",\"url\":\"https:\/\/static.africa-press.net\/centrafricaine\/sites\/51\/2021\/12\/img-61b7cad323536.jpg\",\"contentUrl\":\"https:\/\/static.africa-press.net\/centrafricaine\/sites\/51\/2021\/12\/img-61b7cad323536.jpg\",\"width\":1600,\"height\":1200,\"caption\":\"\u0152uvres sociales : des kits alimentaires pour des handicap\u00e9s \u00e0 Brazzaville\"},{\"@type\":\"BreadcrumbList\",\"@id\":\"https:\/\/www.africa-press.net\/congo-brazzaville\/photo\/oeuvres-sociales-des-kits-alimentaires-pour-des-handicapes-a-brazzaville#breadcrumb\",\"itemListElement\":[{\"@type\":\"ListItem\",\"position\":1,\"name\":\"Accueil\",\"item\":\"https:\/\/www.africa-press.net\/congo-brazzaville\/\"},{\"@type\":\"ListItem\",\"position\":2,\"name\":\"\u0152uvres sociales : des kits alimentaires pour des handicap\u00e9s \u00e0 Brazzaville\"}]},{\"@type\":\"WebSite\",\"@id\":\"https:\/\/www.africa-press.net\/congo-brazzaville\/#website\",\"url\":\"https:\/\/www.africa-press.net\/congo-brazzaville\/\",\"name\":\"Congo Brazzaville\",\"description\":\"Just another Africa News Agency Sites site\",\"potentialAction\":[{\"@type\":\"SearchAction\",\"target\":{\"@type\":\"EntryPoint\",\"urlTemplate\":\"https:\/\/www.africa-press.net\/congo-brazzaville\/?s={search_term_string}\"},\"query-input\":{\"@type\":\"PropertyValueSpecification\",\"valueRequired\":true,\"valueName\":\"search_term_string\"}}],\"inLanguage\":\"fr-FR\"},{\"@type\":\"Person\",\"@id\":\"https:\/\/www.africa-press.net\/congo-brazzaville\/#\/schema\/person\/2b1cf3cd81a31e3cd26889ca66d677f1\",\"name\":\"cfeditorfr\"}]}<\/script>\n<!-- \/ Yoast SEO Premium plugin. -->","yoast_head_json":{"title":"\u0152uvres sociales : des kits alimentaires pour des handicap\u00e9s \u00e0 Brazzaville - Congo Brazzaville","description":"L\u2019association communautaire pour le d\u00e9veloppement des quartiers, pr\u00e9sid\u00e9e par Alban Kaki, en collaboration avec l\u2019Uni ...","robots":{"index":"index","follow":"follow","max-snippet":"max-snippet:-1","max-image-preview":"max-image-preview:large","max-video-preview":"max-video-preview:-1"},"canonical":"https:\/\/www.africa-press.net\/congo-brazzaville\/photo\/oeuvres-sociales-des-kits-alimentaires-pour-des-handicapes-a-brazzaville","og_locale":"fr_FR","og_type":"article","og_title":"\u0152uvres sociales : des kits alimentaires pour des handicap\u00e9s \u00e0 Brazzaville","og_description":"L\u2019association communautaire pour le d\u00e9veloppement des quartiers, pr\u00e9sid\u00e9e par Alban Kaki, en collaboration avec l\u2019Uni ...","og_url":"https:\/\/www.africa-press.net\/congo-brazzaville\/photo\/oeuvres-sociales-des-kits-alimentaires-pour-des-handicapes-a-brazzaville","og_site_name":"Congo Brazzaville","article_published_time":"2021-12-13T23:27:14+00:00","og_image":[{"width":1600,"height":1200,"url":"https:\/\/static.africa-press.net\/centrafricaine\/sites\/51\/2021\/12\/img-61b7cad323536.jpg","type":"image\/jpeg"}],"author":"cfeditorfr","twitter_card":"summary_large_image","twitter_misc":{"\u00c9crit par":"cfeditorfr","Dur\u00e9e de lecture estim\u00e9e":"1 minute"},"schema":{"@context":"https:\/\/schema.org","@graph":[{"@type":"Article","@id":"https:\/\/www.africa-press.net\/congo-brazzaville\/photo\/oeuvres-sociales-des-kits-alimentaires-pour-des-handicapes-a-brazzaville#article","isPartOf":{"@id":"https:\/\/www.africa-press.net\/congo-brazzaville\/photo\/oeuvres-sociales-des-kits-alimentaires-pour-des-handicapes-a-brazzaville"},"author":{"name":"cfeditorfr","@id":"https:\/\/www.africa-press.net\/congo-brazzaville\/#\/schema\/person\/2b1cf3cd81a31e3cd26889ca66d677f1"},"headline":"\u0152uvres sociales : des kits alimentaires pour des handicap\u00e9s \u00e0 Brazzaville","datePublished":"2021-12-13T23:27:14+00:00","mainEntityOfPage":{"@id":"https:\/\/www.africa-press.net\/congo-brazzaville\/photo\/oeuvres-sociales-des-kits-alimentaires-pour-des-handicapes-a-brazzaville"},"wordCount":233,"commentCount":0,"image":{"@id":"https:\/\/www.africa-press.net\/congo-brazzaville\/photo\/oeuvres-sociales-des-kits-alimentaires-pour-des-handicapes-a-brazzaville#primaryimage"},"thumbnailUrl":"https:\/\/static.africa-press.net\/centrafricaine\/sites\/51\/2021\/12\/img-61b7cad323536.jpg","keywords":["Africa Press","Africa Press-Congo Brazzaville","Congo Brazzaville"],"articleSection":["Communaut\u00e9","homepage-french","Photo","Toutes les actualit\u00e9s"],"inLanguage":"fr-FR","potentialAction":[{"@type":"CommentAction","name":"Comment","target":["https:\/\/www.africa-press.net\/congo-brazzaville\/photo\/oeuvres-sociales-des-kits-alimentaires-pour-des-handicapes-a-brazzaville#respond"]}]},{"@type":"WebPage","@id":"https:\/\/www.africa-press.net\/congo-brazzaville\/photo\/oeuvres-sociales-des-kits-alimentaires-pour-des-handicapes-a-brazzaville","url":"https:\/\/www.africa-press.net\/congo-brazzaville\/photo\/oeuvres-sociales-des-kits-alimentaires-pour-des-handicapes-a-brazzaville","name":"\u0152uvres sociales : des kits alimentaires pour des handicap\u00e9s \u00e0 Brazzaville - Congo Brazzaville","isPartOf":{"@id":"https:\/\/www.africa-press.net\/congo-brazzaville\/#website"},"primaryImageOfPage":{"@id":"https:\/\/www.africa-press.net\/congo-brazzaville\/photo\/oeuvres-sociales-des-kits-alimentaires-pour-des-handicapes-a-brazzaville#primaryimage"},"image":{"@id":"https:\/\/www.africa-press.net\/congo-brazzaville\/photo\/oeuvres-sociales-des-kits-alimentaires-pour-des-handicapes-a-brazzaville#primaryimage"},"thumbnailUrl":"https:\/\/static.africa-press.net\/centrafricaine\/sites\/51\/2021\/12\/img-61b7cad323536.jpg","datePublished":"2021-12-13T23:27:14+00:00","author":{"@id":"https:\/\/www.africa-press.net\/congo-brazzaville\/#\/schema\/person\/2b1cf3cd81a31e3cd26889ca66d677f1"},"description":"L\u2019association communautaire pour le d\u00e9veloppement des quartiers, pr\u00e9sid\u00e9e par Alban Kaki, en collaboration avec l\u2019Uni ...","breadcrumb":{"@id":"https:\/\/www.africa-press.net\/congo-brazzaville\/photo\/oeuvres-sociales-des-kits-alimentaires-pour-des-handicapes-a-brazzaville#breadcrumb"},"inLanguage":"fr-FR","potentialAction":[{"@type":"ReadAction","target":["https:\/\/www.africa-press.net\/congo-brazzaville\/photo\/oeuvres-sociales-des-kits-alimentaires-pour-des-handicapes-a-brazzaville"]}]},{"@type":"ImageObject","inLanguage":"fr-FR","@id":"https:\/\/www.africa-press.net\/congo-brazzaville\/photo\/oeuvres-sociales-des-kits-alimentaires-pour-des-handicapes-a-brazzaville#primaryimage","url":"https:\/\/static.africa-press.net\/centrafricaine\/sites\/51\/2021\/12\/img-61b7cad323536.jpg","contentUrl":"https:\/\/static.africa-press.net\/centrafricaine\/sites\/51\/2021\/12\/img-61b7cad323536.jpg","width":1600,"height":1200,"caption":"\u0152uvres sociales : des kits alimentaires pour des handicap\u00e9s \u00e0 Brazzaville"},{"@type":"BreadcrumbList","@id":"https:\/\/www.africa-press.net\/congo-brazzaville\/photo\/oeuvres-sociales-des-kits-alimentaires-pour-des-handicapes-a-brazzaville#breadcrumb","itemListElement":[{"@type":"ListItem","position":1,"name":"Accueil","item":"https:\/\/www.africa-press.net\/congo-brazzaville\/"},{"@type":"ListItem","position":2,"name":"\u0152uvres sociales : des kits alimentaires pour des handicap\u00e9s \u00e0 Brazzaville"}]},{"@type":"WebSite","@id":"https:\/\/www.africa-press.net\/congo-brazzaville\/#website","url":"https:\/\/www.africa-press.net\/congo-brazzaville\/","name":"Congo Brazzaville","description":"Just another Africa News Agency Sites site","potentialAction":[{"@type":"SearchAction","target":{"@type":"EntryPoint","urlTemplate":"https:\/\/www.africa-press.net\/congo-brazzaville\/?s={search_term_string}"},"query-input":{"@type":"PropertyValueSpecification","valueRequired":true,"valueName":"search_term_string"}}],"inLanguage":"fr-FR"},{"@type":"Person","@id":"https:\/\/www.africa-press.net\/congo-brazzaville\/#\/schema\/person\/2b1cf3cd81a31e3cd26889ca66d677f1","name":"cfeditorfr"}]}},"_links":{"self":[{"href":"https:\/\/www.africa-press.net\/congo-brazzaville\/wp-json\/wp\/v2\/posts\/1760","targetHints":{"allow":["GET"]}}],"collection":[{"href":"https:\/\/www.africa-press.net\/congo-brazzaville\/wp-json\/wp\/v2\/posts"}],"about":[{"href":"https:\/\/www.africa-press.net\/congo-brazzaville\/wp-json\/wp\/v2\/types\/post"}],"author":[{"embeddable":true,"href":"https:\/\/www.africa-press.net\/congo-brazzaville\/wp-json\/wp\/v2\/users\/82"}],"replies":[{"embeddable":true,"href":"https:\/\/www.africa-press.net\/congo-brazzaville\/wp-json\/wp\/v2\/comments?post=1760"}],"version-history":[{"count":0,"href":"https:\/\/www.africa-press.net\/congo-brazzaville\/wp-json\/wp\/v2\/posts\/1760\/revisions"}],"wp:featuredmedia":[{"embeddable":true,"href":"https:\/\/www.africa-press.net\/congo-brazzaville\/wp-json\/wp\/v2\/media\/1759"}],"wp:attachment":[{"href":"https:\/\/www.africa-press.net\/congo-brazzaville\/wp-json\/wp\/v2\/media?parent=1760"}],"wp:term":[{"taxonomy":"category","embeddable":true,"href":"https:\/\/www.africa-press.net\/congo-brazzaville\/wp-json\/wp\/v2\/categories?post=1760"},{"taxonomy":"post_tag","embeddable":true,"href":"https:\/\/www.africa-press.net\/congo-brazzaville\/wp-json\/wp\/v2\/tags?post=1760"}],"curies":[{"name":"wp","href":"https:\/\/api.w.org\/{rel}","templated":true}]}}