{"id":1768,"date":"2021-12-13T23:42:43","date_gmt":"2021-12-13T23:42:43","guid":{"rendered":"https:\/\/www.africa-press.net\/congo-brazzaville\/?p=1768"},"modified":"2021-12-13T22:37:56","modified_gmt":"2021-12-13T22:37:56","slug":"interview-trois-questions-au-detective-prive-jean-bastien-makoundou","status":"publish","type":"post","link":"https:\/\/www.africa-press.net\/congo-brazzaville\/photo\/interview-trois-questions-au-detective-prive-jean-bastien-makoundou","title":{"rendered":"Interview: trois questions au d\u00e9tective priv\u00e9 Jean Bastien Makoundou"},"content":{"rendered":"<p><span style=\"color: #ff6600\"><strong>Africa-Press &#8211; Congo Brazzaville. <\/strong><\/span><b>Membre du Conseil national sup\u00e9rieur professionnel des Agents des recherches priv\u00e9es et inscrit aux Chambres professionnelles des d\u00e9tectives fran\u00e7ais, le Congolais Jean Bastien Makoundou, expert en recherche de preuves et d\u2019informations, parle de son m\u00e9tier de d\u00e9tective, dix-neuf ans apr\u00e8s.<\/b><\/p>\n<p>Les D\u00e9p\u00eaches de Brazzaville (L.D.B.) : Comment \u00eates-vous devenu d\u00e9tective priv\u00e9 ?<\/p>\n<p><b>Jean Bastien Makoundou (J.B.M.) :<\/b><\/p>\n<p>J\u2019exerce un m\u00e9tier jeune, encore m\u00e9connu du grand public. \u00c0 premi\u00e8re vue, il est question de parler des techniques d\u2019enqu\u00eates, de la formation, des filatures et des planques. Pourtant, il est juste question d\u2019un m\u00e9tier drastiquement encadr\u00e9 et r\u00e8glement\u00e9 qui assure le respect des droits des personnes. Ma fonction consiste \u00e0 intervenir pour le compte de particuliers ou de professionnels dans le cadre de litiges en justice.<\/p>\n<p><b>L.D.B. : Quelle est votre apport aupr\u00e8s de la justice ?<\/b><\/p>\n<p><b>J.B.M. :<\/b><\/p>\n<p>En collaboration avec les avocats, huissiers et les agents de la Commission nationale de la lutte contre la corruption, la concussion et la fraude, j\u2019apporte des \u00e9l\u00e9ments de preuves afin que le client puisse non seulement se d\u00e9fendre et faire valoir ses droits, mais aussi obtenir satisfaction. Je travaille \u00e0 la fois pour les particuliers, les entreprises et les institutions. En cette p\u00e9riode de cyber-ins\u00e9curit\u00e9 \u00e0 travers le monde, mes rapports d\u2019intervention en toute discr\u00e9tion peuvent parfois \u00eatre d\u00e9terminants selon le type de proc\u00e9dure.<\/p>\n<p><b>L.D.B. : Comptez-vous exporter ce m\u00e9tier vers le Congo ?<\/b><\/p>\n<p><b>J.B.M. :<\/b><\/p>\n<p>J\u2019ai entam\u00e9 mes d\u00e9marches d\u2019installation au Congo depuis d\u00e9j\u00e0 cinq ans. Aujourd\u2019hui, apr\u00e8s une exp\u00e9rience de pr\u00e8s de vingt ans en France, j\u2019envisage vivement d\u2019exercer dans mon pays d\u2019origine. Je suis ouvert \u00e0 une collaboration avec les institutions et, de mani\u00e8re modeste, d\u00e9sireux d\u2019apporter ma contribution \u00e0 l\u2019\u00e9volution de notre syst\u00e8me judiciaire, que ce soit face \u00e0 la cybercriminalit\u00e9 ou aux nouveaux fl\u00e9aux ayant recours aux services sp\u00e9ciaux, \u00e0 la protection de personnes ou au transport en toute discr\u00e9tion soumis au secret professionnel. Sur ce, l\u2019ouverture d\u2019un cabinet de d\u00e9tective priv\u00e9 s\u2019impose. En respect du code de d\u00e9ontologie officiel opposable aux juges, il sera sp\u00e9cialis\u00e9 dans le recueil d\u2019informations ou de renseignements et de preuves (audio, photo, \u00e9crit) pour le compte des particuliers, des entreprises ou des institutions.<\/p>\n<p>Cabinet A.B.M D\u00e9tective &amp; Assistance administrative<\/p>\n<p>SIREN : 443 716 212 RCS Marseille<\/p>\n<p>Si\u00e8ge Social : 115 rue de la Grani\u00e8re<\/p>\n<p>13011 Marseille<\/p>\n<p>Succursale : 81 rue de Villiers<\/p>\n<p>78300 POISSY<\/p>\n<p>T\u00e9l : + 33 6 75 22 46 17 Fixe : + 33 9 50 29 06 73<\/p>\n<p>Adresse mail : abmdetective@yahoo.fr<\/p>\n\r\n                <style type=\"text\/css\">\r\n                    \r\n                    #td_uid_1_69f50b94a95a5  .td-doubleSlider-2 .td-item1 {\r\n                        background: url(https:\/\/static.africa-press.net\/centrafricaine\/sites\/51\/2021\/12\/img-61b7cb252ea79-80x60.jpg) 0 0 no-repeat;\r\n                    }\r\n                <\/style>\r\n\r\n                <div id=\"td_uid_1_69f50b94a95a5\" class=\"td-gallery td-slide-on-2-columns\">\r\n                    <div class=\"post_td_gallery\">\r\n                        <div class=\"td-gallery-slide-top\">\r\n                           <div class=\"td-gallery-title\"><\/div>\r\n\r\n                            <div class=\"td-gallery-controls-wrapper\">\r\n                                <div class=\"td-gallery-slide-count\"><span class=\"td-gallery-slide-item-focus\">1<\/span> de 2<\/div>\r\n                                <div class=\"td-gallery-slide-prev-next-but\">\r\n                                    <i class = \"td-icon-left doubleSliderPrevButton\"><\/i>\r\n                                    <i class = \"td-icon-right doubleSliderNextButton\"><\/i>\r\n                                <\/div>\r\n                            <\/div>\r\n                        <\/div>\r\n\r\n                        <div class = \"td-doubleSlider-1 \">\r\n                            <div class = \"td-slider\">\r\n                                \r\n                    <div class = \"td-slide-item td-item1\">\r\n                        <figure class=\"td-slide-galery-figure td-slide-popup-gallery\">\r\n                            <a class=\"slide-gallery-image-link\" href=\"https:\/\/static.africa-press.net\/centrafricaine\/sites\/51\/2021\/12\/img-61b7cb252ea79.jpg\" title=\"img-61b7cb252ea79\"  data-caption=\"\"  data-description=\"\">\r\n                                <img decoding=\"async\" src=\"https:\/\/static.africa-press.net\/centrafricaine\/sites\/51\/2021\/12\/img-61b7cb252ea79.jpg\" srcset=\"https:\/\/static.africa-press.net\/congo-brazzaville\/sites\/51\/2021\/12\/img-61b7cb252ea79.jpg 800w, https:\/\/static.africa-press.net\/congo-brazzaville\/sites\/51\/2021\/12\/img-61b7cb252ea79-300x205.jpg 300w, https:\/\/static.africa-press.net\/congo-brazzaville\/sites\/51\/2021\/12\/img-61b7cb252ea79-768x524.jpg 768w, https:\/\/static.africa-press.net\/congo-brazzaville\/sites\/51\/2021\/12\/img-61b7cb252ea79-218x150.jpg 218w\" sizes=\"(max-width: 800px) 100vw, 800px\" alt=\"\">\r\n                            <\/a>\r\n                            \r\n                        <\/figure>\r\n                    <\/div>\r\n                            <\/div>\r\n                        <\/div>\r\n\r\n                        <div class = \"td-doubleSlider-2\">\r\n                            <div class = \"td-slider\">\r\n                                \r\n                    <div class = \"td-button td-item1\">\r\n                        <div class = \"td-border\"><\/div>\r\n                    <\/div>\r\n                            <\/div>\r\n                        <\/div>\r\n\r\n                    <\/div>\r\n\r\n                <\/div>\r\n                \n<p><strong>Pour plus d&rsquo;informations et d&rsquo;analyses sur la <a href=\"https:\/\/www.africa-press.net\/congo-brazzaville\">Congo Brazzaville<\/a>, suivez <a href=\"https:\/\/www.africa-press.net\/\">Africa-Press<\/a><\/strong><\/p>\n","protected":false},"excerpt":{"rendered":"<p>Africa-Press &#8211; Congo Brazzaville. Membre du Conseil national sup\u00e9rieur professionnel des Agents des recherches priv\u00e9es et inscrit aux Chambres professionnelles des d\u00e9tectives fran\u00e7ais, le Congolais Jean Bastien Makoundou, expert en recherche de preuves et d\u2019informations, parle de son m\u00e9tier de d\u00e9tective, dix-neuf ans apr\u00e8s. Les D\u00e9p\u00eaches de Brazzaville (L.D.B.) : Comment \u00eates-vous devenu d\u00e9tective priv\u00e9 [&hellip;]<\/p>\n","protected":false},"author":82,"featured_media":1767,"comment_status":"open","ping_status":"closed","sticky":false,"template":"","format":"standard","meta":{"footnotes":""},"categories":[21,11,8,10],"tags":[36,47,46],"class_list":["post-1768","post","type-post","status-publish","format-standard","has-post-thumbnail","hentry","category-communaute","category-homepage-french","category-photo","category-toutes-les-actualites","tag-africa-press","tag-africa-press-congo-brazzaville","tag-congo-brazzaville"],"yoast_head":"<!-- This site is optimized with the Yoast SEO Premium plugin v26.1 (Yoast SEO v27.0) - https:\/\/yoast.com\/product\/yoast-seo-premium-wordpress\/ -->\n<title>Interview: trois questions au d\u00e9tective priv\u00e9 Jean Bastien Makoundou - Congo Brazzaville<\/title>\n<meta name=\"description\" content=\"Membre du Conseil national sup\u00e9rieur professionnel des Agents des recherches priv\u00e9es et inscrit aux Chambres professi ...\" \/>\n<meta name=\"robots\" content=\"index, follow, max-snippet:-1, max-image-preview:large, max-video-preview:-1\" \/>\n<link rel=\"canonical\" href=\"https:\/\/www.africa-press.net\/congo-brazzaville\/photo\/interview-trois-questions-au-detective-prive-jean-bastien-makoundou\" \/>\n<meta property=\"og:locale\" content=\"fr_FR\" \/>\n<meta property=\"og:type\" content=\"article\" \/>\n<meta property=\"og:title\" content=\"Interview: trois questions au d\u00e9tective priv\u00e9 Jean Bastien Makoundou\" \/>\n<meta property=\"og:description\" content=\"Membre du Conseil national sup\u00e9rieur professionnel des Agents des recherches priv\u00e9es et inscrit aux Chambres professi ...\" \/>\n<meta property=\"og:url\" content=\"https:\/\/www.africa-press.net\/congo-brazzaville\/photo\/interview-trois-questions-au-detective-prive-jean-bastien-makoundou\" \/>\n<meta property=\"og:site_name\" content=\"Congo Brazzaville\" \/>\n<meta property=\"article:published_time\" content=\"2021-12-13T23:42:43+00:00\" \/>\n<meta property=\"og:image\" content=\"https:\/\/static.africa-press.net\/centrafricaine\/sites\/51\/2021\/12\/img-61b7cb2de79e0.jpg\" \/>\n\t<meta property=\"og:image:width\" content=\"800\" \/>\n\t<meta property=\"og:image:height\" content=\"546\" \/>\n\t<meta property=\"og:image:type\" content=\"image\/jpeg\" \/>\n<meta name=\"author\" content=\"cfeditorfr\" \/>\n<meta name=\"twitter:card\" content=\"summary_large_image\" \/>\n<meta name=\"twitter:label1\" content=\"\u00c9crit par\" \/>\n\t<meta name=\"twitter:data1\" content=\"cfeditorfr\" \/>\n\t<meta name=\"twitter:label2\" content=\"Dur\u00e9e de lecture estim\u00e9e\" \/>\n\t<meta name=\"twitter:data2\" content=\"2 minutes\" \/>\n<script type=\"application\/ld+json\" class=\"yoast-schema-graph\">{\"@context\":\"https:\/\/schema.org\",\"@graph\":[{\"@type\":\"Article\",\"@id\":\"https:\/\/www.africa-press.net\/congo-brazzaville\/photo\/interview-trois-questions-au-detective-prive-jean-bastien-makoundou#article\",\"isPartOf\":{\"@id\":\"https:\/\/www.africa-press.net\/congo-brazzaville\/photo\/interview-trois-questions-au-detective-prive-jean-bastien-makoundou\"},\"author\":{\"name\":\"cfeditorfr\",\"@id\":\"https:\/\/www.africa-press.net\/congo-brazzaville\/#\/schema\/person\/2b1cf3cd81a31e3cd26889ca66d677f1\"},\"headline\":\"Interview: trois questions au d\u00e9tective priv\u00e9 Jean Bastien Makoundou\",\"datePublished\":\"2021-12-13T23:42:43+00:00\",\"mainEntityOfPage\":{\"@id\":\"https:\/\/www.africa-press.net\/congo-brazzaville\/photo\/interview-trois-questions-au-detective-prive-jean-bastien-makoundou\"},\"wordCount\":484,\"commentCount\":0,\"image\":{\"@id\":\"https:\/\/www.africa-press.net\/congo-brazzaville\/photo\/interview-trois-questions-au-detective-prive-jean-bastien-makoundou#primaryimage\"},\"thumbnailUrl\":\"https:\/\/static.africa-press.net\/centrafricaine\/sites\/51\/2021\/12\/img-61b7cb2de79e0.jpg\",\"keywords\":[\"Africa Press\",\"Africa Press-Congo Brazzaville\",\"Congo Brazzaville\"],\"articleSection\":[\"Communaut\u00e9\",\"homepage-french\",\"Photo\",\"Toutes les actualit\u00e9s\"],\"inLanguage\":\"fr-FR\",\"potentialAction\":[{\"@type\":\"CommentAction\",\"name\":\"Comment\",\"target\":[\"https:\/\/www.africa-press.net\/congo-brazzaville\/photo\/interview-trois-questions-au-detective-prive-jean-bastien-makoundou#respond\"]}]},{\"@type\":\"WebPage\",\"@id\":\"https:\/\/www.africa-press.net\/congo-brazzaville\/photo\/interview-trois-questions-au-detective-prive-jean-bastien-makoundou\",\"url\":\"https:\/\/www.africa-press.net\/congo-brazzaville\/photo\/interview-trois-questions-au-detective-prive-jean-bastien-makoundou\",\"name\":\"Interview: trois questions au d\u00e9tective priv\u00e9 Jean Bastien Makoundou - Congo Brazzaville\",\"isPartOf\":{\"@id\":\"https:\/\/www.africa-press.net\/congo-brazzaville\/#website\"},\"primaryImageOfPage\":{\"@id\":\"https:\/\/www.africa-press.net\/congo-brazzaville\/photo\/interview-trois-questions-au-detective-prive-jean-bastien-makoundou#primaryimage\"},\"image\":{\"@id\":\"https:\/\/www.africa-press.net\/congo-brazzaville\/photo\/interview-trois-questions-au-detective-prive-jean-bastien-makoundou#primaryimage\"},\"thumbnailUrl\":\"https:\/\/static.africa-press.net\/centrafricaine\/sites\/51\/2021\/12\/img-61b7cb2de79e0.jpg\",\"datePublished\":\"2021-12-13T23:42:43+00:00\",\"author\":{\"@id\":\"https:\/\/www.africa-press.net\/congo-brazzaville\/#\/schema\/person\/2b1cf3cd81a31e3cd26889ca66d677f1\"},\"description\":\"Membre du Conseil national sup\u00e9rieur professionnel des Agents des recherches priv\u00e9es et inscrit aux Chambres professi ...\",\"breadcrumb\":{\"@id\":\"https:\/\/www.africa-press.net\/congo-brazzaville\/photo\/interview-trois-questions-au-detective-prive-jean-bastien-makoundou#breadcrumb\"},\"inLanguage\":\"fr-FR\",\"potentialAction\":[{\"@type\":\"ReadAction\",\"target\":[\"https:\/\/www.africa-press.net\/congo-brazzaville\/photo\/interview-trois-questions-au-detective-prive-jean-bastien-makoundou\"]}]},{\"@type\":\"ImageObject\",\"inLanguage\":\"fr-FR\",\"@id\":\"https:\/\/www.africa-press.net\/congo-brazzaville\/photo\/interview-trois-questions-au-detective-prive-jean-bastien-makoundou#primaryimage\",\"url\":\"https:\/\/static.africa-press.net\/centrafricaine\/sites\/51\/2021\/12\/img-61b7cb2de79e0.jpg\",\"contentUrl\":\"https:\/\/static.africa-press.net\/centrafricaine\/sites\/51\/2021\/12\/img-61b7cb2de79e0.jpg\",\"width\":800,\"height\":546,\"caption\":\"Interview: trois questions au d\u00e9tective priv\u00e9 Jean Bastien Makoundou\"},{\"@type\":\"BreadcrumbList\",\"@id\":\"https:\/\/www.africa-press.net\/congo-brazzaville\/photo\/interview-trois-questions-au-detective-prive-jean-bastien-makoundou#breadcrumb\",\"itemListElement\":[{\"@type\":\"ListItem\",\"position\":1,\"name\":\"Accueil\",\"item\":\"https:\/\/www.africa-press.net\/congo-brazzaville\/\"},{\"@type\":\"ListItem\",\"position\":2,\"name\":\"Interview: trois questions au d\u00e9tective priv\u00e9 Jean Bastien Makoundou\"}]},{\"@type\":\"WebSite\",\"@id\":\"https:\/\/www.africa-press.net\/congo-brazzaville\/#website\",\"url\":\"https:\/\/www.africa-press.net\/congo-brazzaville\/\",\"name\":\"Congo Brazzaville\",\"description\":\"Just another Africa News Agency Sites site\",\"potentialAction\":[{\"@type\":\"SearchAction\",\"target\":{\"@type\":\"EntryPoint\",\"urlTemplate\":\"https:\/\/www.africa-press.net\/congo-brazzaville\/?s={search_term_string}\"},\"query-input\":{\"@type\":\"PropertyValueSpecification\",\"valueRequired\":true,\"valueName\":\"search_term_string\"}}],\"inLanguage\":\"fr-FR\"},{\"@type\":\"Person\",\"@id\":\"https:\/\/www.africa-press.net\/congo-brazzaville\/#\/schema\/person\/2b1cf3cd81a31e3cd26889ca66d677f1\",\"name\":\"cfeditorfr\"}]}<\/script>\n<!-- \/ Yoast SEO Premium plugin. -->","yoast_head_json":{"title":"Interview: trois questions au d\u00e9tective priv\u00e9 Jean Bastien Makoundou - Congo Brazzaville","description":"Membre du Conseil national sup\u00e9rieur professionnel des Agents des recherches priv\u00e9es et inscrit aux Chambres professi ...","robots":{"index":"index","follow":"follow","max-snippet":"max-snippet:-1","max-image-preview":"max-image-preview:large","max-video-preview":"max-video-preview:-1"},"canonical":"https:\/\/www.africa-press.net\/congo-brazzaville\/photo\/interview-trois-questions-au-detective-prive-jean-bastien-makoundou","og_locale":"fr_FR","og_type":"article","og_title":"Interview: trois questions au d\u00e9tective priv\u00e9 Jean Bastien Makoundou","og_description":"Membre du Conseil national sup\u00e9rieur professionnel des Agents des recherches priv\u00e9es et inscrit aux Chambres professi ...","og_url":"https:\/\/www.africa-press.net\/congo-brazzaville\/photo\/interview-trois-questions-au-detective-prive-jean-bastien-makoundou","og_site_name":"Congo Brazzaville","article_published_time":"2021-12-13T23:42:43+00:00","og_image":[{"width":800,"height":546,"url":"https:\/\/static.africa-press.net\/centrafricaine\/sites\/51\/2021\/12\/img-61b7cb2de79e0.jpg","type":"image\/jpeg"}],"author":"cfeditorfr","twitter_card":"summary_large_image","twitter_misc":{"\u00c9crit par":"cfeditorfr","Dur\u00e9e de lecture estim\u00e9e":"2 minutes"},"schema":{"@context":"https:\/\/schema.org","@graph":[{"@type":"Article","@id":"https:\/\/www.africa-press.net\/congo-brazzaville\/photo\/interview-trois-questions-au-detective-prive-jean-bastien-makoundou#article","isPartOf":{"@id":"https:\/\/www.africa-press.net\/congo-brazzaville\/photo\/interview-trois-questions-au-detective-prive-jean-bastien-makoundou"},"author":{"name":"cfeditorfr","@id":"https:\/\/www.africa-press.net\/congo-brazzaville\/#\/schema\/person\/2b1cf3cd81a31e3cd26889ca66d677f1"},"headline":"Interview: trois questions au d\u00e9tective priv\u00e9 Jean Bastien Makoundou","datePublished":"2021-12-13T23:42:43+00:00","mainEntityOfPage":{"@id":"https:\/\/www.africa-press.net\/congo-brazzaville\/photo\/interview-trois-questions-au-detective-prive-jean-bastien-makoundou"},"wordCount":484,"commentCount":0,"image":{"@id":"https:\/\/www.africa-press.net\/congo-brazzaville\/photo\/interview-trois-questions-au-detective-prive-jean-bastien-makoundou#primaryimage"},"thumbnailUrl":"https:\/\/static.africa-press.net\/centrafricaine\/sites\/51\/2021\/12\/img-61b7cb2de79e0.jpg","keywords":["Africa Press","Africa Press-Congo Brazzaville","Congo Brazzaville"],"articleSection":["Communaut\u00e9","homepage-french","Photo","Toutes les actualit\u00e9s"],"inLanguage":"fr-FR","potentialAction":[{"@type":"CommentAction","name":"Comment","target":["https:\/\/www.africa-press.net\/congo-brazzaville\/photo\/interview-trois-questions-au-detective-prive-jean-bastien-makoundou#respond"]}]},{"@type":"WebPage","@id":"https:\/\/www.africa-press.net\/congo-brazzaville\/photo\/interview-trois-questions-au-detective-prive-jean-bastien-makoundou","url":"https:\/\/www.africa-press.net\/congo-brazzaville\/photo\/interview-trois-questions-au-detective-prive-jean-bastien-makoundou","name":"Interview: trois questions au d\u00e9tective priv\u00e9 Jean Bastien Makoundou - Congo Brazzaville","isPartOf":{"@id":"https:\/\/www.africa-press.net\/congo-brazzaville\/#website"},"primaryImageOfPage":{"@id":"https:\/\/www.africa-press.net\/congo-brazzaville\/photo\/interview-trois-questions-au-detective-prive-jean-bastien-makoundou#primaryimage"},"image":{"@id":"https:\/\/www.africa-press.net\/congo-brazzaville\/photo\/interview-trois-questions-au-detective-prive-jean-bastien-makoundou#primaryimage"},"thumbnailUrl":"https:\/\/static.africa-press.net\/centrafricaine\/sites\/51\/2021\/12\/img-61b7cb2de79e0.jpg","datePublished":"2021-12-13T23:42:43+00:00","author":{"@id":"https:\/\/www.africa-press.net\/congo-brazzaville\/#\/schema\/person\/2b1cf3cd81a31e3cd26889ca66d677f1"},"description":"Membre du Conseil national sup\u00e9rieur professionnel des Agents des recherches priv\u00e9es et inscrit aux Chambres professi ...","breadcrumb":{"@id":"https:\/\/www.africa-press.net\/congo-brazzaville\/photo\/interview-trois-questions-au-detective-prive-jean-bastien-makoundou#breadcrumb"},"inLanguage":"fr-FR","potentialAction":[{"@type":"ReadAction","target":["https:\/\/www.africa-press.net\/congo-brazzaville\/photo\/interview-trois-questions-au-detective-prive-jean-bastien-makoundou"]}]},{"@type":"ImageObject","inLanguage":"fr-FR","@id":"https:\/\/www.africa-press.net\/congo-brazzaville\/photo\/interview-trois-questions-au-detective-prive-jean-bastien-makoundou#primaryimage","url":"https:\/\/static.africa-press.net\/centrafricaine\/sites\/51\/2021\/12\/img-61b7cb2de79e0.jpg","contentUrl":"https:\/\/static.africa-press.net\/centrafricaine\/sites\/51\/2021\/12\/img-61b7cb2de79e0.jpg","width":800,"height":546,"caption":"Interview: trois questions au d\u00e9tective priv\u00e9 Jean Bastien Makoundou"},{"@type":"BreadcrumbList","@id":"https:\/\/www.africa-press.net\/congo-brazzaville\/photo\/interview-trois-questions-au-detective-prive-jean-bastien-makoundou#breadcrumb","itemListElement":[{"@type":"ListItem","position":1,"name":"Accueil","item":"https:\/\/www.africa-press.net\/congo-brazzaville\/"},{"@type":"ListItem","position":2,"name":"Interview: trois questions au d\u00e9tective priv\u00e9 Jean Bastien Makoundou"}]},{"@type":"WebSite","@id":"https:\/\/www.africa-press.net\/congo-brazzaville\/#website","url":"https:\/\/www.africa-press.net\/congo-brazzaville\/","name":"Congo Brazzaville","description":"Just another Africa News Agency Sites site","potentialAction":[{"@type":"SearchAction","target":{"@type":"EntryPoint","urlTemplate":"https:\/\/www.africa-press.net\/congo-brazzaville\/?s={search_term_string}"},"query-input":{"@type":"PropertyValueSpecification","valueRequired":true,"valueName":"search_term_string"}}],"inLanguage":"fr-FR"},{"@type":"Person","@id":"https:\/\/www.africa-press.net\/congo-brazzaville\/#\/schema\/person\/2b1cf3cd81a31e3cd26889ca66d677f1","name":"cfeditorfr"}]}},"_links":{"self":[{"href":"https:\/\/www.africa-press.net\/congo-brazzaville\/wp-json\/wp\/v2\/posts\/1768","targetHints":{"allow":["GET"]}}],"collection":[{"href":"https:\/\/www.africa-press.net\/congo-brazzaville\/wp-json\/wp\/v2\/posts"}],"about":[{"href":"https:\/\/www.africa-press.net\/congo-brazzaville\/wp-json\/wp\/v2\/types\/post"}],"author":[{"embeddable":true,"href":"https:\/\/www.africa-press.net\/congo-brazzaville\/wp-json\/wp\/v2\/users\/82"}],"replies":[{"embeddable":true,"href":"https:\/\/www.africa-press.net\/congo-brazzaville\/wp-json\/wp\/v2\/comments?post=1768"}],"version-history":[{"count":0,"href":"https:\/\/www.africa-press.net\/congo-brazzaville\/wp-json\/wp\/v2\/posts\/1768\/revisions"}],"wp:featuredmedia":[{"embeddable":true,"href":"https:\/\/www.africa-press.net\/congo-brazzaville\/wp-json\/wp\/v2\/media\/1767"}],"wp:attachment":[{"href":"https:\/\/www.africa-press.net\/congo-brazzaville\/wp-json\/wp\/v2\/media?parent=1768"}],"wp:term":[{"taxonomy":"category","embeddable":true,"href":"https:\/\/www.africa-press.net\/congo-brazzaville\/wp-json\/wp\/v2\/categories?post=1768"},{"taxonomy":"post_tag","embeddable":true,"href":"https:\/\/www.africa-press.net\/congo-brazzaville\/wp-json\/wp\/v2\/tags?post=1768"}],"curies":[{"name":"wp","href":"https:\/\/api.w.org\/{rel}","templated":true}]}}