{"id":1777,"date":"2021-12-14T00:00:21","date_gmt":"2021-12-14T00:00:21","guid":{"rendered":"https:\/\/www.africa-press.net\/congo-brazzaville\/?p=1777"},"modified":"2021-12-13T22:39:34","modified_gmt":"2021-12-13T22:39:34","slug":"ordre-public-un-poste-de-police-au-lycee-a-a-neto-pour-la-securite-des-eleves","status":"publish","type":"post","link":"https:\/\/www.africa-press.net\/congo-brazzaville\/photo\/ordre-public-un-poste-de-police-au-lycee-a-a-neto-pour-la-securite-des-eleves","title":{"rendered":"Ordre public : un poste de police au lyc\u00e9e A.A Neto pour la s\u00e9curit\u00e9 des \u00e9l\u00e8ves"},"content":{"rendered":"<p><span style=\"color: #ff6600\"><strong>Africa-Press &#8211; Congo Brazzaville. <\/strong><\/span><b>Pour pr\u00e9venir les violences r\u00e9p\u00e9titives au complexe A.A Neto qui abrite deux lyc\u00e9es, un coll\u00e8ge et une \u00e9cole primaire, un poste de police y a \u00e9t\u00e9 \u00e9rig\u00e9. Le ministre de l\u2019Enseignement pr\u00e9scolaire, primaire, secondaire et de l\u2019Alphab\u00e9tisation, Jean Luc Mouthou, a remis officiellement les cl\u00e9s de la structure au ministre de la S\u00e9curit\u00e9 et de l\u2019Ordre public, Raymond Z\u00e9phirin Mboulou, le 13 d\u00e9cembre \u00e0 Brazzaville.<\/b><\/p>\n<p>\u00ab Ayant pris la mesure des situations d\u2019ins\u00e9curit\u00e9 qui ont pr\u00e9valu, les mois pass\u00e9s, au complexe A.A Neto, nous avons d\u00e9cid\u00e9 de construire ce poste de police pour y am\u00e9liorer les conditions de s\u00e9curit\u00e9 et d\u2019apprentissage \u00bb, a expliqu\u00e9 le ministre de l\u2019Enseignement pr\u00e9scolaire, primaire, secondaire et de l\u2019Alphab\u00e9tisation, Jean Luc Mouthou.<\/p>\n<p>A l\u2019\u00e9cole, lieu o\u00f9 l\u2019on construit la conscience humaine, en donnant des comp\u00e9tences aux apprenants, la s\u00e9curit\u00e9 et l\u2019ordre doivent r\u00e9gner en tout temps et en toute circonstance, a-t-il rench\u00e9ri.<\/p>\n<p>A dire vrai, les violences aux lyc\u00e9es A.A Neto avaient pris des proportions inqui\u00e9tantes ces derniers temps. \u00ab Des troubles \u00e0 l\u2019ordre public qui ont occasionn\u00e9 deux d\u00e9c\u00e8s dans l\u2019enceinte du complexe m\u00eame \u00bb, a soulign\u00e9 l\u2019administrateur-maire de Talanga\u00ef, Privat Nd\u00e9k\u00e9, dans son mot de circonstance.<\/p>\n<p>Selon lui, l\u2019\u00e9rection de ce poste de police est un soulagement tant pour les autorit\u00e9s locales, les parents d\u2019\u00e9l\u00e8ves, les \u00e9quipes p\u00e9dagogiques que pour les \u00e9l\u00e8ves eux-m\u00eames.<\/p>\n<p>Pour le ministre de la S\u00e9curit\u00e9 et de l\u2019Ordre public, Raymond Z\u00e9phirin Mboulou, l\u2019installation des postes de police ne concernera pas uniquement le complexe A.A Neto. L\u2019initiative sera \u00e9largie \u00e0 d\u2019autres \u00e9tablissements de sorte que les \u00e9l\u00e8ves apprennent dans les meilleures conditions et anticipent les violences en milieu scolaire.<\/p>\n\r\n                <style type=\"text\/css\">\r\n                    \r\n                    #td_uid_1_69f548e85e625  .td-doubleSlider-2 .td-item1 {\r\n                        background: url(https:\/\/static.africa-press.net\/centrafricaine\/sites\/51\/2021\/12\/img-61b7cb7a74d8e-80x60.jpg) 0 0 no-repeat;\r\n                    }\r\n                    #td_uid_1_69f548e85e625  .td-doubleSlider-2 .td-item2 {\r\n                        background: url(https:\/\/static.africa-press.net\/centrafricaine\/sites\/51\/2021\/12\/img-61b7cb864652a-80x60.jpg) 0 0 no-repeat;\r\n                    }\r\n                <\/style>\r\n\r\n                <div id=\"td_uid_1_69f548e85e625\" class=\"td-gallery td-slide-on-2-columns\">\r\n                    <div class=\"post_td_gallery\">\r\n                        <div class=\"td-gallery-slide-top\">\r\n                           <div class=\"td-gallery-title\"><\/div>\r\n\r\n                            <div class=\"td-gallery-controls-wrapper\">\r\n                                <div class=\"td-gallery-slide-count\"><span class=\"td-gallery-slide-item-focus\">1<\/span> de 3<\/div>\r\n                                <div class=\"td-gallery-slide-prev-next-but\">\r\n                                    <i class = \"td-icon-left doubleSliderPrevButton\"><\/i>\r\n                                    <i class = \"td-icon-right doubleSliderNextButton\"><\/i>\r\n                                <\/div>\r\n                            <\/div>\r\n                        <\/div>\r\n\r\n                        <div class = \"td-doubleSlider-1 \">\r\n                            <div class = \"td-slider\">\r\n                                \r\n                    <div class = \"td-slide-item td-item1\">\r\n                        <figure class=\"td-slide-galery-figure td-slide-popup-gallery\">\r\n                            <a class=\"slide-gallery-image-link\" href=\"https:\/\/static.africa-press.net\/centrafricaine\/sites\/51\/2021\/12\/img-61b7cb7a74d8e.jpg\" title=\"img-61b7cb7a74d8e\"  data-caption=\"\"  data-description=\"\">\r\n                                <img decoding=\"async\" src=\"https:\/\/static.africa-press.net\/centrafricaine\/sites\/51\/2021\/12\/img-61b7cb7a74d8e.jpg\" srcset=\"https:\/\/static.africa-press.net\/congo-brazzaville\/sites\/51\/2021\/12\/img-61b7cb7a74d8e.jpg 1151w, https:\/\/static.africa-press.net\/congo-brazzaville\/sites\/51\/2021\/12\/img-61b7cb7a74d8e-300x200.jpg 300w, https:\/\/static.africa-press.net\/congo-brazzaville\/sites\/51\/2021\/12\/img-61b7cb7a74d8e-1024x683.jpg 1024w, https:\/\/static.africa-press.net\/congo-brazzaville\/sites\/51\/2021\/12\/img-61b7cb7a74d8e-768x512.jpg 768w\" sizes=\"(max-width: 1151px) 100vw, 1151px\" alt=\"\">\r\n                            <\/a>\r\n                            \r\n                        <\/figure>\r\n                    <\/div>\r\n                    <div class = \"td-slide-item td-item2\">\r\n                        <figure class=\"td-slide-galery-figure td-slide-popup-gallery\">\r\n                            <a class=\"slide-gallery-image-link\" href=\"https:\/\/static.africa-press.net\/centrafricaine\/sites\/51\/2021\/12\/img-61b7cb864652a.jpg\" title=\"img-61b7cb864652a\"  data-caption=\"\"  data-description=\"\">\r\n                                <img decoding=\"async\" src=\"https:\/\/static.africa-press.net\/centrafricaine\/sites\/51\/2021\/12\/img-61b7cb864652a.jpg\" srcset=\"https:\/\/static.africa-press.net\/congo-brazzaville\/sites\/51\/2021\/12\/img-61b7cb864652a.jpg 1151w, https:\/\/static.africa-press.net\/congo-brazzaville\/sites\/51\/2021\/12\/img-61b7cb864652a-300x200.jpg 300w, https:\/\/static.africa-press.net\/congo-brazzaville\/sites\/51\/2021\/12\/img-61b7cb864652a-1024x683.jpg 1024w, https:\/\/static.africa-press.net\/congo-brazzaville\/sites\/51\/2021\/12\/img-61b7cb864652a-768x512.jpg 768w\" sizes=\"(max-width: 1151px) 100vw, 1151px\" alt=\"\">\r\n                            <\/a>\r\n                            \r\n                        <\/figure>\r\n                    <\/div>\r\n                            <\/div>\r\n                        <\/div>\r\n\r\n                        <div class = \"td-doubleSlider-2\">\r\n                            <div class = \"td-slider\">\r\n                                \r\n                    <div class = \"td-button td-item1\">\r\n                        <div class = \"td-border\"><\/div>\r\n                    <\/div>\r\n                    <div class = \"td-button td-item2\">\r\n                        <div class = \"td-border\"><\/div>\r\n                    <\/div>\r\n                            <\/div>\r\n                        <\/div>\r\n\r\n                    <\/div>\r\n\r\n                <\/div>\r\n                \n<p><strong>Pour plus d&rsquo;informations et d&rsquo;analyses sur la <a href=\"https:\/\/www.africa-press.net\/congo-brazzaville\">Congo Brazzaville<\/a>, suivez <a href=\"https:\/\/www.africa-press.net\/\">Africa-Press<\/a><\/strong><\/p>\n","protected":false},"excerpt":{"rendered":"<p>Africa-Press &#8211; Congo Brazzaville. Pour pr\u00e9venir les violences r\u00e9p\u00e9titives au complexe A.A Neto qui abrite deux lyc\u00e9es, un coll\u00e8ge et une \u00e9cole primaire, un poste de police y a \u00e9t\u00e9 \u00e9rig\u00e9. Le ministre de l\u2019Enseignement pr\u00e9scolaire, primaire, secondaire et de l\u2019Alphab\u00e9tisation, Jean Luc Mouthou, a remis officiellement les cl\u00e9s de la structure au ministre de [&hellip;]<\/p>\n","protected":false},"author":82,"featured_media":1776,"comment_status":"open","ping_status":"closed","sticky":false,"template":"","format":"standard","meta":{"footnotes":""},"categories":[21,11,8,10],"tags":[36,47,46],"class_list":["post-1777","post","type-post","status-publish","format-standard","has-post-thumbnail","hentry","category-communaute","category-homepage-french","category-photo","category-toutes-les-actualites","tag-africa-press","tag-africa-press-congo-brazzaville","tag-congo-brazzaville"],"yoast_head":"<!-- This site is optimized with the Yoast SEO Premium plugin v26.1 (Yoast SEO v27.0) - https:\/\/yoast.com\/product\/yoast-seo-premium-wordpress\/ -->\n<title>Ordre public : un poste de police au lyc\u00e9e A.A Neto pour la s\u00e9curit\u00e9 des \u00e9l\u00e8ves - Congo Brazzaville<\/title>\n<meta name=\"description\" content=\"Pour pr\u00e9venir les violences r\u00e9p\u00e9titives au complexe A.A Neto qui abrite deux lyc\u00e9es, un coll\u00e8ge et une \u00e9cole primaire ...\" \/>\n<meta name=\"robots\" content=\"index, follow, max-snippet:-1, max-image-preview:large, max-video-preview:-1\" \/>\n<link rel=\"canonical\" href=\"https:\/\/www.africa-press.net\/congo-brazzaville\/photo\/ordre-public-un-poste-de-police-au-lycee-a-a-neto-pour-la-securite-des-eleves\" \/>\n<meta property=\"og:locale\" content=\"fr_FR\" \/>\n<meta property=\"og:type\" content=\"article\" \/>\n<meta property=\"og:title\" content=\"Ordre public : un poste de police au lyc\u00e9e A.A Neto pour la s\u00e9curit\u00e9 des \u00e9l\u00e8ves\" \/>\n<meta property=\"og:description\" content=\"Pour pr\u00e9venir les violences r\u00e9p\u00e9titives au complexe A.A Neto qui abrite deux lyc\u00e9es, un coll\u00e8ge et une \u00e9cole primaire ...\" \/>\n<meta property=\"og:url\" content=\"https:\/\/www.africa-press.net\/congo-brazzaville\/photo\/ordre-public-un-poste-de-police-au-lycee-a-a-neto-pour-la-securite-des-eleves\" \/>\n<meta property=\"og:site_name\" content=\"Congo Brazzaville\" \/>\n<meta property=\"article:published_time\" content=\"2021-12-14T00:00:21+00:00\" \/>\n<meta property=\"og:image\" content=\"https:\/\/static.africa-press.net\/centrafricaine\/sites\/51\/2021\/12\/img-61b7cb8f76117.jpg\" \/>\n\t<meta property=\"og:image:width\" content=\"1151\" \/>\n\t<meta property=\"og:image:height\" content=\"768\" \/>\n\t<meta property=\"og:image:type\" content=\"image\/jpeg\" \/>\n<meta name=\"author\" content=\"cfeditorfr\" \/>\n<meta name=\"twitter:card\" content=\"summary_large_image\" \/>\n<meta name=\"twitter:label1\" content=\"\u00c9crit par\" \/>\n\t<meta name=\"twitter:data1\" content=\"cfeditorfr\" \/>\n\t<meta name=\"twitter:label2\" content=\"Dur\u00e9e de lecture estim\u00e9e\" \/>\n\t<meta name=\"twitter:data2\" content=\"2 minutes\" \/>\n<script type=\"application\/ld+json\" class=\"yoast-schema-graph\">{\"@context\":\"https:\/\/schema.org\",\"@graph\":[{\"@type\":\"Article\",\"@id\":\"https:\/\/www.africa-press.net\/congo-brazzaville\/photo\/ordre-public-un-poste-de-police-au-lycee-a-a-neto-pour-la-securite-des-eleves#article\",\"isPartOf\":{\"@id\":\"https:\/\/www.africa-press.net\/congo-brazzaville\/photo\/ordre-public-un-poste-de-police-au-lycee-a-a-neto-pour-la-securite-des-eleves\"},\"author\":{\"name\":\"cfeditorfr\",\"@id\":\"https:\/\/www.africa-press.net\/congo-brazzaville\/#\/schema\/person\/2b1cf3cd81a31e3cd26889ca66d677f1\"},\"headline\":\"Ordre public : un poste de police au lyc\u00e9e A.A Neto pour la s\u00e9curit\u00e9 des \u00e9l\u00e8ves\",\"datePublished\":\"2021-12-14T00:00:21+00:00\",\"mainEntityOfPage\":{\"@id\":\"https:\/\/www.africa-press.net\/congo-brazzaville\/photo\/ordre-public-un-poste-de-police-au-lycee-a-a-neto-pour-la-securite-des-eleves\"},\"wordCount\":367,\"commentCount\":0,\"image\":{\"@id\":\"https:\/\/www.africa-press.net\/congo-brazzaville\/photo\/ordre-public-un-poste-de-police-au-lycee-a-a-neto-pour-la-securite-des-eleves#primaryimage\"},\"thumbnailUrl\":\"https:\/\/static.africa-press.net\/centrafricaine\/sites\/51\/2021\/12\/img-61b7cb8f76117.jpg\",\"keywords\":[\"Africa Press\",\"Africa Press-Congo Brazzaville\",\"Congo Brazzaville\"],\"articleSection\":[\"Communaut\u00e9\",\"homepage-french\",\"Photo\",\"Toutes les actualit\u00e9s\"],\"inLanguage\":\"fr-FR\",\"potentialAction\":[{\"@type\":\"CommentAction\",\"name\":\"Comment\",\"target\":[\"https:\/\/www.africa-press.net\/congo-brazzaville\/photo\/ordre-public-un-poste-de-police-au-lycee-a-a-neto-pour-la-securite-des-eleves#respond\"]}]},{\"@type\":\"WebPage\",\"@id\":\"https:\/\/www.africa-press.net\/congo-brazzaville\/photo\/ordre-public-un-poste-de-police-au-lycee-a-a-neto-pour-la-securite-des-eleves\",\"url\":\"https:\/\/www.africa-press.net\/congo-brazzaville\/photo\/ordre-public-un-poste-de-police-au-lycee-a-a-neto-pour-la-securite-des-eleves\",\"name\":\"Ordre public : un poste de police au lyc\u00e9e A.A Neto pour la s\u00e9curit\u00e9 des \u00e9l\u00e8ves - Congo Brazzaville\",\"isPartOf\":{\"@id\":\"https:\/\/www.africa-press.net\/congo-brazzaville\/#website\"},\"primaryImageOfPage\":{\"@id\":\"https:\/\/www.africa-press.net\/congo-brazzaville\/photo\/ordre-public-un-poste-de-police-au-lycee-a-a-neto-pour-la-securite-des-eleves#primaryimage\"},\"image\":{\"@id\":\"https:\/\/www.africa-press.net\/congo-brazzaville\/photo\/ordre-public-un-poste-de-police-au-lycee-a-a-neto-pour-la-securite-des-eleves#primaryimage\"},\"thumbnailUrl\":\"https:\/\/static.africa-press.net\/centrafricaine\/sites\/51\/2021\/12\/img-61b7cb8f76117.jpg\",\"datePublished\":\"2021-12-14T00:00:21+00:00\",\"author\":{\"@id\":\"https:\/\/www.africa-press.net\/congo-brazzaville\/#\/schema\/person\/2b1cf3cd81a31e3cd26889ca66d677f1\"},\"description\":\"Pour pr\u00e9venir les violences r\u00e9p\u00e9titives au complexe A.A Neto qui abrite deux lyc\u00e9es, un coll\u00e8ge et une \u00e9cole primaire ...\",\"breadcrumb\":{\"@id\":\"https:\/\/www.africa-press.net\/congo-brazzaville\/photo\/ordre-public-un-poste-de-police-au-lycee-a-a-neto-pour-la-securite-des-eleves#breadcrumb\"},\"inLanguage\":\"fr-FR\",\"potentialAction\":[{\"@type\":\"ReadAction\",\"target\":[\"https:\/\/www.africa-press.net\/congo-brazzaville\/photo\/ordre-public-un-poste-de-police-au-lycee-a-a-neto-pour-la-securite-des-eleves\"]}]},{\"@type\":\"ImageObject\",\"inLanguage\":\"fr-FR\",\"@id\":\"https:\/\/www.africa-press.net\/congo-brazzaville\/photo\/ordre-public-un-poste-de-police-au-lycee-a-a-neto-pour-la-securite-des-eleves#primaryimage\",\"url\":\"https:\/\/static.africa-press.net\/centrafricaine\/sites\/51\/2021\/12\/img-61b7cb8f76117.jpg\",\"contentUrl\":\"https:\/\/static.africa-press.net\/centrafricaine\/sites\/51\/2021\/12\/img-61b7cb8f76117.jpg\",\"width\":1151,\"height\":768,\"caption\":\"Ordre public : un poste de police au lyc\u00e9e A.A Neto pour la s\u00e9curit\u00e9 des \u00e9l\u00e8ves\"},{\"@type\":\"BreadcrumbList\",\"@id\":\"https:\/\/www.africa-press.net\/congo-brazzaville\/photo\/ordre-public-un-poste-de-police-au-lycee-a-a-neto-pour-la-securite-des-eleves#breadcrumb\",\"itemListElement\":[{\"@type\":\"ListItem\",\"position\":1,\"name\":\"Accueil\",\"item\":\"https:\/\/www.africa-press.net\/congo-brazzaville\/\"},{\"@type\":\"ListItem\",\"position\":2,\"name\":\"Ordre public : un poste de police au lyc\u00e9e A.A Neto pour la s\u00e9curit\u00e9 des \u00e9l\u00e8ves\"}]},{\"@type\":\"WebSite\",\"@id\":\"https:\/\/www.africa-press.net\/congo-brazzaville\/#website\",\"url\":\"https:\/\/www.africa-press.net\/congo-brazzaville\/\",\"name\":\"Congo Brazzaville\",\"description\":\"Just another Africa News Agency Sites site\",\"potentialAction\":[{\"@type\":\"SearchAction\",\"target\":{\"@type\":\"EntryPoint\",\"urlTemplate\":\"https:\/\/www.africa-press.net\/congo-brazzaville\/?s={search_term_string}\"},\"query-input\":{\"@type\":\"PropertyValueSpecification\",\"valueRequired\":true,\"valueName\":\"search_term_string\"}}],\"inLanguage\":\"fr-FR\"},{\"@type\":\"Person\",\"@id\":\"https:\/\/www.africa-press.net\/congo-brazzaville\/#\/schema\/person\/2b1cf3cd81a31e3cd26889ca66d677f1\",\"name\":\"cfeditorfr\"}]}<\/script>\n<!-- \/ Yoast SEO Premium plugin. -->","yoast_head_json":{"title":"Ordre public : un poste de police au lyc\u00e9e A.A Neto pour la s\u00e9curit\u00e9 des \u00e9l\u00e8ves - Congo Brazzaville","description":"Pour pr\u00e9venir les violences r\u00e9p\u00e9titives au complexe A.A Neto qui abrite deux lyc\u00e9es, un coll\u00e8ge et une \u00e9cole primaire ...","robots":{"index":"index","follow":"follow","max-snippet":"max-snippet:-1","max-image-preview":"max-image-preview:large","max-video-preview":"max-video-preview:-1"},"canonical":"https:\/\/www.africa-press.net\/congo-brazzaville\/photo\/ordre-public-un-poste-de-police-au-lycee-a-a-neto-pour-la-securite-des-eleves","og_locale":"fr_FR","og_type":"article","og_title":"Ordre public : un poste de police au lyc\u00e9e A.A Neto pour la s\u00e9curit\u00e9 des \u00e9l\u00e8ves","og_description":"Pour pr\u00e9venir les violences r\u00e9p\u00e9titives au complexe A.A Neto qui abrite deux lyc\u00e9es, un coll\u00e8ge et une \u00e9cole primaire ...","og_url":"https:\/\/www.africa-press.net\/congo-brazzaville\/photo\/ordre-public-un-poste-de-police-au-lycee-a-a-neto-pour-la-securite-des-eleves","og_site_name":"Congo Brazzaville","article_published_time":"2021-12-14T00:00:21+00:00","og_image":[{"width":1151,"height":768,"url":"https:\/\/static.africa-press.net\/centrafricaine\/sites\/51\/2021\/12\/img-61b7cb8f76117.jpg","type":"image\/jpeg"}],"author":"cfeditorfr","twitter_card":"summary_large_image","twitter_misc":{"\u00c9crit par":"cfeditorfr","Dur\u00e9e de lecture estim\u00e9e":"2 minutes"},"schema":{"@context":"https:\/\/schema.org","@graph":[{"@type":"Article","@id":"https:\/\/www.africa-press.net\/congo-brazzaville\/photo\/ordre-public-un-poste-de-police-au-lycee-a-a-neto-pour-la-securite-des-eleves#article","isPartOf":{"@id":"https:\/\/www.africa-press.net\/congo-brazzaville\/photo\/ordre-public-un-poste-de-police-au-lycee-a-a-neto-pour-la-securite-des-eleves"},"author":{"name":"cfeditorfr","@id":"https:\/\/www.africa-press.net\/congo-brazzaville\/#\/schema\/person\/2b1cf3cd81a31e3cd26889ca66d677f1"},"headline":"Ordre public : un poste de police au lyc\u00e9e A.A Neto pour la s\u00e9curit\u00e9 des \u00e9l\u00e8ves","datePublished":"2021-12-14T00:00:21+00:00","mainEntityOfPage":{"@id":"https:\/\/www.africa-press.net\/congo-brazzaville\/photo\/ordre-public-un-poste-de-police-au-lycee-a-a-neto-pour-la-securite-des-eleves"},"wordCount":367,"commentCount":0,"image":{"@id":"https:\/\/www.africa-press.net\/congo-brazzaville\/photo\/ordre-public-un-poste-de-police-au-lycee-a-a-neto-pour-la-securite-des-eleves#primaryimage"},"thumbnailUrl":"https:\/\/static.africa-press.net\/centrafricaine\/sites\/51\/2021\/12\/img-61b7cb8f76117.jpg","keywords":["Africa Press","Africa Press-Congo Brazzaville","Congo Brazzaville"],"articleSection":["Communaut\u00e9","homepage-french","Photo","Toutes les actualit\u00e9s"],"inLanguage":"fr-FR","potentialAction":[{"@type":"CommentAction","name":"Comment","target":["https:\/\/www.africa-press.net\/congo-brazzaville\/photo\/ordre-public-un-poste-de-police-au-lycee-a-a-neto-pour-la-securite-des-eleves#respond"]}]},{"@type":"WebPage","@id":"https:\/\/www.africa-press.net\/congo-brazzaville\/photo\/ordre-public-un-poste-de-police-au-lycee-a-a-neto-pour-la-securite-des-eleves","url":"https:\/\/www.africa-press.net\/congo-brazzaville\/photo\/ordre-public-un-poste-de-police-au-lycee-a-a-neto-pour-la-securite-des-eleves","name":"Ordre public : un poste de police au lyc\u00e9e A.A Neto pour la s\u00e9curit\u00e9 des \u00e9l\u00e8ves - Congo Brazzaville","isPartOf":{"@id":"https:\/\/www.africa-press.net\/congo-brazzaville\/#website"},"primaryImageOfPage":{"@id":"https:\/\/www.africa-press.net\/congo-brazzaville\/photo\/ordre-public-un-poste-de-police-au-lycee-a-a-neto-pour-la-securite-des-eleves#primaryimage"},"image":{"@id":"https:\/\/www.africa-press.net\/congo-brazzaville\/photo\/ordre-public-un-poste-de-police-au-lycee-a-a-neto-pour-la-securite-des-eleves#primaryimage"},"thumbnailUrl":"https:\/\/static.africa-press.net\/centrafricaine\/sites\/51\/2021\/12\/img-61b7cb8f76117.jpg","datePublished":"2021-12-14T00:00:21+00:00","author":{"@id":"https:\/\/www.africa-press.net\/congo-brazzaville\/#\/schema\/person\/2b1cf3cd81a31e3cd26889ca66d677f1"},"description":"Pour pr\u00e9venir les violences r\u00e9p\u00e9titives au complexe A.A Neto qui abrite deux lyc\u00e9es, un coll\u00e8ge et une \u00e9cole primaire ...","breadcrumb":{"@id":"https:\/\/www.africa-press.net\/congo-brazzaville\/photo\/ordre-public-un-poste-de-police-au-lycee-a-a-neto-pour-la-securite-des-eleves#breadcrumb"},"inLanguage":"fr-FR","potentialAction":[{"@type":"ReadAction","target":["https:\/\/www.africa-press.net\/congo-brazzaville\/photo\/ordre-public-un-poste-de-police-au-lycee-a-a-neto-pour-la-securite-des-eleves"]}]},{"@type":"ImageObject","inLanguage":"fr-FR","@id":"https:\/\/www.africa-press.net\/congo-brazzaville\/photo\/ordre-public-un-poste-de-police-au-lycee-a-a-neto-pour-la-securite-des-eleves#primaryimage","url":"https:\/\/static.africa-press.net\/centrafricaine\/sites\/51\/2021\/12\/img-61b7cb8f76117.jpg","contentUrl":"https:\/\/static.africa-press.net\/centrafricaine\/sites\/51\/2021\/12\/img-61b7cb8f76117.jpg","width":1151,"height":768,"caption":"Ordre public : un poste de police au lyc\u00e9e A.A Neto pour la s\u00e9curit\u00e9 des \u00e9l\u00e8ves"},{"@type":"BreadcrumbList","@id":"https:\/\/www.africa-press.net\/congo-brazzaville\/photo\/ordre-public-un-poste-de-police-au-lycee-a-a-neto-pour-la-securite-des-eleves#breadcrumb","itemListElement":[{"@type":"ListItem","position":1,"name":"Accueil","item":"https:\/\/www.africa-press.net\/congo-brazzaville\/"},{"@type":"ListItem","position":2,"name":"Ordre public : un poste de police au lyc\u00e9e A.A Neto pour la s\u00e9curit\u00e9 des \u00e9l\u00e8ves"}]},{"@type":"WebSite","@id":"https:\/\/www.africa-press.net\/congo-brazzaville\/#website","url":"https:\/\/www.africa-press.net\/congo-brazzaville\/","name":"Congo Brazzaville","description":"Just another Africa News Agency Sites site","potentialAction":[{"@type":"SearchAction","target":{"@type":"EntryPoint","urlTemplate":"https:\/\/www.africa-press.net\/congo-brazzaville\/?s={search_term_string}"},"query-input":{"@type":"PropertyValueSpecification","valueRequired":true,"valueName":"search_term_string"}}],"inLanguage":"fr-FR"},{"@type":"Person","@id":"https:\/\/www.africa-press.net\/congo-brazzaville\/#\/schema\/person\/2b1cf3cd81a31e3cd26889ca66d677f1","name":"cfeditorfr"}]}},"_links":{"self":[{"href":"https:\/\/www.africa-press.net\/congo-brazzaville\/wp-json\/wp\/v2\/posts\/1777","targetHints":{"allow":["GET"]}}],"collection":[{"href":"https:\/\/www.africa-press.net\/congo-brazzaville\/wp-json\/wp\/v2\/posts"}],"about":[{"href":"https:\/\/www.africa-press.net\/congo-brazzaville\/wp-json\/wp\/v2\/types\/post"}],"author":[{"embeddable":true,"href":"https:\/\/www.africa-press.net\/congo-brazzaville\/wp-json\/wp\/v2\/users\/82"}],"replies":[{"embeddable":true,"href":"https:\/\/www.africa-press.net\/congo-brazzaville\/wp-json\/wp\/v2\/comments?post=1777"}],"version-history":[{"count":0,"href":"https:\/\/www.africa-press.net\/congo-brazzaville\/wp-json\/wp\/v2\/posts\/1777\/revisions"}],"wp:featuredmedia":[{"embeddable":true,"href":"https:\/\/www.africa-press.net\/congo-brazzaville\/wp-json\/wp\/v2\/media\/1776"}],"wp:attachment":[{"href":"https:\/\/www.africa-press.net\/congo-brazzaville\/wp-json\/wp\/v2\/media?parent=1777"}],"wp:term":[{"taxonomy":"category","embeddable":true,"href":"https:\/\/www.africa-press.net\/congo-brazzaville\/wp-json\/wp\/v2\/categories?post=1777"},{"taxonomy":"post_tag","embeddable":true,"href":"https:\/\/www.africa-press.net\/congo-brazzaville\/wp-json\/wp\/v2\/tags?post=1777"}],"curies":[{"name":"wp","href":"https:\/\/api.w.org\/{rel}","templated":true}]}}