{"id":1781,"date":"2021-12-14T00:09:01","date_gmt":"2021-12-14T00:09:01","guid":{"rendered":"https:\/\/www.africa-press.net\/congo-brazzaville\/?p=1781"},"modified":"2021-12-13T22:40:13","modified_gmt":"2021-12-13T22:40:13","slug":"festival-du-manioc-la-premiere-edition-tenue-dans-la-ville-oceane","status":"publish","type":"post","link":"https:\/\/www.africa-press.net\/congo-brazzaville\/photo\/festival-du-manioc-la-premiere-edition-tenue-dans-la-ville-oceane","title":{"rendered":"Festival du manioc : la premi\u00e8re \u00e9dition tenue dans la ville oc\u00e9ane"},"content":{"rendered":"<p><span style=\"color: #ff6600\"><strong>Africa-Press &#8211; Congo Brazzaville. <\/strong><\/span><b>D\u00e9nomm\u00e9e \u00ab Zandu ya mayaka \u00bb, la premi\u00e8re \u00e9dition du festival du manioc a eu lieu du 8 au 12 d\u00e9cembre \u00e0 Pointe-Noire, \u00e0 la grande satisfaction des organisateurs, partenaires et acteurs de cette fili\u00e8re.<\/b><\/p>\n<p>Initi\u00e9 par Edrine Samba, dirigeante de la manioquerie du Congo, une unit\u00e9 de production, de transformation et de commercialisation des d\u00e9riv\u00e9s du manioc, le festival avait pour vocation de r\u00e9unir les acteurs de cette fili\u00e8re autour d\u2019une synergie, afin de leur permettre de travailler ensemble.<\/p>\n<p>Le but vis\u00e9 \u00e9tant d\u2019emmener non seulement les autorit\u00e9s congolaises \u00e0 valoriser le manioc dans toute sa diversit\u00e9 mais \u00e9galement d\u2019instituer un cadre de rencontres et d\u2019\u00e9changes entre les acteurs de la cha\u00eene de production et de transformation du manioc, en vue de promouvoir un d\u00e9veloppement durable de cette fili\u00e8re.<\/p>\n<p>Ce festival a constitu\u00e9 un cadre d\u2019\u00e9change mais surtout une opportunit\u00e9 d\u2019affaires entre producteurs, transformateurs et commer\u00e7ants. Cette premi\u00e8re \u00e9dition a permis de magnifier le manioc dans toutes ses vertus.<\/p>\n<p>Pendant pr\u00e8s d\u2019une semaine, le public a eu l\u2019occasion de d\u00e9couvrir, \u00e0 travers les conf\u00e9rence-d\u00e9bats, ateliers de formation et des expositions ventes, les valeurs cardinales du manioc dont la transformation donne beaucoup de d\u00e9riv\u00e9s susceptibles d\u2019int\u00e9grer la cha\u00eene de valeur de l\u2019\u00e9conomie congolaise.<\/p>\n<p>Parmi les produits expos\u00e9s \u00e0 ce festival, on a not\u00e9 le manioc \u00e0 fourrer, le manioc \u00e0 la p\u00e2te d\u2019arachide autrement dit Mbala-mpinda, le manioc \u00e0 la courge, le manioc toast\u00e9, la bouillie de manioc dite \u00ab\u00a0Mboita\u00a0\u00bb et autres.<\/p>\n<p>Notons que cette activit\u00e9 s\u2019est d\u00e9roul\u00e9e en pr\u00e9sence de Sylvestre Didier Mavouenzela, pr\u00e9sident de la Chambre de commerce de Pointe- Noire. Elle a permis aux artisans et petits producteurs form\u00e9s dans la cha\u00eene de transformation de tubercules de manioc et de la banane en produits d\u00e9riv\u00e9s de les exposer \u00e0 un public beaucoup plus large.<\/p>\n\r\n                <style type=\"text\/css\">\r\n                    \r\n                    #td_uid_1_69f5170fd64bb  .td-doubleSlider-2 .td-item1 {\r\n                        background: url(https:\/\/static.africa-press.net\/centrafricaine\/sites\/51\/2021\/12\/img-61b7cbb0349eb-80x60.jpg) 0 0 no-repeat;\r\n                    }\r\n                <\/style>\r\n\r\n                <div id=\"td_uid_1_69f5170fd64bb\" class=\"td-gallery td-slide-on-2-columns\">\r\n                    <div class=\"post_td_gallery\">\r\n                        <div class=\"td-gallery-slide-top\">\r\n                           <div class=\"td-gallery-title\"><\/div>\r\n\r\n                            <div class=\"td-gallery-controls-wrapper\">\r\n                                <div class=\"td-gallery-slide-count\"><span class=\"td-gallery-slide-item-focus\">1<\/span> de 2<\/div>\r\n                                <div class=\"td-gallery-slide-prev-next-but\">\r\n                                    <i class = \"td-icon-left doubleSliderPrevButton\"><\/i>\r\n                                    <i class = \"td-icon-right doubleSliderNextButton\"><\/i>\r\n                                <\/div>\r\n                            <\/div>\r\n                        <\/div>\r\n\r\n                        <div class = \"td-doubleSlider-1 \">\r\n                            <div class = \"td-slider\">\r\n                                \r\n                    <div class = \"td-slide-item td-item1\">\r\n                        <figure class=\"td-slide-galery-figure td-slide-popup-gallery\">\r\n                            <a class=\"slide-gallery-image-link\" href=\"https:\/\/static.africa-press.net\/centrafricaine\/sites\/51\/2021\/12\/img-61b7cbb0349eb.jpg\" title=\"img-61b7cbb0349eb\"  data-caption=\"\"  data-description=\"\">\r\n                                <img decoding=\"async\" src=\"https:\/\/static.africa-press.net\/centrafricaine\/sites\/51\/2021\/12\/img-61b7cbb0349eb.jpg\" srcset=\"https:\/\/static.africa-press.net\/congo-brazzaville\/sites\/51\/2021\/12\/img-61b7cbb0349eb.jpg 720w, https:\/\/static.africa-press.net\/congo-brazzaville\/sites\/51\/2021\/12\/img-61b7cbb0349eb-286x300.jpg 286w\" sizes=\"(max-width: 720px) 100vw, 720px\" alt=\"\">\r\n                            <\/a>\r\n                            \r\n                        <\/figure>\r\n                    <\/div>\r\n                            <\/div>\r\n                        <\/div>\r\n\r\n                        <div class = \"td-doubleSlider-2\">\r\n                            <div class = \"td-slider\">\r\n                                \r\n                    <div class = \"td-button td-item1\">\r\n                        <div class = \"td-border\"><\/div>\r\n                    <\/div>\r\n                            <\/div>\r\n                        <\/div>\r\n\r\n                    <\/div>\r\n\r\n                <\/div>\r\n                \n<p><strong>Pour plus d&rsquo;informations et d&rsquo;analyses sur la <a href=\"https:\/\/www.africa-press.net\/congo-brazzaville\">Congo Brazzaville<\/a>, suivez <a href=\"https:\/\/www.africa-press.net\/\">Africa-Press<\/a><\/strong><\/p>\n","protected":false},"excerpt":{"rendered":"<p>Africa-Press &#8211; Congo Brazzaville. D\u00e9nomm\u00e9e \u00ab Zandu ya mayaka \u00bb, la premi\u00e8re \u00e9dition du festival du manioc a eu lieu du 8 au 12 d\u00e9cembre \u00e0 Pointe-Noire, \u00e0 la grande satisfaction des organisateurs, partenaires et acteurs de cette fili\u00e8re. Initi\u00e9 par Edrine Samba, dirigeante de la manioquerie du Congo, une unit\u00e9 de production, de transformation [&hellip;]<\/p>\n","protected":false},"author":82,"featured_media":1780,"comment_status":"open","ping_status":"closed","sticky":false,"template":"","format":"standard","meta":{"footnotes":""},"categories":[21,11,8,10],"tags":[36,47,46],"class_list":["post-1781","post","type-post","status-publish","format-standard","has-post-thumbnail","hentry","category-communaute","category-homepage-french","category-photo","category-toutes-les-actualites","tag-africa-press","tag-africa-press-congo-brazzaville","tag-congo-brazzaville"],"yoast_head":"<!-- This site is optimized with the Yoast SEO Premium plugin v26.1 (Yoast SEO v27.0) - https:\/\/yoast.com\/product\/yoast-seo-premium-wordpress\/ -->\n<title>Festival du manioc : la premi\u00e8re \u00e9dition tenue dans la ville oc\u00e9ane - Congo Brazzaville<\/title>\n<meta name=\"description\" content=\"D\u00e9nomm\u00e9e \u00ab Zandu ya mayaka \u00bb, la premi\u00e8re \u00e9dition du festival du manioc a eu lieu du 8 au 12 d\u00e9cembre \u00e0 Pointe-Noire, ...\" \/>\n<meta name=\"robots\" content=\"index, follow, max-snippet:-1, max-image-preview:large, max-video-preview:-1\" \/>\n<link rel=\"canonical\" href=\"https:\/\/www.africa-press.net\/congo-brazzaville\/photo\/festival-du-manioc-la-premiere-edition-tenue-dans-la-ville-oceane\" \/>\n<meta property=\"og:locale\" content=\"fr_FR\" \/>\n<meta property=\"og:type\" content=\"article\" \/>\n<meta property=\"og:title\" content=\"Festival du manioc : la premi\u00e8re \u00e9dition tenue dans la ville oc\u00e9ane\" \/>\n<meta property=\"og:description\" content=\"D\u00e9nomm\u00e9e \u00ab Zandu ya mayaka \u00bb, la premi\u00e8re \u00e9dition du festival du manioc a eu lieu du 8 au 12 d\u00e9cembre \u00e0 Pointe-Noire, ...\" \/>\n<meta property=\"og:url\" content=\"https:\/\/www.africa-press.net\/congo-brazzaville\/photo\/festival-du-manioc-la-premiere-edition-tenue-dans-la-ville-oceane\" \/>\n<meta property=\"og:site_name\" content=\"Congo Brazzaville\" \/>\n<meta property=\"article:published_time\" content=\"2021-12-14T00:09:01+00:00\" \/>\n<meta property=\"og:image\" content=\"https:\/\/static.africa-press.net\/centrafricaine\/sites\/51\/2021\/12\/img-61b7cbb833e1f.jpg\" \/>\n\t<meta property=\"og:image:width\" content=\"720\" \/>\n\t<meta property=\"og:image:height\" content=\"754\" \/>\n\t<meta property=\"og:image:type\" content=\"image\/jpeg\" \/>\n<meta name=\"author\" content=\"cfeditorfr\" \/>\n<meta name=\"twitter:card\" content=\"summary_large_image\" \/>\n<meta name=\"twitter:label1\" content=\"\u00c9crit par\" \/>\n\t<meta name=\"twitter:data1\" content=\"cfeditorfr\" \/>\n\t<meta name=\"twitter:label2\" content=\"Dur\u00e9e de lecture estim\u00e9e\" \/>\n\t<meta name=\"twitter:data2\" content=\"2 minutes\" \/>\n<script type=\"application\/ld+json\" class=\"yoast-schema-graph\">{\"@context\":\"https:\/\/schema.org\",\"@graph\":[{\"@type\":\"Article\",\"@id\":\"https:\/\/www.africa-press.net\/congo-brazzaville\/photo\/festival-du-manioc-la-premiere-edition-tenue-dans-la-ville-oceane#article\",\"isPartOf\":{\"@id\":\"https:\/\/www.africa-press.net\/congo-brazzaville\/photo\/festival-du-manioc-la-premiere-edition-tenue-dans-la-ville-oceane\"},\"author\":{\"name\":\"cfeditorfr\",\"@id\":\"https:\/\/www.africa-press.net\/congo-brazzaville\/#\/schema\/person\/2b1cf3cd81a31e3cd26889ca66d677f1\"},\"headline\":\"Festival du manioc : la premi\u00e8re \u00e9dition tenue dans la ville oc\u00e9ane\",\"datePublished\":\"2021-12-14T00:09:01+00:00\",\"mainEntityOfPage\":{\"@id\":\"https:\/\/www.africa-press.net\/congo-brazzaville\/photo\/festival-du-manioc-la-premiere-edition-tenue-dans-la-ville-oceane\"},\"wordCount\":369,\"commentCount\":0,\"image\":{\"@id\":\"https:\/\/www.africa-press.net\/congo-brazzaville\/photo\/festival-du-manioc-la-premiere-edition-tenue-dans-la-ville-oceane#primaryimage\"},\"thumbnailUrl\":\"https:\/\/static.africa-press.net\/centrafricaine\/sites\/51\/2021\/12\/img-61b7cbb833e1f.jpg\",\"keywords\":[\"Africa Press\",\"Africa Press-Congo Brazzaville\",\"Congo Brazzaville\"],\"articleSection\":[\"Communaut\u00e9\",\"homepage-french\",\"Photo\",\"Toutes les actualit\u00e9s\"],\"inLanguage\":\"fr-FR\",\"potentialAction\":[{\"@type\":\"CommentAction\",\"name\":\"Comment\",\"target\":[\"https:\/\/www.africa-press.net\/congo-brazzaville\/photo\/festival-du-manioc-la-premiere-edition-tenue-dans-la-ville-oceane#respond\"]}]},{\"@type\":\"WebPage\",\"@id\":\"https:\/\/www.africa-press.net\/congo-brazzaville\/photo\/festival-du-manioc-la-premiere-edition-tenue-dans-la-ville-oceane\",\"url\":\"https:\/\/www.africa-press.net\/congo-brazzaville\/photo\/festival-du-manioc-la-premiere-edition-tenue-dans-la-ville-oceane\",\"name\":\"Festival du manioc : la premi\u00e8re \u00e9dition tenue dans la ville oc\u00e9ane - Congo Brazzaville\",\"isPartOf\":{\"@id\":\"https:\/\/www.africa-press.net\/congo-brazzaville\/#website\"},\"primaryImageOfPage\":{\"@id\":\"https:\/\/www.africa-press.net\/congo-brazzaville\/photo\/festival-du-manioc-la-premiere-edition-tenue-dans-la-ville-oceane#primaryimage\"},\"image\":{\"@id\":\"https:\/\/www.africa-press.net\/congo-brazzaville\/photo\/festival-du-manioc-la-premiere-edition-tenue-dans-la-ville-oceane#primaryimage\"},\"thumbnailUrl\":\"https:\/\/static.africa-press.net\/centrafricaine\/sites\/51\/2021\/12\/img-61b7cbb833e1f.jpg\",\"datePublished\":\"2021-12-14T00:09:01+00:00\",\"author\":{\"@id\":\"https:\/\/www.africa-press.net\/congo-brazzaville\/#\/schema\/person\/2b1cf3cd81a31e3cd26889ca66d677f1\"},\"description\":\"D\u00e9nomm\u00e9e \u00ab Zandu ya mayaka \u00bb, la premi\u00e8re \u00e9dition du festival du manioc a eu lieu du 8 au 12 d\u00e9cembre \u00e0 Pointe-Noire, ...\",\"breadcrumb\":{\"@id\":\"https:\/\/www.africa-press.net\/congo-brazzaville\/photo\/festival-du-manioc-la-premiere-edition-tenue-dans-la-ville-oceane#breadcrumb\"},\"inLanguage\":\"fr-FR\",\"potentialAction\":[{\"@type\":\"ReadAction\",\"target\":[\"https:\/\/www.africa-press.net\/congo-brazzaville\/photo\/festival-du-manioc-la-premiere-edition-tenue-dans-la-ville-oceane\"]}]},{\"@type\":\"ImageObject\",\"inLanguage\":\"fr-FR\",\"@id\":\"https:\/\/www.africa-press.net\/congo-brazzaville\/photo\/festival-du-manioc-la-premiere-edition-tenue-dans-la-ville-oceane#primaryimage\",\"url\":\"https:\/\/static.africa-press.net\/centrafricaine\/sites\/51\/2021\/12\/img-61b7cbb833e1f.jpg\",\"contentUrl\":\"https:\/\/static.africa-press.net\/centrafricaine\/sites\/51\/2021\/12\/img-61b7cbb833e1f.jpg\",\"width\":720,\"height\":754,\"caption\":\"Festival du manioc : la premi\u00e8re \u00e9dition tenue dans la ville oc\u00e9ane\"},{\"@type\":\"BreadcrumbList\",\"@id\":\"https:\/\/www.africa-press.net\/congo-brazzaville\/photo\/festival-du-manioc-la-premiere-edition-tenue-dans-la-ville-oceane#breadcrumb\",\"itemListElement\":[{\"@type\":\"ListItem\",\"position\":1,\"name\":\"Accueil\",\"item\":\"https:\/\/www.africa-press.net\/congo-brazzaville\/\"},{\"@type\":\"ListItem\",\"position\":2,\"name\":\"Festival du manioc : la premi\u00e8re \u00e9dition tenue dans la ville oc\u00e9ane\"}]},{\"@type\":\"WebSite\",\"@id\":\"https:\/\/www.africa-press.net\/congo-brazzaville\/#website\",\"url\":\"https:\/\/www.africa-press.net\/congo-brazzaville\/\",\"name\":\"Congo Brazzaville\",\"description\":\"Just another Africa News Agency Sites site\",\"potentialAction\":[{\"@type\":\"SearchAction\",\"target\":{\"@type\":\"EntryPoint\",\"urlTemplate\":\"https:\/\/www.africa-press.net\/congo-brazzaville\/?s={search_term_string}\"},\"query-input\":{\"@type\":\"PropertyValueSpecification\",\"valueRequired\":true,\"valueName\":\"search_term_string\"}}],\"inLanguage\":\"fr-FR\"},{\"@type\":\"Person\",\"@id\":\"https:\/\/www.africa-press.net\/congo-brazzaville\/#\/schema\/person\/2b1cf3cd81a31e3cd26889ca66d677f1\",\"name\":\"cfeditorfr\"}]}<\/script>\n<!-- \/ Yoast SEO Premium plugin. -->","yoast_head_json":{"title":"Festival du manioc : la premi\u00e8re \u00e9dition tenue dans la ville oc\u00e9ane - Congo Brazzaville","description":"D\u00e9nomm\u00e9e \u00ab Zandu ya mayaka \u00bb, la premi\u00e8re \u00e9dition du festival du manioc a eu lieu du 8 au 12 d\u00e9cembre \u00e0 Pointe-Noire, ...","robots":{"index":"index","follow":"follow","max-snippet":"max-snippet:-1","max-image-preview":"max-image-preview:large","max-video-preview":"max-video-preview:-1"},"canonical":"https:\/\/www.africa-press.net\/congo-brazzaville\/photo\/festival-du-manioc-la-premiere-edition-tenue-dans-la-ville-oceane","og_locale":"fr_FR","og_type":"article","og_title":"Festival du manioc : la premi\u00e8re \u00e9dition tenue dans la ville oc\u00e9ane","og_description":"D\u00e9nomm\u00e9e \u00ab Zandu ya mayaka \u00bb, la premi\u00e8re \u00e9dition du festival du manioc a eu lieu du 8 au 12 d\u00e9cembre \u00e0 Pointe-Noire, ...","og_url":"https:\/\/www.africa-press.net\/congo-brazzaville\/photo\/festival-du-manioc-la-premiere-edition-tenue-dans-la-ville-oceane","og_site_name":"Congo Brazzaville","article_published_time":"2021-12-14T00:09:01+00:00","og_image":[{"width":720,"height":754,"url":"https:\/\/static.africa-press.net\/centrafricaine\/sites\/51\/2021\/12\/img-61b7cbb833e1f.jpg","type":"image\/jpeg"}],"author":"cfeditorfr","twitter_card":"summary_large_image","twitter_misc":{"\u00c9crit par":"cfeditorfr","Dur\u00e9e de lecture estim\u00e9e":"2 minutes"},"schema":{"@context":"https:\/\/schema.org","@graph":[{"@type":"Article","@id":"https:\/\/www.africa-press.net\/congo-brazzaville\/photo\/festival-du-manioc-la-premiere-edition-tenue-dans-la-ville-oceane#article","isPartOf":{"@id":"https:\/\/www.africa-press.net\/congo-brazzaville\/photo\/festival-du-manioc-la-premiere-edition-tenue-dans-la-ville-oceane"},"author":{"name":"cfeditorfr","@id":"https:\/\/www.africa-press.net\/congo-brazzaville\/#\/schema\/person\/2b1cf3cd81a31e3cd26889ca66d677f1"},"headline":"Festival du manioc : la premi\u00e8re \u00e9dition tenue dans la ville oc\u00e9ane","datePublished":"2021-12-14T00:09:01+00:00","mainEntityOfPage":{"@id":"https:\/\/www.africa-press.net\/congo-brazzaville\/photo\/festival-du-manioc-la-premiere-edition-tenue-dans-la-ville-oceane"},"wordCount":369,"commentCount":0,"image":{"@id":"https:\/\/www.africa-press.net\/congo-brazzaville\/photo\/festival-du-manioc-la-premiere-edition-tenue-dans-la-ville-oceane#primaryimage"},"thumbnailUrl":"https:\/\/static.africa-press.net\/centrafricaine\/sites\/51\/2021\/12\/img-61b7cbb833e1f.jpg","keywords":["Africa Press","Africa Press-Congo Brazzaville","Congo Brazzaville"],"articleSection":["Communaut\u00e9","homepage-french","Photo","Toutes les actualit\u00e9s"],"inLanguage":"fr-FR","potentialAction":[{"@type":"CommentAction","name":"Comment","target":["https:\/\/www.africa-press.net\/congo-brazzaville\/photo\/festival-du-manioc-la-premiere-edition-tenue-dans-la-ville-oceane#respond"]}]},{"@type":"WebPage","@id":"https:\/\/www.africa-press.net\/congo-brazzaville\/photo\/festival-du-manioc-la-premiere-edition-tenue-dans-la-ville-oceane","url":"https:\/\/www.africa-press.net\/congo-brazzaville\/photo\/festival-du-manioc-la-premiere-edition-tenue-dans-la-ville-oceane","name":"Festival du manioc : la premi\u00e8re \u00e9dition tenue dans la ville oc\u00e9ane - Congo Brazzaville","isPartOf":{"@id":"https:\/\/www.africa-press.net\/congo-brazzaville\/#website"},"primaryImageOfPage":{"@id":"https:\/\/www.africa-press.net\/congo-brazzaville\/photo\/festival-du-manioc-la-premiere-edition-tenue-dans-la-ville-oceane#primaryimage"},"image":{"@id":"https:\/\/www.africa-press.net\/congo-brazzaville\/photo\/festival-du-manioc-la-premiere-edition-tenue-dans-la-ville-oceane#primaryimage"},"thumbnailUrl":"https:\/\/static.africa-press.net\/centrafricaine\/sites\/51\/2021\/12\/img-61b7cbb833e1f.jpg","datePublished":"2021-12-14T00:09:01+00:00","author":{"@id":"https:\/\/www.africa-press.net\/congo-brazzaville\/#\/schema\/person\/2b1cf3cd81a31e3cd26889ca66d677f1"},"description":"D\u00e9nomm\u00e9e \u00ab Zandu ya mayaka \u00bb, la premi\u00e8re \u00e9dition du festival du manioc a eu lieu du 8 au 12 d\u00e9cembre \u00e0 Pointe-Noire, ...","breadcrumb":{"@id":"https:\/\/www.africa-press.net\/congo-brazzaville\/photo\/festival-du-manioc-la-premiere-edition-tenue-dans-la-ville-oceane#breadcrumb"},"inLanguage":"fr-FR","potentialAction":[{"@type":"ReadAction","target":["https:\/\/www.africa-press.net\/congo-brazzaville\/photo\/festival-du-manioc-la-premiere-edition-tenue-dans-la-ville-oceane"]}]},{"@type":"ImageObject","inLanguage":"fr-FR","@id":"https:\/\/www.africa-press.net\/congo-brazzaville\/photo\/festival-du-manioc-la-premiere-edition-tenue-dans-la-ville-oceane#primaryimage","url":"https:\/\/static.africa-press.net\/centrafricaine\/sites\/51\/2021\/12\/img-61b7cbb833e1f.jpg","contentUrl":"https:\/\/static.africa-press.net\/centrafricaine\/sites\/51\/2021\/12\/img-61b7cbb833e1f.jpg","width":720,"height":754,"caption":"Festival du manioc : la premi\u00e8re \u00e9dition tenue dans la ville oc\u00e9ane"},{"@type":"BreadcrumbList","@id":"https:\/\/www.africa-press.net\/congo-brazzaville\/photo\/festival-du-manioc-la-premiere-edition-tenue-dans-la-ville-oceane#breadcrumb","itemListElement":[{"@type":"ListItem","position":1,"name":"Accueil","item":"https:\/\/www.africa-press.net\/congo-brazzaville\/"},{"@type":"ListItem","position":2,"name":"Festival du manioc : la premi\u00e8re \u00e9dition tenue dans la ville oc\u00e9ane"}]},{"@type":"WebSite","@id":"https:\/\/www.africa-press.net\/congo-brazzaville\/#website","url":"https:\/\/www.africa-press.net\/congo-brazzaville\/","name":"Congo Brazzaville","description":"Just another Africa News Agency Sites site","potentialAction":[{"@type":"SearchAction","target":{"@type":"EntryPoint","urlTemplate":"https:\/\/www.africa-press.net\/congo-brazzaville\/?s={search_term_string}"},"query-input":{"@type":"PropertyValueSpecification","valueRequired":true,"valueName":"search_term_string"}}],"inLanguage":"fr-FR"},{"@type":"Person","@id":"https:\/\/www.africa-press.net\/congo-brazzaville\/#\/schema\/person\/2b1cf3cd81a31e3cd26889ca66d677f1","name":"cfeditorfr"}]}},"_links":{"self":[{"href":"https:\/\/www.africa-press.net\/congo-brazzaville\/wp-json\/wp\/v2\/posts\/1781","targetHints":{"allow":["GET"]}}],"collection":[{"href":"https:\/\/www.africa-press.net\/congo-brazzaville\/wp-json\/wp\/v2\/posts"}],"about":[{"href":"https:\/\/www.africa-press.net\/congo-brazzaville\/wp-json\/wp\/v2\/types\/post"}],"author":[{"embeddable":true,"href":"https:\/\/www.africa-press.net\/congo-brazzaville\/wp-json\/wp\/v2\/users\/82"}],"replies":[{"embeddable":true,"href":"https:\/\/www.africa-press.net\/congo-brazzaville\/wp-json\/wp\/v2\/comments?post=1781"}],"version-history":[{"count":0,"href":"https:\/\/www.africa-press.net\/congo-brazzaville\/wp-json\/wp\/v2\/posts\/1781\/revisions"}],"wp:featuredmedia":[{"embeddable":true,"href":"https:\/\/www.africa-press.net\/congo-brazzaville\/wp-json\/wp\/v2\/media\/1780"}],"wp:attachment":[{"href":"https:\/\/www.africa-press.net\/congo-brazzaville\/wp-json\/wp\/v2\/media?parent=1781"}],"wp:term":[{"taxonomy":"category","embeddable":true,"href":"https:\/\/www.africa-press.net\/congo-brazzaville\/wp-json\/wp\/v2\/categories?post=1781"},{"taxonomy":"post_tag","embeddable":true,"href":"https:\/\/www.africa-press.net\/congo-brazzaville\/wp-json\/wp\/v2\/tags?post=1781"}],"curies":[{"name":"wp","href":"https:\/\/api.w.org\/{rel}","templated":true}]}}