{"id":1790,"date":"2021-12-14T00:23:45","date_gmt":"2021-12-14T00:23:45","guid":{"rendered":"https:\/\/www.africa-press.net\/congo-brazzaville\/?p=1790"},"modified":"2021-12-13T22:41:58","modified_gmt":"2021-12-13T22:41:58","slug":"droits-de-lhomme-locdh-notifie-des-abus-dans-le-conflit-homme-elephant-au-congo","status":"publish","type":"post","link":"https:\/\/www.africa-press.net\/congo-brazzaville\/photo\/droits-de-lhomme-locdh-notifie-des-abus-dans-le-conflit-homme-elephant-au-congo","title":{"rendered":"Droits de l\u2019homme : l\u2019OCDH notifie des abus dans le conflit homme-\u00e9l\u00e9phant au Congo"},"content":{"rendered":"<p><span style=\"color: #ff6600\"><strong>Africa-Press &#8211; Congo Brazzaville. <\/strong><\/span><b>Le directeur ex\u00e9cutif de l\u2019Observatoire congolais des droits de l\u2019homme (OCDH), Georges Nguila, a averti, le 10 d\u00e9cembre \u00e0 Brazzaville, sur les cas d\u2019atteinte aux libert\u00e9s fondamentales dont sont victimes les citoyens congolais vivant dans les villages, \u00e0 proximit\u00e9 des aires prot\u00e9g\u00e9es, et compte mener un plaidoyer au niveau des institutions nationales.<\/b><\/p>\n<p>L\u2019activiste des droits humains a d\u00e9plor\u00e9 le fait que les droits \u00e9conomiques ne sont pas respect\u00e9s, regrettant notamment la d\u00e9vastation des champs des citoyens par les pachydermes sans aucune contrepartie de l\u2019Etat. \u00ab Dans les zones des aires prot\u00e9g\u00e9es, la vie humaine est en danger \u00e0 cause de la coexistence des \u00e9l\u00e9phants et des hommes. Les champs sont ravag\u00e9s par ces animaux et les humains subissent. Doit-on plus prot\u00e9ger les animaux ou les hommes ? L\u00e0 encore, l\u2019Etat n\u2019a pas apport\u00e9 de r\u00e9ponse \u00e0 cette probl\u00e9matique\u2026 \u00bb, a indiqu\u00e9 Georges Nguila.<\/p>\n<p>Le directeur ex\u00e9cutif de l\u2019OCDH s\u2019est \u00e9galement lament\u00e9 de la dur\u00e9e de la d\u00e9tention pr\u00e9ventive dans les postes de police, de la lenteur de l\u2019appareil judiciaire, de la protection sociale des retrait\u00e9s, de la surpopulation carc\u00e9rale, de la mort de six Congolais dans la localit\u00e9 de Kabosse occasionn\u00e9e par la soci\u00e9t\u00e9 chinoise Cefyd, install\u00e9e dans le d\u00e9partement de la Likouala. \u00ab Le cahier des charges n\u2019est pas respect\u00e9 par la soci\u00e9t\u00e9 chinoise. La soci\u00e9t\u00e9 civile souffre pour faire le monitoring sur l\u2019ensemble du pays&#8230; Mais nous documentons tous les cas pour faire notre plaidoyer afin que justice soit rendue \u00bb, a indiqu\u00e9 le directeur ex\u00e9cutif de l\u2019OCDH.<\/p>\n<p>En revanche, l\u2019activiste des droits humains s\u2019est f\u00e9licit\u00e9 de quelques efforts r\u00e9alis\u00e9s dont l\u2019incorporation de la D\u00e9claration universelle des droits de l\u2019homme dans la Constitution. \u00ab Oui, la D\u00e9claration universelle des droits de l\u2019homme a \u00e9t\u00e9 incorpor\u00e9e dans la Constitution du Congo. Il nous appartient donc de pouvoir observer si notre Etat se conforme bien aux dispositions de ce texte. L\u2019Etat a l\u2019obligation de prot\u00e9ger la vie \u00bb, a-t-il rappel\u00e9. L\u2019action de la soci\u00e9t\u00e9 civile est reconnue par les citoyens congolais gr\u00e2ce \u00e0 l\u2019adoption par le Parlement de plusieurs lois, entre autres, relatives \u00e0 la lutte contre la traite des enfants, la protection des peuples autochtones et la transparence financi\u00e8re au niveau des industries extractives.<\/p>\n\r\n                <style type=\"text\/css\">\r\n                    \r\n                    #td_uid_1_69f563de13836  .td-doubleSlider-2 .td-item1 {\r\n                        background: url(https:\/\/static.africa-press.net\/centrafricaine\/sites\/51\/2021\/12\/img-61b7cc12d35c4-80x60.jpg) 0 0 no-repeat;\r\n                    }\r\n                <\/style>\r\n\r\n                <div id=\"td_uid_1_69f563de13836\" class=\"td-gallery td-slide-on-2-columns\">\r\n                    <div class=\"post_td_gallery\">\r\n                        <div class=\"td-gallery-slide-top\">\r\n                           <div class=\"td-gallery-title\"><\/div>\r\n\r\n                            <div class=\"td-gallery-controls-wrapper\">\r\n                                <div class=\"td-gallery-slide-count\"><span class=\"td-gallery-slide-item-focus\">1<\/span> de 2<\/div>\r\n                                <div class=\"td-gallery-slide-prev-next-but\">\r\n                                    <i class = \"td-icon-left doubleSliderPrevButton\"><\/i>\r\n                                    <i class = \"td-icon-right doubleSliderNextButton\"><\/i>\r\n                                <\/div>\r\n                            <\/div>\r\n                        <\/div>\r\n\r\n                        <div class = \"td-doubleSlider-1 \">\r\n                            <div class = \"td-slider\">\r\n                                \r\n                    <div class = \"td-slide-item td-item1\">\r\n                        <figure class=\"td-slide-galery-figure td-slide-popup-gallery\">\r\n                            <a class=\"slide-gallery-image-link\" href=\"https:\/\/static.africa-press.net\/centrafricaine\/sites\/51\/2021\/12\/img-61b7cc12d35c4.jpg\" title=\"img-61b7cc12d35c4\"  data-caption=\"\"  data-description=\"\">\r\n                                <img decoding=\"async\" src=\"https:\/\/static.africa-press.net\/centrafricaine\/sites\/51\/2021\/12\/img-61b7cc12d35c4.jpg\" srcset=\"https:\/\/static.africa-press.net\/congo-brazzaville\/sites\/51\/2021\/12\/img-61b7cc12d35c4.jpg 1600w, https:\/\/static.africa-press.net\/congo-brazzaville\/sites\/51\/2021\/12\/img-61b7cc12d35c4-300x225.jpg 300w, https:\/\/static.africa-press.net\/congo-brazzaville\/sites\/51\/2021\/12\/img-61b7cc12d35c4-1024x768.jpg 1024w, https:\/\/static.africa-press.net\/congo-brazzaville\/sites\/51\/2021\/12\/img-61b7cc12d35c4-768x576.jpg 768w, https:\/\/static.africa-press.net\/congo-brazzaville\/sites\/51\/2021\/12\/img-61b7cc12d35c4-1536x1152.jpg 1536w, https:\/\/static.africa-press.net\/congo-brazzaville\/sites\/51\/2021\/12\/img-61b7cc12d35c4-80x60.jpg 80w\" sizes=\"(max-width: 1600px) 100vw, 1600px\" alt=\"\">\r\n                            <\/a>\r\n                            \r\n                        <\/figure>\r\n                    <\/div>\r\n                            <\/div>\r\n                        <\/div>\r\n\r\n                        <div class = \"td-doubleSlider-2\">\r\n                            <div class = \"td-slider\">\r\n                                \r\n                    <div class = \"td-button td-item1\">\r\n                        <div class = \"td-border\"><\/div>\r\n                    <\/div>\r\n                            <\/div>\r\n                        <\/div>\r\n\r\n                    <\/div>\r\n\r\n                <\/div>\r\n                \n<p><strong>Pour plus d&rsquo;informations et d&rsquo;analyses sur la <a href=\"https:\/\/www.africa-press.net\/congo-brazzaville\">Congo Brazzaville<\/a>, suivez <a href=\"https:\/\/www.africa-press.net\/\">Africa-Press<\/a><\/strong><\/p>\n","protected":false},"excerpt":{"rendered":"<p>Africa-Press &#8211; Congo Brazzaville. Le directeur ex\u00e9cutif de l\u2019Observatoire congolais des droits de l\u2019homme (OCDH), Georges Nguila, a averti, le 10 d\u00e9cembre \u00e0 Brazzaville, sur les cas d\u2019atteinte aux libert\u00e9s fondamentales dont sont victimes les citoyens congolais vivant dans les villages, \u00e0 proximit\u00e9 des aires prot\u00e9g\u00e9es, et compte mener un plaidoyer au niveau des institutions [&hellip;]<\/p>\n","protected":false},"author":82,"featured_media":1789,"comment_status":"open","ping_status":"closed","sticky":false,"template":"","format":"standard","meta":{"footnotes":""},"categories":[21,11,8,10],"tags":[36,47,46],"class_list":["post-1790","post","type-post","status-publish","format-standard","has-post-thumbnail","hentry","category-communaute","category-homepage-french","category-photo","category-toutes-les-actualites","tag-africa-press","tag-africa-press-congo-brazzaville","tag-congo-brazzaville"],"yoast_head":"<!-- This site is optimized with the Yoast SEO Premium plugin v26.1 (Yoast SEO v27.0) - https:\/\/yoast.com\/product\/yoast-seo-premium-wordpress\/ -->\n<title>Droits de l\u2019homme : l\u2019OCDH notifie des abus dans le conflit homme-\u00e9l\u00e9phant au Congo - Congo Brazzaville<\/title>\n<meta name=\"description\" content=\"Le directeur ex\u00e9cutif de l\u2019Observatoire congolais des droits de l\u2019homme (OCDH), Georges Nguila, a averti, le 10 d\u00e9cem ...\" \/>\n<meta name=\"robots\" content=\"index, follow, max-snippet:-1, max-image-preview:large, max-video-preview:-1\" \/>\n<link rel=\"canonical\" href=\"https:\/\/www.africa-press.net\/congo-brazzaville\/photo\/droits-de-lhomme-locdh-notifie-des-abus-dans-le-conflit-homme-elephant-au-congo\" \/>\n<meta property=\"og:locale\" content=\"fr_FR\" \/>\n<meta property=\"og:type\" content=\"article\" \/>\n<meta property=\"og:title\" content=\"Droits de l\u2019homme : l\u2019OCDH notifie des abus dans le conflit homme-\u00e9l\u00e9phant au Congo\" \/>\n<meta property=\"og:description\" content=\"Le directeur ex\u00e9cutif de l\u2019Observatoire congolais des droits de l\u2019homme (OCDH), Georges Nguila, a averti, le 10 d\u00e9cem ...\" \/>\n<meta property=\"og:url\" content=\"https:\/\/www.africa-press.net\/congo-brazzaville\/photo\/droits-de-lhomme-locdh-notifie-des-abus-dans-le-conflit-homme-elephant-au-congo\" \/>\n<meta property=\"og:site_name\" content=\"Congo Brazzaville\" \/>\n<meta property=\"article:published_time\" content=\"2021-12-14T00:23:45+00:00\" \/>\n<meta property=\"og:image\" content=\"https:\/\/static.africa-press.net\/centrafricaine\/sites\/51\/2021\/12\/img-61b7cc1d5b576.jpg\" \/>\n\t<meta property=\"og:image:width\" content=\"1600\" \/>\n\t<meta property=\"og:image:height\" content=\"1200\" \/>\n\t<meta property=\"og:image:type\" content=\"image\/jpeg\" \/>\n<meta name=\"author\" content=\"cfeditorfr\" \/>\n<meta name=\"twitter:card\" content=\"summary_large_image\" \/>\n<meta name=\"twitter:label1\" content=\"\u00c9crit par\" \/>\n\t<meta name=\"twitter:data1\" content=\"cfeditorfr\" \/>\n\t<meta name=\"twitter:label2\" content=\"Dur\u00e9e de lecture estim\u00e9e\" \/>\n\t<meta name=\"twitter:data2\" content=\"2 minutes\" \/>\n<script type=\"application\/ld+json\" class=\"yoast-schema-graph\">{\"@context\":\"https:\/\/schema.org\",\"@graph\":[{\"@type\":\"Article\",\"@id\":\"https:\/\/www.africa-press.net\/congo-brazzaville\/photo\/droits-de-lhomme-locdh-notifie-des-abus-dans-le-conflit-homme-elephant-au-congo#article\",\"isPartOf\":{\"@id\":\"https:\/\/www.africa-press.net\/congo-brazzaville\/photo\/droits-de-lhomme-locdh-notifie-des-abus-dans-le-conflit-homme-elephant-au-congo\"},\"author\":{\"name\":\"cfeditorfr\",\"@id\":\"https:\/\/www.africa-press.net\/congo-brazzaville\/#\/schema\/person\/2b1cf3cd81a31e3cd26889ca66d677f1\"},\"headline\":\"Droits de l\u2019homme : l\u2019OCDH notifie des abus dans le conflit homme-\u00e9l\u00e9phant au Congo\",\"datePublished\":\"2021-12-14T00:23:45+00:00\",\"mainEntityOfPage\":{\"@id\":\"https:\/\/www.africa-press.net\/congo-brazzaville\/photo\/droits-de-lhomme-locdh-notifie-des-abus-dans-le-conflit-homme-elephant-au-congo\"},\"wordCount\":455,\"commentCount\":0,\"image\":{\"@id\":\"https:\/\/www.africa-press.net\/congo-brazzaville\/photo\/droits-de-lhomme-locdh-notifie-des-abus-dans-le-conflit-homme-elephant-au-congo#primaryimage\"},\"thumbnailUrl\":\"https:\/\/static.africa-press.net\/centrafricaine\/sites\/51\/2021\/12\/img-61b7cc1d5b576.jpg\",\"keywords\":[\"Africa Press\",\"Africa Press-Congo Brazzaville\",\"Congo Brazzaville\"],\"articleSection\":[\"Communaut\u00e9\",\"homepage-french\",\"Photo\",\"Toutes les actualit\u00e9s\"],\"inLanguage\":\"fr-FR\",\"potentialAction\":[{\"@type\":\"CommentAction\",\"name\":\"Comment\",\"target\":[\"https:\/\/www.africa-press.net\/congo-brazzaville\/photo\/droits-de-lhomme-locdh-notifie-des-abus-dans-le-conflit-homme-elephant-au-congo#respond\"]}]},{\"@type\":\"WebPage\",\"@id\":\"https:\/\/www.africa-press.net\/congo-brazzaville\/photo\/droits-de-lhomme-locdh-notifie-des-abus-dans-le-conflit-homme-elephant-au-congo\",\"url\":\"https:\/\/www.africa-press.net\/congo-brazzaville\/photo\/droits-de-lhomme-locdh-notifie-des-abus-dans-le-conflit-homme-elephant-au-congo\",\"name\":\"Droits de l\u2019homme : l\u2019OCDH notifie des abus dans le conflit homme-\u00e9l\u00e9phant au Congo - Congo Brazzaville\",\"isPartOf\":{\"@id\":\"https:\/\/www.africa-press.net\/congo-brazzaville\/#website\"},\"primaryImageOfPage\":{\"@id\":\"https:\/\/www.africa-press.net\/congo-brazzaville\/photo\/droits-de-lhomme-locdh-notifie-des-abus-dans-le-conflit-homme-elephant-au-congo#primaryimage\"},\"image\":{\"@id\":\"https:\/\/www.africa-press.net\/congo-brazzaville\/photo\/droits-de-lhomme-locdh-notifie-des-abus-dans-le-conflit-homme-elephant-au-congo#primaryimage\"},\"thumbnailUrl\":\"https:\/\/static.africa-press.net\/centrafricaine\/sites\/51\/2021\/12\/img-61b7cc1d5b576.jpg\",\"datePublished\":\"2021-12-14T00:23:45+00:00\",\"author\":{\"@id\":\"https:\/\/www.africa-press.net\/congo-brazzaville\/#\/schema\/person\/2b1cf3cd81a31e3cd26889ca66d677f1\"},\"description\":\"Le directeur ex\u00e9cutif de l\u2019Observatoire congolais des droits de l\u2019homme (OCDH), Georges Nguila, a averti, le 10 d\u00e9cem ...\",\"breadcrumb\":{\"@id\":\"https:\/\/www.africa-press.net\/congo-brazzaville\/photo\/droits-de-lhomme-locdh-notifie-des-abus-dans-le-conflit-homme-elephant-au-congo#breadcrumb\"},\"inLanguage\":\"fr-FR\",\"potentialAction\":[{\"@type\":\"ReadAction\",\"target\":[\"https:\/\/www.africa-press.net\/congo-brazzaville\/photo\/droits-de-lhomme-locdh-notifie-des-abus-dans-le-conflit-homme-elephant-au-congo\"]}]},{\"@type\":\"ImageObject\",\"inLanguage\":\"fr-FR\",\"@id\":\"https:\/\/www.africa-press.net\/congo-brazzaville\/photo\/droits-de-lhomme-locdh-notifie-des-abus-dans-le-conflit-homme-elephant-au-congo#primaryimage\",\"url\":\"https:\/\/static.africa-press.net\/centrafricaine\/sites\/51\/2021\/12\/img-61b7cc1d5b576.jpg\",\"contentUrl\":\"https:\/\/static.africa-press.net\/centrafricaine\/sites\/51\/2021\/12\/img-61b7cc1d5b576.jpg\",\"width\":1600,\"height\":1200,\"caption\":\"Droits de l\u2019homme : l\u2019OCDH notifie des abus dans le conflit homme-\u00e9l\u00e9phant au Congo\"},{\"@type\":\"BreadcrumbList\",\"@id\":\"https:\/\/www.africa-press.net\/congo-brazzaville\/photo\/droits-de-lhomme-locdh-notifie-des-abus-dans-le-conflit-homme-elephant-au-congo#breadcrumb\",\"itemListElement\":[{\"@type\":\"ListItem\",\"position\":1,\"name\":\"Accueil\",\"item\":\"https:\/\/www.africa-press.net\/congo-brazzaville\/\"},{\"@type\":\"ListItem\",\"position\":2,\"name\":\"Droits de l\u2019homme : l\u2019OCDH notifie des abus dans le conflit homme-\u00e9l\u00e9phant au Congo\"}]},{\"@type\":\"WebSite\",\"@id\":\"https:\/\/www.africa-press.net\/congo-brazzaville\/#website\",\"url\":\"https:\/\/www.africa-press.net\/congo-brazzaville\/\",\"name\":\"Congo Brazzaville\",\"description\":\"Just another Africa News Agency Sites site\",\"potentialAction\":[{\"@type\":\"SearchAction\",\"target\":{\"@type\":\"EntryPoint\",\"urlTemplate\":\"https:\/\/www.africa-press.net\/congo-brazzaville\/?s={search_term_string}\"},\"query-input\":{\"@type\":\"PropertyValueSpecification\",\"valueRequired\":true,\"valueName\":\"search_term_string\"}}],\"inLanguage\":\"fr-FR\"},{\"@type\":\"Person\",\"@id\":\"https:\/\/www.africa-press.net\/congo-brazzaville\/#\/schema\/person\/2b1cf3cd81a31e3cd26889ca66d677f1\",\"name\":\"cfeditorfr\"}]}<\/script>\n<!-- \/ Yoast SEO Premium plugin. -->","yoast_head_json":{"title":"Droits de l\u2019homme : l\u2019OCDH notifie des abus dans le conflit homme-\u00e9l\u00e9phant au Congo - Congo Brazzaville","description":"Le directeur ex\u00e9cutif de l\u2019Observatoire congolais des droits de l\u2019homme (OCDH), Georges Nguila, a averti, le 10 d\u00e9cem ...","robots":{"index":"index","follow":"follow","max-snippet":"max-snippet:-1","max-image-preview":"max-image-preview:large","max-video-preview":"max-video-preview:-1"},"canonical":"https:\/\/www.africa-press.net\/congo-brazzaville\/photo\/droits-de-lhomme-locdh-notifie-des-abus-dans-le-conflit-homme-elephant-au-congo","og_locale":"fr_FR","og_type":"article","og_title":"Droits de l\u2019homme : l\u2019OCDH notifie des abus dans le conflit homme-\u00e9l\u00e9phant au Congo","og_description":"Le directeur ex\u00e9cutif de l\u2019Observatoire congolais des droits de l\u2019homme (OCDH), Georges Nguila, a averti, le 10 d\u00e9cem ...","og_url":"https:\/\/www.africa-press.net\/congo-brazzaville\/photo\/droits-de-lhomme-locdh-notifie-des-abus-dans-le-conflit-homme-elephant-au-congo","og_site_name":"Congo Brazzaville","article_published_time":"2021-12-14T00:23:45+00:00","og_image":[{"width":1600,"height":1200,"url":"https:\/\/static.africa-press.net\/centrafricaine\/sites\/51\/2021\/12\/img-61b7cc1d5b576.jpg","type":"image\/jpeg"}],"author":"cfeditorfr","twitter_card":"summary_large_image","twitter_misc":{"\u00c9crit par":"cfeditorfr","Dur\u00e9e de lecture estim\u00e9e":"2 minutes"},"schema":{"@context":"https:\/\/schema.org","@graph":[{"@type":"Article","@id":"https:\/\/www.africa-press.net\/congo-brazzaville\/photo\/droits-de-lhomme-locdh-notifie-des-abus-dans-le-conflit-homme-elephant-au-congo#article","isPartOf":{"@id":"https:\/\/www.africa-press.net\/congo-brazzaville\/photo\/droits-de-lhomme-locdh-notifie-des-abus-dans-le-conflit-homme-elephant-au-congo"},"author":{"name":"cfeditorfr","@id":"https:\/\/www.africa-press.net\/congo-brazzaville\/#\/schema\/person\/2b1cf3cd81a31e3cd26889ca66d677f1"},"headline":"Droits de l\u2019homme : l\u2019OCDH notifie des abus dans le conflit homme-\u00e9l\u00e9phant au Congo","datePublished":"2021-12-14T00:23:45+00:00","mainEntityOfPage":{"@id":"https:\/\/www.africa-press.net\/congo-brazzaville\/photo\/droits-de-lhomme-locdh-notifie-des-abus-dans-le-conflit-homme-elephant-au-congo"},"wordCount":455,"commentCount":0,"image":{"@id":"https:\/\/www.africa-press.net\/congo-brazzaville\/photo\/droits-de-lhomme-locdh-notifie-des-abus-dans-le-conflit-homme-elephant-au-congo#primaryimage"},"thumbnailUrl":"https:\/\/static.africa-press.net\/centrafricaine\/sites\/51\/2021\/12\/img-61b7cc1d5b576.jpg","keywords":["Africa Press","Africa Press-Congo Brazzaville","Congo Brazzaville"],"articleSection":["Communaut\u00e9","homepage-french","Photo","Toutes les actualit\u00e9s"],"inLanguage":"fr-FR","potentialAction":[{"@type":"CommentAction","name":"Comment","target":["https:\/\/www.africa-press.net\/congo-brazzaville\/photo\/droits-de-lhomme-locdh-notifie-des-abus-dans-le-conflit-homme-elephant-au-congo#respond"]}]},{"@type":"WebPage","@id":"https:\/\/www.africa-press.net\/congo-brazzaville\/photo\/droits-de-lhomme-locdh-notifie-des-abus-dans-le-conflit-homme-elephant-au-congo","url":"https:\/\/www.africa-press.net\/congo-brazzaville\/photo\/droits-de-lhomme-locdh-notifie-des-abus-dans-le-conflit-homme-elephant-au-congo","name":"Droits de l\u2019homme : l\u2019OCDH notifie des abus dans le conflit homme-\u00e9l\u00e9phant au Congo - Congo Brazzaville","isPartOf":{"@id":"https:\/\/www.africa-press.net\/congo-brazzaville\/#website"},"primaryImageOfPage":{"@id":"https:\/\/www.africa-press.net\/congo-brazzaville\/photo\/droits-de-lhomme-locdh-notifie-des-abus-dans-le-conflit-homme-elephant-au-congo#primaryimage"},"image":{"@id":"https:\/\/www.africa-press.net\/congo-brazzaville\/photo\/droits-de-lhomme-locdh-notifie-des-abus-dans-le-conflit-homme-elephant-au-congo#primaryimage"},"thumbnailUrl":"https:\/\/static.africa-press.net\/centrafricaine\/sites\/51\/2021\/12\/img-61b7cc1d5b576.jpg","datePublished":"2021-12-14T00:23:45+00:00","author":{"@id":"https:\/\/www.africa-press.net\/congo-brazzaville\/#\/schema\/person\/2b1cf3cd81a31e3cd26889ca66d677f1"},"description":"Le directeur ex\u00e9cutif de l\u2019Observatoire congolais des droits de l\u2019homme (OCDH), Georges Nguila, a averti, le 10 d\u00e9cem ...","breadcrumb":{"@id":"https:\/\/www.africa-press.net\/congo-brazzaville\/photo\/droits-de-lhomme-locdh-notifie-des-abus-dans-le-conflit-homme-elephant-au-congo#breadcrumb"},"inLanguage":"fr-FR","potentialAction":[{"@type":"ReadAction","target":["https:\/\/www.africa-press.net\/congo-brazzaville\/photo\/droits-de-lhomme-locdh-notifie-des-abus-dans-le-conflit-homme-elephant-au-congo"]}]},{"@type":"ImageObject","inLanguage":"fr-FR","@id":"https:\/\/www.africa-press.net\/congo-brazzaville\/photo\/droits-de-lhomme-locdh-notifie-des-abus-dans-le-conflit-homme-elephant-au-congo#primaryimage","url":"https:\/\/static.africa-press.net\/centrafricaine\/sites\/51\/2021\/12\/img-61b7cc1d5b576.jpg","contentUrl":"https:\/\/static.africa-press.net\/centrafricaine\/sites\/51\/2021\/12\/img-61b7cc1d5b576.jpg","width":1600,"height":1200,"caption":"Droits de l\u2019homme : l\u2019OCDH notifie des abus dans le conflit homme-\u00e9l\u00e9phant au Congo"},{"@type":"BreadcrumbList","@id":"https:\/\/www.africa-press.net\/congo-brazzaville\/photo\/droits-de-lhomme-locdh-notifie-des-abus-dans-le-conflit-homme-elephant-au-congo#breadcrumb","itemListElement":[{"@type":"ListItem","position":1,"name":"Accueil","item":"https:\/\/www.africa-press.net\/congo-brazzaville\/"},{"@type":"ListItem","position":2,"name":"Droits de l\u2019homme : l\u2019OCDH notifie des abus dans le conflit homme-\u00e9l\u00e9phant au Congo"}]},{"@type":"WebSite","@id":"https:\/\/www.africa-press.net\/congo-brazzaville\/#website","url":"https:\/\/www.africa-press.net\/congo-brazzaville\/","name":"Congo Brazzaville","description":"Just another Africa News Agency Sites site","potentialAction":[{"@type":"SearchAction","target":{"@type":"EntryPoint","urlTemplate":"https:\/\/www.africa-press.net\/congo-brazzaville\/?s={search_term_string}"},"query-input":{"@type":"PropertyValueSpecification","valueRequired":true,"valueName":"search_term_string"}}],"inLanguage":"fr-FR"},{"@type":"Person","@id":"https:\/\/www.africa-press.net\/congo-brazzaville\/#\/schema\/person\/2b1cf3cd81a31e3cd26889ca66d677f1","name":"cfeditorfr"}]}},"_links":{"self":[{"href":"https:\/\/www.africa-press.net\/congo-brazzaville\/wp-json\/wp\/v2\/posts\/1790","targetHints":{"allow":["GET"]}}],"collection":[{"href":"https:\/\/www.africa-press.net\/congo-brazzaville\/wp-json\/wp\/v2\/posts"}],"about":[{"href":"https:\/\/www.africa-press.net\/congo-brazzaville\/wp-json\/wp\/v2\/types\/post"}],"author":[{"embeddable":true,"href":"https:\/\/www.africa-press.net\/congo-brazzaville\/wp-json\/wp\/v2\/users\/82"}],"replies":[{"embeddable":true,"href":"https:\/\/www.africa-press.net\/congo-brazzaville\/wp-json\/wp\/v2\/comments?post=1790"}],"version-history":[{"count":0,"href":"https:\/\/www.africa-press.net\/congo-brazzaville\/wp-json\/wp\/v2\/posts\/1790\/revisions"}],"wp:featuredmedia":[{"embeddable":true,"href":"https:\/\/www.africa-press.net\/congo-brazzaville\/wp-json\/wp\/v2\/media\/1789"}],"wp:attachment":[{"href":"https:\/\/www.africa-press.net\/congo-brazzaville\/wp-json\/wp\/v2\/media?parent=1790"}],"wp:term":[{"taxonomy":"category","embeddable":true,"href":"https:\/\/www.africa-press.net\/congo-brazzaville\/wp-json\/wp\/v2\/categories?post=1790"},{"taxonomy":"post_tag","embeddable":true,"href":"https:\/\/www.africa-press.net\/congo-brazzaville\/wp-json\/wp\/v2\/tags?post=1790"}],"curies":[{"name":"wp","href":"https:\/\/api.w.org\/{rel}","templated":true}]}}