{"id":1795,"date":"2021-12-14T00:31:55","date_gmt":"2021-12-14T00:31:55","guid":{"rendered":"https:\/\/www.africa-press.net\/congo-brazzaville\/?p=1795"},"modified":"2021-12-13T22:43:07","modified_gmt":"2021-12-13T22:43:07","slug":"protection-de-lenvironnement-josue-emmnuel-mezath-vainqueur-du-concours-deloquence-et-de-plaidoyer","status":"publish","type":"post","link":"https:\/\/www.africa-press.net\/congo-brazzaville\/photo\/protection-de-lenvironnement-josue-emmnuel-mezath-vainqueur-du-concours-deloquence-et-de-plaidoyer","title":{"rendered":"Protection de l\u2019environnement : Josu\u00e9 Emmnuel Mezath vainqueur du concours d\u2019\u00e9loquence et de plaidoyer"},"content":{"rendered":"<p><span style=\"color: #ff6600\"><strong>Africa-Press &#8211; Congo Brazzaville. <\/strong><\/span><b>La finale de la septi\u00e8me \u00e9dition du concours d\u2019\u00e9loquence et de plaidoyer, jumel\u00e9e \u00e0 la cl\u00f4ture de la \u00ab\u00a0Quinzaine des droits de l\u2019Homme\u00a0\u00bb organis\u00e9e par la d\u00e9l\u00e9gation de l\u2019Union europ\u00e9enne (UE) en R\u00e9publique du Congo, s\u2019est tenue, le 9 d\u00e9cembre, \u00e0 l\u2019auditorium du deuxi\u00e8me module du m\u00e9morial Pierre-Savorgnan-de-Brazza (MPSB).<\/b><\/p>\n<p>Dix candidats, tous \u00e9tudiants, ont pris part \u00e0 la finale du concours qui s\u2019est tenu en pr\u00e9sence des repr\u00e9sentants des \u00c9tats membres de l\u2019UE au Congo, de la directrice g\u00e9n\u00e9rale du m\u00e9morial, et des repr\u00e9sentants des \u00e9tablissements universitaires. Le concours a port\u00e9 sur le th\u00e8me \u00ab Pour la plan\u00e8te, j\u2019ose prendre la parole \u00bb.<\/p>\n<p>Deux tours ont permis aux dix candidats au d\u00e9part puis cinq au final, \u00e0 travers leurs mots, de peindre les maux qui d\u00e9gradent l\u2019environnement en R\u00e9publique du Congo. Ils ont cit\u00e9, entre autres, la pollution, la salet\u00e9, l\u2019ignorance, le manque d\u2019engagement des gouvernants et gouvern\u00e9s. Outre les critiques sur l\u2019\u00e9tat des h\u00f4pitaux, des espaces commerciaux ou sur la qualit\u00e9 de l\u2019eau, ces jeunes ont, durant leurs plaidoiries de huit minutes, fait des propositions allant dans le sens de prot\u00e9ger et sauver l\u2019environnement ainsi que la vulgarisation des droits de l\u2019homme.<\/p>\n<p>L\u2019un des candidats a m\u00eame plaid\u00e9 pour l\u2019instauration, au Congo, d\u2019une justice environnementale, la multiplication des actions et campagne de sensibilisation sur la protection de l\u2019environnement puis la mise en place d\u2019une politique d\u2019interdiction d\u2019importation des vieilles voitures et autres machines qui ne respectent pas l\u2019environnement. Le candidat finaliste, Josu\u00e9 Emmanuel Mezath, a invit\u00e9 tout un chacun \u00e0 prendre conscience et veiller \u00e0 la protection de l\u2019environnement. \u00ab La protection de l\u2019environnement \u00e9pargne l\u2019homme des maladies comme le paludisme ou la typho\u00efde. L\u2019environnement nous nourrit mais peut aussi nous tuer si nous ne l\u2019entretenons pas\u2026 Prenons conscience de nos actes puisque l\u2019avenir de nos fils, petits-fils et arri\u00e8res petits fils en d\u00e9pend\u2026 Aujourd\u2019hui le comportement de l\u2019homme entra\u00eene des pleurs et d\u00e9truit sauvagement l\u2019environnement \u00bb, a-t-il fait savoir.<\/p>\n<p>L\u2019\u00e9loquence, le respect du temps, la force de l\u2019argumentaire et la pertinence des id\u00e9es sont des crit\u00e8res qui ont permis aux membres du jury de d\u00e9partager les diff\u00e9rents candidats. A l\u2019issue de deux tours de comp\u00e9tition marqu\u00e9s par de belles d\u00e9monstrations d\u2019\u00e9loquence, le jury a d\u00e9sign\u00e9 le candidat Josu\u00e9 Emmanuel Mezath, laur\u00e9at de la septi\u00e8me \u00e9dition du concours d\u2019\u00e9loquence et de plaidoyer, gr\u00e2ce au fond et la forme de sa prestation. Le laur\u00e9at a b\u00e9n\u00e9fici\u00e9 d&rsquo;un ordinateur portatif de l&rsquo;amabassade de France<\/p>\n<p>Peu avant que le jury ne d\u00e9lib\u00e8re, l\u2019ambassadeur chef de la d\u00e9l\u00e9gation de l\u2019UE au Congo, Giacomo Durazzo, s\u2019est r\u00e9joui de ce que les jeunes ont autant pris \u00e0 c\u0153ur la question des droits humains \u00e0 travers le prisme de la pr\u00e9servation de l\u2019environnement. Il a f\u00e9licit\u00e9 les \u00e9tudiants pour le courage et le talent dont ils ont fait preuve. \u00ab Au-del\u00e0 de la comp\u00e9tition, il s\u2019agit de sensibiliser les jeunes \u00e0 des grandes th\u00e9matiques de soci\u00e9t\u00e9, la pr\u00e9servation de l\u2019environnement ici en l\u2019occurrence, \u00e0 l\u2019importance de les promouvoir, afin de pousser \u00e0 la r\u00e9flexion et d\u2019amener \u00e0 la prise de conscience \u00bb, a-t-il d\u00e9clar\u00e9.<\/p>\n<p>L\u2019ambassadeur de l\u2019UE a saisi \u00e9galement cette opportunit\u00e9 pour mieux communiquer sur le r\u00f4le et les actions de son institution en faveur des droits humains, non seulement aupr\u00e8s du grand public mais aussi aupr\u00e8s des partenaires institutionnels et des m\u00e9dias. \u00ab L\u2019occasion de r\u00e9affirmer notre attachement non seulement au respect et \u00e0 la promotion des droits de l\u2019homme mais aussi aux valeurs fortes inscrites dans la Charte des droits fondamentaux que sont la dignit\u00e9, la libert\u00e9, l\u2019\u00e9galit\u00e9, la solidarit\u00e9, la justice et la citoyennet\u00e9 \u00bb, a indiqu\u00e9 Giacomo Durazzo.<\/p>\n<p>Pour sa part, la directrice g\u00e9n\u00e9rale du m\u00e9morial, B\u00e9linda Ayessa, a \u00e9mis le souhait de voir ces dix finalistes tenir le flambeau et militer pour la protection de l\u2019environnement afin d\u2019assurer la rel\u00e8ve dans les prochaines ann\u00e9es. \u00ab \u00c7a fait une quinzaine d\u2019ann\u00e9es que je g\u00e8re cette institution, mais c\u2019est pour la premi\u00e8re fois que j\u2019assiste \u00e0 un tel \u00e9v\u00e9nement. Nous avons d\u00e9couvert aujourd\u2019hui ces talents, au-del\u00e0 nous avons d\u00e9couvert des g\u00e9nies. Certes, le chemin est long, mais j\u2019\u00e9mets un v\u0153u que ces jeunes continuent \u00e0 tenir haut et fort le flambeau. Je reste persuad\u00e9e qu\u2019ils sont l\u2019avenir de demain \u00bb, a-t-elle laiss\u00e9 entendre.<\/p>\n<p>Belinda Ayessa s&rsquo;est r\u00e9f\u00e9r\u00e9e \u00e0 la pens\u00e9e d\u2019un homme dont elle a la charge, \u00e0 savoir Savorgnan-de-Brazza, qui disait: \u00ab L\u2019ouvrier qui transporte une \u00e0 une la pierre n\u2019a pas \u00e0 s\u2019inqui\u00e9ter du temps qui faudra pour accomplir son \u0153uvre \u00bb \u2026 \u00ab Ces petites pierres que l\u2019on peut apporter pourront faire en sorte que nous essayons de pr\u00e9server cette plan\u00e8te terre \u00bb. Science sans conscience n\u2019est que ruine de l\u2019\u00e2me et Andr\u00e9 Malraux disait: \u00ab Rien ne vaut une vie \u00bb.<\/p>\n<p>Notons que ce concours fait partie des activit\u00e9s phares de la quinzaine des droits de l\u2019homme, lanc\u00e9e en novembre dernier par la d\u00e9l\u00e9gation de l\u2019UE.<\/p>\n\r\n                <style type=\"text\/css\">\r\n                    \r\n                    #td_uid_1_69f548ea654c4  .td-doubleSlider-2 .td-item1 {\r\n                        background: url(https:\/\/static.africa-press.net\/centrafricaine\/sites\/51\/2021\/12\/img-61b7cc4eaf255-80x60.jpg) 0 0 no-repeat;\r\n                    }\r\n                    #td_uid_1_69f548ea654c4  .td-doubleSlider-2 .td-item2 {\r\n                        background: url(https:\/\/static.africa-press.net\/centrafricaine\/sites\/51\/2021\/12\/img-61b7cc5b85135-80x60.jpg) 0 0 no-repeat;\r\n                    }\r\n                <\/style>\r\n\r\n                <div id=\"td_uid_1_69f548ea654c4\" class=\"td-gallery td-slide-on-2-columns\">\r\n                    <div class=\"post_td_gallery\">\r\n                        <div class=\"td-gallery-slide-top\">\r\n                           <div class=\"td-gallery-title\"><\/div>\r\n\r\n                            <div class=\"td-gallery-controls-wrapper\">\r\n                                <div class=\"td-gallery-slide-count\"><span class=\"td-gallery-slide-item-focus\">1<\/span> de 3<\/div>\r\n                                <div class=\"td-gallery-slide-prev-next-but\">\r\n                                    <i class = \"td-icon-left doubleSliderPrevButton\"><\/i>\r\n                                    <i class = \"td-icon-right doubleSliderNextButton\"><\/i>\r\n                                <\/div>\r\n                            <\/div>\r\n                        <\/div>\r\n\r\n                        <div class = \"td-doubleSlider-1 \">\r\n                            <div class = \"td-slider\">\r\n                                \r\n                    <div class = \"td-slide-item td-item1\">\r\n                        <figure class=\"td-slide-galery-figure td-slide-popup-gallery\">\r\n                            <a class=\"slide-gallery-image-link\" href=\"https:\/\/static.africa-press.net\/centrafricaine\/sites\/51\/2021\/12\/img-61b7cc4eaf255.jpg\" title=\"img-61b7cc4eaf255\"  data-caption=\"\"  data-description=\"\">\r\n                                <img decoding=\"async\" src=\"https:\/\/static.africa-press.net\/centrafricaine\/sites\/51\/2021\/12\/img-61b7cc4eaf255.jpg\" srcset=\"https:\/\/static.africa-press.net\/congo-brazzaville\/sites\/51\/2021\/12\/img-61b7cc4eaf255.jpg 912w, https:\/\/static.africa-press.net\/congo-brazzaville\/sites\/51\/2021\/12\/img-61b7cc4eaf255-300x182.jpg 300w, https:\/\/static.africa-press.net\/congo-brazzaville\/sites\/51\/2021\/12\/img-61b7cc4eaf255-768x465.jpg 768w\" sizes=\"(max-width: 912px) 100vw, 912px\" alt=\"\">\r\n                            <\/a>\r\n                            \r\n                        <\/figure>\r\n                    <\/div>\r\n                    <div class = \"td-slide-item td-item2\">\r\n                        <figure class=\"td-slide-galery-figure td-slide-popup-gallery\">\r\n                            <a class=\"slide-gallery-image-link\" href=\"https:\/\/static.africa-press.net\/centrafricaine\/sites\/51\/2021\/12\/img-61b7cc5b85135.jpg\" title=\"img-61b7cc5b85135\"  data-caption=\"\"  data-description=\"\">\r\n                                <img decoding=\"async\" src=\"https:\/\/static.africa-press.net\/centrafricaine\/sites\/51\/2021\/12\/img-61b7cc5b85135.jpg\" srcset=\"https:\/\/static.africa-press.net\/congo-brazzaville\/sites\/51\/2021\/12\/img-61b7cc5b85135.jpg 930w, https:\/\/static.africa-press.net\/congo-brazzaville\/sites\/51\/2021\/12\/img-61b7cc5b85135-300x244.jpg 300w, https:\/\/static.africa-press.net\/congo-brazzaville\/sites\/51\/2021\/12\/img-61b7cc5b85135-768x623.jpg 768w\" sizes=\"(max-width: 930px) 100vw, 930px\" alt=\"\">\r\n                            <\/a>\r\n                            \r\n                        <\/figure>\r\n                    <\/div>\r\n                            <\/div>\r\n                        <\/div>\r\n\r\n                        <div class = \"td-doubleSlider-2\">\r\n                            <div class = \"td-slider\">\r\n                                \r\n                    <div class = \"td-button td-item1\">\r\n                        <div class = \"td-border\"><\/div>\r\n                    <\/div>\r\n                    <div class = \"td-button td-item2\">\r\n                        <div class = \"td-border\"><\/div>\r\n                    <\/div>\r\n                            <\/div>\r\n                        <\/div>\r\n\r\n                    <\/div>\r\n\r\n                <\/div>\r\n                \n<p><strong>Pour plus d&rsquo;informations et d&rsquo;analyses sur la <a href=\"https:\/\/www.africa-press.net\/congo-brazzaville\">Congo Brazzaville<\/a>, suivez <a href=\"https:\/\/www.africa-press.net\/\">Africa-Press<\/a><\/strong><\/p>\n","protected":false},"excerpt":{"rendered":"<p>Africa-Press &#8211; Congo Brazzaville. La finale de la septi\u00e8me \u00e9dition du concours d\u2019\u00e9loquence et de plaidoyer, jumel\u00e9e \u00e0 la cl\u00f4ture de la \u00ab\u00a0Quinzaine des droits de l\u2019Homme\u00a0\u00bb organis\u00e9e par la d\u00e9l\u00e9gation de l\u2019Union europ\u00e9enne (UE) en R\u00e9publique du Congo, s\u2019est tenue, le 9 d\u00e9cembre, \u00e0 l\u2019auditorium du deuxi\u00e8me module du m\u00e9morial Pierre-Savorgnan-de-Brazza (MPSB). Dix candidats, [&hellip;]<\/p>\n","protected":false},"author":82,"featured_media":1794,"comment_status":"open","ping_status":"closed","sticky":false,"template":"","format":"standard","meta":{"footnotes":""},"categories":[21,11,8,10],"tags":[36,47,46],"class_list":["post-1795","post","type-post","status-publish","format-standard","has-post-thumbnail","hentry","category-communaute","category-homepage-french","category-photo","category-toutes-les-actualites","tag-africa-press","tag-africa-press-congo-brazzaville","tag-congo-brazzaville"],"yoast_head":"<!-- This site is optimized with the Yoast SEO Premium plugin v26.1 (Yoast SEO v27.0) - https:\/\/yoast.com\/product\/yoast-seo-premium-wordpress\/ -->\n<title>Protection de l\u2019environnement : Josu\u00e9 Emmnuel Mezath vainqueur du concours d\u2019\u00e9loquence et de plaidoyer - Congo Brazzaville<\/title>\n<meta name=\"description\" content=\"La finale de la septi\u00e8me \u00e9dition du concours d\u2019\u00e9loquence et de plaidoyer, jumel\u00e9e \u00e0 la cl\u00f4ture de la &quot;Quinzaine des d ...\" \/>\n<meta name=\"robots\" content=\"index, follow, max-snippet:-1, max-image-preview:large, max-video-preview:-1\" \/>\n<link rel=\"canonical\" href=\"https:\/\/www.africa-press.net\/congo-brazzaville\/photo\/protection-de-lenvironnement-josue-emmnuel-mezath-vainqueur-du-concours-deloquence-et-de-plaidoyer\" \/>\n<meta property=\"og:locale\" content=\"fr_FR\" \/>\n<meta property=\"og:type\" content=\"article\" \/>\n<meta property=\"og:title\" content=\"Protection de l\u2019environnement : Josu\u00e9 Emmnuel Mezath vainqueur du concours d\u2019\u00e9loquence et de plaidoyer\" \/>\n<meta property=\"og:description\" content=\"La finale de la septi\u00e8me \u00e9dition du concours d\u2019\u00e9loquence et de plaidoyer, jumel\u00e9e \u00e0 la cl\u00f4ture de la &quot;Quinzaine des d ...\" \/>\n<meta property=\"og:url\" content=\"https:\/\/www.africa-press.net\/congo-brazzaville\/photo\/protection-de-lenvironnement-josue-emmnuel-mezath-vainqueur-du-concours-deloquence-et-de-plaidoyer\" \/>\n<meta property=\"og:site_name\" content=\"Congo Brazzaville\" \/>\n<meta property=\"article:published_time\" content=\"2021-12-14T00:31:55+00:00\" \/>\n<meta property=\"og:image\" content=\"https:\/\/static.africa-press.net\/centrafricaine\/sites\/51\/2021\/12\/img-61b7cc66179a2.jpg\" \/>\n\t<meta property=\"og:image:width\" content=\"930\" \/>\n\t<meta property=\"og:image:height\" content=\"755\" \/>\n\t<meta property=\"og:image:type\" content=\"image\/jpeg\" \/>\n<meta name=\"author\" content=\"cfeditorfr\" \/>\n<meta name=\"twitter:card\" content=\"summary_large_image\" \/>\n<meta name=\"twitter:label1\" content=\"\u00c9crit par\" \/>\n\t<meta name=\"twitter:data1\" content=\"cfeditorfr\" \/>\n\t<meta name=\"twitter:label2\" content=\"Dur\u00e9e de lecture estim\u00e9e\" \/>\n\t<meta name=\"twitter:data2\" content=\"5 minutes\" \/>\n<script type=\"application\/ld+json\" class=\"yoast-schema-graph\">{\"@context\":\"https:\/\/schema.org\",\"@graph\":[{\"@type\":\"Article\",\"@id\":\"https:\/\/www.africa-press.net\/congo-brazzaville\/photo\/protection-de-lenvironnement-josue-emmnuel-mezath-vainqueur-du-concours-deloquence-et-de-plaidoyer#article\",\"isPartOf\":{\"@id\":\"https:\/\/www.africa-press.net\/congo-brazzaville\/photo\/protection-de-lenvironnement-josue-emmnuel-mezath-vainqueur-du-concours-deloquence-et-de-plaidoyer\"},\"author\":{\"name\":\"cfeditorfr\",\"@id\":\"https:\/\/www.africa-press.net\/congo-brazzaville\/#\/schema\/person\/2b1cf3cd81a31e3cd26889ca66d677f1\"},\"headline\":\"Protection de l\u2019environnement : Josu\u00e9 Emmnuel Mezath vainqueur du concours d\u2019\u00e9loquence et de plaidoyer\",\"datePublished\":\"2021-12-14T00:31:55+00:00\",\"mainEntityOfPage\":{\"@id\":\"https:\/\/www.africa-press.net\/congo-brazzaville\/photo\/protection-de-lenvironnement-josue-emmnuel-mezath-vainqueur-du-concours-deloquence-et-de-plaidoyer\"},\"wordCount\":975,\"commentCount\":0,\"image\":{\"@id\":\"https:\/\/www.africa-press.net\/congo-brazzaville\/photo\/protection-de-lenvironnement-josue-emmnuel-mezath-vainqueur-du-concours-deloquence-et-de-plaidoyer#primaryimage\"},\"thumbnailUrl\":\"https:\/\/static.africa-press.net\/centrafricaine\/sites\/51\/2021\/12\/img-61b7cc66179a2.jpg\",\"keywords\":[\"Africa Press\",\"Africa Press-Congo Brazzaville\",\"Congo Brazzaville\"],\"articleSection\":[\"Communaut\u00e9\",\"homepage-french\",\"Photo\",\"Toutes les actualit\u00e9s\"],\"inLanguage\":\"fr-FR\",\"potentialAction\":[{\"@type\":\"CommentAction\",\"name\":\"Comment\",\"target\":[\"https:\/\/www.africa-press.net\/congo-brazzaville\/photo\/protection-de-lenvironnement-josue-emmnuel-mezath-vainqueur-du-concours-deloquence-et-de-plaidoyer#respond\"]}]},{\"@type\":\"WebPage\",\"@id\":\"https:\/\/www.africa-press.net\/congo-brazzaville\/photo\/protection-de-lenvironnement-josue-emmnuel-mezath-vainqueur-du-concours-deloquence-et-de-plaidoyer\",\"url\":\"https:\/\/www.africa-press.net\/congo-brazzaville\/photo\/protection-de-lenvironnement-josue-emmnuel-mezath-vainqueur-du-concours-deloquence-et-de-plaidoyer\",\"name\":\"Protection de l\u2019environnement : Josu\u00e9 Emmnuel Mezath vainqueur du concours d\u2019\u00e9loquence et de plaidoyer - Congo Brazzaville\",\"isPartOf\":{\"@id\":\"https:\/\/www.africa-press.net\/congo-brazzaville\/#website\"},\"primaryImageOfPage\":{\"@id\":\"https:\/\/www.africa-press.net\/congo-brazzaville\/photo\/protection-de-lenvironnement-josue-emmnuel-mezath-vainqueur-du-concours-deloquence-et-de-plaidoyer#primaryimage\"},\"image\":{\"@id\":\"https:\/\/www.africa-press.net\/congo-brazzaville\/photo\/protection-de-lenvironnement-josue-emmnuel-mezath-vainqueur-du-concours-deloquence-et-de-plaidoyer#primaryimage\"},\"thumbnailUrl\":\"https:\/\/static.africa-press.net\/centrafricaine\/sites\/51\/2021\/12\/img-61b7cc66179a2.jpg\",\"datePublished\":\"2021-12-14T00:31:55+00:00\",\"author\":{\"@id\":\"https:\/\/www.africa-press.net\/congo-brazzaville\/#\/schema\/person\/2b1cf3cd81a31e3cd26889ca66d677f1\"},\"description\":\"La finale de la septi\u00e8me \u00e9dition du concours d\u2019\u00e9loquence et de plaidoyer, jumel\u00e9e \u00e0 la cl\u00f4ture de la \\\"Quinzaine des d ...\",\"breadcrumb\":{\"@id\":\"https:\/\/www.africa-press.net\/congo-brazzaville\/photo\/protection-de-lenvironnement-josue-emmnuel-mezath-vainqueur-du-concours-deloquence-et-de-plaidoyer#breadcrumb\"},\"inLanguage\":\"fr-FR\",\"potentialAction\":[{\"@type\":\"ReadAction\",\"target\":[\"https:\/\/www.africa-press.net\/congo-brazzaville\/photo\/protection-de-lenvironnement-josue-emmnuel-mezath-vainqueur-du-concours-deloquence-et-de-plaidoyer\"]}]},{\"@type\":\"ImageObject\",\"inLanguage\":\"fr-FR\",\"@id\":\"https:\/\/www.africa-press.net\/congo-brazzaville\/photo\/protection-de-lenvironnement-josue-emmnuel-mezath-vainqueur-du-concours-deloquence-et-de-plaidoyer#primaryimage\",\"url\":\"https:\/\/static.africa-press.net\/centrafricaine\/sites\/51\/2021\/12\/img-61b7cc66179a2.jpg\",\"contentUrl\":\"https:\/\/static.africa-press.net\/centrafricaine\/sites\/51\/2021\/12\/img-61b7cc66179a2.jpg\",\"width\":930,\"height\":755,\"caption\":\"Protection de l\u2019environnement : Josu\u00e9 Emmnuel Mezath vainqueur du concours d\u2019\u00e9loquence et de plaidoyer\"},{\"@type\":\"BreadcrumbList\",\"@id\":\"https:\/\/www.africa-press.net\/congo-brazzaville\/photo\/protection-de-lenvironnement-josue-emmnuel-mezath-vainqueur-du-concours-deloquence-et-de-plaidoyer#breadcrumb\",\"itemListElement\":[{\"@type\":\"ListItem\",\"position\":1,\"name\":\"Accueil\",\"item\":\"https:\/\/www.africa-press.net\/congo-brazzaville\/\"},{\"@type\":\"ListItem\",\"position\":2,\"name\":\"Protection de l\u2019environnement : Josu\u00e9 Emmnuel Mezath vainqueur du concours d\u2019\u00e9loquence et de plaidoyer\"}]},{\"@type\":\"WebSite\",\"@id\":\"https:\/\/www.africa-press.net\/congo-brazzaville\/#website\",\"url\":\"https:\/\/www.africa-press.net\/congo-brazzaville\/\",\"name\":\"Congo Brazzaville\",\"description\":\"Just another Africa News Agency Sites site\",\"potentialAction\":[{\"@type\":\"SearchAction\",\"target\":{\"@type\":\"EntryPoint\",\"urlTemplate\":\"https:\/\/www.africa-press.net\/congo-brazzaville\/?s={search_term_string}\"},\"query-input\":{\"@type\":\"PropertyValueSpecification\",\"valueRequired\":true,\"valueName\":\"search_term_string\"}}],\"inLanguage\":\"fr-FR\"},{\"@type\":\"Person\",\"@id\":\"https:\/\/www.africa-press.net\/congo-brazzaville\/#\/schema\/person\/2b1cf3cd81a31e3cd26889ca66d677f1\",\"name\":\"cfeditorfr\"}]}<\/script>\n<!-- \/ Yoast SEO Premium plugin. -->","yoast_head_json":{"title":"Protection de l\u2019environnement : Josu\u00e9 Emmnuel Mezath vainqueur du concours d\u2019\u00e9loquence et de plaidoyer - Congo Brazzaville","description":"La finale de la septi\u00e8me \u00e9dition du concours d\u2019\u00e9loquence et de plaidoyer, jumel\u00e9e \u00e0 la cl\u00f4ture de la \"Quinzaine des d ...","robots":{"index":"index","follow":"follow","max-snippet":"max-snippet:-1","max-image-preview":"max-image-preview:large","max-video-preview":"max-video-preview:-1"},"canonical":"https:\/\/www.africa-press.net\/congo-brazzaville\/photo\/protection-de-lenvironnement-josue-emmnuel-mezath-vainqueur-du-concours-deloquence-et-de-plaidoyer","og_locale":"fr_FR","og_type":"article","og_title":"Protection de l\u2019environnement : Josu\u00e9 Emmnuel Mezath vainqueur du concours d\u2019\u00e9loquence et de plaidoyer","og_description":"La finale de la septi\u00e8me \u00e9dition du concours d\u2019\u00e9loquence et de plaidoyer, jumel\u00e9e \u00e0 la cl\u00f4ture de la \"Quinzaine des d ...","og_url":"https:\/\/www.africa-press.net\/congo-brazzaville\/photo\/protection-de-lenvironnement-josue-emmnuel-mezath-vainqueur-du-concours-deloquence-et-de-plaidoyer","og_site_name":"Congo Brazzaville","article_published_time":"2021-12-14T00:31:55+00:00","og_image":[{"width":930,"height":755,"url":"https:\/\/static.africa-press.net\/centrafricaine\/sites\/51\/2021\/12\/img-61b7cc66179a2.jpg","type":"image\/jpeg"}],"author":"cfeditorfr","twitter_card":"summary_large_image","twitter_misc":{"\u00c9crit par":"cfeditorfr","Dur\u00e9e de lecture estim\u00e9e":"5 minutes"},"schema":{"@context":"https:\/\/schema.org","@graph":[{"@type":"Article","@id":"https:\/\/www.africa-press.net\/congo-brazzaville\/photo\/protection-de-lenvironnement-josue-emmnuel-mezath-vainqueur-du-concours-deloquence-et-de-plaidoyer#article","isPartOf":{"@id":"https:\/\/www.africa-press.net\/congo-brazzaville\/photo\/protection-de-lenvironnement-josue-emmnuel-mezath-vainqueur-du-concours-deloquence-et-de-plaidoyer"},"author":{"name":"cfeditorfr","@id":"https:\/\/www.africa-press.net\/congo-brazzaville\/#\/schema\/person\/2b1cf3cd81a31e3cd26889ca66d677f1"},"headline":"Protection de l\u2019environnement : Josu\u00e9 Emmnuel Mezath vainqueur du concours d\u2019\u00e9loquence et de plaidoyer","datePublished":"2021-12-14T00:31:55+00:00","mainEntityOfPage":{"@id":"https:\/\/www.africa-press.net\/congo-brazzaville\/photo\/protection-de-lenvironnement-josue-emmnuel-mezath-vainqueur-du-concours-deloquence-et-de-plaidoyer"},"wordCount":975,"commentCount":0,"image":{"@id":"https:\/\/www.africa-press.net\/congo-brazzaville\/photo\/protection-de-lenvironnement-josue-emmnuel-mezath-vainqueur-du-concours-deloquence-et-de-plaidoyer#primaryimage"},"thumbnailUrl":"https:\/\/static.africa-press.net\/centrafricaine\/sites\/51\/2021\/12\/img-61b7cc66179a2.jpg","keywords":["Africa Press","Africa Press-Congo Brazzaville","Congo Brazzaville"],"articleSection":["Communaut\u00e9","homepage-french","Photo","Toutes les actualit\u00e9s"],"inLanguage":"fr-FR","potentialAction":[{"@type":"CommentAction","name":"Comment","target":["https:\/\/www.africa-press.net\/congo-brazzaville\/photo\/protection-de-lenvironnement-josue-emmnuel-mezath-vainqueur-du-concours-deloquence-et-de-plaidoyer#respond"]}]},{"@type":"WebPage","@id":"https:\/\/www.africa-press.net\/congo-brazzaville\/photo\/protection-de-lenvironnement-josue-emmnuel-mezath-vainqueur-du-concours-deloquence-et-de-plaidoyer","url":"https:\/\/www.africa-press.net\/congo-brazzaville\/photo\/protection-de-lenvironnement-josue-emmnuel-mezath-vainqueur-du-concours-deloquence-et-de-plaidoyer","name":"Protection de l\u2019environnement : Josu\u00e9 Emmnuel Mezath vainqueur du concours d\u2019\u00e9loquence et de plaidoyer - Congo Brazzaville","isPartOf":{"@id":"https:\/\/www.africa-press.net\/congo-brazzaville\/#website"},"primaryImageOfPage":{"@id":"https:\/\/www.africa-press.net\/congo-brazzaville\/photo\/protection-de-lenvironnement-josue-emmnuel-mezath-vainqueur-du-concours-deloquence-et-de-plaidoyer#primaryimage"},"image":{"@id":"https:\/\/www.africa-press.net\/congo-brazzaville\/photo\/protection-de-lenvironnement-josue-emmnuel-mezath-vainqueur-du-concours-deloquence-et-de-plaidoyer#primaryimage"},"thumbnailUrl":"https:\/\/static.africa-press.net\/centrafricaine\/sites\/51\/2021\/12\/img-61b7cc66179a2.jpg","datePublished":"2021-12-14T00:31:55+00:00","author":{"@id":"https:\/\/www.africa-press.net\/congo-brazzaville\/#\/schema\/person\/2b1cf3cd81a31e3cd26889ca66d677f1"},"description":"La finale de la septi\u00e8me \u00e9dition du concours d\u2019\u00e9loquence et de plaidoyer, jumel\u00e9e \u00e0 la cl\u00f4ture de la \"Quinzaine des d ...","breadcrumb":{"@id":"https:\/\/www.africa-press.net\/congo-brazzaville\/photo\/protection-de-lenvironnement-josue-emmnuel-mezath-vainqueur-du-concours-deloquence-et-de-plaidoyer#breadcrumb"},"inLanguage":"fr-FR","potentialAction":[{"@type":"ReadAction","target":["https:\/\/www.africa-press.net\/congo-brazzaville\/photo\/protection-de-lenvironnement-josue-emmnuel-mezath-vainqueur-du-concours-deloquence-et-de-plaidoyer"]}]},{"@type":"ImageObject","inLanguage":"fr-FR","@id":"https:\/\/www.africa-press.net\/congo-brazzaville\/photo\/protection-de-lenvironnement-josue-emmnuel-mezath-vainqueur-du-concours-deloquence-et-de-plaidoyer#primaryimage","url":"https:\/\/static.africa-press.net\/centrafricaine\/sites\/51\/2021\/12\/img-61b7cc66179a2.jpg","contentUrl":"https:\/\/static.africa-press.net\/centrafricaine\/sites\/51\/2021\/12\/img-61b7cc66179a2.jpg","width":930,"height":755,"caption":"Protection de l\u2019environnement : Josu\u00e9 Emmnuel Mezath vainqueur du concours d\u2019\u00e9loquence et de plaidoyer"},{"@type":"BreadcrumbList","@id":"https:\/\/www.africa-press.net\/congo-brazzaville\/photo\/protection-de-lenvironnement-josue-emmnuel-mezath-vainqueur-du-concours-deloquence-et-de-plaidoyer#breadcrumb","itemListElement":[{"@type":"ListItem","position":1,"name":"Accueil","item":"https:\/\/www.africa-press.net\/congo-brazzaville\/"},{"@type":"ListItem","position":2,"name":"Protection de l\u2019environnement : Josu\u00e9 Emmnuel Mezath vainqueur du concours d\u2019\u00e9loquence et de plaidoyer"}]},{"@type":"WebSite","@id":"https:\/\/www.africa-press.net\/congo-brazzaville\/#website","url":"https:\/\/www.africa-press.net\/congo-brazzaville\/","name":"Congo Brazzaville","description":"Just another Africa News Agency Sites site","potentialAction":[{"@type":"SearchAction","target":{"@type":"EntryPoint","urlTemplate":"https:\/\/www.africa-press.net\/congo-brazzaville\/?s={search_term_string}"},"query-input":{"@type":"PropertyValueSpecification","valueRequired":true,"valueName":"search_term_string"}}],"inLanguage":"fr-FR"},{"@type":"Person","@id":"https:\/\/www.africa-press.net\/congo-brazzaville\/#\/schema\/person\/2b1cf3cd81a31e3cd26889ca66d677f1","name":"cfeditorfr"}]}},"_links":{"self":[{"href":"https:\/\/www.africa-press.net\/congo-brazzaville\/wp-json\/wp\/v2\/posts\/1795","targetHints":{"allow":["GET"]}}],"collection":[{"href":"https:\/\/www.africa-press.net\/congo-brazzaville\/wp-json\/wp\/v2\/posts"}],"about":[{"href":"https:\/\/www.africa-press.net\/congo-brazzaville\/wp-json\/wp\/v2\/types\/post"}],"author":[{"embeddable":true,"href":"https:\/\/www.africa-press.net\/congo-brazzaville\/wp-json\/wp\/v2\/users\/82"}],"replies":[{"embeddable":true,"href":"https:\/\/www.africa-press.net\/congo-brazzaville\/wp-json\/wp\/v2\/comments?post=1795"}],"version-history":[{"count":0,"href":"https:\/\/www.africa-press.net\/congo-brazzaville\/wp-json\/wp\/v2\/posts\/1795\/revisions"}],"wp:featuredmedia":[{"embeddable":true,"href":"https:\/\/www.africa-press.net\/congo-brazzaville\/wp-json\/wp\/v2\/media\/1794"}],"wp:attachment":[{"href":"https:\/\/www.africa-press.net\/congo-brazzaville\/wp-json\/wp\/v2\/media?parent=1795"}],"wp:term":[{"taxonomy":"category","embeddable":true,"href":"https:\/\/www.africa-press.net\/congo-brazzaville\/wp-json\/wp\/v2\/categories?post=1795"},{"taxonomy":"post_tag","embeddable":true,"href":"https:\/\/www.africa-press.net\/congo-brazzaville\/wp-json\/wp\/v2\/tags?post=1795"}],"curies":[{"name":"wp","href":"https:\/\/api.w.org\/{rel}","templated":true}]}}