{"id":1800,"date":"2021-12-14T00:41:04","date_gmt":"2021-12-14T00:41:04","guid":{"rendered":"https:\/\/www.africa-press.net\/congo-brazzaville\/?p=1800"},"modified":"2021-12-13T22:44:17","modified_gmt":"2021-12-13T22:44:17","slug":"gestion-des-risques-de-catastrophes-le-congo-dote-dune-strategie-nationale","status":"publish","type":"post","link":"https:\/\/www.africa-press.net\/congo-brazzaville\/photo\/gestion-des-risques-de-catastrophes-le-congo-dote-dune-strategie-nationale","title":{"rendered":"Gestion des risques de catastrophes : le Congo dot\u00e9 d&rsquo;une strat\u00e9gie nationale"},"content":{"rendered":"<p><span style=\"color: #ff6600\"><strong>Africa-Press &#8211; Congo Brazzaville. <\/strong><\/span><b>La c\u00e9r\u00e9monie de remise officielle de la Strat\u00e9gie nationale et du plan d\u2019action et de gestion des risques de catastrophes de la R\u00e9publique du Congo a \u00e9t\u00e9 co-pr\u00e9sid\u00e9e par la ministre de l\u2019Environnement, du D\u00e9veloppement durable et du Bassin du Congo (MEDDBC), Arlette Soudan Nonault, et le repr\u00e9sentant r\u00e9sident du Programme des Nations unies pour le d\u00e9veloppement (PNUD), Maleye Diop, le 9 d\u00e9cembre \u00e0 Brazzaville.<\/b><\/p>\n<p>La remise officielle de la Strat\u00e9gie nationale et du Plan d\u2019action et de gestion des risques de catastrophes de la R\u00e9publique du Congo a eu lieu en pr\u00e9sence de partenaires nationaux et internationaux. Elle sanctionne l\u2019aboutissement d\u2019un long processus de consultation sur la gestion des risques et catastrophes des parties prenantes nationales. Cette strat\u00e9gie et le plan d\u2019action y relatif, qui cartographie les risques pesant sur la R\u00e9publique du Congo et \u00e9tablit les responsabilit\u00e9s en la mati\u00e8re, d\u00e9finit des axes strat\u00e9giques et champs d\u2019intervention visant \u00e0 r\u00e9duire la probabilit\u00e9 de catastrophes et des cons\u00e9quences relatives au moyen d\u2019une vision int\u00e9gr\u00e9e.<\/p>\n<p>Dans son \u00e9lan d\u2019accompagner le gouvernement dans les politiques et strat\u00e9gies de d\u00e9veloppement, le bureau du PNUD a conduit l\u2019\u00e9laboration des actions n\u00e9cessaires \u00e0 la mobilisation des ressources dans la pr\u00e9vention et la gestion des risques et catastrophes dans le pays.<\/p>\n<p>Le Congo a toujours \u00e9t\u00e9 un mod\u00e8le dans le respect des engagements internationaux, notamment la pr\u00e9servation de l\u2019environnement et la mise en \u0153uvre de l\u2019Objectif de d\u00e9veloppement durable (ODD) 13 qui invite \u00e0 prendre d\u2019urgence des mesures pour lutter contre les changements climatiques et leurs r\u00e9percussions, reconna\u00eet le bureau du PNUD au Congo. C\u2019est pourquoi, dans son allocution, son repr\u00e9sentant r\u00e9sident, Maleye Diop, a f\u00e9licit\u00e9 la ministre pour son constant engagement et son leadership dans la coordination de ce processus. Il a salu\u00e9 le gouvernement congolais pour son respect des engagements internationaux en lien avec le cadre d\u2019action Sendai adopt\u00e9 en 2018, au Japon. Indiquant ainsi que l\u2019aboutissement du processus d\u2019\u00e9laboration de cette strat\u00e9gie est un exemple de plus traduisant la qualit\u00e9 des relations entre le PNUD et la R\u00e9publique du Congo dans la mise en \u0153uvre de l\u2019Agenda 2030 au profit de la population, de la plan\u00e8te et de la prosp\u00e9rit\u00e9.<\/p>\n<p><b>La r\u00e9duction des risques de catastrophe, une question d\u2019ordre transversal<\/b><\/p>\n<p>Prenant la parole, la ministre de l\u2019EDDBC a rappel\u00e9 que chaque jour qui passe, il y a des effets n\u00e9fastes des catastrophes qui surviennent un peu partout dans le monde. Elle a indiqu\u00e9 qu\u2019une catastrophe est une rupture grave du fonctionnement d\u2019une communaut\u00e9 ou d\u2019une soci\u00e9t\u00e9, impliquant d\u2019importants impacts et des pertes en vies humaines, mat\u00e9rielles, \u00e9conomiques ou environnementales. Nombre de pays en d\u00e9veloppement, a-t-elle fait savoir, ne peuvent les surmonter avec leurs seules ressources car ne disposant pas d\u2019outils, de connaissances ni d\u2019instruments n\u00e9cessaires pour int\u00e9grer, dans leurs d\u00e9cisions d\u2019investissement, les impacts potentiels des catastrophes. Ainsi, la gestion des risques de catastrophe appara\u00eet comme le cadre conceptuel des \u00e9l\u00e9ments susceptibles d\u2019aider \u00e0 r\u00e9duire au minimum la vuln\u00e9rabilit\u00e9. Elle permet d\u2019\u00e9viter ou de limiter l\u2019impact n\u00e9gatif des al\u00e9as pour faciliter l\u2019atteinte des ODD, a-t-elle dit.<\/p>\n<p>Arlette Soudan-Nonault a rappel\u00e9 que les scientifiques du groupe d\u2019experts intergouvernementaux sur l\u2019\u00e9volution du climat pr\u00e9disent avec une grande certitude, dans leur rapport publi\u00e9 en 2021, que les fortes pr\u00e9cipitations, l\u2019augmentation des temp\u00e9ratures et les vents violents continueront \u00e0 impacter n\u00e9gativement si l\u2019on n\u2019y prend pas garde. Ainsi, la r\u00e9duction des risques de catastrophes devient une question d\u2019ordre transversal qui rel\u00e8ve de plusieurs composantes, notamment politique, technique, participative et de mobilisation des ressources. \u00ab D\u00e8s lors, elle appelle \u00e0 la sagesse et aux efforts collectifs d\u2019accroissement de la r\u00e9silience de nos communaut\u00e9s tant au niveau international qu\u2019\u00e0 celui des d\u00e9cideurs nationaux, des repr\u00e9sentants de la soci\u00e9t\u00e9 civile, des milieux acad\u00e9miques, du secteur priv\u00e9 et des m\u00e9dias \u00bb, a-t-elle soulign\u00e9.<\/p>\n<p>Les efforts du Congo \u00e0 propos ont permis au pays de produire son rapport \u00e0 mi-parcours de suivi des progr\u00e8s accomplis pour la mise en \u0153uvre du cadre de Sendai 2015-2030. Certes, la responsabilit\u00e9 premi\u00e8re rel\u00e8ve du gouvernement et ces efforts ont suscit\u00e9 certainement une attention des partenaires du Congo, que sont la Banque mondiale, la Communaut\u00e9 \u00e9conomique des \u00c9tats de l\u2019Afrique centrale et particuli\u00e8rement, le PNUD, \u00e0 travers lequel le Congo m\u00e9rite le document qui lui permettra de renforcer ses capacit\u00e9s en vue de pr\u00e9voir, g\u00e9rer et r\u00e9duire les risques de catastrophes.<\/p>\n<p>Enfin, la ministre a exprim\u00e9 sa profonde gratitude \u00e0 l\u2019endroit du PNUD pour son appui constant. \u00ab Je suis convaincue que la mise en \u0153uvre du plan d\u2019action de la Strat\u00e9gie nationale de gestion des risques de catastrophes permettra au Congo d\u2019\u00eatre plus aguerri dans la gestion optimale des risques tendant vers une r\u00e9silience substantielle aux catastrophes \u00bb, a-t-elle conclu.<\/p>\n<p>La finalisation de ce document strat\u00e9gique, dont l\u2019\u00e9laboration avait \u00e9t\u00e9 enclench\u00e9e en 2020, traduit explicitement la volont\u00e9 du gouvernement du Congo \u00e0 g\u00e9rer les \u00e9v\u00e9nements climatiques et m\u00e9t\u00e9orologiques extr\u00eames \u00e0 travers un mode de gestion des risques et des catastrophes adapt\u00e9 \u00e0 sa population.<\/p>\n\r\n                <style type=\"text\/css\">\r\n                    \r\n                    #td_uid_1_69f5584ad9d0c  .td-doubleSlider-2 .td-item1 {\r\n                        background: url(https:\/\/static.africa-press.net\/centrafricaine\/sites\/51\/2021\/12\/img-61b7cc97d1385-80x60.jpg) 0 0 no-repeat;\r\n                    }\r\n                    #td_uid_1_69f5584ad9d0c  .td-doubleSlider-2 .td-item2 {\r\n                        background: url(https:\/\/static.africa-press.net\/centrafricaine\/sites\/51\/2021\/12\/img-61b7cca3b2ee5-80x60.jpg) 0 0 no-repeat;\r\n                    }\r\n                <\/style>\r\n\r\n                <div id=\"td_uid_1_69f5584ad9d0c\" class=\"td-gallery td-slide-on-2-columns\">\r\n                    <div class=\"post_td_gallery\">\r\n                        <div class=\"td-gallery-slide-top\">\r\n                           <div class=\"td-gallery-title\"><\/div>\r\n\r\n                            <div class=\"td-gallery-controls-wrapper\">\r\n                                <div class=\"td-gallery-slide-count\"><span class=\"td-gallery-slide-item-focus\">1<\/span> de 3<\/div>\r\n                                <div class=\"td-gallery-slide-prev-next-but\">\r\n                                    <i class = \"td-icon-left doubleSliderPrevButton\"><\/i>\r\n                                    <i class = \"td-icon-right doubleSliderNextButton\"><\/i>\r\n                                <\/div>\r\n                            <\/div>\r\n                        <\/div>\r\n\r\n                        <div class = \"td-doubleSlider-1 \">\r\n                            <div class = \"td-slider\">\r\n                                \r\n                    <div class = \"td-slide-item td-item1\">\r\n                        <figure class=\"td-slide-galery-figure td-slide-popup-gallery\">\r\n                            <a class=\"slide-gallery-image-link\" href=\"https:\/\/static.africa-press.net\/centrafricaine\/sites\/51\/2021\/12\/img-61b7cc97d1385.jpg\" title=\"img-61b7cc97d1385\"  data-caption=\"\"  data-description=\"\">\r\n                                <img decoding=\"async\" src=\"https:\/\/static.africa-press.net\/centrafricaine\/sites\/51\/2021\/12\/img-61b7cc97d1385.jpg\" srcset=\"https:\/\/static.africa-press.net\/congo-brazzaville\/sites\/51\/2021\/12\/img-61b7cc97d1385.jpg 807w, https:\/\/static.africa-press.net\/congo-brazzaville\/sites\/51\/2021\/12\/img-61b7cc97d1385-300x157.jpg 300w, https:\/\/static.africa-press.net\/congo-brazzaville\/sites\/51\/2021\/12\/img-61b7cc97d1385-768x402.jpg 768w\" sizes=\"(max-width: 807px) 100vw, 807px\" alt=\"\">\r\n                            <\/a>\r\n                            \r\n                        <\/figure>\r\n                    <\/div>\r\n                    <div class = \"td-slide-item td-item2\">\r\n                        <figure class=\"td-slide-galery-figure td-slide-popup-gallery\">\r\n                            <a class=\"slide-gallery-image-link\" href=\"https:\/\/static.africa-press.net\/centrafricaine\/sites\/51\/2021\/12\/img-61b7cca3b2ee5.jpg\" title=\"img-61b7cca3b2ee5\"  data-caption=\"\"  data-description=\"\">\r\n                                <img decoding=\"async\" src=\"https:\/\/static.africa-press.net\/centrafricaine\/sites\/51\/2021\/12\/img-61b7cca3b2ee5.jpg\" srcset=\"https:\/\/static.africa-press.net\/congo-brazzaville\/sites\/51\/2021\/12\/img-61b7cca3b2ee5.jpg 720w, https:\/\/static.africa-press.net\/congo-brazzaville\/sites\/51\/2021\/12\/img-61b7cca3b2ee5-300x160.jpg 300w\" sizes=\"(max-width: 720px) 100vw, 720px\" alt=\"\">\r\n                            <\/a>\r\n                            \r\n                        <\/figure>\r\n                    <\/div>\r\n                            <\/div>\r\n                        <\/div>\r\n\r\n                        <div class = \"td-doubleSlider-2\">\r\n                            <div class = \"td-slider\">\r\n                                \r\n                    <div class = \"td-button td-item1\">\r\n                        <div class = \"td-border\"><\/div>\r\n                    <\/div>\r\n                    <div class = \"td-button td-item2\">\r\n                        <div class = \"td-border\"><\/div>\r\n                    <\/div>\r\n                            <\/div>\r\n                        <\/div>\r\n\r\n                    <\/div>\r\n\r\n                <\/div>\r\n                \n<p><strong>Pour plus d&rsquo;informations et d&rsquo;analyses sur la <a href=\"https:\/\/www.africa-press.net\/congo-brazzaville\">Congo Brazzaville<\/a>, suivez <a href=\"https:\/\/www.africa-press.net\/\">Africa-Press<\/a><\/strong><\/p>\n","protected":false},"excerpt":{"rendered":"<p>Africa-Press &#8211; Congo Brazzaville. La c\u00e9r\u00e9monie de remise officielle de la Strat\u00e9gie nationale et du plan d\u2019action et de gestion des risques de catastrophes de la R\u00e9publique du Congo a \u00e9t\u00e9 co-pr\u00e9sid\u00e9e par la ministre de l\u2019Environnement, du D\u00e9veloppement durable et du Bassin du Congo (MEDDBC), Arlette Soudan Nonault, et le repr\u00e9sentant r\u00e9sident du Programme [&hellip;]<\/p>\n","protected":false},"author":82,"featured_media":1799,"comment_status":"open","ping_status":"closed","sticky":false,"template":"","format":"standard","meta":{"footnotes":""},"categories":[21,11,8,10],"tags":[36,47,46],"class_list":["post-1800","post","type-post","status-publish","format-standard","has-post-thumbnail","hentry","category-communaute","category-homepage-french","category-photo","category-toutes-les-actualites","tag-africa-press","tag-africa-press-congo-brazzaville","tag-congo-brazzaville"],"yoast_head":"<!-- This site is optimized with the Yoast SEO Premium plugin v26.1 (Yoast SEO v27.0) - https:\/\/yoast.com\/product\/yoast-seo-premium-wordpress\/ -->\n<title>Gestion des risques de catastrophes : le Congo dot\u00e9 d&#039;une strat\u00e9gie nationale - Congo Brazzaville<\/title>\n<meta name=\"description\" content=\"La c\u00e9r\u00e9monie de remise officielle de la Strat\u00e9gie nationale et du plan d\u2019action et de gestion des risques de catastro ...\" \/>\n<meta name=\"robots\" content=\"index, follow, max-snippet:-1, max-image-preview:large, max-video-preview:-1\" \/>\n<link rel=\"canonical\" href=\"https:\/\/www.africa-press.net\/congo-brazzaville\/photo\/gestion-des-risques-de-catastrophes-le-congo-dote-dune-strategie-nationale\" \/>\n<meta property=\"og:locale\" content=\"fr_FR\" \/>\n<meta property=\"og:type\" content=\"article\" \/>\n<meta property=\"og:title\" content=\"Gestion des risques de catastrophes : le Congo dot\u00e9 d&#039;une strat\u00e9gie nationale\" \/>\n<meta property=\"og:description\" content=\"La c\u00e9r\u00e9monie de remise officielle de la Strat\u00e9gie nationale et du plan d\u2019action et de gestion des risques de catastro ...\" \/>\n<meta property=\"og:url\" content=\"https:\/\/www.africa-press.net\/congo-brazzaville\/photo\/gestion-des-risques-de-catastrophes-le-congo-dote-dune-strategie-nationale\" \/>\n<meta property=\"og:site_name\" content=\"Congo Brazzaville\" \/>\n<meta property=\"article:published_time\" content=\"2021-12-14T00:41:04+00:00\" \/>\n<meta property=\"og:image\" content=\"https:\/\/static.africa-press.net\/centrafricaine\/sites\/51\/2021\/12\/img-61b7ccabb8b75.jpg\" \/>\n\t<meta property=\"og:image:width\" content=\"720\" \/>\n\t<meta property=\"og:image:height\" content=\"383\" \/>\n\t<meta property=\"og:image:type\" content=\"image\/jpeg\" \/>\n<meta name=\"author\" content=\"cfeditorfr\" \/>\n<meta name=\"twitter:card\" content=\"summary_large_image\" \/>\n<meta name=\"twitter:label1\" content=\"\u00c9crit par\" \/>\n\t<meta name=\"twitter:data1\" content=\"cfeditorfr\" \/>\n\t<meta name=\"twitter:label2\" content=\"Dur\u00e9e de lecture estim\u00e9e\" \/>\n\t<meta name=\"twitter:data2\" content=\"5 minutes\" \/>\n<script type=\"application\/ld+json\" class=\"yoast-schema-graph\">{\"@context\":\"https:\/\/schema.org\",\"@graph\":[{\"@type\":\"Article\",\"@id\":\"https:\/\/www.africa-press.net\/congo-brazzaville\/photo\/gestion-des-risques-de-catastrophes-le-congo-dote-dune-strategie-nationale#article\",\"isPartOf\":{\"@id\":\"https:\/\/www.africa-press.net\/congo-brazzaville\/photo\/gestion-des-risques-de-catastrophes-le-congo-dote-dune-strategie-nationale\"},\"author\":{\"name\":\"cfeditorfr\",\"@id\":\"https:\/\/www.africa-press.net\/congo-brazzaville\/#\/schema\/person\/2b1cf3cd81a31e3cd26889ca66d677f1\"},\"headline\":\"Gestion des risques de catastrophes : le Congo dot\u00e9 d&rsquo;une strat\u00e9gie nationale\",\"datePublished\":\"2021-12-14T00:41:04+00:00\",\"mainEntityOfPage\":{\"@id\":\"https:\/\/www.africa-press.net\/congo-brazzaville\/photo\/gestion-des-risques-de-catastrophes-le-congo-dote-dune-strategie-nationale\"},\"wordCount\":964,\"commentCount\":0,\"image\":{\"@id\":\"https:\/\/www.africa-press.net\/congo-brazzaville\/photo\/gestion-des-risques-de-catastrophes-le-congo-dote-dune-strategie-nationale#primaryimage\"},\"thumbnailUrl\":\"https:\/\/static.africa-press.net\/centrafricaine\/sites\/51\/2021\/12\/img-61b7ccabb8b75.jpg\",\"keywords\":[\"Africa Press\",\"Africa Press-Congo Brazzaville\",\"Congo Brazzaville\"],\"articleSection\":[\"Communaut\u00e9\",\"homepage-french\",\"Photo\",\"Toutes les actualit\u00e9s\"],\"inLanguage\":\"fr-FR\",\"potentialAction\":[{\"@type\":\"CommentAction\",\"name\":\"Comment\",\"target\":[\"https:\/\/www.africa-press.net\/congo-brazzaville\/photo\/gestion-des-risques-de-catastrophes-le-congo-dote-dune-strategie-nationale#respond\"]}]},{\"@type\":\"WebPage\",\"@id\":\"https:\/\/www.africa-press.net\/congo-brazzaville\/photo\/gestion-des-risques-de-catastrophes-le-congo-dote-dune-strategie-nationale\",\"url\":\"https:\/\/www.africa-press.net\/congo-brazzaville\/photo\/gestion-des-risques-de-catastrophes-le-congo-dote-dune-strategie-nationale\",\"name\":\"Gestion des risques de catastrophes : le Congo dot\u00e9 d'une strat\u00e9gie nationale - Congo Brazzaville\",\"isPartOf\":{\"@id\":\"https:\/\/www.africa-press.net\/congo-brazzaville\/#website\"},\"primaryImageOfPage\":{\"@id\":\"https:\/\/www.africa-press.net\/congo-brazzaville\/photo\/gestion-des-risques-de-catastrophes-le-congo-dote-dune-strategie-nationale#primaryimage\"},\"image\":{\"@id\":\"https:\/\/www.africa-press.net\/congo-brazzaville\/photo\/gestion-des-risques-de-catastrophes-le-congo-dote-dune-strategie-nationale#primaryimage\"},\"thumbnailUrl\":\"https:\/\/static.africa-press.net\/centrafricaine\/sites\/51\/2021\/12\/img-61b7ccabb8b75.jpg\",\"datePublished\":\"2021-12-14T00:41:04+00:00\",\"author\":{\"@id\":\"https:\/\/www.africa-press.net\/congo-brazzaville\/#\/schema\/person\/2b1cf3cd81a31e3cd26889ca66d677f1\"},\"description\":\"La c\u00e9r\u00e9monie de remise officielle de la Strat\u00e9gie nationale et du plan d\u2019action et de gestion des risques de catastro ...\",\"breadcrumb\":{\"@id\":\"https:\/\/www.africa-press.net\/congo-brazzaville\/photo\/gestion-des-risques-de-catastrophes-le-congo-dote-dune-strategie-nationale#breadcrumb\"},\"inLanguage\":\"fr-FR\",\"potentialAction\":[{\"@type\":\"ReadAction\",\"target\":[\"https:\/\/www.africa-press.net\/congo-brazzaville\/photo\/gestion-des-risques-de-catastrophes-le-congo-dote-dune-strategie-nationale\"]}]},{\"@type\":\"ImageObject\",\"inLanguage\":\"fr-FR\",\"@id\":\"https:\/\/www.africa-press.net\/congo-brazzaville\/photo\/gestion-des-risques-de-catastrophes-le-congo-dote-dune-strategie-nationale#primaryimage\",\"url\":\"https:\/\/static.africa-press.net\/centrafricaine\/sites\/51\/2021\/12\/img-61b7ccabb8b75.jpg\",\"contentUrl\":\"https:\/\/static.africa-press.net\/centrafricaine\/sites\/51\/2021\/12\/img-61b7ccabb8b75.jpg\",\"width\":720,\"height\":383,\"caption\":\"Gestion des risques de catastrophes : le Congo dot\u00e9 d'une strat\u00e9gie nationale\"},{\"@type\":\"BreadcrumbList\",\"@id\":\"https:\/\/www.africa-press.net\/congo-brazzaville\/photo\/gestion-des-risques-de-catastrophes-le-congo-dote-dune-strategie-nationale#breadcrumb\",\"itemListElement\":[{\"@type\":\"ListItem\",\"position\":1,\"name\":\"Accueil\",\"item\":\"https:\/\/www.africa-press.net\/congo-brazzaville\/\"},{\"@type\":\"ListItem\",\"position\":2,\"name\":\"Gestion des risques de catastrophes : le Congo dot\u00e9 d&#8217;une strat\u00e9gie nationale\"}]},{\"@type\":\"WebSite\",\"@id\":\"https:\/\/www.africa-press.net\/congo-brazzaville\/#website\",\"url\":\"https:\/\/www.africa-press.net\/congo-brazzaville\/\",\"name\":\"Congo Brazzaville\",\"description\":\"Just another Africa News Agency Sites site\",\"potentialAction\":[{\"@type\":\"SearchAction\",\"target\":{\"@type\":\"EntryPoint\",\"urlTemplate\":\"https:\/\/www.africa-press.net\/congo-brazzaville\/?s={search_term_string}\"},\"query-input\":{\"@type\":\"PropertyValueSpecification\",\"valueRequired\":true,\"valueName\":\"search_term_string\"}}],\"inLanguage\":\"fr-FR\"},{\"@type\":\"Person\",\"@id\":\"https:\/\/www.africa-press.net\/congo-brazzaville\/#\/schema\/person\/2b1cf3cd81a31e3cd26889ca66d677f1\",\"name\":\"cfeditorfr\"}]}<\/script>\n<!-- \/ Yoast SEO Premium plugin. -->","yoast_head_json":{"title":"Gestion des risques de catastrophes : le Congo dot\u00e9 d'une strat\u00e9gie nationale - Congo Brazzaville","description":"La c\u00e9r\u00e9monie de remise officielle de la Strat\u00e9gie nationale et du plan d\u2019action et de gestion des risques de catastro ...","robots":{"index":"index","follow":"follow","max-snippet":"max-snippet:-1","max-image-preview":"max-image-preview:large","max-video-preview":"max-video-preview:-1"},"canonical":"https:\/\/www.africa-press.net\/congo-brazzaville\/photo\/gestion-des-risques-de-catastrophes-le-congo-dote-dune-strategie-nationale","og_locale":"fr_FR","og_type":"article","og_title":"Gestion des risques de catastrophes : le Congo dot\u00e9 d'une strat\u00e9gie nationale","og_description":"La c\u00e9r\u00e9monie de remise officielle de la Strat\u00e9gie nationale et du plan d\u2019action et de gestion des risques de catastro ...","og_url":"https:\/\/www.africa-press.net\/congo-brazzaville\/photo\/gestion-des-risques-de-catastrophes-le-congo-dote-dune-strategie-nationale","og_site_name":"Congo Brazzaville","article_published_time":"2021-12-14T00:41:04+00:00","og_image":[{"width":720,"height":383,"url":"https:\/\/static.africa-press.net\/centrafricaine\/sites\/51\/2021\/12\/img-61b7ccabb8b75.jpg","type":"image\/jpeg"}],"author":"cfeditorfr","twitter_card":"summary_large_image","twitter_misc":{"\u00c9crit par":"cfeditorfr","Dur\u00e9e de lecture estim\u00e9e":"5 minutes"},"schema":{"@context":"https:\/\/schema.org","@graph":[{"@type":"Article","@id":"https:\/\/www.africa-press.net\/congo-brazzaville\/photo\/gestion-des-risques-de-catastrophes-le-congo-dote-dune-strategie-nationale#article","isPartOf":{"@id":"https:\/\/www.africa-press.net\/congo-brazzaville\/photo\/gestion-des-risques-de-catastrophes-le-congo-dote-dune-strategie-nationale"},"author":{"name":"cfeditorfr","@id":"https:\/\/www.africa-press.net\/congo-brazzaville\/#\/schema\/person\/2b1cf3cd81a31e3cd26889ca66d677f1"},"headline":"Gestion des risques de catastrophes : le Congo dot\u00e9 d&rsquo;une strat\u00e9gie nationale","datePublished":"2021-12-14T00:41:04+00:00","mainEntityOfPage":{"@id":"https:\/\/www.africa-press.net\/congo-brazzaville\/photo\/gestion-des-risques-de-catastrophes-le-congo-dote-dune-strategie-nationale"},"wordCount":964,"commentCount":0,"image":{"@id":"https:\/\/www.africa-press.net\/congo-brazzaville\/photo\/gestion-des-risques-de-catastrophes-le-congo-dote-dune-strategie-nationale#primaryimage"},"thumbnailUrl":"https:\/\/static.africa-press.net\/centrafricaine\/sites\/51\/2021\/12\/img-61b7ccabb8b75.jpg","keywords":["Africa Press","Africa Press-Congo Brazzaville","Congo Brazzaville"],"articleSection":["Communaut\u00e9","homepage-french","Photo","Toutes les actualit\u00e9s"],"inLanguage":"fr-FR","potentialAction":[{"@type":"CommentAction","name":"Comment","target":["https:\/\/www.africa-press.net\/congo-brazzaville\/photo\/gestion-des-risques-de-catastrophes-le-congo-dote-dune-strategie-nationale#respond"]}]},{"@type":"WebPage","@id":"https:\/\/www.africa-press.net\/congo-brazzaville\/photo\/gestion-des-risques-de-catastrophes-le-congo-dote-dune-strategie-nationale","url":"https:\/\/www.africa-press.net\/congo-brazzaville\/photo\/gestion-des-risques-de-catastrophes-le-congo-dote-dune-strategie-nationale","name":"Gestion des risques de catastrophes : le Congo dot\u00e9 d'une strat\u00e9gie nationale - Congo Brazzaville","isPartOf":{"@id":"https:\/\/www.africa-press.net\/congo-brazzaville\/#website"},"primaryImageOfPage":{"@id":"https:\/\/www.africa-press.net\/congo-brazzaville\/photo\/gestion-des-risques-de-catastrophes-le-congo-dote-dune-strategie-nationale#primaryimage"},"image":{"@id":"https:\/\/www.africa-press.net\/congo-brazzaville\/photo\/gestion-des-risques-de-catastrophes-le-congo-dote-dune-strategie-nationale#primaryimage"},"thumbnailUrl":"https:\/\/static.africa-press.net\/centrafricaine\/sites\/51\/2021\/12\/img-61b7ccabb8b75.jpg","datePublished":"2021-12-14T00:41:04+00:00","author":{"@id":"https:\/\/www.africa-press.net\/congo-brazzaville\/#\/schema\/person\/2b1cf3cd81a31e3cd26889ca66d677f1"},"description":"La c\u00e9r\u00e9monie de remise officielle de la Strat\u00e9gie nationale et du plan d\u2019action et de gestion des risques de catastro ...","breadcrumb":{"@id":"https:\/\/www.africa-press.net\/congo-brazzaville\/photo\/gestion-des-risques-de-catastrophes-le-congo-dote-dune-strategie-nationale#breadcrumb"},"inLanguage":"fr-FR","potentialAction":[{"@type":"ReadAction","target":["https:\/\/www.africa-press.net\/congo-brazzaville\/photo\/gestion-des-risques-de-catastrophes-le-congo-dote-dune-strategie-nationale"]}]},{"@type":"ImageObject","inLanguage":"fr-FR","@id":"https:\/\/www.africa-press.net\/congo-brazzaville\/photo\/gestion-des-risques-de-catastrophes-le-congo-dote-dune-strategie-nationale#primaryimage","url":"https:\/\/static.africa-press.net\/centrafricaine\/sites\/51\/2021\/12\/img-61b7ccabb8b75.jpg","contentUrl":"https:\/\/static.africa-press.net\/centrafricaine\/sites\/51\/2021\/12\/img-61b7ccabb8b75.jpg","width":720,"height":383,"caption":"Gestion des risques de catastrophes : le Congo dot\u00e9 d'une strat\u00e9gie nationale"},{"@type":"BreadcrumbList","@id":"https:\/\/www.africa-press.net\/congo-brazzaville\/photo\/gestion-des-risques-de-catastrophes-le-congo-dote-dune-strategie-nationale#breadcrumb","itemListElement":[{"@type":"ListItem","position":1,"name":"Accueil","item":"https:\/\/www.africa-press.net\/congo-brazzaville\/"},{"@type":"ListItem","position":2,"name":"Gestion des risques de catastrophes : le Congo dot\u00e9 d&#8217;une strat\u00e9gie nationale"}]},{"@type":"WebSite","@id":"https:\/\/www.africa-press.net\/congo-brazzaville\/#website","url":"https:\/\/www.africa-press.net\/congo-brazzaville\/","name":"Congo Brazzaville","description":"Just another Africa News Agency Sites site","potentialAction":[{"@type":"SearchAction","target":{"@type":"EntryPoint","urlTemplate":"https:\/\/www.africa-press.net\/congo-brazzaville\/?s={search_term_string}"},"query-input":{"@type":"PropertyValueSpecification","valueRequired":true,"valueName":"search_term_string"}}],"inLanguage":"fr-FR"},{"@type":"Person","@id":"https:\/\/www.africa-press.net\/congo-brazzaville\/#\/schema\/person\/2b1cf3cd81a31e3cd26889ca66d677f1","name":"cfeditorfr"}]}},"_links":{"self":[{"href":"https:\/\/www.africa-press.net\/congo-brazzaville\/wp-json\/wp\/v2\/posts\/1800","targetHints":{"allow":["GET"]}}],"collection":[{"href":"https:\/\/www.africa-press.net\/congo-brazzaville\/wp-json\/wp\/v2\/posts"}],"about":[{"href":"https:\/\/www.africa-press.net\/congo-brazzaville\/wp-json\/wp\/v2\/types\/post"}],"author":[{"embeddable":true,"href":"https:\/\/www.africa-press.net\/congo-brazzaville\/wp-json\/wp\/v2\/users\/82"}],"replies":[{"embeddable":true,"href":"https:\/\/www.africa-press.net\/congo-brazzaville\/wp-json\/wp\/v2\/comments?post=1800"}],"version-history":[{"count":0,"href":"https:\/\/www.africa-press.net\/congo-brazzaville\/wp-json\/wp\/v2\/posts\/1800\/revisions"}],"wp:featuredmedia":[{"embeddable":true,"href":"https:\/\/www.africa-press.net\/congo-brazzaville\/wp-json\/wp\/v2\/media\/1799"}],"wp:attachment":[{"href":"https:\/\/www.africa-press.net\/congo-brazzaville\/wp-json\/wp\/v2\/media?parent=1800"}],"wp:term":[{"taxonomy":"category","embeddable":true,"href":"https:\/\/www.africa-press.net\/congo-brazzaville\/wp-json\/wp\/v2\/categories?post=1800"},{"taxonomy":"post_tag","embeddable":true,"href":"https:\/\/www.africa-press.net\/congo-brazzaville\/wp-json\/wp\/v2\/tags?post=1800"}],"curies":[{"name":"wp","href":"https:\/\/api.w.org\/{rel}","templated":true}]}}