{"id":1805,"date":"2021-12-14T00:47:01","date_gmt":"2021-12-14T00:47:01","guid":{"rendered":"https:\/\/www.africa-press.net\/congo-brazzaville\/?p=1805"},"modified":"2021-12-13T22:45:16","modified_gmt":"2021-12-13T22:45:16","slug":"cemac-ladoption-du-budget-de-la-commission-reportee-faute-de-ressources","status":"publish","type":"post","link":"https:\/\/www.africa-press.net\/congo-brazzaville\/economie\/cemac-ladoption-du-budget-de-la-commission-reportee-faute-de-ressources","title":{"rendered":"C\u00e9mac : l\u2019adoption du budget de la Commission report\u00e9e  faute de ressources"},"content":{"rendered":"<p><span style=\"color: #ff6600\"><strong>Africa-Press &#8211; Congo Brazzaville. <\/strong><\/span><b>La 37e session ordinaire du Conseil des ministres de l\u2019Union \u00e9conomique et mon\u00e9taire de l\u2019Afrique centrale (UEAC), tenue le 8 d\u00e9cembre, a d\u00e9cid\u00e9 de renvoyer l\u2019examen du budget 2022 de l\u2019institution communautaire en f\u00e9vrier prochain. Le report est d\u00fb aux difficult\u00e9s de recouvrement de la Taxe communautaire d\u2019int\u00e9gration(TCI), repr\u00e9sentant plus de 70% des ressources de la Commission, l&rsquo;organe ex\u00e9cutif de l&rsquo;institution.<\/b><\/p>\n<p>Sur la base du budget pr\u00e9visionnel de 94 milliards FCFA pour l\u2019exercice 2022, les ressources attendues au titre de la TCI s\u2019\u00e9l\u00e8vent \u00e0 65 milliards FCFA, dont pr\u00e8s de 29 milliards FCFA repr\u00e9sentant les arri\u00e9r\u00e9s. Les pr\u00e9visions de la TCI courante \u00e0 recouvrer au cours du prochain exercice sont estim\u00e9es \u00e0 36 milliards FCFA. Des ressources qu\u2019il faudra mobiliser pour permettre \u00e0 la C\u00e9mac (Communaut\u00e9 \u00e9conomique et mon\u00e9taire de l\u2019Afrique centrale) de fonctionner et financer ses activit\u00e9s prioritaires.<\/p>\n<p>Le pr\u00e9sident de la Commission C\u00e9mac, Daniel Ona Ondo, a assur\u00e9 que le budget n\u2019a pas \u00e9t\u00e9 rejet\u00e9, mais que les ministres ont estim\u00e9 qu\u2019il fallait des \u00e9l\u00e9ments d\u2019appr\u00e9ciation avant de pouvoir le voter. Dans le budget, a-t-il poursuivi, la dette de la communaut\u00e9 (arri\u00e9r\u00e9s de TCI) doit rentrer dans le corpus.<\/p>\n<p>\u00c0 l\u2019ouverture des travaux du Conseil des ministres, Daniel Ona Ondo a m\u00eame alert\u00e9 sur la difficult\u00e9 de la tr\u00e9sorerie de la communaut\u00e9 face \u00e0 la r\u00e9ticence des \u00c9tats membres \u00e0 verser la TCI. \u00ab La collecte int\u00e9grale de la TCI, le recouvrement des contributions directes compl\u00e9mentaires et la mobilisation des autres ressources conventionnelles conditionnent la viabilit\u00e9 budg\u00e9taire de la Commission. Nous avons conscience des difficult\u00e9s des \u00c9tats membres, mais il nous pla\u00eet de rappeler le caract\u00e8re sp\u00e9cifique de cette taxe qui ne saurait \u00eatre affect\u00e9e ailleurs qu\u2019au fonctionnement de la communaut\u00e9 \u00bb, a-t- il insist\u00e9.<\/p>\n<p>Il a ensuite exhort\u00e9 les six pays (Cameroun, Centrafrique, Congo, Gabon, Guin\u00e9e \u00e9quatoriale et Tchad) \u00e0 plus de volontarisme, \u00e0 \u00ab se d\u00e9sendetter \u00bb envers la communaut\u00e9 et \u00e0 verser la TCI, dont le taux de recouvrement n\u2019a pas exc\u00e9d\u00e9 33,32%.<\/p>\n<p>Au cours de la 37e session du Conseil des ministres de l\u2019UEAC, de nouveaux textes communautaires ont \u00e9t\u00e9 approuv\u00e9s pour permettre la mobilit\u00e9 professionnelle, par exemple, des m\u00e9decins et des avocats reconnus dans leur pays d\u2019origine ou de r\u00e9sidence qui peuvent d\u00e9sormais s\u2019installer dans les autres pays de la sous-r\u00e9gion. Le Conseil a \u00e9galement vot\u00e9 des textes sur le sport et l\u2019enseignement sup\u00e9rieur, avant de proc\u00e9der \u00e0 des nominations dans les diff\u00e9rentes institutions sous-r\u00e9gionales.<\/p>\n\r\n                <style type=\"text\/css\">\r\n                    \r\n                    #td_uid_1_69f548e8a1582  .td-doubleSlider-2 .td-item1 {\r\n                        background: url(https:\/\/static.africa-press.net\/centrafricaine\/sites\/51\/2021\/12\/img-61b7cccd0bc18-80x60.jpg) 0 0 no-repeat;\r\n                    }\r\n                    #td_uid_1_69f548e8a1582  .td-doubleSlider-2 .td-item2 {\r\n                        background: url(https:\/\/static.africa-press.net\/centrafricaine\/sites\/51\/2021\/12\/img-61b7ccd9c6778-80x60.jpg) 0 0 no-repeat;\r\n                    }\r\n                <\/style>\r\n\r\n                <div id=\"td_uid_1_69f548e8a1582\" class=\"td-gallery td-slide-on-2-columns\">\r\n                    <div class=\"post_td_gallery\">\r\n                        <div class=\"td-gallery-slide-top\">\r\n                           <div class=\"td-gallery-title\"><\/div>\r\n\r\n                            <div class=\"td-gallery-controls-wrapper\">\r\n                                <div class=\"td-gallery-slide-count\"><span class=\"td-gallery-slide-item-focus\">1<\/span> de 3<\/div>\r\n                                <div class=\"td-gallery-slide-prev-next-but\">\r\n                                    <i class = \"td-icon-left doubleSliderPrevButton\"><\/i>\r\n                                    <i class = \"td-icon-right doubleSliderNextButton\"><\/i>\r\n                                <\/div>\r\n                            <\/div>\r\n                        <\/div>\r\n\r\n                        <div class = \"td-doubleSlider-1 \">\r\n                            <div class = \"td-slider\">\r\n                                \r\n                    <div class = \"td-slide-item td-item1\">\r\n                        <figure class=\"td-slide-galery-figure td-slide-popup-gallery\">\r\n                            <a class=\"slide-gallery-image-link\" href=\"https:\/\/static.africa-press.net\/centrafricaine\/sites\/51\/2021\/12\/img-61b7cccd0bc18.jpg\" title=\"img-61b7cccd0bc18\"  data-caption=\"\"  data-description=\"\">\r\n                                <img decoding=\"async\" src=\"https:\/\/static.africa-press.net\/centrafricaine\/sites\/51\/2021\/12\/img-61b7cccd0bc18.jpg\" srcset=\"https:\/\/static.africa-press.net\/congo-brazzaville\/sites\/51\/2021\/12\/img-61b7cccd0bc18.jpg 1080w, https:\/\/static.africa-press.net\/congo-brazzaville\/sites\/51\/2021\/12\/img-61b7cccd0bc18-300x200.jpg 300w, https:\/\/static.africa-press.net\/congo-brazzaville\/sites\/51\/2021\/12\/img-61b7cccd0bc18-1024x683.jpg 1024w, https:\/\/static.africa-press.net\/congo-brazzaville\/sites\/51\/2021\/12\/img-61b7cccd0bc18-768x512.jpg 768w\" sizes=\"(max-width: 1080px) 100vw, 1080px\" alt=\"\">\r\n                            <\/a>\r\n                            \r\n                        <\/figure>\r\n                    <\/div>\r\n                    <div class = \"td-slide-item td-item2\">\r\n                        <figure class=\"td-slide-galery-figure td-slide-popup-gallery\">\r\n                            <a class=\"slide-gallery-image-link\" href=\"https:\/\/static.africa-press.net\/centrafricaine\/sites\/51\/2021\/12\/img-61b7ccd9c6778.jpg\" title=\"img-61b7ccd9c6778\"  data-caption=\"\"  data-description=\"\">\r\n                                <img decoding=\"async\" src=\"https:\/\/static.africa-press.net\/centrafricaine\/sites\/51\/2021\/12\/img-61b7ccd9c6778.jpg\" srcset=\"https:\/\/static.africa-press.net\/congo-brazzaville\/sites\/51\/2021\/12\/img-61b7ccd9c6778.jpg 1080w, https:\/\/static.africa-press.net\/congo-brazzaville\/sites\/51\/2021\/12\/img-61b7ccd9c6778-300x200.jpg 300w, https:\/\/static.africa-press.net\/congo-brazzaville\/sites\/51\/2021\/12\/img-61b7ccd9c6778-1024x683.jpg 1024w, https:\/\/static.africa-press.net\/congo-brazzaville\/sites\/51\/2021\/12\/img-61b7ccd9c6778-768x512.jpg 768w\" sizes=\"(max-width: 1080px) 100vw, 1080px\" alt=\"\">\r\n                            <\/a>\r\n                            \r\n                        <\/figure>\r\n                    <\/div>\r\n                            <\/div>\r\n                        <\/div>\r\n\r\n                        <div class = \"td-doubleSlider-2\">\r\n                            <div class = \"td-slider\">\r\n                                \r\n                    <div class = \"td-button td-item1\">\r\n                        <div class = \"td-border\"><\/div>\r\n                    <\/div>\r\n                    <div class = \"td-button td-item2\">\r\n                        <div class = \"td-border\"><\/div>\r\n                    <\/div>\r\n                            <\/div>\r\n                        <\/div>\r\n\r\n                    <\/div>\r\n\r\n                <\/div>\r\n                \n<p><strong>Pour plus d&rsquo;informations et d&rsquo;analyses sur la <a href=\"https:\/\/www.africa-press.net\/congo-brazzaville\">Congo Brazzaville<\/a>, suivez <a href=\"https:\/\/www.africa-press.net\/\">Africa-Press<\/a><\/strong><\/p>\n","protected":false},"excerpt":{"rendered":"<p>Africa-Press &#8211; Congo Brazzaville. La 37e session ordinaire du Conseil des ministres de l\u2019Union \u00e9conomique et mon\u00e9taire de l\u2019Afrique centrale (UEAC), tenue le 8 d\u00e9cembre, a d\u00e9cid\u00e9 de renvoyer l\u2019examen du budget 2022 de l\u2019institution communautaire en f\u00e9vrier prochain. Le report est d\u00fb aux difficult\u00e9s de recouvrement de la Taxe communautaire d\u2019int\u00e9gration(TCI), repr\u00e9sentant plus de [&hellip;]<\/p>\n","protected":false},"author":82,"featured_media":1804,"comment_status":"open","ping_status":"closed","sticky":false,"template":"","format":"standard","meta":{"footnotes":""},"categories":[3,11,8,20,10],"tags":[36,47,46],"class_list":["post-1805","post","type-post","status-publish","format-standard","has-post-thumbnail","hentry","category-economie","category-homepage-french","category-photo","category-top-nouvelles","category-toutes-les-actualites","tag-africa-press","tag-africa-press-congo-brazzaville","tag-congo-brazzaville"],"yoast_head":"<!-- This site is optimized with the Yoast SEO Premium plugin v26.1 (Yoast SEO v27.0) - https:\/\/yoast.com\/product\/yoast-seo-premium-wordpress\/ -->\n<title>C\u00e9mac : l\u2019adoption du budget de la Commission report\u00e9e faute de ressources - Congo Brazzaville<\/title>\n<meta name=\"description\" content=\"La 37e session ordinaire du Conseil des ministres de l\u2019Union \u00e9conomique et mon\u00e9taire de l\u2019Afrique centrale (UEAC), te ...\" \/>\n<meta name=\"robots\" content=\"index, follow, max-snippet:-1, max-image-preview:large, max-video-preview:-1\" \/>\n<link rel=\"canonical\" href=\"https:\/\/www.africa-press.net\/congo-brazzaville\/economie\/cemac-ladoption-du-budget-de-la-commission-reportee-faute-de-ressources\" \/>\n<meta property=\"og:locale\" content=\"fr_FR\" \/>\n<meta property=\"og:type\" content=\"article\" \/>\n<meta property=\"og:title\" content=\"C\u00e9mac : l\u2019adoption du budget de la Commission report\u00e9e faute de ressources\" \/>\n<meta property=\"og:description\" content=\"La 37e session ordinaire du Conseil des ministres de l\u2019Union \u00e9conomique et mon\u00e9taire de l\u2019Afrique centrale (UEAC), te ...\" \/>\n<meta property=\"og:url\" content=\"https:\/\/www.africa-press.net\/congo-brazzaville\/economie\/cemac-ladoption-du-budget-de-la-commission-reportee-faute-de-ressources\" \/>\n<meta property=\"og:site_name\" content=\"Congo Brazzaville\" \/>\n<meta property=\"article:published_time\" content=\"2021-12-14T00:47:01+00:00\" \/>\n<meta property=\"og:image\" content=\"https:\/\/static.africa-press.net\/centrafricaine\/sites\/51\/2021\/12\/img-61b7cce2d7ffa.jpg\" \/>\n\t<meta property=\"og:image:width\" content=\"1080\" \/>\n\t<meta property=\"og:image:height\" content=\"720\" \/>\n\t<meta property=\"og:image:type\" content=\"image\/jpeg\" \/>\n<meta name=\"author\" content=\"cfeditorfr\" \/>\n<meta name=\"twitter:card\" content=\"summary_large_image\" \/>\n<meta name=\"twitter:label1\" content=\"\u00c9crit par\" \/>\n\t<meta name=\"twitter:data1\" content=\"cfeditorfr\" \/>\n\t<meta name=\"twitter:label2\" content=\"Dur\u00e9e de lecture estim\u00e9e\" \/>\n\t<meta name=\"twitter:data2\" content=\"2 minutes\" \/>\n<script type=\"application\/ld+json\" class=\"yoast-schema-graph\">{\"@context\":\"https:\/\/schema.org\",\"@graph\":[{\"@type\":\"Article\",\"@id\":\"https:\/\/www.africa-press.net\/congo-brazzaville\/economie\/cemac-ladoption-du-budget-de-la-commission-reportee-faute-de-ressources#article\",\"isPartOf\":{\"@id\":\"https:\/\/www.africa-press.net\/congo-brazzaville\/economie\/cemac-ladoption-du-budget-de-la-commission-reportee-faute-de-ressources\"},\"author\":{\"name\":\"cfeditorfr\",\"@id\":\"https:\/\/www.africa-press.net\/congo-brazzaville\/#\/schema\/person\/2b1cf3cd81a31e3cd26889ca66d677f1\"},\"headline\":\"C\u00e9mac : l\u2019adoption du budget de la Commission report\u00e9e faute de ressources\",\"datePublished\":\"2021-12-14T00:47:01+00:00\",\"mainEntityOfPage\":{\"@id\":\"https:\/\/www.africa-press.net\/congo-brazzaville\/economie\/cemac-ladoption-du-budget-de-la-commission-reportee-faute-de-ressources\"},\"wordCount\":489,\"commentCount\":0,\"image\":{\"@id\":\"https:\/\/www.africa-press.net\/congo-brazzaville\/economie\/cemac-ladoption-du-budget-de-la-commission-reportee-faute-de-ressources#primaryimage\"},\"thumbnailUrl\":\"https:\/\/static.africa-press.net\/centrafricaine\/sites\/51\/2021\/12\/img-61b7cce2d7ffa.jpg\",\"keywords\":[\"Africa Press\",\"Africa Press-Congo Brazzaville\",\"Congo Brazzaville\"],\"articleSection\":[\"\u00c9conomie\",\"homepage-french\",\"Photo\",\"Top Nouvelles\",\"Toutes les actualit\u00e9s\"],\"inLanguage\":\"fr-FR\",\"potentialAction\":[{\"@type\":\"CommentAction\",\"name\":\"Comment\",\"target\":[\"https:\/\/www.africa-press.net\/congo-brazzaville\/economie\/cemac-ladoption-du-budget-de-la-commission-reportee-faute-de-ressources#respond\"]}]},{\"@type\":\"WebPage\",\"@id\":\"https:\/\/www.africa-press.net\/congo-brazzaville\/economie\/cemac-ladoption-du-budget-de-la-commission-reportee-faute-de-ressources\",\"url\":\"https:\/\/www.africa-press.net\/congo-brazzaville\/economie\/cemac-ladoption-du-budget-de-la-commission-reportee-faute-de-ressources\",\"name\":\"C\u00e9mac : l\u2019adoption du budget de la Commission report\u00e9e faute de ressources - Congo Brazzaville\",\"isPartOf\":{\"@id\":\"https:\/\/www.africa-press.net\/congo-brazzaville\/#website\"},\"primaryImageOfPage\":{\"@id\":\"https:\/\/www.africa-press.net\/congo-brazzaville\/economie\/cemac-ladoption-du-budget-de-la-commission-reportee-faute-de-ressources#primaryimage\"},\"image\":{\"@id\":\"https:\/\/www.africa-press.net\/congo-brazzaville\/economie\/cemac-ladoption-du-budget-de-la-commission-reportee-faute-de-ressources#primaryimage\"},\"thumbnailUrl\":\"https:\/\/static.africa-press.net\/centrafricaine\/sites\/51\/2021\/12\/img-61b7cce2d7ffa.jpg\",\"datePublished\":\"2021-12-14T00:47:01+00:00\",\"author\":{\"@id\":\"https:\/\/www.africa-press.net\/congo-brazzaville\/#\/schema\/person\/2b1cf3cd81a31e3cd26889ca66d677f1\"},\"description\":\"La 37e session ordinaire du Conseil des ministres de l\u2019Union \u00e9conomique et mon\u00e9taire de l\u2019Afrique centrale (UEAC), te ...\",\"breadcrumb\":{\"@id\":\"https:\/\/www.africa-press.net\/congo-brazzaville\/economie\/cemac-ladoption-du-budget-de-la-commission-reportee-faute-de-ressources#breadcrumb\"},\"inLanguage\":\"fr-FR\",\"potentialAction\":[{\"@type\":\"ReadAction\",\"target\":[\"https:\/\/www.africa-press.net\/congo-brazzaville\/economie\/cemac-ladoption-du-budget-de-la-commission-reportee-faute-de-ressources\"]}]},{\"@type\":\"ImageObject\",\"inLanguage\":\"fr-FR\",\"@id\":\"https:\/\/www.africa-press.net\/congo-brazzaville\/economie\/cemac-ladoption-du-budget-de-la-commission-reportee-faute-de-ressources#primaryimage\",\"url\":\"https:\/\/static.africa-press.net\/centrafricaine\/sites\/51\/2021\/12\/img-61b7cce2d7ffa.jpg\",\"contentUrl\":\"https:\/\/static.africa-press.net\/centrafricaine\/sites\/51\/2021\/12\/img-61b7cce2d7ffa.jpg\",\"width\":1080,\"height\":720,\"caption\":\"C\u00e9mac : l\u2019adoption du budget de la Commission report\u00e9e faute de ressources\"},{\"@type\":\"BreadcrumbList\",\"@id\":\"https:\/\/www.africa-press.net\/congo-brazzaville\/economie\/cemac-ladoption-du-budget-de-la-commission-reportee-faute-de-ressources#breadcrumb\",\"itemListElement\":[{\"@type\":\"ListItem\",\"position\":1,\"name\":\"Accueil\",\"item\":\"https:\/\/www.africa-press.net\/congo-brazzaville\/\"},{\"@type\":\"ListItem\",\"position\":2,\"name\":\"C\u00e9mac : l\u2019adoption du budget de la Commission report\u00e9e faute de ressources\"}]},{\"@type\":\"WebSite\",\"@id\":\"https:\/\/www.africa-press.net\/congo-brazzaville\/#website\",\"url\":\"https:\/\/www.africa-press.net\/congo-brazzaville\/\",\"name\":\"Congo Brazzaville\",\"description\":\"Just another Africa News Agency Sites site\",\"potentialAction\":[{\"@type\":\"SearchAction\",\"target\":{\"@type\":\"EntryPoint\",\"urlTemplate\":\"https:\/\/www.africa-press.net\/congo-brazzaville\/?s={search_term_string}\"},\"query-input\":{\"@type\":\"PropertyValueSpecification\",\"valueRequired\":true,\"valueName\":\"search_term_string\"}}],\"inLanguage\":\"fr-FR\"},{\"@type\":\"Person\",\"@id\":\"https:\/\/www.africa-press.net\/congo-brazzaville\/#\/schema\/person\/2b1cf3cd81a31e3cd26889ca66d677f1\",\"name\":\"cfeditorfr\"}]}<\/script>\n<!-- \/ Yoast SEO Premium plugin. -->","yoast_head_json":{"title":"C\u00e9mac : l\u2019adoption du budget de la Commission report\u00e9e faute de ressources - Congo Brazzaville","description":"La 37e session ordinaire du Conseil des ministres de l\u2019Union \u00e9conomique et mon\u00e9taire de l\u2019Afrique centrale (UEAC), te ...","robots":{"index":"index","follow":"follow","max-snippet":"max-snippet:-1","max-image-preview":"max-image-preview:large","max-video-preview":"max-video-preview:-1"},"canonical":"https:\/\/www.africa-press.net\/congo-brazzaville\/economie\/cemac-ladoption-du-budget-de-la-commission-reportee-faute-de-ressources","og_locale":"fr_FR","og_type":"article","og_title":"C\u00e9mac : l\u2019adoption du budget de la Commission report\u00e9e faute de ressources","og_description":"La 37e session ordinaire du Conseil des ministres de l\u2019Union \u00e9conomique et mon\u00e9taire de l\u2019Afrique centrale (UEAC), te ...","og_url":"https:\/\/www.africa-press.net\/congo-brazzaville\/economie\/cemac-ladoption-du-budget-de-la-commission-reportee-faute-de-ressources","og_site_name":"Congo Brazzaville","article_published_time":"2021-12-14T00:47:01+00:00","og_image":[{"width":1080,"height":720,"url":"https:\/\/static.africa-press.net\/centrafricaine\/sites\/51\/2021\/12\/img-61b7cce2d7ffa.jpg","type":"image\/jpeg"}],"author":"cfeditorfr","twitter_card":"summary_large_image","twitter_misc":{"\u00c9crit par":"cfeditorfr","Dur\u00e9e de lecture estim\u00e9e":"2 minutes"},"schema":{"@context":"https:\/\/schema.org","@graph":[{"@type":"Article","@id":"https:\/\/www.africa-press.net\/congo-brazzaville\/economie\/cemac-ladoption-du-budget-de-la-commission-reportee-faute-de-ressources#article","isPartOf":{"@id":"https:\/\/www.africa-press.net\/congo-brazzaville\/economie\/cemac-ladoption-du-budget-de-la-commission-reportee-faute-de-ressources"},"author":{"name":"cfeditorfr","@id":"https:\/\/www.africa-press.net\/congo-brazzaville\/#\/schema\/person\/2b1cf3cd81a31e3cd26889ca66d677f1"},"headline":"C\u00e9mac : l\u2019adoption du budget de la Commission report\u00e9e faute de ressources","datePublished":"2021-12-14T00:47:01+00:00","mainEntityOfPage":{"@id":"https:\/\/www.africa-press.net\/congo-brazzaville\/economie\/cemac-ladoption-du-budget-de-la-commission-reportee-faute-de-ressources"},"wordCount":489,"commentCount":0,"image":{"@id":"https:\/\/www.africa-press.net\/congo-brazzaville\/economie\/cemac-ladoption-du-budget-de-la-commission-reportee-faute-de-ressources#primaryimage"},"thumbnailUrl":"https:\/\/static.africa-press.net\/centrafricaine\/sites\/51\/2021\/12\/img-61b7cce2d7ffa.jpg","keywords":["Africa Press","Africa Press-Congo Brazzaville","Congo Brazzaville"],"articleSection":["\u00c9conomie","homepage-french","Photo","Top Nouvelles","Toutes les actualit\u00e9s"],"inLanguage":"fr-FR","potentialAction":[{"@type":"CommentAction","name":"Comment","target":["https:\/\/www.africa-press.net\/congo-brazzaville\/economie\/cemac-ladoption-du-budget-de-la-commission-reportee-faute-de-ressources#respond"]}]},{"@type":"WebPage","@id":"https:\/\/www.africa-press.net\/congo-brazzaville\/economie\/cemac-ladoption-du-budget-de-la-commission-reportee-faute-de-ressources","url":"https:\/\/www.africa-press.net\/congo-brazzaville\/economie\/cemac-ladoption-du-budget-de-la-commission-reportee-faute-de-ressources","name":"C\u00e9mac : l\u2019adoption du budget de la Commission report\u00e9e faute de ressources - Congo Brazzaville","isPartOf":{"@id":"https:\/\/www.africa-press.net\/congo-brazzaville\/#website"},"primaryImageOfPage":{"@id":"https:\/\/www.africa-press.net\/congo-brazzaville\/economie\/cemac-ladoption-du-budget-de-la-commission-reportee-faute-de-ressources#primaryimage"},"image":{"@id":"https:\/\/www.africa-press.net\/congo-brazzaville\/economie\/cemac-ladoption-du-budget-de-la-commission-reportee-faute-de-ressources#primaryimage"},"thumbnailUrl":"https:\/\/static.africa-press.net\/centrafricaine\/sites\/51\/2021\/12\/img-61b7cce2d7ffa.jpg","datePublished":"2021-12-14T00:47:01+00:00","author":{"@id":"https:\/\/www.africa-press.net\/congo-brazzaville\/#\/schema\/person\/2b1cf3cd81a31e3cd26889ca66d677f1"},"description":"La 37e session ordinaire du Conseil des ministres de l\u2019Union \u00e9conomique et mon\u00e9taire de l\u2019Afrique centrale (UEAC), te ...","breadcrumb":{"@id":"https:\/\/www.africa-press.net\/congo-brazzaville\/economie\/cemac-ladoption-du-budget-de-la-commission-reportee-faute-de-ressources#breadcrumb"},"inLanguage":"fr-FR","potentialAction":[{"@type":"ReadAction","target":["https:\/\/www.africa-press.net\/congo-brazzaville\/economie\/cemac-ladoption-du-budget-de-la-commission-reportee-faute-de-ressources"]}]},{"@type":"ImageObject","inLanguage":"fr-FR","@id":"https:\/\/www.africa-press.net\/congo-brazzaville\/economie\/cemac-ladoption-du-budget-de-la-commission-reportee-faute-de-ressources#primaryimage","url":"https:\/\/static.africa-press.net\/centrafricaine\/sites\/51\/2021\/12\/img-61b7cce2d7ffa.jpg","contentUrl":"https:\/\/static.africa-press.net\/centrafricaine\/sites\/51\/2021\/12\/img-61b7cce2d7ffa.jpg","width":1080,"height":720,"caption":"C\u00e9mac : l\u2019adoption du budget de la Commission report\u00e9e faute de ressources"},{"@type":"BreadcrumbList","@id":"https:\/\/www.africa-press.net\/congo-brazzaville\/economie\/cemac-ladoption-du-budget-de-la-commission-reportee-faute-de-ressources#breadcrumb","itemListElement":[{"@type":"ListItem","position":1,"name":"Accueil","item":"https:\/\/www.africa-press.net\/congo-brazzaville\/"},{"@type":"ListItem","position":2,"name":"C\u00e9mac : l\u2019adoption du budget de la Commission report\u00e9e faute de ressources"}]},{"@type":"WebSite","@id":"https:\/\/www.africa-press.net\/congo-brazzaville\/#website","url":"https:\/\/www.africa-press.net\/congo-brazzaville\/","name":"Congo Brazzaville","description":"Just another Africa News Agency Sites site","potentialAction":[{"@type":"SearchAction","target":{"@type":"EntryPoint","urlTemplate":"https:\/\/www.africa-press.net\/congo-brazzaville\/?s={search_term_string}"},"query-input":{"@type":"PropertyValueSpecification","valueRequired":true,"valueName":"search_term_string"}}],"inLanguage":"fr-FR"},{"@type":"Person","@id":"https:\/\/www.africa-press.net\/congo-brazzaville\/#\/schema\/person\/2b1cf3cd81a31e3cd26889ca66d677f1","name":"cfeditorfr"}]}},"_links":{"self":[{"href":"https:\/\/www.africa-press.net\/congo-brazzaville\/wp-json\/wp\/v2\/posts\/1805","targetHints":{"allow":["GET"]}}],"collection":[{"href":"https:\/\/www.africa-press.net\/congo-brazzaville\/wp-json\/wp\/v2\/posts"}],"about":[{"href":"https:\/\/www.africa-press.net\/congo-brazzaville\/wp-json\/wp\/v2\/types\/post"}],"author":[{"embeddable":true,"href":"https:\/\/www.africa-press.net\/congo-brazzaville\/wp-json\/wp\/v2\/users\/82"}],"replies":[{"embeddable":true,"href":"https:\/\/www.africa-press.net\/congo-brazzaville\/wp-json\/wp\/v2\/comments?post=1805"}],"version-history":[{"count":0,"href":"https:\/\/www.africa-press.net\/congo-brazzaville\/wp-json\/wp\/v2\/posts\/1805\/revisions"}],"wp:featuredmedia":[{"embeddable":true,"href":"https:\/\/www.africa-press.net\/congo-brazzaville\/wp-json\/wp\/v2\/media\/1804"}],"wp:attachment":[{"href":"https:\/\/www.africa-press.net\/congo-brazzaville\/wp-json\/wp\/v2\/media?parent=1805"}],"wp:term":[{"taxonomy":"category","embeddable":true,"href":"https:\/\/www.africa-press.net\/congo-brazzaville\/wp-json\/wp\/v2\/categories?post=1805"},{"taxonomy":"post_tag","embeddable":true,"href":"https:\/\/www.africa-press.net\/congo-brazzaville\/wp-json\/wp\/v2\/tags?post=1805"}],"curies":[{"name":"wp","href":"https:\/\/api.w.org\/{rel}","templated":true}]}}