{"id":1809,"date":"2021-12-14T00:53:56","date_gmt":"2021-12-14T00:53:56","guid":{"rendered":"https:\/\/www.africa-press.net\/congo-brazzaville\/?p=1809"},"modified":"2021-12-13T22:46:08","modified_gmt":"2021-12-13T22:46:08","slug":"telephonie-mobile-airtel-et-mtn-saccordent-pour-une-meilleure-couverture-reseau-des-routes-nationales","status":"publish","type":"post","link":"https:\/\/www.africa-press.net\/congo-brazzaville\/economie\/telephonie-mobile-airtel-et-mtn-saccordent-pour-une-meilleure-couverture-reseau-des-routes-nationales","title":{"rendered":"T\u00e9l\u00e9phonie mobile : Airtel et MTN s\u2019accordent pour une meilleure couverture r\u00e9seau des routes nationales"},"content":{"rendered":"<p><span style=\"color: #ff6600\"><strong>Africa-Press &#8211; Congo Brazzaville. <\/strong><\/span><b>Le directeur g\u00e9n\u00e9ral de l\u2019Agence de r\u00e9gulation des postes et des communications \u00e9lectroniques (ARPCE), Louis Marc Sakala, a salu\u00e9, le 9 d\u00e9cembre, l\u2019initiative prise par les deux principaux op\u00e9rateurs de t\u00e9l\u00e9phonie mobile, MTN et Airtel Congo, de consolider le partage d\u2019infrastructures le long des deux routes nationales, afin de corriger les faiblesses constat\u00e9es dans ces zones en termes de couverture en r\u00e9seau.<\/b><\/p>\n<p>Louis Marc Sakala a exprim\u00e9 son satisfecit lors de la signature du protocole d\u2019accord entre les deux op\u00e9rateurs, relatif aux conditions de couverture en r\u00e9seau de t\u00e9l\u00e9communication sur les routes nationales 1 et 2.<\/p>\n<p>L\u2019accord intervient apr\u00e8s des faiblesses relev\u00e9es dans le rapport d\u2019\u00e9valuation sur la Qualit\u00e9 des services des op\u00e9rateurs, dit QoS, r\u00e9alis\u00e9 par l\u2019ARPCE dans la p\u00e9riode du 29 juin au 2 ao\u00fbt 2021, dans les deux principales villes Brazzaville et Pointe-Noire, y compris dans les localit\u00e9s de l\u2019hinterland, et le rapport publi\u00e9 le 8 septembre dernier devant les op\u00e9rateurs.<\/p>\n<p>Cette \u00e9valuation a r\u00e9v\u00e9l\u00e9 un niveau de couverture critique avec plusieurs zones blanches, c\u2019est-\u00e0-dire des territoires entiers qui ne sont pas desservis par un r\u00e9seau de t\u00e9l\u00e9phonie mobile ou par internet, s\u2019\u00e9talant sur des kilom\u00e8tres, le long des deux routes nationales.<\/p>\n<p>Le rapport a \u00e9pingl\u00e9, d\u2019une part, la mauvaise qualit\u00e9 des r\u00e9seaux sur les deux routes nationales, se focalisant sur la qualit\u00e9 des services voix et data offerts en 2G et 3G par les op\u00e9rateurs MTN Congo et Airtel Congo et, d\u2019autre part, l\u2019obligation faite aux op\u00e9rateurs de couvrir des zones non encore connect\u00e9es. \u00ab Aujourd\u2019hui encore, il y a beaucoup de zones blanches le long de nos deux routes nationales. En cas d\u2019accident, en cas de panne, il est difficile pour les usagers de pouvoir entrer en contact avec la population la plus proche ou encore les familles pour donner les informations \u00bb, a d\u00e9clar\u00e9 Louis Marc Sakala.<\/p>\n<p>La signature de ce protocole d\u2019accord de partage de plusieurs dizaines de sites de t\u00e9l\u00e9phonie mobile marque une nouvelle \u00e9tape dans la mutualisation des infrastructures telle que souhait\u00e9 par le r\u00e9gulateur. Pour l\u2019ARPCE, cette forme de convergence va non seulement permettre aux op\u00e9rateurs de profiter d\u2019une rentabilit\u00e9 dans ces axes jug\u00e9s moins attractifs financi\u00e8rement, mais aussi et surtout de r\u00e9pondre efficacement aux dol\u00e9ances des consommateurs. \u00ab Ce contrat consacre une collaboration entre nos deux op\u00e9rateurs pour la couverture des routes nationales 1 et 2. Seul, on peut aller vite, mais ensemble on peut aller loin. L\u2019objectif est de faire en sorte que tr\u00e8s rapidement nos consommateurs ne soient plus dans les zones blanches. Dans quelques mois, les usagers n\u2019auront plus de probl\u00e8me de manque de signal r\u00e9seau le long des deux routes nationales \u00bb, a soulign\u00e9 Alain Kahasha Ntumwa, directeur g\u00e9n\u00e9ral d\u2019Airtel Congo.<\/p>\n<p><b>Une mutualisation qui active le roaming national<\/b><\/p>\n<p>Le directeur g\u00e9n\u00e9ral de l\u2019ARPCE a soulign\u00e9 veiller \u00e0 ce que les textes soient respect\u00e9s dans ce partage d\u2019infrastructures qui entre dans la vision du r\u00e9gulateur. L\u2019ann\u00e9e prochaine, a poursuivi Louis Marc Sakala, l\u2019ARPCE appuiera davantage cette politique de convergence qui devra soutenir le Congo dans le maintien de son leadership continental dans les communications \u00e9lectroniques.<\/p>\n<p>L\u2019accord entre MTN et Airtel Congo a permis de lancer le projet roaming national qui consiste \u00e0 ce que, peu importe l\u2019endroit o\u00f9 l&rsquo;on se trouve, s\u2019il n&rsquo;y a qu\u2019un seul op\u00e9rateur, que celui-ci puisse fournir le signal des deux autres. \u00ab Nous avons donn\u00e9 l\u2019obligation aux op\u00e9rateurs d\u2019activer le roaming national. Que nous ne soyons pas p\u00e9nalis\u00e9s, parce que nous n\u2019avons qu\u2019un abonnement MTN ou Airtel lorsque nous nous retrouvons dans une localit\u00e9 o\u00f9 il n\u2019y a qu\u2019un seul signal, et \u00eatre oblig\u00e9 d\u2019emprunter le t\u00e9l\u00e9phone ou de changer de SIM \u00bb, a \u00e9clarci Louis Marc Sakala, au terme de l\u2019accord.<\/p>\n\r\n                <style type=\"text\/css\">\r\n                    \r\n                    #td_uid_1_69f548e059b60  .td-doubleSlider-2 .td-item1 {\r\n                        background: url(https:\/\/static.africa-press.net\/centrafricaine\/sites\/51\/2021\/12\/img-61b7cd0e4255f-80x60.jpg) 0 0 no-repeat;\r\n                    }\r\n                <\/style>\r\n\r\n                <div id=\"td_uid_1_69f548e059b60\" class=\"td-gallery td-slide-on-2-columns\">\r\n                    <div class=\"post_td_gallery\">\r\n                        <div class=\"td-gallery-slide-top\">\r\n                           <div class=\"td-gallery-title\"><\/div>\r\n\r\n                            <div class=\"td-gallery-controls-wrapper\">\r\n                                <div class=\"td-gallery-slide-count\"><span class=\"td-gallery-slide-item-focus\">1<\/span> de 2<\/div>\r\n                                <div class=\"td-gallery-slide-prev-next-but\">\r\n                                    <i class = \"td-icon-left doubleSliderPrevButton\"><\/i>\r\n                                    <i class = \"td-icon-right doubleSliderNextButton\"><\/i>\r\n                                <\/div>\r\n                            <\/div>\r\n                        <\/div>\r\n\r\n                        <div class = \"td-doubleSlider-1 \">\r\n                            <div class = \"td-slider\">\r\n                                \r\n                    <div class = \"td-slide-item td-item1\">\r\n                        <figure class=\"td-slide-galery-figure td-slide-popup-gallery\">\r\n                            <a class=\"slide-gallery-image-link\" href=\"https:\/\/static.africa-press.net\/centrafricaine\/sites\/51\/2021\/12\/img-61b7cd0e4255f.jpg\" title=\"img-61b7cd0e4255f\"  data-caption=\"\"  data-description=\"\">\r\n                                <img decoding=\"async\" src=\"https:\/\/static.africa-press.net\/centrafricaine\/sites\/51\/2021\/12\/img-61b7cd0e4255f.jpg\" srcset=\"https:\/\/static.africa-press.net\/congo-brazzaville\/sites\/51\/2021\/12\/img-61b7cd0e4255f.jpg 1920w, https:\/\/static.africa-press.net\/congo-brazzaville\/sites\/51\/2021\/12\/img-61b7cd0e4255f-300x200.jpg 300w, https:\/\/static.africa-press.net\/congo-brazzaville\/sites\/51\/2021\/12\/img-61b7cd0e4255f-1024x683.jpg 1024w, https:\/\/static.africa-press.net\/congo-brazzaville\/sites\/51\/2021\/12\/img-61b7cd0e4255f-768x512.jpg 768w, https:\/\/static.africa-press.net\/congo-brazzaville\/sites\/51\/2021\/12\/img-61b7cd0e4255f-1536x1024.jpg 1536w\" sizes=\"(max-width: 1920px) 100vw, 1920px\" alt=\"\">\r\n                            <\/a>\r\n                            \r\n                        <\/figure>\r\n                    <\/div>\r\n                            <\/div>\r\n                        <\/div>\r\n\r\n                        <div class = \"td-doubleSlider-2\">\r\n                            <div class = \"td-slider\">\r\n                                \r\n                    <div class = \"td-button td-item1\">\r\n                        <div class = \"td-border\"><\/div>\r\n                    <\/div>\r\n                            <\/div>\r\n                        <\/div>\r\n\r\n                    <\/div>\r\n\r\n                <\/div>\r\n                \n<p><strong>Pour plus d&rsquo;informations et d&rsquo;analyses sur la <a href=\"https:\/\/www.africa-press.net\/congo-brazzaville\">Congo Brazzaville<\/a>, suivez <a href=\"https:\/\/www.africa-press.net\/\">Africa-Press<\/a><\/strong><\/p>\n","protected":false},"excerpt":{"rendered":"<p>Africa-Press &#8211; Congo Brazzaville. Le directeur g\u00e9n\u00e9ral de l\u2019Agence de r\u00e9gulation des postes et des communications \u00e9lectroniques (ARPCE), Louis Marc Sakala, a salu\u00e9, le 9 d\u00e9cembre, l\u2019initiative prise par les deux principaux op\u00e9rateurs de t\u00e9l\u00e9phonie mobile, MTN et Airtel Congo, de consolider le partage d\u2019infrastructures le long des deux routes nationales, afin de corriger les [&hellip;]<\/p>\n","protected":false},"author":82,"featured_media":1808,"comment_status":"open","ping_status":"closed","sticky":false,"template":"","format":"standard","meta":{"footnotes":""},"categories":[3,11,8,10],"tags":[36,47,46],"class_list":["post-1809","post","type-post","status-publish","format-standard","has-post-thumbnail","hentry","category-economie","category-homepage-french","category-photo","category-toutes-les-actualites","tag-africa-press","tag-africa-press-congo-brazzaville","tag-congo-brazzaville"],"yoast_head":"<!-- This site is optimized with the Yoast SEO Premium plugin v26.1 (Yoast SEO v27.0) - https:\/\/yoast.com\/product\/yoast-seo-premium-wordpress\/ -->\n<title>T\u00e9l\u00e9phonie mobile : Airtel et MTN s\u2019accordent pour une meilleure couverture r\u00e9seau des routes nationales - Congo Brazzaville<\/title>\n<meta name=\"description\" content=\"Le directeur g\u00e9n\u00e9ral de l\u2019Agence de r\u00e9gulation des postes et des communications \u00e9lectroniques (ARPCE), Louis Marc Sak ...\" \/>\n<meta name=\"robots\" content=\"index, follow, max-snippet:-1, max-image-preview:large, max-video-preview:-1\" \/>\n<link rel=\"canonical\" href=\"https:\/\/www.africa-press.net\/congo-brazzaville\/economie\/telephonie-mobile-airtel-et-mtn-saccordent-pour-une-meilleure-couverture-reseau-des-routes-nationales\" \/>\n<meta property=\"og:locale\" content=\"fr_FR\" \/>\n<meta property=\"og:type\" content=\"article\" \/>\n<meta property=\"og:title\" content=\"T\u00e9l\u00e9phonie mobile : Airtel et MTN s\u2019accordent pour une meilleure couverture r\u00e9seau des routes nationales\" \/>\n<meta property=\"og:description\" content=\"Le directeur g\u00e9n\u00e9ral de l\u2019Agence de r\u00e9gulation des postes et des communications \u00e9lectroniques (ARPCE), Louis Marc Sak ...\" \/>\n<meta property=\"og:url\" content=\"https:\/\/www.africa-press.net\/congo-brazzaville\/economie\/telephonie-mobile-airtel-et-mtn-saccordent-pour-une-meilleure-couverture-reseau-des-routes-nationales\" \/>\n<meta property=\"og:site_name\" content=\"Congo Brazzaville\" \/>\n<meta property=\"article:published_time\" content=\"2021-12-14T00:53:56+00:00\" \/>\n<meta property=\"og:image\" content=\"https:\/\/static.africa-press.net\/centrafricaine\/sites\/51\/2021\/12\/img-61b7cd18edeea.jpg\" \/>\n\t<meta property=\"og:image:width\" content=\"1920\" \/>\n\t<meta property=\"og:image:height\" content=\"1280\" \/>\n\t<meta property=\"og:image:type\" content=\"image\/jpeg\" \/>\n<meta name=\"author\" content=\"cfeditorfr\" \/>\n<meta name=\"twitter:card\" content=\"summary_large_image\" \/>\n<meta name=\"twitter:label1\" content=\"\u00c9crit par\" \/>\n\t<meta name=\"twitter:data1\" content=\"cfeditorfr\" \/>\n\t<meta name=\"twitter:label2\" content=\"Dur\u00e9e de lecture estim\u00e9e\" \/>\n\t<meta name=\"twitter:data2\" content=\"4 minutes\" \/>\n<script type=\"application\/ld+json\" class=\"yoast-schema-graph\">{\"@context\":\"https:\/\/schema.org\",\"@graph\":[{\"@type\":\"Article\",\"@id\":\"https:\/\/www.africa-press.net\/congo-brazzaville\/economie\/telephonie-mobile-airtel-et-mtn-saccordent-pour-une-meilleure-couverture-reseau-des-routes-nationales#article\",\"isPartOf\":{\"@id\":\"https:\/\/www.africa-press.net\/congo-brazzaville\/economie\/telephonie-mobile-airtel-et-mtn-saccordent-pour-une-meilleure-couverture-reseau-des-routes-nationales\"},\"author\":{\"name\":\"cfeditorfr\",\"@id\":\"https:\/\/www.africa-press.net\/congo-brazzaville\/#\/schema\/person\/2b1cf3cd81a31e3cd26889ca66d677f1\"},\"headline\":\"T\u00e9l\u00e9phonie mobile : Airtel et MTN s\u2019accordent pour une meilleure couverture r\u00e9seau des routes nationales\",\"datePublished\":\"2021-12-14T00:53:56+00:00\",\"mainEntityOfPage\":{\"@id\":\"https:\/\/www.africa-press.net\/congo-brazzaville\/economie\/telephonie-mobile-airtel-et-mtn-saccordent-pour-une-meilleure-couverture-reseau-des-routes-nationales\"},\"wordCount\":736,\"commentCount\":0,\"image\":{\"@id\":\"https:\/\/www.africa-press.net\/congo-brazzaville\/economie\/telephonie-mobile-airtel-et-mtn-saccordent-pour-une-meilleure-couverture-reseau-des-routes-nationales#primaryimage\"},\"thumbnailUrl\":\"https:\/\/static.africa-press.net\/centrafricaine\/sites\/51\/2021\/12\/img-61b7cd18edeea.jpg\",\"keywords\":[\"Africa Press\",\"Africa Press-Congo Brazzaville\",\"Congo Brazzaville\"],\"articleSection\":[\"\u00c9conomie\",\"homepage-french\",\"Photo\",\"Toutes les actualit\u00e9s\"],\"inLanguage\":\"fr-FR\",\"potentialAction\":[{\"@type\":\"CommentAction\",\"name\":\"Comment\",\"target\":[\"https:\/\/www.africa-press.net\/congo-brazzaville\/economie\/telephonie-mobile-airtel-et-mtn-saccordent-pour-une-meilleure-couverture-reseau-des-routes-nationales#respond\"]}]},{\"@type\":\"WebPage\",\"@id\":\"https:\/\/www.africa-press.net\/congo-brazzaville\/economie\/telephonie-mobile-airtel-et-mtn-saccordent-pour-une-meilleure-couverture-reseau-des-routes-nationales\",\"url\":\"https:\/\/www.africa-press.net\/congo-brazzaville\/economie\/telephonie-mobile-airtel-et-mtn-saccordent-pour-une-meilleure-couverture-reseau-des-routes-nationales\",\"name\":\"T\u00e9l\u00e9phonie mobile : Airtel et MTN s\u2019accordent pour une meilleure couverture r\u00e9seau des routes nationales - Congo Brazzaville\",\"isPartOf\":{\"@id\":\"https:\/\/www.africa-press.net\/congo-brazzaville\/#website\"},\"primaryImageOfPage\":{\"@id\":\"https:\/\/www.africa-press.net\/congo-brazzaville\/economie\/telephonie-mobile-airtel-et-mtn-saccordent-pour-une-meilleure-couverture-reseau-des-routes-nationales#primaryimage\"},\"image\":{\"@id\":\"https:\/\/www.africa-press.net\/congo-brazzaville\/economie\/telephonie-mobile-airtel-et-mtn-saccordent-pour-une-meilleure-couverture-reseau-des-routes-nationales#primaryimage\"},\"thumbnailUrl\":\"https:\/\/static.africa-press.net\/centrafricaine\/sites\/51\/2021\/12\/img-61b7cd18edeea.jpg\",\"datePublished\":\"2021-12-14T00:53:56+00:00\",\"author\":{\"@id\":\"https:\/\/www.africa-press.net\/congo-brazzaville\/#\/schema\/person\/2b1cf3cd81a31e3cd26889ca66d677f1\"},\"description\":\"Le directeur g\u00e9n\u00e9ral de l\u2019Agence de r\u00e9gulation des postes et des communications \u00e9lectroniques (ARPCE), Louis Marc Sak ...\",\"breadcrumb\":{\"@id\":\"https:\/\/www.africa-press.net\/congo-brazzaville\/economie\/telephonie-mobile-airtel-et-mtn-saccordent-pour-une-meilleure-couverture-reseau-des-routes-nationales#breadcrumb\"},\"inLanguage\":\"fr-FR\",\"potentialAction\":[{\"@type\":\"ReadAction\",\"target\":[\"https:\/\/www.africa-press.net\/congo-brazzaville\/economie\/telephonie-mobile-airtel-et-mtn-saccordent-pour-une-meilleure-couverture-reseau-des-routes-nationales\"]}]},{\"@type\":\"ImageObject\",\"inLanguage\":\"fr-FR\",\"@id\":\"https:\/\/www.africa-press.net\/congo-brazzaville\/economie\/telephonie-mobile-airtel-et-mtn-saccordent-pour-une-meilleure-couverture-reseau-des-routes-nationales#primaryimage\",\"url\":\"https:\/\/static.africa-press.net\/centrafricaine\/sites\/51\/2021\/12\/img-61b7cd18edeea.jpg\",\"contentUrl\":\"https:\/\/static.africa-press.net\/centrafricaine\/sites\/51\/2021\/12\/img-61b7cd18edeea.jpg\",\"width\":1920,\"height\":1280,\"caption\":\"T\u00e9l\u00e9phonie mobile : Airtel et MTN s\u2019accordent pour une meilleure couverture r\u00e9seau des routes nationales\"},{\"@type\":\"BreadcrumbList\",\"@id\":\"https:\/\/www.africa-press.net\/congo-brazzaville\/economie\/telephonie-mobile-airtel-et-mtn-saccordent-pour-une-meilleure-couverture-reseau-des-routes-nationales#breadcrumb\",\"itemListElement\":[{\"@type\":\"ListItem\",\"position\":1,\"name\":\"Accueil\",\"item\":\"https:\/\/www.africa-press.net\/congo-brazzaville\/\"},{\"@type\":\"ListItem\",\"position\":2,\"name\":\"T\u00e9l\u00e9phonie mobile : Airtel et MTN s\u2019accordent pour une meilleure couverture r\u00e9seau des routes nationales\"}]},{\"@type\":\"WebSite\",\"@id\":\"https:\/\/www.africa-press.net\/congo-brazzaville\/#website\",\"url\":\"https:\/\/www.africa-press.net\/congo-brazzaville\/\",\"name\":\"Congo Brazzaville\",\"description\":\"Just another Africa News Agency Sites site\",\"potentialAction\":[{\"@type\":\"SearchAction\",\"target\":{\"@type\":\"EntryPoint\",\"urlTemplate\":\"https:\/\/www.africa-press.net\/congo-brazzaville\/?s={search_term_string}\"},\"query-input\":{\"@type\":\"PropertyValueSpecification\",\"valueRequired\":true,\"valueName\":\"search_term_string\"}}],\"inLanguage\":\"fr-FR\"},{\"@type\":\"Person\",\"@id\":\"https:\/\/www.africa-press.net\/congo-brazzaville\/#\/schema\/person\/2b1cf3cd81a31e3cd26889ca66d677f1\",\"name\":\"cfeditorfr\"}]}<\/script>\n<!-- \/ Yoast SEO Premium plugin. -->","yoast_head_json":{"title":"T\u00e9l\u00e9phonie mobile : Airtel et MTN s\u2019accordent pour une meilleure couverture r\u00e9seau des routes nationales - Congo Brazzaville","description":"Le directeur g\u00e9n\u00e9ral de l\u2019Agence de r\u00e9gulation des postes et des communications \u00e9lectroniques (ARPCE), Louis Marc Sak ...","robots":{"index":"index","follow":"follow","max-snippet":"max-snippet:-1","max-image-preview":"max-image-preview:large","max-video-preview":"max-video-preview:-1"},"canonical":"https:\/\/www.africa-press.net\/congo-brazzaville\/economie\/telephonie-mobile-airtel-et-mtn-saccordent-pour-une-meilleure-couverture-reseau-des-routes-nationales","og_locale":"fr_FR","og_type":"article","og_title":"T\u00e9l\u00e9phonie mobile : Airtel et MTN s\u2019accordent pour une meilleure couverture r\u00e9seau des routes nationales","og_description":"Le directeur g\u00e9n\u00e9ral de l\u2019Agence de r\u00e9gulation des postes et des communications \u00e9lectroniques (ARPCE), Louis Marc Sak ...","og_url":"https:\/\/www.africa-press.net\/congo-brazzaville\/economie\/telephonie-mobile-airtel-et-mtn-saccordent-pour-une-meilleure-couverture-reseau-des-routes-nationales","og_site_name":"Congo Brazzaville","article_published_time":"2021-12-14T00:53:56+00:00","og_image":[{"width":1920,"height":1280,"url":"https:\/\/static.africa-press.net\/centrafricaine\/sites\/51\/2021\/12\/img-61b7cd18edeea.jpg","type":"image\/jpeg"}],"author":"cfeditorfr","twitter_card":"summary_large_image","twitter_misc":{"\u00c9crit par":"cfeditorfr","Dur\u00e9e de lecture estim\u00e9e":"4 minutes"},"schema":{"@context":"https:\/\/schema.org","@graph":[{"@type":"Article","@id":"https:\/\/www.africa-press.net\/congo-brazzaville\/economie\/telephonie-mobile-airtel-et-mtn-saccordent-pour-une-meilleure-couverture-reseau-des-routes-nationales#article","isPartOf":{"@id":"https:\/\/www.africa-press.net\/congo-brazzaville\/economie\/telephonie-mobile-airtel-et-mtn-saccordent-pour-une-meilleure-couverture-reseau-des-routes-nationales"},"author":{"name":"cfeditorfr","@id":"https:\/\/www.africa-press.net\/congo-brazzaville\/#\/schema\/person\/2b1cf3cd81a31e3cd26889ca66d677f1"},"headline":"T\u00e9l\u00e9phonie mobile : Airtel et MTN s\u2019accordent pour une meilleure couverture r\u00e9seau des routes nationales","datePublished":"2021-12-14T00:53:56+00:00","mainEntityOfPage":{"@id":"https:\/\/www.africa-press.net\/congo-brazzaville\/economie\/telephonie-mobile-airtel-et-mtn-saccordent-pour-une-meilleure-couverture-reseau-des-routes-nationales"},"wordCount":736,"commentCount":0,"image":{"@id":"https:\/\/www.africa-press.net\/congo-brazzaville\/economie\/telephonie-mobile-airtel-et-mtn-saccordent-pour-une-meilleure-couverture-reseau-des-routes-nationales#primaryimage"},"thumbnailUrl":"https:\/\/static.africa-press.net\/centrafricaine\/sites\/51\/2021\/12\/img-61b7cd18edeea.jpg","keywords":["Africa Press","Africa Press-Congo Brazzaville","Congo Brazzaville"],"articleSection":["\u00c9conomie","homepage-french","Photo","Toutes les actualit\u00e9s"],"inLanguage":"fr-FR","potentialAction":[{"@type":"CommentAction","name":"Comment","target":["https:\/\/www.africa-press.net\/congo-brazzaville\/economie\/telephonie-mobile-airtel-et-mtn-saccordent-pour-une-meilleure-couverture-reseau-des-routes-nationales#respond"]}]},{"@type":"WebPage","@id":"https:\/\/www.africa-press.net\/congo-brazzaville\/economie\/telephonie-mobile-airtel-et-mtn-saccordent-pour-une-meilleure-couverture-reseau-des-routes-nationales","url":"https:\/\/www.africa-press.net\/congo-brazzaville\/economie\/telephonie-mobile-airtel-et-mtn-saccordent-pour-une-meilleure-couverture-reseau-des-routes-nationales","name":"T\u00e9l\u00e9phonie mobile : Airtel et MTN s\u2019accordent pour une meilleure couverture r\u00e9seau des routes nationales - Congo Brazzaville","isPartOf":{"@id":"https:\/\/www.africa-press.net\/congo-brazzaville\/#website"},"primaryImageOfPage":{"@id":"https:\/\/www.africa-press.net\/congo-brazzaville\/economie\/telephonie-mobile-airtel-et-mtn-saccordent-pour-une-meilleure-couverture-reseau-des-routes-nationales#primaryimage"},"image":{"@id":"https:\/\/www.africa-press.net\/congo-brazzaville\/economie\/telephonie-mobile-airtel-et-mtn-saccordent-pour-une-meilleure-couverture-reseau-des-routes-nationales#primaryimage"},"thumbnailUrl":"https:\/\/static.africa-press.net\/centrafricaine\/sites\/51\/2021\/12\/img-61b7cd18edeea.jpg","datePublished":"2021-12-14T00:53:56+00:00","author":{"@id":"https:\/\/www.africa-press.net\/congo-brazzaville\/#\/schema\/person\/2b1cf3cd81a31e3cd26889ca66d677f1"},"description":"Le directeur g\u00e9n\u00e9ral de l\u2019Agence de r\u00e9gulation des postes et des communications \u00e9lectroniques (ARPCE), Louis Marc Sak ...","breadcrumb":{"@id":"https:\/\/www.africa-press.net\/congo-brazzaville\/economie\/telephonie-mobile-airtel-et-mtn-saccordent-pour-une-meilleure-couverture-reseau-des-routes-nationales#breadcrumb"},"inLanguage":"fr-FR","potentialAction":[{"@type":"ReadAction","target":["https:\/\/www.africa-press.net\/congo-brazzaville\/economie\/telephonie-mobile-airtel-et-mtn-saccordent-pour-une-meilleure-couverture-reseau-des-routes-nationales"]}]},{"@type":"ImageObject","inLanguage":"fr-FR","@id":"https:\/\/www.africa-press.net\/congo-brazzaville\/economie\/telephonie-mobile-airtel-et-mtn-saccordent-pour-une-meilleure-couverture-reseau-des-routes-nationales#primaryimage","url":"https:\/\/static.africa-press.net\/centrafricaine\/sites\/51\/2021\/12\/img-61b7cd18edeea.jpg","contentUrl":"https:\/\/static.africa-press.net\/centrafricaine\/sites\/51\/2021\/12\/img-61b7cd18edeea.jpg","width":1920,"height":1280,"caption":"T\u00e9l\u00e9phonie mobile : Airtel et MTN s\u2019accordent pour une meilleure couverture r\u00e9seau des routes nationales"},{"@type":"BreadcrumbList","@id":"https:\/\/www.africa-press.net\/congo-brazzaville\/economie\/telephonie-mobile-airtel-et-mtn-saccordent-pour-une-meilleure-couverture-reseau-des-routes-nationales#breadcrumb","itemListElement":[{"@type":"ListItem","position":1,"name":"Accueil","item":"https:\/\/www.africa-press.net\/congo-brazzaville\/"},{"@type":"ListItem","position":2,"name":"T\u00e9l\u00e9phonie mobile : Airtel et MTN s\u2019accordent pour une meilleure couverture r\u00e9seau des routes nationales"}]},{"@type":"WebSite","@id":"https:\/\/www.africa-press.net\/congo-brazzaville\/#website","url":"https:\/\/www.africa-press.net\/congo-brazzaville\/","name":"Congo Brazzaville","description":"Just another Africa News Agency Sites site","potentialAction":[{"@type":"SearchAction","target":{"@type":"EntryPoint","urlTemplate":"https:\/\/www.africa-press.net\/congo-brazzaville\/?s={search_term_string}"},"query-input":{"@type":"PropertyValueSpecification","valueRequired":true,"valueName":"search_term_string"}}],"inLanguage":"fr-FR"},{"@type":"Person","@id":"https:\/\/www.africa-press.net\/congo-brazzaville\/#\/schema\/person\/2b1cf3cd81a31e3cd26889ca66d677f1","name":"cfeditorfr"}]}},"_links":{"self":[{"href":"https:\/\/www.africa-press.net\/congo-brazzaville\/wp-json\/wp\/v2\/posts\/1809","targetHints":{"allow":["GET"]}}],"collection":[{"href":"https:\/\/www.africa-press.net\/congo-brazzaville\/wp-json\/wp\/v2\/posts"}],"about":[{"href":"https:\/\/www.africa-press.net\/congo-brazzaville\/wp-json\/wp\/v2\/types\/post"}],"author":[{"embeddable":true,"href":"https:\/\/www.africa-press.net\/congo-brazzaville\/wp-json\/wp\/v2\/users\/82"}],"replies":[{"embeddable":true,"href":"https:\/\/www.africa-press.net\/congo-brazzaville\/wp-json\/wp\/v2\/comments?post=1809"}],"version-history":[{"count":0,"href":"https:\/\/www.africa-press.net\/congo-brazzaville\/wp-json\/wp\/v2\/posts\/1809\/revisions"}],"wp:featuredmedia":[{"embeddable":true,"href":"https:\/\/www.africa-press.net\/congo-brazzaville\/wp-json\/wp\/v2\/media\/1808"}],"wp:attachment":[{"href":"https:\/\/www.africa-press.net\/congo-brazzaville\/wp-json\/wp\/v2\/media?parent=1809"}],"wp:term":[{"taxonomy":"category","embeddable":true,"href":"https:\/\/www.africa-press.net\/congo-brazzaville\/wp-json\/wp\/v2\/categories?post=1809"},{"taxonomy":"post_tag","embeddable":true,"href":"https:\/\/www.africa-press.net\/congo-brazzaville\/wp-json\/wp\/v2\/tags?post=1809"}],"curies":[{"name":"wp","href":"https:\/\/api.w.org\/{rel}","templated":true}]}}