{"id":23323,"date":"2023-10-21T19:06:08","date_gmt":"2023-10-21T19:06:08","guid":{"rendered":"https:\/\/www.africa-press.net\/congo-brazzaville\/politique\/collectivites-locales-les-anciens-presidents-departementaux-reclament-le-paiement-de-leurs-indemnites"},"modified":"2023-10-21T19:35:53","modified_gmt":"2023-10-21T19:35:53","slug":"collectivites-locales-les-anciens-presidents-departementaux-reclament-le-paiement-de-leurs-indemnites","status":"publish","type":"post","link":"https:\/\/www.africa-press.net\/congo-brazzaville\/politique\/collectivites-locales-les-anciens-presidents-departementaux-reclament-le-paiement-de-leurs-indemnites","title":{"rendered":"Collectivit\u00e9s locales : les anciens pr\u00e9sidents d\u00e9partementaux  r\u00e9clament le paiement de leurs indemnit\u00e9s"},"content":{"rendered":"<p><span style=\"color: #ff6600\"><strong>Africa-Press &#8211; Congo Brazzaville. <\/strong><\/span><b>Une de\u0301le\u0301gation des anciens pre\u0301sidents des conseils de\u0301partementaux et municipaux conduite par l\u2019ancien maire de Dolisie, Ghislain Rodrigue Nguimbi Makosso, a interpelle\u0301 le 20 octobre a\u0300 Brazzaville la chambre haute du Parlement afin que celle-ci plaide aupre\u0300s des autorite\u0301s publiques pour le paiement de leurs arrie\u0301re\u0301s de salaires datant pour certains de cinq ans. <\/b><\/p>\n<p>\u00ab Le Se\u0301nat est, a\u0300 notre avis, la porte attitre\u0301e par laquelle on devait venir pre\u0301senter nos dole\u0301ances. Il s\u2019agit naturellement de nos arrie\u0301re\u0301s des salaires \u00bb , a de\u0301clare\u0301 Ghislain Rodrigue Nguimbi Makosso, avant de rappeler que la mandature passe\u0301e e\u0301tait difficile tenant compte de la conjoncture en cours. \u00ab Aujourd\u2019hui les choses sont en train de s\u2019ame\u0301liorer au regard du rythme de paiement des salaires au niveau des collectivite\u0301s locales \u00bb.<\/p>\n<p>\u00ab Nous sortons de cette rencontre satisfaits, e\u0301tant donne\u0301 que le pre\u0301sident du Se\u0301nat, Pierre Ngolo, a pris l\u2019engagement de porter haut notre situation et nous osons croire qu\u2019au regard de l\u2019embellie financie\u0300re que connait le pays, la solution a\u0300 notre situation sera trouve\u0301e \u00bb, a ajoute\u0301 Ghislain Rodrigue Nguimbi Makosso.<\/p>\n<p>Intervenant a\u0300 cette occasion, le pre\u0301sident de la Commission Economie et Finances du Se\u0301nat, Jean Marie Epouma Andziba, a reconnu que la part qui revenait aux collectivite\u0301s locales n\u2019e\u0301tait pas jusque-la\u0300 reverse\u0301e a\u0300 ces entite\u0301s, mais il y a aujourd\u2019hui une e\u0301volution. \u00ab Nous allons faire le plaidoyer, puisqu\u2019il s\u2019agit de nos droits, nous allons appesantir sur ce proble\u0300me \u00bb, a-t-il signifie\u0301.<\/p>\n<p>Pour sa part, Pierre Ngolo a rappele\u0301 au collectif que le Se\u0301nat a toujours e\u0301te\u0301 sensible a\u0300 ce genre de situation. \u00ab Nous allons faire tout ce qui est en notre pouvoir pour atte\u0301nuer cette difficulte\u0301. Nous sommes particulie\u0300rement attentifs lorsqu\u2019il s\u2019agit des conseils parce que nous sommes leurs produits, nous les repre\u0301sentons \u00bb, a souligne\u0301 le pre\u0301sident du Se\u0301nat, avant de revenir sur la question de la de\u0301centralisation qui a fait l\u2019objet d\u2019une interpellation a\u0300 une session.<\/p>\n<p>\u00ab Nous avons fait la re\u0301flexion, nous avons associe\u0301 les ministres et cela a de\u0301bouche\u0301 sur des recommandations dont certaines ont e\u0301te\u0301 transcrites en de\u0301cret, c\u2019est une situation qu\u2019il faut traiter avec tout le se\u0301rieux. Nous allons voir ce qui peut e\u0302tre fait, a\u0300 quel rythme, et vous serez fixe\u0301s \u00bb, a-t-il laisse\u0301 entendre.<\/p>\n<p><strong>Pour plus d&rsquo;informations et d&rsquo;analyses sur la <a href=\"https:\/\/www.africa-press.net\/congo-brazzaville\">Congo Brazzaville<\/a>, suivez <a href=\"https:\/\/www.africa-press.net\/\">Africa-Press<\/a><\/strong><\/p>\n","protected":false},"excerpt":{"rendered":"<p>Africa-Press &#8211; Congo Brazzaville. Une de\u0301le\u0301gation des anciens pre\u0301sidents des conseils de\u0301partementaux et municipaux conduite par l\u2019ancien maire de Dolisie, Ghislain Rodrigue Nguimbi Makosso, a interpelle\u0301 le 20 octobre a\u0300 Brazzaville la chambre haute du Parlement afin que celle-ci plaide aupre\u0300s des autorite\u0301s publiques pour le paiement de leurs arrie\u0301re\u0301s de salaires datant pour certains [&hellip;]<\/p>\n","protected":false},"author":82,"featured_media":23322,"comment_status":"open","ping_status":"closed","sticky":false,"template":"","format":"standard","meta":{"footnotes":""},"categories":[2,10],"tags":[36,47,46],"class_list":["post-23323","post","type-post","status-publish","format-standard","has-post-thumbnail","hentry","category-politique","category-toutes-les-actualites","tag-africa-press","tag-africa-press-congo-brazzaville","tag-congo-brazzaville"],"yoast_head":"<!-- This site is optimized with the Yoast SEO Premium plugin v26.1 (Yoast SEO v27.0) - https:\/\/yoast.com\/product\/yoast-seo-premium-wordpress\/ -->\n<title>Collectivit\u00e9s locales : les anciens pr\u00e9sidents d\u00e9partementaux r\u00e9clament le paiement de leurs indemnit\u00e9s - Congo Brazzaville<\/title>\n<meta name=\"description\" content=\"Une de\u0301le\u0301gation des anciens pre\u0301sidents des conseils de\u0301partementaux et municipaux conduite par l\u2019ancien maire de Do ...\" \/>\n<meta name=\"robots\" content=\"index, follow, max-snippet:-1, max-image-preview:large, max-video-preview:-1\" \/>\n<link rel=\"canonical\" href=\"https:\/\/www.africa-press.net\/congo-brazzaville\/politique\/collectivites-locales-les-anciens-presidents-departementaux-reclament-le-paiement-de-leurs-indemnites\" \/>\n<meta property=\"og:locale\" content=\"fr_FR\" \/>\n<meta property=\"og:type\" content=\"article\" \/>\n<meta property=\"og:title\" content=\"Collectivit\u00e9s locales : les anciens pr\u00e9sidents d\u00e9partementaux r\u00e9clament le paiement de leurs indemnit\u00e9s\" \/>\n<meta property=\"og:description\" content=\"Une de\u0301le\u0301gation des anciens pre\u0301sidents des conseils de\u0301partementaux et municipaux conduite par l\u2019ancien maire de Do ...\" \/>\n<meta property=\"og:url\" content=\"https:\/\/www.africa-press.net\/congo-brazzaville\/politique\/collectivites-locales-les-anciens-presidents-departementaux-reclament-le-paiement-de-leurs-indemnites\" \/>\n<meta property=\"og:site_name\" content=\"Congo Brazzaville\" \/>\n<meta property=\"article:published_time\" content=\"2023-10-21T19:06:08+00:00\" \/>\n<meta property=\"article:modified_time\" content=\"2023-10-21T19:35:53+00:00\" \/>\n<meta property=\"og:image\" content=\"https:\/\/static.africa-press.net\/congo-brazzaville\/sites\/51\/2023\/10\/sm_1697904106.102353.jpg\" \/>\n\t<meta property=\"og:image:width\" content=\"1024\" \/>\n\t<meta property=\"og:image:height\" content=\"768\" \/>\n\t<meta property=\"og:image:type\" content=\"image\/jpeg\" \/>\n<meta name=\"author\" content=\"cfeditorfr\" \/>\n<meta name=\"twitter:card\" content=\"summary_large_image\" \/>\n<meta name=\"twitter:label1\" content=\"\u00c9crit par\" \/>\n\t<meta name=\"twitter:data1\" content=\"cfeditorfr\" \/>\n\t<meta name=\"twitter:label2\" content=\"Dur\u00e9e de lecture estim\u00e9e\" \/>\n\t<meta name=\"twitter:data2\" content=\"2 minutes\" \/>\n<script type=\"application\/ld+json\" class=\"yoast-schema-graph\">{\"@context\":\"https:\/\/schema.org\",\"@graph\":[{\"@type\":\"Article\",\"@id\":\"https:\/\/www.africa-press.net\/congo-brazzaville\/politique\/collectivites-locales-les-anciens-presidents-departementaux-reclament-le-paiement-de-leurs-indemnites#article\",\"isPartOf\":{\"@id\":\"https:\/\/www.africa-press.net\/congo-brazzaville\/politique\/collectivites-locales-les-anciens-presidents-departementaux-reclament-le-paiement-de-leurs-indemnites\"},\"author\":{\"name\":\"cfeditorfr\",\"@id\":\"https:\/\/www.africa-press.net\/congo-brazzaville\/#\/schema\/person\/2b1cf3cd81a31e3cd26889ca66d677f1\"},\"headline\":\"Collectivit\u00e9s locales : les anciens pr\u00e9sidents d\u00e9partementaux r\u00e9clament le paiement de leurs indemnit\u00e9s\",\"datePublished\":\"2023-10-21T19:06:08+00:00\",\"dateModified\":\"2023-10-21T19:35:53+00:00\",\"mainEntityOfPage\":{\"@id\":\"https:\/\/www.africa-press.net\/congo-brazzaville\/politique\/collectivites-locales-les-anciens-presidents-departementaux-reclament-le-paiement-de-leurs-indemnites\"},\"wordCount\":456,\"commentCount\":0,\"image\":{\"@id\":\"https:\/\/www.africa-press.net\/congo-brazzaville\/politique\/collectivites-locales-les-anciens-presidents-departementaux-reclament-le-paiement-de-leurs-indemnites#primaryimage\"},\"thumbnailUrl\":\"https:\/\/static.africa-press.net\/congo-brazzaville\/sites\/51\/2023\/10\/sm_1697904106.102353.jpg\",\"keywords\":[\"Africa Press\",\"Africa Press-Congo Brazzaville\",\"Congo Brazzaville\"],\"articleSection\":[\"Politique\",\"Toutes les actualit\u00e9s\"],\"inLanguage\":\"fr-FR\",\"potentialAction\":[{\"@type\":\"CommentAction\",\"name\":\"Comment\",\"target\":[\"https:\/\/www.africa-press.net\/congo-brazzaville\/politique\/collectivites-locales-les-anciens-presidents-departementaux-reclament-le-paiement-de-leurs-indemnites#respond\"]}]},{\"@type\":\"WebPage\",\"@id\":\"https:\/\/www.africa-press.net\/congo-brazzaville\/politique\/collectivites-locales-les-anciens-presidents-departementaux-reclament-le-paiement-de-leurs-indemnites\",\"url\":\"https:\/\/www.africa-press.net\/congo-brazzaville\/politique\/collectivites-locales-les-anciens-presidents-departementaux-reclament-le-paiement-de-leurs-indemnites\",\"name\":\"Collectivit\u00e9s locales : les anciens pr\u00e9sidents d\u00e9partementaux r\u00e9clament le paiement de leurs indemnit\u00e9s - Congo Brazzaville\",\"isPartOf\":{\"@id\":\"https:\/\/www.africa-press.net\/congo-brazzaville\/#website\"},\"primaryImageOfPage\":{\"@id\":\"https:\/\/www.africa-press.net\/congo-brazzaville\/politique\/collectivites-locales-les-anciens-presidents-departementaux-reclament-le-paiement-de-leurs-indemnites#primaryimage\"},\"image\":{\"@id\":\"https:\/\/www.africa-press.net\/congo-brazzaville\/politique\/collectivites-locales-les-anciens-presidents-departementaux-reclament-le-paiement-de-leurs-indemnites#primaryimage\"},\"thumbnailUrl\":\"https:\/\/static.africa-press.net\/congo-brazzaville\/sites\/51\/2023\/10\/sm_1697904106.102353.jpg\",\"datePublished\":\"2023-10-21T19:06:08+00:00\",\"dateModified\":\"2023-10-21T19:35:53+00:00\",\"author\":{\"@id\":\"https:\/\/www.africa-press.net\/congo-brazzaville\/#\/schema\/person\/2b1cf3cd81a31e3cd26889ca66d677f1\"},\"description\":\"Une de\u0301le\u0301gation des anciens pre\u0301sidents des conseils de\u0301partementaux et municipaux conduite par l\u2019ancien maire de Do ...\",\"breadcrumb\":{\"@id\":\"https:\/\/www.africa-press.net\/congo-brazzaville\/politique\/collectivites-locales-les-anciens-presidents-departementaux-reclament-le-paiement-de-leurs-indemnites#breadcrumb\"},\"inLanguage\":\"fr-FR\",\"potentialAction\":[{\"@type\":\"ReadAction\",\"target\":[\"https:\/\/www.africa-press.net\/congo-brazzaville\/politique\/collectivites-locales-les-anciens-presidents-departementaux-reclament-le-paiement-de-leurs-indemnites\"]}]},{\"@type\":\"ImageObject\",\"inLanguage\":\"fr-FR\",\"@id\":\"https:\/\/www.africa-press.net\/congo-brazzaville\/politique\/collectivites-locales-les-anciens-presidents-departementaux-reclament-le-paiement-de-leurs-indemnites#primaryimage\",\"url\":\"https:\/\/static.africa-press.net\/congo-brazzaville\/sites\/51\/2023\/10\/sm_1697904106.102353.jpg\",\"contentUrl\":\"https:\/\/static.africa-press.net\/congo-brazzaville\/sites\/51\/2023\/10\/sm_1697904106.102353.jpg\",\"width\":1024,\"height\":768,\"caption\":\"Collectivit\u00e9s locales : les anciens pr\u00e9sidents d\u00e9partementaux r\u00e9clament le paiement de leurs indemnit\u00e9s\"},{\"@type\":\"BreadcrumbList\",\"@id\":\"https:\/\/www.africa-press.net\/congo-brazzaville\/politique\/collectivites-locales-les-anciens-presidents-departementaux-reclament-le-paiement-de-leurs-indemnites#breadcrumb\",\"itemListElement\":[{\"@type\":\"ListItem\",\"position\":1,\"name\":\"Accueil\",\"item\":\"https:\/\/www.africa-press.net\/congo-brazzaville\/\"},{\"@type\":\"ListItem\",\"position\":2,\"name\":\"Collectivit\u00e9s locales : les anciens pr\u00e9sidents d\u00e9partementaux r\u00e9clament le paiement de leurs indemnit\u00e9s\"}]},{\"@type\":\"WebSite\",\"@id\":\"https:\/\/www.africa-press.net\/congo-brazzaville\/#website\",\"url\":\"https:\/\/www.africa-press.net\/congo-brazzaville\/\",\"name\":\"Congo Brazzaville\",\"description\":\"Just another Africa News Agency Sites site\",\"potentialAction\":[{\"@type\":\"SearchAction\",\"target\":{\"@type\":\"EntryPoint\",\"urlTemplate\":\"https:\/\/www.africa-press.net\/congo-brazzaville\/?s={search_term_string}\"},\"query-input\":{\"@type\":\"PropertyValueSpecification\",\"valueRequired\":true,\"valueName\":\"search_term_string\"}}],\"inLanguage\":\"fr-FR\"},{\"@type\":\"Person\",\"@id\":\"https:\/\/www.africa-press.net\/congo-brazzaville\/#\/schema\/person\/2b1cf3cd81a31e3cd26889ca66d677f1\",\"name\":\"cfeditorfr\"}]}<\/script>\n<!-- \/ Yoast SEO Premium plugin. -->","yoast_head_json":{"title":"Collectivit\u00e9s locales : les anciens pr\u00e9sidents d\u00e9partementaux r\u00e9clament le paiement de leurs indemnit\u00e9s - Congo Brazzaville","description":"Une de\u0301le\u0301gation des anciens pre\u0301sidents des conseils de\u0301partementaux et municipaux conduite par l\u2019ancien maire de Do ...","robots":{"index":"index","follow":"follow","max-snippet":"max-snippet:-1","max-image-preview":"max-image-preview:large","max-video-preview":"max-video-preview:-1"},"canonical":"https:\/\/www.africa-press.net\/congo-brazzaville\/politique\/collectivites-locales-les-anciens-presidents-departementaux-reclament-le-paiement-de-leurs-indemnites","og_locale":"fr_FR","og_type":"article","og_title":"Collectivit\u00e9s locales : les anciens pr\u00e9sidents d\u00e9partementaux r\u00e9clament le paiement de leurs indemnit\u00e9s","og_description":"Une de\u0301le\u0301gation des anciens pre\u0301sidents des conseils de\u0301partementaux et municipaux conduite par l\u2019ancien maire de Do ...","og_url":"https:\/\/www.africa-press.net\/congo-brazzaville\/politique\/collectivites-locales-les-anciens-presidents-departementaux-reclament-le-paiement-de-leurs-indemnites","og_site_name":"Congo Brazzaville","article_published_time":"2023-10-21T19:06:08+00:00","article_modified_time":"2023-10-21T19:35:53+00:00","og_image":[{"width":1024,"height":768,"url":"https:\/\/static.africa-press.net\/congo-brazzaville\/sites\/51\/2023\/10\/sm_1697904106.102353.jpg","type":"image\/jpeg"}],"author":"cfeditorfr","twitter_card":"summary_large_image","twitter_misc":{"\u00c9crit par":"cfeditorfr","Dur\u00e9e de lecture estim\u00e9e":"2 minutes"},"schema":{"@context":"https:\/\/schema.org","@graph":[{"@type":"Article","@id":"https:\/\/www.africa-press.net\/congo-brazzaville\/politique\/collectivites-locales-les-anciens-presidents-departementaux-reclament-le-paiement-de-leurs-indemnites#article","isPartOf":{"@id":"https:\/\/www.africa-press.net\/congo-brazzaville\/politique\/collectivites-locales-les-anciens-presidents-departementaux-reclament-le-paiement-de-leurs-indemnites"},"author":{"name":"cfeditorfr","@id":"https:\/\/www.africa-press.net\/congo-brazzaville\/#\/schema\/person\/2b1cf3cd81a31e3cd26889ca66d677f1"},"headline":"Collectivit\u00e9s locales : les anciens pr\u00e9sidents d\u00e9partementaux r\u00e9clament le paiement de leurs indemnit\u00e9s","datePublished":"2023-10-21T19:06:08+00:00","dateModified":"2023-10-21T19:35:53+00:00","mainEntityOfPage":{"@id":"https:\/\/www.africa-press.net\/congo-brazzaville\/politique\/collectivites-locales-les-anciens-presidents-departementaux-reclament-le-paiement-de-leurs-indemnites"},"wordCount":456,"commentCount":0,"image":{"@id":"https:\/\/www.africa-press.net\/congo-brazzaville\/politique\/collectivites-locales-les-anciens-presidents-departementaux-reclament-le-paiement-de-leurs-indemnites#primaryimage"},"thumbnailUrl":"https:\/\/static.africa-press.net\/congo-brazzaville\/sites\/51\/2023\/10\/sm_1697904106.102353.jpg","keywords":["Africa Press","Africa Press-Congo Brazzaville","Congo Brazzaville"],"articleSection":["Politique","Toutes les actualit\u00e9s"],"inLanguage":"fr-FR","potentialAction":[{"@type":"CommentAction","name":"Comment","target":["https:\/\/www.africa-press.net\/congo-brazzaville\/politique\/collectivites-locales-les-anciens-presidents-departementaux-reclament-le-paiement-de-leurs-indemnites#respond"]}]},{"@type":"WebPage","@id":"https:\/\/www.africa-press.net\/congo-brazzaville\/politique\/collectivites-locales-les-anciens-presidents-departementaux-reclament-le-paiement-de-leurs-indemnites","url":"https:\/\/www.africa-press.net\/congo-brazzaville\/politique\/collectivites-locales-les-anciens-presidents-departementaux-reclament-le-paiement-de-leurs-indemnites","name":"Collectivit\u00e9s locales : les anciens pr\u00e9sidents d\u00e9partementaux r\u00e9clament le paiement de leurs indemnit\u00e9s - Congo Brazzaville","isPartOf":{"@id":"https:\/\/www.africa-press.net\/congo-brazzaville\/#website"},"primaryImageOfPage":{"@id":"https:\/\/www.africa-press.net\/congo-brazzaville\/politique\/collectivites-locales-les-anciens-presidents-departementaux-reclament-le-paiement-de-leurs-indemnites#primaryimage"},"image":{"@id":"https:\/\/www.africa-press.net\/congo-brazzaville\/politique\/collectivites-locales-les-anciens-presidents-departementaux-reclament-le-paiement-de-leurs-indemnites#primaryimage"},"thumbnailUrl":"https:\/\/static.africa-press.net\/congo-brazzaville\/sites\/51\/2023\/10\/sm_1697904106.102353.jpg","datePublished":"2023-10-21T19:06:08+00:00","dateModified":"2023-10-21T19:35:53+00:00","author":{"@id":"https:\/\/www.africa-press.net\/congo-brazzaville\/#\/schema\/person\/2b1cf3cd81a31e3cd26889ca66d677f1"},"description":"Une de\u0301le\u0301gation des anciens pre\u0301sidents des conseils de\u0301partementaux et municipaux conduite par l\u2019ancien maire de Do ...","breadcrumb":{"@id":"https:\/\/www.africa-press.net\/congo-brazzaville\/politique\/collectivites-locales-les-anciens-presidents-departementaux-reclament-le-paiement-de-leurs-indemnites#breadcrumb"},"inLanguage":"fr-FR","potentialAction":[{"@type":"ReadAction","target":["https:\/\/www.africa-press.net\/congo-brazzaville\/politique\/collectivites-locales-les-anciens-presidents-departementaux-reclament-le-paiement-de-leurs-indemnites"]}]},{"@type":"ImageObject","inLanguage":"fr-FR","@id":"https:\/\/www.africa-press.net\/congo-brazzaville\/politique\/collectivites-locales-les-anciens-presidents-departementaux-reclament-le-paiement-de-leurs-indemnites#primaryimage","url":"https:\/\/static.africa-press.net\/congo-brazzaville\/sites\/51\/2023\/10\/sm_1697904106.102353.jpg","contentUrl":"https:\/\/static.africa-press.net\/congo-brazzaville\/sites\/51\/2023\/10\/sm_1697904106.102353.jpg","width":1024,"height":768,"caption":"Collectivit\u00e9s locales : les anciens pr\u00e9sidents d\u00e9partementaux r\u00e9clament le paiement de leurs indemnit\u00e9s"},{"@type":"BreadcrumbList","@id":"https:\/\/www.africa-press.net\/congo-brazzaville\/politique\/collectivites-locales-les-anciens-presidents-departementaux-reclament-le-paiement-de-leurs-indemnites#breadcrumb","itemListElement":[{"@type":"ListItem","position":1,"name":"Accueil","item":"https:\/\/www.africa-press.net\/congo-brazzaville\/"},{"@type":"ListItem","position":2,"name":"Collectivit\u00e9s locales : les anciens pr\u00e9sidents d\u00e9partementaux r\u00e9clament le paiement de leurs indemnit\u00e9s"}]},{"@type":"WebSite","@id":"https:\/\/www.africa-press.net\/congo-brazzaville\/#website","url":"https:\/\/www.africa-press.net\/congo-brazzaville\/","name":"Congo Brazzaville","description":"Just another Africa News Agency Sites site","potentialAction":[{"@type":"SearchAction","target":{"@type":"EntryPoint","urlTemplate":"https:\/\/www.africa-press.net\/congo-brazzaville\/?s={search_term_string}"},"query-input":{"@type":"PropertyValueSpecification","valueRequired":true,"valueName":"search_term_string"}}],"inLanguage":"fr-FR"},{"@type":"Person","@id":"https:\/\/www.africa-press.net\/congo-brazzaville\/#\/schema\/person\/2b1cf3cd81a31e3cd26889ca66d677f1","name":"cfeditorfr"}]}},"_links":{"self":[{"href":"https:\/\/www.africa-press.net\/congo-brazzaville\/wp-json\/wp\/v2\/posts\/23323","targetHints":{"allow":["GET"]}}],"collection":[{"href":"https:\/\/www.africa-press.net\/congo-brazzaville\/wp-json\/wp\/v2\/posts"}],"about":[{"href":"https:\/\/www.africa-press.net\/congo-brazzaville\/wp-json\/wp\/v2\/types\/post"}],"author":[{"embeddable":true,"href":"https:\/\/www.africa-press.net\/congo-brazzaville\/wp-json\/wp\/v2\/users\/82"}],"replies":[{"embeddable":true,"href":"https:\/\/www.africa-press.net\/congo-brazzaville\/wp-json\/wp\/v2\/comments?post=23323"}],"version-history":[{"count":0,"href":"https:\/\/www.africa-press.net\/congo-brazzaville\/wp-json\/wp\/v2\/posts\/23323\/revisions"}],"wp:featuredmedia":[{"embeddable":true,"href":"https:\/\/www.africa-press.net\/congo-brazzaville\/wp-json\/wp\/v2\/media\/23322"}],"wp:attachment":[{"href":"https:\/\/www.africa-press.net\/congo-brazzaville\/wp-json\/wp\/v2\/media?parent=23323"}],"wp:term":[{"taxonomy":"category","embeddable":true,"href":"https:\/\/www.africa-press.net\/congo-brazzaville\/wp-json\/wp\/v2\/categories?post=23323"},{"taxonomy":"post_tag","embeddable":true,"href":"https:\/\/www.africa-press.net\/congo-brazzaville\/wp-json\/wp\/v2\/tags?post=23323"}],"curies":[{"name":"wp","href":"https:\/\/api.w.org\/{rel}","templated":true}]}}