{"id":23390,"date":"2023-10-23T12:37:05","date_gmt":"2023-10-23T12:37:05","guid":{"rendered":"https:\/\/www.africa-press.net\/congo-brazzaville\/politique\/les-senateurs-du-groupe-parlementaire-pct-alliees-appeles-a-respecter-leurs-engagements"},"modified":"2023-10-23T12:50:47","modified_gmt":"2023-10-23T12:50:47","slug":"les-senateurs-du-groupe-parlementaire-pct-alliees-appeles-a-respecter-leurs-engagements","status":"publish","type":"post","link":"https:\/\/www.africa-press.net\/congo-brazzaville\/politique\/les-senateurs-du-groupe-parlementaire-pct-alliees-appeles-a-respecter-leurs-engagements","title":{"rendered":"les s\u00e9nateurs du groupe parlementaire pct-alli\u00e9es\u00a0appel\u00e9s \u00e0 respecter\u00a0leurs engagements"},"content":{"rendered":"<p><span style=\"color: #ff6600\"><strong>Africa-Press &#8211; Congo Brazzaville. <\/strong><\/span><b>Le pre\u0301sident du groupe parlementaire du parti congolais du travail et allie\u0301s au se\u0301nat, The\u0301ophile Adoua a indique\u0301 le 20 octobre a\u0300 Brazzaville que l\u2019assemble\u0301e ge\u0301ne\u0301rale ordinaire visait a\u0300 appeler les se\u0301nateurs a\u0300 faire prendre leur responsabilite\u0301 dans l\u2019exe\u0301cution de leurs missions.<\/b><\/p>\n<p>\u00ab Assumons avec efficacite\u0301 notre ro\u0302le de le\u0301gislateur, de contro\u0302leur de l\u2019action du gouvernement, de repre\u0301sentant des collectivite\u0301s locales, de mode\u0301rateur et de conseil de la nation. Donnons-nous les moyens de notre action qui participe au fonctionnement du se\u0301nat, dont le ro\u0302le primordial est de le\u0301gife\u0301rer au be\u0301ne\u0301fice des collectivite\u0301s locales et du peuple congolais \u00bb, a souligne\u0301 The\u0301ophile Adoua, a\u0300 l\u2019occasion des travaux de l\u2019assemble\u0301e ge\u0301ne\u0301rale inaugurale.<\/p>\n<p>\u00ab Nous sommes tenus, en raison du ro\u0302le majoritaire que notre groupe est appele\u0301 a\u0300 jouer au Se\u0301nat, d\u2019en tenir compte dans nos futures de\u0301libe\u0301rations, afin de mieux accompagner toutes les actions du gouvernement visant a\u0300 sortir le pays de cette situation de crise ou\u0300 il se trouve \u00bb, a-t-il ajoute\u0301.<\/p>\n<p>De son co\u0302te\u0301, la se\u0301natrice Pascaline Kibina a appre\u0301cie\u0301 l\u2019appel a\u0300 la cohe\u0301sion lance\u0301 par le pre\u0301sident du groupe parlementaire du parti congolais du travail et allie\u0301s. \u00ab Nous avons e\u0301te\u0301 exhorte\u0301 a\u0300 la cohe\u0301sion et a\u0300 l\u2019assiduite\u0301 au travail, afin de mieux soutenir l\u2019action du pre\u0301sident de Re\u0301publique \u00bb, a-t-elle dit.<\/p>\n<p>Au terme des travaux, le groupe parlementaire parti congolais du travail et allie\u0301s a formule\u0301 une motion de soutien au pre\u0301sident de la majorite\u0301 pre\u0301sidentielle et Chef de l\u2019Etat, Denis Sassou N\u2019Guesso et une motion de confiance au pre\u0301sident par inte\u0301rim de la majorite\u0301 pre\u0301sidentielle, Pierre Moussa.<\/p>\n<p><strong>Pour plus d&rsquo;informations et d&rsquo;analyses sur la <a href=\"https:\/\/www.africa-press.net\/congo-brazzaville\">Congo Brazzaville<\/a>, suivez <a href=\"https:\/\/www.africa-press.net\/\">Africa-Press<\/a><\/strong><\/p>\n","protected":false},"excerpt":{"rendered":"<p>Africa-Press &#8211; Congo Brazzaville. Le pre\u0301sident du groupe parlementaire du parti congolais du travail et allie\u0301s au se\u0301nat, The\u0301ophile Adoua a indique\u0301 le 20 octobre a\u0300 Brazzaville que l\u2019assemble\u0301e ge\u0301ne\u0301rale ordinaire visait a\u0300 appeler les se\u0301nateurs a\u0300 faire prendre leur responsabilite\u0301 dans l\u2019exe\u0301cution de leurs missions. \u00ab Assumons avec efficacite\u0301 notre ro\u0302le de le\u0301gislateur, de [&hellip;]<\/p>\n","protected":false},"author":82,"featured_media":23389,"comment_status":"open","ping_status":"closed","sticky":false,"template":"","format":"standard","meta":{"footnotes":""},"categories":[2,10],"tags":[36,47,46],"class_list":["post-23390","post","type-post","status-publish","format-standard","has-post-thumbnail","hentry","category-politique","category-toutes-les-actualites","tag-africa-press","tag-africa-press-congo-brazzaville","tag-congo-brazzaville"],"yoast_head":"<!-- This site is optimized with the Yoast SEO Premium plugin v26.1 (Yoast SEO v27.0) - https:\/\/yoast.com\/product\/yoast-seo-premium-wordpress\/ -->\n<title>les s\u00e9nateurs du groupe parlementaire pct-alli\u00e9es\u00a0appel\u00e9s \u00e0 respecter\u00a0leurs engagements - Congo Brazzaville<\/title>\n<meta name=\"description\" content=\"Le pre\u0301sident du groupe parlementaire du parti congolais du travail et allie\u0301s au se\u0301nat, The\u0301ophile Adoua a indique\u0301 ...\" \/>\n<meta name=\"robots\" content=\"index, follow, max-snippet:-1, max-image-preview:large, max-video-preview:-1\" \/>\n<link rel=\"canonical\" href=\"https:\/\/www.africa-press.net\/congo-brazzaville\/politique\/les-senateurs-du-groupe-parlementaire-pct-alliees-appeles-a-respecter-leurs-engagements\" \/>\n<meta property=\"og:locale\" content=\"fr_FR\" \/>\n<meta property=\"og:type\" content=\"article\" \/>\n<meta property=\"og:title\" content=\"les s\u00e9nateurs du groupe parlementaire pct-alli\u00e9es\u00a0appel\u00e9s \u00e0 respecter\u00a0leurs engagements\" \/>\n<meta property=\"og:description\" content=\"Le pre\u0301sident du groupe parlementaire du parti congolais du travail et allie\u0301s au se\u0301nat, The\u0301ophile Adoua a indique\u0301 ...\" \/>\n<meta property=\"og:url\" content=\"https:\/\/www.africa-press.net\/congo-brazzaville\/politique\/les-senateurs-du-groupe-parlementaire-pct-alliees-appeles-a-respecter-leurs-engagements\" \/>\n<meta property=\"og:site_name\" content=\"Congo Brazzaville\" \/>\n<meta property=\"article:published_time\" content=\"2023-10-23T12:37:05+00:00\" \/>\n<meta property=\"article:modified_time\" content=\"2023-10-23T12:50:47+00:00\" \/>\n<meta property=\"og:image\" content=\"https:\/\/static.africa-press.net\/congo-brazzaville\/sites\/51\/2023\/10\/sm_1698052776.771598.jpg\" \/>\n\t<meta property=\"og:image:width\" content=\"870\" \/>\n\t<meta property=\"og:image:height\" content=\"443\" \/>\n\t<meta property=\"og:image:type\" content=\"image\/jpeg\" \/>\n<meta name=\"author\" content=\"cfeditorfr\" \/>\n<meta name=\"twitter:card\" content=\"summary_large_image\" \/>\n<meta name=\"twitter:label1\" content=\"\u00c9crit par\" \/>\n\t<meta name=\"twitter:data1\" content=\"cfeditorfr\" \/>\n\t<meta name=\"twitter:label2\" content=\"Dur\u00e9e de lecture estim\u00e9e\" \/>\n\t<meta name=\"twitter:data2\" content=\"2 minutes\" \/>\n<script type=\"application\/ld+json\" class=\"yoast-schema-graph\">{\"@context\":\"https:\/\/schema.org\",\"@graph\":[{\"@type\":\"Article\",\"@id\":\"https:\/\/www.africa-press.net\/congo-brazzaville\/politique\/les-senateurs-du-groupe-parlementaire-pct-alliees-appeles-a-respecter-leurs-engagements#article\",\"isPartOf\":{\"@id\":\"https:\/\/www.africa-press.net\/congo-brazzaville\/politique\/les-senateurs-du-groupe-parlementaire-pct-alliees-appeles-a-respecter-leurs-engagements\"},\"author\":{\"name\":\"cfeditorfr\",\"@id\":\"https:\/\/www.africa-press.net\/congo-brazzaville\/#\/schema\/person\/2b1cf3cd81a31e3cd26889ca66d677f1\"},\"headline\":\"les s\u00e9nateurs du groupe parlementaire pct-alli\u00e9es\u00a0appel\u00e9s \u00e0 respecter\u00a0leurs engagements\",\"datePublished\":\"2023-10-23T12:37:05+00:00\",\"dateModified\":\"2023-10-23T12:50:47+00:00\",\"mainEntityOfPage\":{\"@id\":\"https:\/\/www.africa-press.net\/congo-brazzaville\/politique\/les-senateurs-du-groupe-parlementaire-pct-alliees-appeles-a-respecter-leurs-engagements\"},\"wordCount\":340,\"commentCount\":0,\"image\":{\"@id\":\"https:\/\/www.africa-press.net\/congo-brazzaville\/politique\/les-senateurs-du-groupe-parlementaire-pct-alliees-appeles-a-respecter-leurs-engagements#primaryimage\"},\"thumbnailUrl\":\"https:\/\/static.africa-press.net\/congo-brazzaville\/sites\/51\/2023\/10\/sm_1698052776.771598.jpg\",\"keywords\":[\"Africa Press\",\"Africa Press-Congo Brazzaville\",\"Congo Brazzaville\"],\"articleSection\":[\"Politique\",\"Toutes les actualit\u00e9s\"],\"inLanguage\":\"fr-FR\",\"potentialAction\":[{\"@type\":\"CommentAction\",\"name\":\"Comment\",\"target\":[\"https:\/\/www.africa-press.net\/congo-brazzaville\/politique\/les-senateurs-du-groupe-parlementaire-pct-alliees-appeles-a-respecter-leurs-engagements#respond\"]}]},{\"@type\":\"WebPage\",\"@id\":\"https:\/\/www.africa-press.net\/congo-brazzaville\/politique\/les-senateurs-du-groupe-parlementaire-pct-alliees-appeles-a-respecter-leurs-engagements\",\"url\":\"https:\/\/www.africa-press.net\/congo-brazzaville\/politique\/les-senateurs-du-groupe-parlementaire-pct-alliees-appeles-a-respecter-leurs-engagements\",\"name\":\"les s\u00e9nateurs du groupe parlementaire pct-alli\u00e9es\u00a0appel\u00e9s \u00e0 respecter\u00a0leurs engagements - Congo Brazzaville\",\"isPartOf\":{\"@id\":\"https:\/\/www.africa-press.net\/congo-brazzaville\/#website\"},\"primaryImageOfPage\":{\"@id\":\"https:\/\/www.africa-press.net\/congo-brazzaville\/politique\/les-senateurs-du-groupe-parlementaire-pct-alliees-appeles-a-respecter-leurs-engagements#primaryimage\"},\"image\":{\"@id\":\"https:\/\/www.africa-press.net\/congo-brazzaville\/politique\/les-senateurs-du-groupe-parlementaire-pct-alliees-appeles-a-respecter-leurs-engagements#primaryimage\"},\"thumbnailUrl\":\"https:\/\/static.africa-press.net\/congo-brazzaville\/sites\/51\/2023\/10\/sm_1698052776.771598.jpg\",\"datePublished\":\"2023-10-23T12:37:05+00:00\",\"dateModified\":\"2023-10-23T12:50:47+00:00\",\"author\":{\"@id\":\"https:\/\/www.africa-press.net\/congo-brazzaville\/#\/schema\/person\/2b1cf3cd81a31e3cd26889ca66d677f1\"},\"description\":\"Le pre\u0301sident du groupe parlementaire du parti congolais du travail et allie\u0301s au se\u0301nat, The\u0301ophile Adoua a indique\u0301 ...\",\"breadcrumb\":{\"@id\":\"https:\/\/www.africa-press.net\/congo-brazzaville\/politique\/les-senateurs-du-groupe-parlementaire-pct-alliees-appeles-a-respecter-leurs-engagements#breadcrumb\"},\"inLanguage\":\"fr-FR\",\"potentialAction\":[{\"@type\":\"ReadAction\",\"target\":[\"https:\/\/www.africa-press.net\/congo-brazzaville\/politique\/les-senateurs-du-groupe-parlementaire-pct-alliees-appeles-a-respecter-leurs-engagements\"]}]},{\"@type\":\"ImageObject\",\"inLanguage\":\"fr-FR\",\"@id\":\"https:\/\/www.africa-press.net\/congo-brazzaville\/politique\/les-senateurs-du-groupe-parlementaire-pct-alliees-appeles-a-respecter-leurs-engagements#primaryimage\",\"url\":\"https:\/\/static.africa-press.net\/congo-brazzaville\/sites\/51\/2023\/10\/sm_1698052776.771598.jpg\",\"contentUrl\":\"https:\/\/static.africa-press.net\/congo-brazzaville\/sites\/51\/2023\/10\/sm_1698052776.771598.jpg\",\"width\":870,\"height\":443,\"caption\":\"les s\u00e9nateurs du groupe parlementaire pct-alli\u00e9es\u00a0appel\u00e9s \u00e0 respecter\u00a0leurs engagements\"},{\"@type\":\"BreadcrumbList\",\"@id\":\"https:\/\/www.africa-press.net\/congo-brazzaville\/politique\/les-senateurs-du-groupe-parlementaire-pct-alliees-appeles-a-respecter-leurs-engagements#breadcrumb\",\"itemListElement\":[{\"@type\":\"ListItem\",\"position\":1,\"name\":\"Accueil\",\"item\":\"https:\/\/www.africa-press.net\/congo-brazzaville\/\"},{\"@type\":\"ListItem\",\"position\":2,\"name\":\"les s\u00e9nateurs du groupe parlementaire pct-alli\u00e9es\u00a0appel\u00e9s \u00e0 respecter\u00a0leurs engagements\"}]},{\"@type\":\"WebSite\",\"@id\":\"https:\/\/www.africa-press.net\/congo-brazzaville\/#website\",\"url\":\"https:\/\/www.africa-press.net\/congo-brazzaville\/\",\"name\":\"Congo Brazzaville\",\"description\":\"Just another Africa News Agency Sites site\",\"potentialAction\":[{\"@type\":\"SearchAction\",\"target\":{\"@type\":\"EntryPoint\",\"urlTemplate\":\"https:\/\/www.africa-press.net\/congo-brazzaville\/?s={search_term_string}\"},\"query-input\":{\"@type\":\"PropertyValueSpecification\",\"valueRequired\":true,\"valueName\":\"search_term_string\"}}],\"inLanguage\":\"fr-FR\"},{\"@type\":\"Person\",\"@id\":\"https:\/\/www.africa-press.net\/congo-brazzaville\/#\/schema\/person\/2b1cf3cd81a31e3cd26889ca66d677f1\",\"name\":\"cfeditorfr\"}]}<\/script>\n<!-- \/ Yoast SEO Premium plugin. -->","yoast_head_json":{"title":"les s\u00e9nateurs du groupe parlementaire pct-alli\u00e9es\u00a0appel\u00e9s \u00e0 respecter\u00a0leurs engagements - Congo Brazzaville","description":"Le pre\u0301sident du groupe parlementaire du parti congolais du travail et allie\u0301s au se\u0301nat, The\u0301ophile Adoua a indique\u0301 ...","robots":{"index":"index","follow":"follow","max-snippet":"max-snippet:-1","max-image-preview":"max-image-preview:large","max-video-preview":"max-video-preview:-1"},"canonical":"https:\/\/www.africa-press.net\/congo-brazzaville\/politique\/les-senateurs-du-groupe-parlementaire-pct-alliees-appeles-a-respecter-leurs-engagements","og_locale":"fr_FR","og_type":"article","og_title":"les s\u00e9nateurs du groupe parlementaire pct-alli\u00e9es\u00a0appel\u00e9s \u00e0 respecter\u00a0leurs engagements","og_description":"Le pre\u0301sident du groupe parlementaire du parti congolais du travail et allie\u0301s au se\u0301nat, The\u0301ophile Adoua a indique\u0301 ...","og_url":"https:\/\/www.africa-press.net\/congo-brazzaville\/politique\/les-senateurs-du-groupe-parlementaire-pct-alliees-appeles-a-respecter-leurs-engagements","og_site_name":"Congo Brazzaville","article_published_time":"2023-10-23T12:37:05+00:00","article_modified_time":"2023-10-23T12:50:47+00:00","og_image":[{"width":870,"height":443,"url":"https:\/\/static.africa-press.net\/congo-brazzaville\/sites\/51\/2023\/10\/sm_1698052776.771598.jpg","type":"image\/jpeg"}],"author":"cfeditorfr","twitter_card":"summary_large_image","twitter_misc":{"\u00c9crit par":"cfeditorfr","Dur\u00e9e de lecture estim\u00e9e":"2 minutes"},"schema":{"@context":"https:\/\/schema.org","@graph":[{"@type":"Article","@id":"https:\/\/www.africa-press.net\/congo-brazzaville\/politique\/les-senateurs-du-groupe-parlementaire-pct-alliees-appeles-a-respecter-leurs-engagements#article","isPartOf":{"@id":"https:\/\/www.africa-press.net\/congo-brazzaville\/politique\/les-senateurs-du-groupe-parlementaire-pct-alliees-appeles-a-respecter-leurs-engagements"},"author":{"name":"cfeditorfr","@id":"https:\/\/www.africa-press.net\/congo-brazzaville\/#\/schema\/person\/2b1cf3cd81a31e3cd26889ca66d677f1"},"headline":"les s\u00e9nateurs du groupe parlementaire pct-alli\u00e9es\u00a0appel\u00e9s \u00e0 respecter\u00a0leurs engagements","datePublished":"2023-10-23T12:37:05+00:00","dateModified":"2023-10-23T12:50:47+00:00","mainEntityOfPage":{"@id":"https:\/\/www.africa-press.net\/congo-brazzaville\/politique\/les-senateurs-du-groupe-parlementaire-pct-alliees-appeles-a-respecter-leurs-engagements"},"wordCount":340,"commentCount":0,"image":{"@id":"https:\/\/www.africa-press.net\/congo-brazzaville\/politique\/les-senateurs-du-groupe-parlementaire-pct-alliees-appeles-a-respecter-leurs-engagements#primaryimage"},"thumbnailUrl":"https:\/\/static.africa-press.net\/congo-brazzaville\/sites\/51\/2023\/10\/sm_1698052776.771598.jpg","keywords":["Africa Press","Africa Press-Congo Brazzaville","Congo Brazzaville"],"articleSection":["Politique","Toutes les actualit\u00e9s"],"inLanguage":"fr-FR","potentialAction":[{"@type":"CommentAction","name":"Comment","target":["https:\/\/www.africa-press.net\/congo-brazzaville\/politique\/les-senateurs-du-groupe-parlementaire-pct-alliees-appeles-a-respecter-leurs-engagements#respond"]}]},{"@type":"WebPage","@id":"https:\/\/www.africa-press.net\/congo-brazzaville\/politique\/les-senateurs-du-groupe-parlementaire-pct-alliees-appeles-a-respecter-leurs-engagements","url":"https:\/\/www.africa-press.net\/congo-brazzaville\/politique\/les-senateurs-du-groupe-parlementaire-pct-alliees-appeles-a-respecter-leurs-engagements","name":"les s\u00e9nateurs du groupe parlementaire pct-alli\u00e9es\u00a0appel\u00e9s \u00e0 respecter\u00a0leurs engagements - Congo Brazzaville","isPartOf":{"@id":"https:\/\/www.africa-press.net\/congo-brazzaville\/#website"},"primaryImageOfPage":{"@id":"https:\/\/www.africa-press.net\/congo-brazzaville\/politique\/les-senateurs-du-groupe-parlementaire-pct-alliees-appeles-a-respecter-leurs-engagements#primaryimage"},"image":{"@id":"https:\/\/www.africa-press.net\/congo-brazzaville\/politique\/les-senateurs-du-groupe-parlementaire-pct-alliees-appeles-a-respecter-leurs-engagements#primaryimage"},"thumbnailUrl":"https:\/\/static.africa-press.net\/congo-brazzaville\/sites\/51\/2023\/10\/sm_1698052776.771598.jpg","datePublished":"2023-10-23T12:37:05+00:00","dateModified":"2023-10-23T12:50:47+00:00","author":{"@id":"https:\/\/www.africa-press.net\/congo-brazzaville\/#\/schema\/person\/2b1cf3cd81a31e3cd26889ca66d677f1"},"description":"Le pre\u0301sident du groupe parlementaire du parti congolais du travail et allie\u0301s au se\u0301nat, The\u0301ophile Adoua a indique\u0301 ...","breadcrumb":{"@id":"https:\/\/www.africa-press.net\/congo-brazzaville\/politique\/les-senateurs-du-groupe-parlementaire-pct-alliees-appeles-a-respecter-leurs-engagements#breadcrumb"},"inLanguage":"fr-FR","potentialAction":[{"@type":"ReadAction","target":["https:\/\/www.africa-press.net\/congo-brazzaville\/politique\/les-senateurs-du-groupe-parlementaire-pct-alliees-appeles-a-respecter-leurs-engagements"]}]},{"@type":"ImageObject","inLanguage":"fr-FR","@id":"https:\/\/www.africa-press.net\/congo-brazzaville\/politique\/les-senateurs-du-groupe-parlementaire-pct-alliees-appeles-a-respecter-leurs-engagements#primaryimage","url":"https:\/\/static.africa-press.net\/congo-brazzaville\/sites\/51\/2023\/10\/sm_1698052776.771598.jpg","contentUrl":"https:\/\/static.africa-press.net\/congo-brazzaville\/sites\/51\/2023\/10\/sm_1698052776.771598.jpg","width":870,"height":443,"caption":"les s\u00e9nateurs du groupe parlementaire pct-alli\u00e9es\u00a0appel\u00e9s \u00e0 respecter\u00a0leurs engagements"},{"@type":"BreadcrumbList","@id":"https:\/\/www.africa-press.net\/congo-brazzaville\/politique\/les-senateurs-du-groupe-parlementaire-pct-alliees-appeles-a-respecter-leurs-engagements#breadcrumb","itemListElement":[{"@type":"ListItem","position":1,"name":"Accueil","item":"https:\/\/www.africa-press.net\/congo-brazzaville\/"},{"@type":"ListItem","position":2,"name":"les s\u00e9nateurs du groupe parlementaire pct-alli\u00e9es\u00a0appel\u00e9s \u00e0 respecter\u00a0leurs engagements"}]},{"@type":"WebSite","@id":"https:\/\/www.africa-press.net\/congo-brazzaville\/#website","url":"https:\/\/www.africa-press.net\/congo-brazzaville\/","name":"Congo Brazzaville","description":"Just another Africa News Agency Sites site","potentialAction":[{"@type":"SearchAction","target":{"@type":"EntryPoint","urlTemplate":"https:\/\/www.africa-press.net\/congo-brazzaville\/?s={search_term_string}"},"query-input":{"@type":"PropertyValueSpecification","valueRequired":true,"valueName":"search_term_string"}}],"inLanguage":"fr-FR"},{"@type":"Person","@id":"https:\/\/www.africa-press.net\/congo-brazzaville\/#\/schema\/person\/2b1cf3cd81a31e3cd26889ca66d677f1","name":"cfeditorfr"}]}},"_links":{"self":[{"href":"https:\/\/www.africa-press.net\/congo-brazzaville\/wp-json\/wp\/v2\/posts\/23390","targetHints":{"allow":["GET"]}}],"collection":[{"href":"https:\/\/www.africa-press.net\/congo-brazzaville\/wp-json\/wp\/v2\/posts"}],"about":[{"href":"https:\/\/www.africa-press.net\/congo-brazzaville\/wp-json\/wp\/v2\/types\/post"}],"author":[{"embeddable":true,"href":"https:\/\/www.africa-press.net\/congo-brazzaville\/wp-json\/wp\/v2\/users\/82"}],"replies":[{"embeddable":true,"href":"https:\/\/www.africa-press.net\/congo-brazzaville\/wp-json\/wp\/v2\/comments?post=23390"}],"version-history":[{"count":0,"href":"https:\/\/www.africa-press.net\/congo-brazzaville\/wp-json\/wp\/v2\/posts\/23390\/revisions"}],"wp:featuredmedia":[{"embeddable":true,"href":"https:\/\/www.africa-press.net\/congo-brazzaville\/wp-json\/wp\/v2\/media\/23389"}],"wp:attachment":[{"href":"https:\/\/www.africa-press.net\/congo-brazzaville\/wp-json\/wp\/v2\/media?parent=23390"}],"wp:term":[{"taxonomy":"category","embeddable":true,"href":"https:\/\/www.africa-press.net\/congo-brazzaville\/wp-json\/wp\/v2\/categories?post=23390"},{"taxonomy":"post_tag","embeddable":true,"href":"https:\/\/www.africa-press.net\/congo-brazzaville\/wp-json\/wp\/v2\/tags?post=23390"}],"curies":[{"name":"wp","href":"https:\/\/api.w.org\/{rel}","templated":true}]}}