{"id":23402,"date":"2023-10-24T00:28:54","date_gmt":"2023-10-24T00:28:54","guid":{"rendered":"https:\/\/www.africa-press.net\/congo-brazzaville\/politique\/infrastructures-mise-en-service-des-tours-jumelles-de-mpila"},"modified":"2023-10-24T00:51:57","modified_gmt":"2023-10-24T00:51:57","slug":"infrastructures-mise-en-service-des-tours-jumelles-de-mpila","status":"publish","type":"post","link":"https:\/\/www.africa-press.net\/congo-brazzaville\/economie\/infrastructures-mise-en-service-des-tours-jumelles-de-mpila","title":{"rendered":"Infrastructures : mise en service des Tours jumelles de Mpila"},"content":{"rendered":"<p><span style=\"color: #ff6600\"><strong>Africa-Press &#8211; Congo Brazzaville. <\/strong><\/span><b>Le pre\u0301sident de la Re\u0301publique, Denis Sassou N\u2019Guesso, a inaugure\u0301 le 23 octobre a\u0300 Brazzaville les deux Tours jumelles de Mpila, situe\u0301es dans le 6e arrondissement, Talangai\u0308. Un joyau qui fait de\u0301sormais la fierte\u0301 de la capitale congolaise.<\/b><\/p>\n<p>Lance\u0301s le 1er juillet 2015 et de\u0301marre\u0301s officiellement le 29 mars 2016, les travaux de construction des Tours jumelles de Mpila ont e\u0301te\u0301 re\u0301alise\u0301s par la socie\u0301te\u0301 chinoise Beijing construction engineering group (BCEG). Ils sont cofinance\u0301s par l\u2019Etat congolais et la banque chinoise d\u2019export-import a\u0300 hauteur de 173.939.422.040 FCFA. Ceci en application de l\u2019accord de partenariat strate\u0301gique entre le Congo et la Chine. Les travaux ont porte\u0301 sur la construction d\u2019un centre commercial moderne de plus de 135,80 m de hauteur, compose\u0301 de deux tours identiques de trente-et-un e\u0301tages chacune. La premie\u0300re tour est re\u0301serve\u0301e a\u0300 un ho\u0302tel 5 e\u0301toiles, d\u2019une capacite\u0301 d\u2019accueil de 349 chambres dont huit suites pre\u0301sidentielles, 47 suites ministe\u0301rielles, 114 chambres standards et un restaurant tournant de haut standing. Le tout pour un total de 217 logements.<\/p>\n<p>Pre\u0301sentant les caracte\u0301ristiques techniques de l\u2019ouvrage, le de\u0301le\u0301gue\u0301 ge\u0301ne\u0301ral aux grands travaux, Oscar Otoka, a rappele\u0301 que les deux Tours jumelles de Mpila e\u0301taient une \u0153uvre ine\u0301dite de l\u2019architecture moderne et pro\u0302naient le me\u0301lange parfait de la science et de l\u2019art, d\u2019une qualite\u0301 presque envou\u0302tante. Sublimant les berges du majestueux fleuve Congo, elles portent, a-t-il pre\u0301cise\u0301, les marques d\u2019une ce\u0301le\u0301bration attrayante.<\/p>\n<p>\u00ab Les Tours de Mpila ouvrent une nouvelle page de modernisation de la ville de Brazzaville, de leurs 135,80 m de hauteur. Ces tours qui rendent hommage au fleuve Congo, l\u2019exalte en y tournant leur regard comme dialoguer silencieusement avec lui&#8230; \u00bb, a souligne\u0301 le de\u0301le\u0301gue\u0301 ge\u0301ne\u0301ral aux grands travaux.<\/p>\n<p><b>Un projet ge\u0301ne\u0301rateur d\u2019emplois<\/b><\/p>\n<p>Le pre\u0301sident du Conseil de\u0301partemental et municipal de la ville de Brazzaville, Dieudonne\u0301 Bantsimba, a, de son co\u0302te\u0301, de\u0301clare\u0301 que ces imposantes et magnifiques tours jumelles placent Brazzaville au sommet de l\u2019Afrique centrale et mettent davantage en valeur la rive droite du fleuve Congo. Il a, au nom de la population de Brazzaville, rendu hommage au chef de l\u2019Etat, initiateur et conducteur de la marche du Congo vers le de\u0301veloppement. \u00ab Du statut d\u2019ancien village fre\u0301ne\u0301tique qui a vu passer l\u2019illustre pe\u0302cheur se\u0301ne\u0301galais Yoro Tsiam au balbutiement des de\u0301buts de l\u2019industrialisation a\u0300 Brazzaville, Mpila est de\u0301sormais dans une dynamique de transformation depuis quelques anne\u0301es, devenant ainsi l\u2019un des plus beaux quartiers et participe a\u0300 l\u2019extension du centre-ville administratif et des affaires de la Re\u0301publique du Congo. La construction de ces nouveaux gratte-ciels sur l\u2019ancien site du chantier naval du Congo et du port agrume qui offre une vue panoramique sur le deuxie\u0300me plus grand cours d\u2019eau du monde re\u0301conforte la vision de la ville qui se tourne vers le fleuve \u00bb, a-t-il indique\u0301.<\/p>\n<p>Le de\u0301pute\u0301 maire de Brazzaville a, enfin, invite\u0301 solennellement la population, surtout les riverains de ce joyau architectural a\u0300 se l\u2019approprier et a\u0300 le pre\u0301server afin d\u2019e\u0301viter l\u2019e\u0301ternel recommencement.<\/p>\n<p>Le ministre d\u2019Etat, ministre de l\u2019Ame\u0301nagement du territoire, des Infrastructures et de l\u2019Entretien routier, Jean Jacques Bouya, a, pour sa part, estime\u0301 qu\u2019avec l\u2019inauguration des tours aujourd\u2019hui, une e\u0301tape vient d\u2019e\u0302tre enjambe\u0301e, celle du chantier. \u00ab Une autre va devoir commencer sinon s\u2019enclencher, celle de l\u2019exploitation \u00bb, a-t-il dit.<\/p>\n<p>En effet, l\u2019exploitation des Tours jumelles de Mpila est provisoirement confie\u0301e au groupe sud-africain Legacy, proprie\u0301taire de la plus haute tour d\u2019Afrique du Sud, abritant le prestigieux ho\u0302tel Le\u0301onardo, fort de ses 227 m de haut. \u00ab Ici, dans un avenir tre\u0300s proche, vont se frotter pre\u0300s de 400 professionnels trie\u0301s a\u0300 raison de 50 emplois dans le business center, 25 dans la logistique, 12 dans l\u2019assistance et 200 dans l\u2019ho\u0302tellerie avec un effectif de\u0301ja\u0300 ope\u0301rationnel de 100 employe\u0301s a\u0300 l\u2019heure actuelle. Plus de 100 autres employe\u0301s seront re\u0301pertorie\u0301s dans les galeries marchandes, les soins de beaute\u0301 et de bien-e\u0302tre \u00bb, a rappele\u0301 le ministre Jean Jacques Bouya, pre\u0301cisant que les deux tours jumelles de Mpila long de pre\u0300s de 136 m sont de ve\u0301ritables outils de diversification e\u0301conomique.<\/p>\n<p>Notons que le pre\u0301sident de la Re\u0301publique, Denis Sassou N\u2019Guesso, qui a visite\u0301 ce joyau, a de\u0301core\u0301 quelques personnalite\u0301s et experts ayant contribue\u0301 a\u0300 la re\u0301alisation de ce projet qui a mobilise\u0301 environ 800 travailleurs congolais et chinois.<\/p>\n<p><strong>Pour plus d&rsquo;informations et d&rsquo;analyses sur la <a href=\"https:\/\/www.africa-press.net\/congo-brazzaville\">Congo Brazzaville<\/a>, suivez <a href=\"https:\/\/www.africa-press.net\/\">Africa-Press<\/a><\/strong><\/p>\n","protected":false},"excerpt":{"rendered":"<p>Africa-Press &#8211; Congo Brazzaville. Le pre\u0301sident de la Re\u0301publique, Denis Sassou N\u2019Guesso, a inaugure\u0301 le 23 octobre a\u0300 Brazzaville les deux Tours jumelles de Mpila, situe\u0301es dans le 6e arrondissement, Talangai\u0308. Un joyau qui fait de\u0301sormais la fierte\u0301 de la capitale congolaise. Lance\u0301s le 1er juillet 2015 et de\u0301marre\u0301s officiellement le 29 mars 2016, les [&hellip;]<\/p>\n","protected":false},"author":82,"featured_media":23401,"comment_status":"open","ping_status":"closed","sticky":false,"template":"","format":"standard","meta":{"footnotes":""},"categories":[3,10],"tags":[36,47,46],"class_list":["post-23402","post","type-post","status-publish","format-standard","has-post-thumbnail","hentry","category-economie","category-toutes-les-actualites","tag-africa-press","tag-africa-press-congo-brazzaville","tag-congo-brazzaville"],"yoast_head":"<!-- This site is optimized with the Yoast SEO Premium plugin v26.1 (Yoast SEO v27.0) - https:\/\/yoast.com\/product\/yoast-seo-premium-wordpress\/ -->\n<title>Infrastructures : mise en service des Tours jumelles de Mpila - Congo Brazzaville<\/title>\n<meta name=\"description\" content=\"Le pre\u0301sident de la Re\u0301publique, Denis Sassou N\u2019Guesso, a inaugure\u0301 le 23 octobre a\u0300 Brazzaville les deux Tours jumel ...\" \/>\n<meta name=\"robots\" content=\"index, follow, max-snippet:-1, max-image-preview:large, max-video-preview:-1\" \/>\n<link rel=\"canonical\" href=\"https:\/\/www.africa-press.net\/congo-brazzaville\/economie\/infrastructures-mise-en-service-des-tours-jumelles-de-mpila\" \/>\n<meta property=\"og:locale\" content=\"fr_FR\" \/>\n<meta property=\"og:type\" content=\"article\" \/>\n<meta property=\"og:title\" content=\"Infrastructures : mise en service des Tours jumelles de Mpila\" \/>\n<meta property=\"og:description\" content=\"Le pre\u0301sident de la Re\u0301publique, Denis Sassou N\u2019Guesso, a inaugure\u0301 le 23 octobre a\u0300 Brazzaville les deux Tours jumel ...\" \/>\n<meta property=\"og:url\" content=\"https:\/\/www.africa-press.net\/congo-brazzaville\/economie\/infrastructures-mise-en-service-des-tours-jumelles-de-mpila\" \/>\n<meta property=\"og:site_name\" content=\"Congo Brazzaville\" \/>\n<meta property=\"article:published_time\" content=\"2023-10-24T00:28:54+00:00\" \/>\n<meta property=\"article:modified_time\" content=\"2023-10-24T00:51:57+00:00\" \/>\n<meta property=\"og:image\" content=\"https:\/\/static.africa-press.net\/congo-brazzaville\/sites\/51\/2023\/10\/sm_1698095879.996789.jpg\" \/>\n\t<meta property=\"og:image:width\" content=\"1280\" \/>\n\t<meta property=\"og:image:height\" content=\"720\" \/>\n\t<meta property=\"og:image:type\" content=\"image\/jpeg\" \/>\n<meta name=\"author\" content=\"cfeditorfr\" \/>\n<meta name=\"twitter:card\" content=\"summary_large_image\" \/>\n<meta name=\"twitter:label1\" content=\"\u00c9crit par\" \/>\n\t<meta name=\"twitter:data1\" content=\"cfeditorfr\" \/>\n\t<meta name=\"twitter:label2\" content=\"Dur\u00e9e de lecture estim\u00e9e\" \/>\n\t<meta name=\"twitter:data2\" content=\"4 minutes\" \/>\n<script type=\"application\/ld+json\" class=\"yoast-schema-graph\">{\"@context\":\"https:\/\/schema.org\",\"@graph\":[{\"@type\":\"Article\",\"@id\":\"https:\/\/www.africa-press.net\/congo-brazzaville\/economie\/infrastructures-mise-en-service-des-tours-jumelles-de-mpila#article\",\"isPartOf\":{\"@id\":\"https:\/\/www.africa-press.net\/congo-brazzaville\/economie\/infrastructures-mise-en-service-des-tours-jumelles-de-mpila\"},\"author\":{\"name\":\"cfeditorfr\",\"@id\":\"https:\/\/www.africa-press.net\/congo-brazzaville\/#\/schema\/person\/2b1cf3cd81a31e3cd26889ca66d677f1\"},\"headline\":\"Infrastructures : mise en service des Tours jumelles de Mpila\",\"datePublished\":\"2023-10-24T00:28:54+00:00\",\"dateModified\":\"2023-10-24T00:51:57+00:00\",\"mainEntityOfPage\":{\"@id\":\"https:\/\/www.africa-press.net\/congo-brazzaville\/economie\/infrastructures-mise-en-service-des-tours-jumelles-de-mpila\"},\"wordCount\":828,\"commentCount\":0,\"image\":{\"@id\":\"https:\/\/www.africa-press.net\/congo-brazzaville\/economie\/infrastructures-mise-en-service-des-tours-jumelles-de-mpila#primaryimage\"},\"thumbnailUrl\":\"https:\/\/static.africa-press.net\/congo-brazzaville\/sites\/51\/2023\/10\/sm_1698095879.996789.jpg\",\"keywords\":[\"Africa Press\",\"Africa Press-Congo Brazzaville\",\"Congo Brazzaville\"],\"articleSection\":[\"\u00c9conomie\",\"Toutes les actualit\u00e9s\"],\"inLanguage\":\"fr-FR\",\"potentialAction\":[{\"@type\":\"CommentAction\",\"name\":\"Comment\",\"target\":[\"https:\/\/www.africa-press.net\/congo-brazzaville\/economie\/infrastructures-mise-en-service-des-tours-jumelles-de-mpila#respond\"]}]},{\"@type\":\"WebPage\",\"@id\":\"https:\/\/www.africa-press.net\/congo-brazzaville\/economie\/infrastructures-mise-en-service-des-tours-jumelles-de-mpila\",\"url\":\"https:\/\/www.africa-press.net\/congo-brazzaville\/economie\/infrastructures-mise-en-service-des-tours-jumelles-de-mpila\",\"name\":\"Infrastructures : mise en service des Tours jumelles de Mpila - Congo Brazzaville\",\"isPartOf\":{\"@id\":\"https:\/\/www.africa-press.net\/congo-brazzaville\/#website\"},\"primaryImageOfPage\":{\"@id\":\"https:\/\/www.africa-press.net\/congo-brazzaville\/economie\/infrastructures-mise-en-service-des-tours-jumelles-de-mpila#primaryimage\"},\"image\":{\"@id\":\"https:\/\/www.africa-press.net\/congo-brazzaville\/economie\/infrastructures-mise-en-service-des-tours-jumelles-de-mpila#primaryimage\"},\"thumbnailUrl\":\"https:\/\/static.africa-press.net\/congo-brazzaville\/sites\/51\/2023\/10\/sm_1698095879.996789.jpg\",\"datePublished\":\"2023-10-24T00:28:54+00:00\",\"dateModified\":\"2023-10-24T00:51:57+00:00\",\"author\":{\"@id\":\"https:\/\/www.africa-press.net\/congo-brazzaville\/#\/schema\/person\/2b1cf3cd81a31e3cd26889ca66d677f1\"},\"description\":\"Le pre\u0301sident de la Re\u0301publique, Denis Sassou N\u2019Guesso, a inaugure\u0301 le 23 octobre a\u0300 Brazzaville les deux Tours jumel ...\",\"breadcrumb\":{\"@id\":\"https:\/\/www.africa-press.net\/congo-brazzaville\/economie\/infrastructures-mise-en-service-des-tours-jumelles-de-mpila#breadcrumb\"},\"inLanguage\":\"fr-FR\",\"potentialAction\":[{\"@type\":\"ReadAction\",\"target\":[\"https:\/\/www.africa-press.net\/congo-brazzaville\/economie\/infrastructures-mise-en-service-des-tours-jumelles-de-mpila\"]}]},{\"@type\":\"ImageObject\",\"inLanguage\":\"fr-FR\",\"@id\":\"https:\/\/www.africa-press.net\/congo-brazzaville\/economie\/infrastructures-mise-en-service-des-tours-jumelles-de-mpila#primaryimage\",\"url\":\"https:\/\/static.africa-press.net\/congo-brazzaville\/sites\/51\/2023\/10\/sm_1698095879.996789.jpg\",\"contentUrl\":\"https:\/\/static.africa-press.net\/congo-brazzaville\/sites\/51\/2023\/10\/sm_1698095879.996789.jpg\",\"width\":1280,\"height\":720,\"caption\":\"Infrastructures : mise en service des Tours jumelles de Mpila\"},{\"@type\":\"BreadcrumbList\",\"@id\":\"https:\/\/www.africa-press.net\/congo-brazzaville\/economie\/infrastructures-mise-en-service-des-tours-jumelles-de-mpila#breadcrumb\",\"itemListElement\":[{\"@type\":\"ListItem\",\"position\":1,\"name\":\"Accueil\",\"item\":\"https:\/\/www.africa-press.net\/congo-brazzaville\/\"},{\"@type\":\"ListItem\",\"position\":2,\"name\":\"Infrastructures : mise en service des Tours jumelles de Mpila\"}]},{\"@type\":\"WebSite\",\"@id\":\"https:\/\/www.africa-press.net\/congo-brazzaville\/#website\",\"url\":\"https:\/\/www.africa-press.net\/congo-brazzaville\/\",\"name\":\"Congo Brazzaville\",\"description\":\"Just another Africa News Agency Sites site\",\"potentialAction\":[{\"@type\":\"SearchAction\",\"target\":{\"@type\":\"EntryPoint\",\"urlTemplate\":\"https:\/\/www.africa-press.net\/congo-brazzaville\/?s={search_term_string}\"},\"query-input\":{\"@type\":\"PropertyValueSpecification\",\"valueRequired\":true,\"valueName\":\"search_term_string\"}}],\"inLanguage\":\"fr-FR\"},{\"@type\":\"Person\",\"@id\":\"https:\/\/www.africa-press.net\/congo-brazzaville\/#\/schema\/person\/2b1cf3cd81a31e3cd26889ca66d677f1\",\"name\":\"cfeditorfr\"}]}<\/script>\n<!-- \/ Yoast SEO Premium plugin. -->","yoast_head_json":{"title":"Infrastructures : mise en service des Tours jumelles de Mpila - Congo Brazzaville","description":"Le pre\u0301sident de la Re\u0301publique, Denis Sassou N\u2019Guesso, a inaugure\u0301 le 23 octobre a\u0300 Brazzaville les deux Tours jumel ...","robots":{"index":"index","follow":"follow","max-snippet":"max-snippet:-1","max-image-preview":"max-image-preview:large","max-video-preview":"max-video-preview:-1"},"canonical":"https:\/\/www.africa-press.net\/congo-brazzaville\/economie\/infrastructures-mise-en-service-des-tours-jumelles-de-mpila","og_locale":"fr_FR","og_type":"article","og_title":"Infrastructures : mise en service des Tours jumelles de Mpila","og_description":"Le pre\u0301sident de la Re\u0301publique, Denis Sassou N\u2019Guesso, a inaugure\u0301 le 23 octobre a\u0300 Brazzaville les deux Tours jumel ...","og_url":"https:\/\/www.africa-press.net\/congo-brazzaville\/economie\/infrastructures-mise-en-service-des-tours-jumelles-de-mpila","og_site_name":"Congo Brazzaville","article_published_time":"2023-10-24T00:28:54+00:00","article_modified_time":"2023-10-24T00:51:57+00:00","og_image":[{"width":1280,"height":720,"url":"https:\/\/static.africa-press.net\/congo-brazzaville\/sites\/51\/2023\/10\/sm_1698095879.996789.jpg","type":"image\/jpeg"}],"author":"cfeditorfr","twitter_card":"summary_large_image","twitter_misc":{"\u00c9crit par":"cfeditorfr","Dur\u00e9e de lecture estim\u00e9e":"4 minutes"},"schema":{"@context":"https:\/\/schema.org","@graph":[{"@type":"Article","@id":"https:\/\/www.africa-press.net\/congo-brazzaville\/economie\/infrastructures-mise-en-service-des-tours-jumelles-de-mpila#article","isPartOf":{"@id":"https:\/\/www.africa-press.net\/congo-brazzaville\/economie\/infrastructures-mise-en-service-des-tours-jumelles-de-mpila"},"author":{"name":"cfeditorfr","@id":"https:\/\/www.africa-press.net\/congo-brazzaville\/#\/schema\/person\/2b1cf3cd81a31e3cd26889ca66d677f1"},"headline":"Infrastructures : mise en service des Tours jumelles de Mpila","datePublished":"2023-10-24T00:28:54+00:00","dateModified":"2023-10-24T00:51:57+00:00","mainEntityOfPage":{"@id":"https:\/\/www.africa-press.net\/congo-brazzaville\/economie\/infrastructures-mise-en-service-des-tours-jumelles-de-mpila"},"wordCount":828,"commentCount":0,"image":{"@id":"https:\/\/www.africa-press.net\/congo-brazzaville\/economie\/infrastructures-mise-en-service-des-tours-jumelles-de-mpila#primaryimage"},"thumbnailUrl":"https:\/\/static.africa-press.net\/congo-brazzaville\/sites\/51\/2023\/10\/sm_1698095879.996789.jpg","keywords":["Africa Press","Africa Press-Congo Brazzaville","Congo Brazzaville"],"articleSection":["\u00c9conomie","Toutes les actualit\u00e9s"],"inLanguage":"fr-FR","potentialAction":[{"@type":"CommentAction","name":"Comment","target":["https:\/\/www.africa-press.net\/congo-brazzaville\/economie\/infrastructures-mise-en-service-des-tours-jumelles-de-mpila#respond"]}]},{"@type":"WebPage","@id":"https:\/\/www.africa-press.net\/congo-brazzaville\/economie\/infrastructures-mise-en-service-des-tours-jumelles-de-mpila","url":"https:\/\/www.africa-press.net\/congo-brazzaville\/economie\/infrastructures-mise-en-service-des-tours-jumelles-de-mpila","name":"Infrastructures : mise en service des Tours jumelles de Mpila - Congo Brazzaville","isPartOf":{"@id":"https:\/\/www.africa-press.net\/congo-brazzaville\/#website"},"primaryImageOfPage":{"@id":"https:\/\/www.africa-press.net\/congo-brazzaville\/economie\/infrastructures-mise-en-service-des-tours-jumelles-de-mpila#primaryimage"},"image":{"@id":"https:\/\/www.africa-press.net\/congo-brazzaville\/economie\/infrastructures-mise-en-service-des-tours-jumelles-de-mpila#primaryimage"},"thumbnailUrl":"https:\/\/static.africa-press.net\/congo-brazzaville\/sites\/51\/2023\/10\/sm_1698095879.996789.jpg","datePublished":"2023-10-24T00:28:54+00:00","dateModified":"2023-10-24T00:51:57+00:00","author":{"@id":"https:\/\/www.africa-press.net\/congo-brazzaville\/#\/schema\/person\/2b1cf3cd81a31e3cd26889ca66d677f1"},"description":"Le pre\u0301sident de la Re\u0301publique, Denis Sassou N\u2019Guesso, a inaugure\u0301 le 23 octobre a\u0300 Brazzaville les deux Tours jumel ...","breadcrumb":{"@id":"https:\/\/www.africa-press.net\/congo-brazzaville\/economie\/infrastructures-mise-en-service-des-tours-jumelles-de-mpila#breadcrumb"},"inLanguage":"fr-FR","potentialAction":[{"@type":"ReadAction","target":["https:\/\/www.africa-press.net\/congo-brazzaville\/economie\/infrastructures-mise-en-service-des-tours-jumelles-de-mpila"]}]},{"@type":"ImageObject","inLanguage":"fr-FR","@id":"https:\/\/www.africa-press.net\/congo-brazzaville\/economie\/infrastructures-mise-en-service-des-tours-jumelles-de-mpila#primaryimage","url":"https:\/\/static.africa-press.net\/congo-brazzaville\/sites\/51\/2023\/10\/sm_1698095879.996789.jpg","contentUrl":"https:\/\/static.africa-press.net\/congo-brazzaville\/sites\/51\/2023\/10\/sm_1698095879.996789.jpg","width":1280,"height":720,"caption":"Infrastructures : mise en service des Tours jumelles de Mpila"},{"@type":"BreadcrumbList","@id":"https:\/\/www.africa-press.net\/congo-brazzaville\/economie\/infrastructures-mise-en-service-des-tours-jumelles-de-mpila#breadcrumb","itemListElement":[{"@type":"ListItem","position":1,"name":"Accueil","item":"https:\/\/www.africa-press.net\/congo-brazzaville\/"},{"@type":"ListItem","position":2,"name":"Infrastructures : mise en service des Tours jumelles de Mpila"}]},{"@type":"WebSite","@id":"https:\/\/www.africa-press.net\/congo-brazzaville\/#website","url":"https:\/\/www.africa-press.net\/congo-brazzaville\/","name":"Congo Brazzaville","description":"Just another Africa News Agency Sites site","potentialAction":[{"@type":"SearchAction","target":{"@type":"EntryPoint","urlTemplate":"https:\/\/www.africa-press.net\/congo-brazzaville\/?s={search_term_string}"},"query-input":{"@type":"PropertyValueSpecification","valueRequired":true,"valueName":"search_term_string"}}],"inLanguage":"fr-FR"},{"@type":"Person","@id":"https:\/\/www.africa-press.net\/congo-brazzaville\/#\/schema\/person\/2b1cf3cd81a31e3cd26889ca66d677f1","name":"cfeditorfr"}]}},"_links":{"self":[{"href":"https:\/\/www.africa-press.net\/congo-brazzaville\/wp-json\/wp\/v2\/posts\/23402","targetHints":{"allow":["GET"]}}],"collection":[{"href":"https:\/\/www.africa-press.net\/congo-brazzaville\/wp-json\/wp\/v2\/posts"}],"about":[{"href":"https:\/\/www.africa-press.net\/congo-brazzaville\/wp-json\/wp\/v2\/types\/post"}],"author":[{"embeddable":true,"href":"https:\/\/www.africa-press.net\/congo-brazzaville\/wp-json\/wp\/v2\/users\/82"}],"replies":[{"embeddable":true,"href":"https:\/\/www.africa-press.net\/congo-brazzaville\/wp-json\/wp\/v2\/comments?post=23402"}],"version-history":[{"count":0,"href":"https:\/\/www.africa-press.net\/congo-brazzaville\/wp-json\/wp\/v2\/posts\/23402\/revisions"}],"wp:featuredmedia":[{"embeddable":true,"href":"https:\/\/www.africa-press.net\/congo-brazzaville\/wp-json\/wp\/v2\/media\/23401"}],"wp:attachment":[{"href":"https:\/\/www.africa-press.net\/congo-brazzaville\/wp-json\/wp\/v2\/media?parent=23402"}],"wp:term":[{"taxonomy":"category","embeddable":true,"href":"https:\/\/www.africa-press.net\/congo-brazzaville\/wp-json\/wp\/v2\/categories?post=23402"},{"taxonomy":"post_tag","embeddable":true,"href":"https:\/\/www.africa-press.net\/congo-brazzaville\/wp-json\/wp\/v2\/tags?post=23402"}],"curies":[{"name":"wp","href":"https:\/\/api.w.org\/{rel}","templated":true}]}}